{"id":1446297,"date":"2024-07-22T10:20:20","date_gmt":"2024-07-22T08:20:20","guid":{"rendered":"https:\/\/theplayoffs.news\/fr\/?p=1446297"},"modified":"2024-07-22T09:55:05","modified_gmt":"2024-07-22T07:55:05","slug":"reed-sheppard-deja-impressionnant-en-summer-league","status":"publish","type":"post","link":"https:\/\/theplayoffs.news\/fr\/actualite-nba\/reed-sheppard-deja-impressionnant-en-summer-league\/","title":{"rendered":"Reed Sheppard d\u00e9j\u00e0 impressionnant en Summer League"},"content":{"rendered":"<h2 class=\"p1\"><span class=\"s1\">Reed Sheppard, l&rsquo;ancien joueur de Kentucky impressionne d&eacute;j&agrave; les fans et les analystes de la NBA avec son tir et son jeu.<\/span><\/h2><p>&nbsp;<\/p><p class=\"p1\"><span class=\"s1\">Lors de ses deux premi&egrave;res performances, le troisi&egrave;me choix de la draft 2024, <a href=\"https:\/\/theplayoffs.news\/fr\/joueur\/reed-sheppard-nba-9422544\/\" class=\"trk-cta-link\" data-cta-trk='{\"ctaType\":\"Link\",\"ctaSubType\":\"main\"}'>Reed Sheppard<\/a> a connu un succ&egrave;s sur les parquets. Ses d&eacute;buts contre les Lakers ont mis en lumi&egrave;re son incroyable pr&eacute;cision derri&egrave;re la ligne de trois points et ses prouesses d&eacute;fensives. Il a marqu&eacute; 23 points, rentrant 4 sur 6 &agrave; trois points, avec 5 passes d&eacute;cisives et 5 interceptions.<\/span><\/p><p class=\"p1\"><span class=\"s1\">Lors du match suivant contre les Wizards, Sheppard a eu une soir&eacute;e difficile derri&egrave;re la ligne des 3 points, mais il a compens&eacute; en r&eacute;ussissant 8 sur 10 &agrave; deux points. Il s&rsquo;est charg&eacute; de l&rsquo;attaque des Rockets, terminant la soir&eacute;e avec 22 points et sept passes d&eacute;cisives.<\/span><\/p><p class=\"p1\"><span class=\"s1\">Apr&egrave;s ses deux premiers matchs, les d&eacute;fenses adverses de la Summer League se sont ajust&eacute;es &agrave; son style de jeu, le doublant souvent ou faisant en sorte de le contenir offensivement. De plus, avec un manque de menaces offensives r&eacute;elles dans l&rsquo;&eacute;quipe des Rockets, Sheppard a &eacute;t&eacute; forc&eacute; de jouer le r&ocirc;le de h&eacute;ros, cr&eacute;ant seul l&rsquo;attaque des Rockets.<\/span><\/p><p>\n<div id=\"attachment_1446298\" style=\"width: 310px\" class=\"wp-caption alignnone\"><img loading=\"lazy\" decoding=\"async\" aria-describedby=\"caption-attachment-1446298\" class=\"size-medium wp-image-1446298\" src=\"https:\/\/theplayoffs.news\/fr\/wp-content\/uploads\/2024\/07\/USATSI_23731912-300x200.jpg\" alt=\"\" width=\"300\" height=\"200\" srcset=\"https:\/\/theplayoffs.news\/fr\/wp-content\/uploads\/2024\/07\/USATSI_23731912-300x200.jpg 300w, https:\/\/theplayoffs.news\/fr\/wp-content\/uploads\/2024\/07\/USATSI_23731912-1030x687.jpg 1030w, https:\/\/theplayoffs.news\/fr\/wp-content\/uploads\/2024\/07\/USATSI_23731912-768x512.jpg 768w, https:\/\/theplayoffs.news\/fr\/wp-content\/uploads\/2024\/07\/USATSI_23731912-1320x880.jpg 1320w, https:\/\/theplayoffs.news\/fr\/wp-content\/uploads\/2024\/07\/USATSI_23731912.jpg 1920w\" sizes=\"auto, (max-width: 300px) 100vw, 300px\" \/><p id=\"caption-attachment-1446298\" class=\"wp-caption-text\">Credit photo: Lucas Peltier-USA TODAY Sports<\/p><\/div>\n<\/p><p class=\"p1\"><span class=\"s1\">Malgr&eacute; cela, Reed Sheppard a continu&eacute; &agrave; afficher des moyennes impressionnantes &agrave; Las Vegas, marquant 20 points, d&eacute;livrant 5,3 passes d&eacute;cisives et enregistrant 2,8 interceptions en moyenne par match. Il s&rsquo;est fermement &eacute;tabli comme l&rsquo;un des meilleurs jeunes de cette Summer League.<\/span><\/p><p class=\"p1\"><span class=\"s1\">L&rsquo;ajout de Sheppard donne &agrave; Stone, Udoka et aux Rockets de nombreuses options offensives passionnantes. &Agrave; court terme, Sheppard repr&eacute;sente une solution au probl&egrave;me de tir flagrant des Rockets, qui avaient enregistr&eacute; le sixi&egrave;me pire pourcentage de paniers sur le terrain la saison derni&egrave;re.<\/span><\/p><p class=\"p1\"><span class=\"s1\">&nbsp;<a href=\"https:\/\/www.si.com\/nba\/rockets\/news\/reed-sheppard-projected-to-get-instant-playing-time-with-rockets-this-season\" class=\"trk-cta-link\" data-cta-trk='{\"ctaType\":\"Link\",\"ctaSubType\":\"main\"}'>Reed Sheppard<\/a> est d&eacute;j&agrave; une perspective d&rsquo;avenir pour cette &eacute;quipe des Rockets. Son style de jeu et sa m&eacute;canique de tir ont attir&eacute; l&rsquo;attention de nombreux observateurs et fans de la NBA.<\/span><\/p>\n","protected":false},"excerpt":{"rendered":"","protected":false},"author":180310252,"featured_media":1446301,"comment_status":"open","ping_status":"closed","sticky":false,"template":"","format":"standard","meta":{"inline_featured_image":false,"kia_subtitle":"","_mux_skip_reasons":[],"proofreadBy":0,"footnotes":""},"categories":[110,10],"tags":[],"sport":[2783],"saison":[6111],"class_list":["post-1446297","post","type-post","status-publish","format-standard","has-post-thumbnail","hentry","category-actualite-nba","category-nba","sport-nba","saison-6111"],"acf":[],"yoast_head":"<!-- This site is optimized with the Yoast SEO plugin v24.2 - https:\/\/yoast.com\/wordpress\/plugins\/seo\/ -->\n<title>Reed Sheppard d&eacute;j&agrave; impressionnant en Summer League - The Playoffs FR<\/title>\n<meta name=\"robots\" content=\"index, follow, max-snippet:-1, max-image-preview:large, max-video-preview:-1\" \/>\n<link rel=\"canonical\" href=\"https:\/\/theplayoffs.news\/fr\/actualite-nba\/reed-sheppard-deja-impressionnant-en-summer-league\/\" \/>\n<meta property=\"og:locale\" content=\"fr_FR\" \/>\n<meta property=\"og:type\" content=\"article\" \/>\n<meta property=\"og:title\" content=\"Reed Sheppard d&eacute;j&agrave; impressionnant en Summer League - The Playoffs FR\" \/>\n<meta property=\"og:url\" content=\"https:\/\/theplayoffs.news\/fr\/actualite-nba\/reed-sheppard-deja-impressionnant-en-summer-league\/\" \/>\n<meta property=\"og:site_name\" content=\"The Playoffs FR\" \/>\n<meta property=\"article:publisher\" content=\"https:\/\/www.facebook.com\/TheFreeAgentFR\/\" \/>\n<meta property=\"article:modified_time\" content=\"2024-07-22T10:20:20+02:00\" \/>\n<meta property=\"og:image\" content=\"https:\/\/theplayoffs.news\/fr\/wp-content\/uploads\/2024\/07\/USATSI_23743665.jpg\" \/>\n\t<meta property=\"og:image:width\" content=\"1920\" \/>\n\t<meta property=\"og:image:height\" content=\"1280\" \/>\n\t<meta property=\"og:image:type\" content=\"image\/jpeg\" \/>\n<meta name=\"author\" content=\"Hugo Da Silva\" \/>\n<meta name=\"twitter:card\" content=\"summary_large_image\" \/>\n<meta name=\"twitter:creator\" content=\"@TheFreeAgentFR\" \/>\n<meta name=\"twitter:site\" content=\"@TheFreeAgentFR\" \/>\n<meta name=\"twitter:label1\" content=\"\u00c9crit par\" \/>\n\t<meta name=\"twitter:data1\" content=\"Hugo Da Silva\" \/>\n\t<meta name=\"twitter:label2\" content=\"Dur\u00e9e de lecture estim\u00e9e\" \/>\n\t<meta name=\"twitter:data2\" content=\"2 minutes\" \/>\n<script type=\"application\/ld+json\" class=\"yoast-schema-graph\">{\"@context\":\"https:\/\/schema.org\",\"@graph\":[{\"@type\":\"WebPage\",\"@id\":\"https:\/\/theplayoffs.news\/fr\/actualite-nba\/reed-sheppard-deja-impressionnant-en-summer-league\/\",\"url\":\"https:\/\/theplayoffs.news\/fr\/actualite-nba\/reed-sheppard-deja-impressionnant-en-summer-league\/\",\"name\":\"Reed Sheppard d\u00e9j\u00e0 impressionnant en Summer League - The Playoffs FR\",\"isPartOf\":{\"@id\":\"https:\/\/theplayoffs.news\/fr\/#website\"},\"primaryImageOfPage\":{\"@id\":\"https:\/\/theplayoffs.news\/fr\/actualite-nba\/reed-sheppard-deja-impressionnant-en-summer-league\/#primaryimage\"},\"image\":{\"@id\":\"https:\/\/theplayoffs.news\/fr\/actualite-nba\/reed-sheppard-deja-impressionnant-en-summer-league\/#primaryimage\"},\"thumbnailUrl\":\"https:\/\/theplayoffs.news\/fr\/wp-content\/uploads\/2024\/07\/USATSI_23743665.jpg\",\"datePublished\":\"2024-07-22T08:20:20+00:00\",\"dateModified\":\"2024-07-22T10:20:20+02:00\",\"author\":{\"@id\":\"https:\/\/theplayoffs.news\/fr\/#\/schema\/person\/6873025fdeeef5a5a119a678d88f9eb8\"},\"breadcrumb\":{\"@id\":\"https:\/\/theplayoffs.news\/fr\/actualite-nba\/reed-sheppard-deja-impressionnant-en-summer-league\/#breadcrumb\"},\"inLanguage\":\"fr-FR\",\"potentialAction\":[{\"@type\":\"ReadAction\",\"target\":[\"https:\/\/theplayoffs.news\/fr\/actualite-nba\/reed-sheppard-deja-impressionnant-en-summer-league\/\"]}]},{\"@type\":\"ImageObject\",\"inLanguage\":\"fr-FR\",\"@id\":\"https:\/\/theplayoffs.news\/fr\/actualite-nba\/reed-sheppard-deja-impressionnant-en-summer-league\/#primaryimage\",\"url\":\"https:\/\/theplayoffs.news\/fr\/wp-content\/uploads\/2024\/07\/USATSI_23743665.jpg\",\"contentUrl\":\"https:\/\/theplayoffs.news\/fr\/wp-content\/uploads\/2024\/07\/USATSI_23743665.jpg\",\"width\":1920,\"height\":1280,\"caption\":\"Jul 14, 2024; Las Vegas, NV, USA; Houston Rockets guard Reed Sheppard (15) reacts after scoring against the Washington Wizards during the third quarter at Thomas &amp; Mack Center. Mandatory Credit: Stephen R. Sylvanie-USA TODAY Sports\"},{\"@type\":\"BreadcrumbList\",\"@id\":\"https:\/\/theplayoffs.news\/fr\/actualite-nba\/reed-sheppard-deja-impressionnant-en-summer-league\/#breadcrumb\",\"itemListElement\":[{\"@type\":\"ListItem\",\"position\":1,\"name\":\"Accueil\",\"item\":\"https:\/\/theplayoffs.news\/fr\/\"},{\"@type\":\"ListItem\",\"position\":2,\"name\":\"Reed Sheppard d\u00e9j\u00e0 impressionnant en Summer League\"}]},{\"@type\":\"WebSite\",\"@id\":\"https:\/\/theplayoffs.news\/fr\/#website\",\"url\":\"https:\/\/theplayoffs.news\/fr\/\",\"name\":\"The Playoffs FR\",\"description\":\"NBA-NFL-NHL-MLB\",\"potentialAction\":[{\"@type\":\"SearchAction\",\"target\":{\"@type\":\"EntryPoint\",\"urlTemplate\":\"https:\/\/theplayoffs.news\/fr\/?s={search_term_string}\"},\"query-input\":{\"@type\":\"PropertyValueSpecification\",\"valueRequired\":true,\"valueName\":\"search_term_string\"}}],\"inLanguage\":\"fr-FR\"},{\"@type\":\"Person\",\"@id\":\"https:\/\/theplayoffs.news\/fr\/#\/schema\/person\/6873025fdeeef5a5a119a678d88f9eb8\",\"name\":\"Hugo Da Silva\",\"image\":{\"@type\":\"ImageObject\",\"inLanguage\":\"fr-FR\",\"@id\":\"https:\/\/theplayoffs.news\/fr\/#\/schema\/person\/image\/\",\"url\":\"https:\/\/secure.gravatar.com\/avatar\/42645c167f2d0d025c99c89a9d5af905f285255ee846e7a777caaecca00b1837?s=96&d=mm&r=g\",\"contentUrl\":\"https:\/\/secure.gravatar.com\/avatar\/42645c167f2d0d025c99c89a9d5af905f285255ee846e7a777caaecca00b1837?s=96&d=mm&r=g\",\"caption\":\"Hugo Da Silva\"},\"url\":\"https:\/\/theplayoffs.news\/fr\/author\/hugodasilva0903gmail-com\/\"}]}<\/script>\n<!-- \/ Yoast SEO plugin. -->","yoast_head_json":{"title":"Reed Sheppard d&eacute;j&agrave; impressionnant en Summer League - The Playoffs FR","robots":{"index":"index","follow":"follow","max-snippet":"max-snippet:-1","max-image-preview":"max-image-preview:large","max-video-preview":"max-video-preview:-1"},"canonical":"https:\/\/theplayoffs.news\/fr\/actualite-nba\/reed-sheppard-deja-impressionnant-en-summer-league\/","og_locale":"fr_FR","og_type":"article","og_title":"Reed Sheppard d&eacute;j&agrave; impressionnant en Summer League - The Playoffs FR","og_url":"https:\/\/theplayoffs.news\/fr\/actualite-nba\/reed-sheppard-deja-impressionnant-en-summer-league\/","og_site_name":"The Playoffs FR","article_publisher":"https:\/\/www.facebook.com\/TheFreeAgentFR\/","article_modified_time":"2024-07-22T07:55:05+00:00","og_image":[{"width":1920,"height":1280,"url":"https:\/\/theplayoffs.news\/fr\/wp-content\/uploads\/2024\/07\/USATSI_23743665.jpg","type":"image\/jpeg"}],"author":"Hugo Da Silva","twitter_card":"summary_large_image","twitter_creator":"@TheFreeAgentFR","twitter_site":"@TheFreeAgentFR","twitter_misc":{"\u00c9crit par":"Hugo Da Silva","Dur\u00e9e de lecture estim\u00e9e":"2 minutes"},"schema":{"@context":"https:\/\/schema.org","@graph":[{"@type":"WebPage","@id":"https:\/\/theplayoffs.news\/fr\/actualite-nba\/reed-sheppard-deja-impressionnant-en-summer-league\/","url":"https:\/\/theplayoffs.news\/fr\/actualite-nba\/reed-sheppard-deja-impressionnant-en-summer-league\/","name":"Reed Sheppard d\u00e9j\u00e0 impressionnant en Summer League - The Playoffs FR","isPartOf":{"@id":"https:\/\/theplayoffs.news\/fr\/#website"},"primaryImageOfPage":{"@id":"https:\/\/theplayoffs.news\/fr\/actualite-nba\/reed-sheppard-deja-impressionnant-en-summer-league\/#primaryimage"},"image":{"@id":"https:\/\/theplayoffs.news\/fr\/actualite-nba\/reed-sheppard-deja-impressionnant-en-summer-league\/#primaryimage"},"thumbnailUrl":"https:\/\/theplayoffs.news\/fr\/wp-content\/uploads\/2024\/07\/USATSI_23743665.jpg","datePublished":"2024-07-22T08:20:20+00:00","dateModified":"2024-07-22T10:20:20+02:00","author":{"@id":"https:\/\/theplayoffs.news\/fr\/#\/schema\/person\/6873025fdeeef5a5a119a678d88f9eb8"},"breadcrumb":{"@id":"https:\/\/theplayoffs.news\/fr\/actualite-nba\/reed-sheppard-deja-impressionnant-en-summer-league\/#breadcrumb"},"inLanguage":"fr-FR","potentialAction":[{"@type":"ReadAction","target":["https:\/\/theplayoffs.news\/fr\/actualite-nba\/reed-sheppard-deja-impressionnant-en-summer-league\/"]}]},{"@type":"ImageObject","inLanguage":"fr-FR","@id":"https:\/\/theplayoffs.news\/fr\/actualite-nba\/reed-sheppard-deja-impressionnant-en-summer-league\/#primaryimage","url":"https:\/\/theplayoffs.news\/fr\/wp-content\/uploads\/2024\/07\/USATSI_23743665.jpg","contentUrl":"https:\/\/theplayoffs.news\/fr\/wp-content\/uploads\/2024\/07\/USATSI_23743665.jpg","width":1920,"height":1280,"caption":"Jul 14, 2024; Las Vegas, NV, USA; Houston Rockets guard Reed Sheppard (15) reacts after scoring against the Washington Wizards during the third quarter at Thomas &amp; Mack Center. Mandatory Credit: Stephen R. Sylvanie-USA TODAY Sports"},{"@type":"BreadcrumbList","@id":"https:\/\/theplayoffs.news\/fr\/actualite-nba\/reed-sheppard-deja-impressionnant-en-summer-league\/#breadcrumb","itemListElement":[{"@type":"ListItem","position":1,"name":"Accueil","item":"https:\/\/theplayoffs.news\/fr\/"},{"@type":"ListItem","position":2,"name":"Reed Sheppard d\u00e9j\u00e0 impressionnant en Summer League"}]},{"@type":"WebSite","@id":"https:\/\/theplayoffs.news\/fr\/#website","url":"https:\/\/theplayoffs.news\/fr\/","name":"The Playoffs FR","description":"NBA-NFL-NHL-MLB","potentialAction":[{"@type":"SearchAction","target":{"@type":"EntryPoint","urlTemplate":"https:\/\/theplayoffs.news\/fr\/?s={search_term_string}"},"query-input":{"@type":"PropertyValueSpecification","valueRequired":true,"valueName":"search_term_string"}}],"inLanguage":"fr-FR"},{"@type":"Person","@id":"https:\/\/theplayoffs.news\/fr\/#\/schema\/person\/6873025fdeeef5a5a119a678d88f9eb8","name":"Hugo Da Silva","image":{"@type":"ImageObject","inLanguage":"fr-FR","@id":"https:\/\/theplayoffs.news\/fr\/#\/schema\/person\/image\/","url":"https:\/\/secure.gravatar.com\/avatar\/42645c167f2d0d025c99c89a9d5af905f285255ee846e7a777caaecca00b1837?s=96&d=mm&r=g","contentUrl":"https:\/\/secure.gravatar.com\/avatar\/42645c167f2d0d025c99c89a9d5af905f285255ee846e7a777caaecca00b1837?s=96&d=mm&r=g","caption":"Hugo Da Silva"},"url":"https:\/\/theplayoffs.news\/fr\/author\/hugodasilva0903gmail-com\/"}]}},"_links":{"self":[{"href":"https:\/\/theplayoffs.news\/fr\/wp-json\/wp\/v2\/posts\/1446297","targetHints":{"allow":["GET"]}}],"collection":[{"href":"https:\/\/theplayoffs.news\/fr\/wp-json\/wp\/v2\/posts"}],"about":[{"href":"https:\/\/theplayoffs.news\/fr\/wp-json\/wp\/v2\/types\/post"}],"author":[{"embeddable":true,"href":"https:\/\/theplayoffs.news\/fr\/wp-json\/wp\/v2\/users\/180310252"}],"replies":[{"embeddable":true,"href":"https:\/\/theplayoffs.news\/fr\/wp-json\/wp\/v2\/comments?post=1446297"}],"version-history":[{"count":2,"href":"https:\/\/theplayoffs.news\/fr\/wp-json\/wp\/v2\/posts\/1446297\/revisions"}],"predecessor-version":[{"id":1446306,"href":"https:\/\/theplayoffs.news\/fr\/wp-json\/wp\/v2\/posts\/1446297\/revisions\/1446306"}],"wp:featuredmedia":[{"embeddable":true,"href":"https:\/\/theplayoffs.news\/fr\/wp-json\/wp\/v2\/media\/1446301"}],"wp:attachment":[{"href":"https:\/\/theplayoffs.news\/fr\/wp-json\/wp\/v2\/media?parent=1446297"}],"wp:term":[{"taxonomy":"category","embeddable":true,"href":"https:\/\/theplayoffs.news\/fr\/wp-json\/wp\/v2\/categories?post=1446297"},{"taxonomy":"post_tag","embeddable":true,"href":"https:\/\/theplayoffs.news\/fr\/wp-json\/wp\/v2\/tags?post=1446297"},{"taxonomy":"sport","embeddable":true,"href":"https:\/\/theplayoffs.news\/fr\/wp-json\/wp\/v2\/sport?post=1446297"},{"taxonomy":"saison","embeddable":true,"href":"https:\/\/theplayoffs.news\/fr\/wp-json\/wp\/v2\/saison?post=1446297"}],"curies":[{"name":"wp","href":"https:\/\/api.w.org\/{rel}","templated":true}]}}