{"id":1446134,"date":"2024-07-21T09:49:22","date_gmt":"2024-07-21T07:49:22","guid":{"rendered":"https:\/\/theplayoffs.news\/fr\/?p=1446134"},"modified":"2024-07-21T09:49:22","modified_gmt":"2024-07-21T07:49:22","slug":"shaquil-barrett-annonce-sa-retraite-sportive","status":"publish","type":"post","link":"https:\/\/theplayoffs.news\/fr\/actualite-nfl\/shaquil-barrett-annonce-sa-retraite-sportive\/","title":{"rendered":"Shaquil Barrett annonce sa retraite sportive"},"content":{"rendered":"<h2 class=\"p1\">Shaquil Barrett a annonc&eacute; sa retraite sur les r&eacute;seaux sociaux, marquant la fin d&rsquo;une carri&egrave;re distingu&eacute;e de dix ans.<\/h2><p class=\"p1\">Barrett, qui avait r&eacute;cemment sign&eacute; avec les Miami Dolphins, a pris cette d&eacute;cision quelques jours seulement avant le camp d&rsquo;entra&icirc;nement de l&rsquo;&eacute;quipe, <a href=\"https:\/\/x.com\/AdamSchefter\/status\/1814754638958067830\" class=\"trk-cta-link\" data-cta-trk='{\"ctaType\":\"Link\",\"ctaSubType\":\"main\"}'>invoquant le d&eacute;sir de se concentrer<\/a> sur sa famille.<\/p><blockquote class=\"twitter-tweet\" data-width=\"500\" data-dnt=\"true\">\n<p lang=\"en\" dir=\"ltr\">Just in: Two-time Pro-Bowl linebacker Shaquil Barrett informed the Dolphins that he wants to spend more time with his family and he now will be retiring from the NFL. Barrett also was a two-time Super Bowl champion who played four seasons with Denver and five with Tampa Bay. <a href=\"https:\/\/t.co\/4beJWsNA6X\" class=\"trk-cta-link\" data-cta-trk='{\"ctaType\":\"Link\",\"ctaSubType\":\"main\"}'>pic.twitter.com\/4beJWsNA6X<\/a><\/p>\n<p>&mdash; Adam Schefter (@AdamSchefter) <a href=\"https:\/\/twitter.com\/AdamSchefter\/status\/1814753843605086430?ref_src=twsrc%5Etfw\" class=\"trk-cta-link\" data-cta-trk='{\"ctaType\":\"Link\",\"ctaSubType\":\"main\"}'>July 20, 2024<\/a><\/p><\/blockquote><p><script async src=\"https:\/\/platform.twitter.com\/widgets.js\" charset=\"utf-8\"><\/script><\/p><p class=\"p1\">Entr&eacute; dans la ligue en tant qu&rsquo;agent libre non-draft&eacute; de l&rsquo;Universit&eacute; d&rsquo;&Eacute;tat du Colorado, les premi&egrave;res ann&eacute;es de Shaquil Barrett avec les Denver Broncos &eacute;taient modestes. Cependant, il s&rsquo;est fait un nom lors de la saison 2015, jouant un r&ocirc;le cl&eacute; dans la campagne victorieuse du Super Bowl des Broncos.<\/p><p class=\"p1\">Son passage &agrave; Denver a jet&eacute; les bases de ce qui allait suivre.<\/p><p class=\"p1\">En 2019, Barrett a rejoint les Tampa Bay Buccaneers et a v&eacute;cu une saison d&eacute;cisive pour sa carri&egrave;re. Il a men&eacute; la ligue avec 19,5 sacks, battant le record de la franchise et obtenant des honneurs de deuxi&egrave;me &eacute;quipe All-Pro.<\/p><p class=\"p1\">Cette performance n&rsquo;&eacute;tait pas un hasard, car il a continu&eacute; &agrave; exceller, notamment lors de la course au Super Bowl des Bucs en 2020. La capacit&eacute; de <a href=\"https:\/\/theplayoffs.news\/fr\/joueur\/shaquil-barrett-nfl-33934\/\" class=\"trk-cta-link\" data-cta-trk='{\"ctaType\":\"Link\",\"ctaSubType\":\"main\"}'><strong>Shaquil Barrett<\/strong><\/a> &agrave; se montrer d&eacute;cisif dans les moments cruciaux &eacute;tait &eacute;vidente lorsqu&rsquo;il a sack&eacute; trois fois Aaron Rodgers des Green Bay Packers lors de la finale de conf&eacute;rence NFC et ajout&eacute; un autre sack contre Patrick Mahomes au Super Bowl.<\/p><p class=\"p1\">L&rsquo;impact de Shaquil Barrett s&rsquo;est &eacute;tendu au-del&agrave; de ses performances sur le terrain. Son leadership et son &eacute;thique de travail ont &eacute;t&eacute; constamment soulign&eacute;s par les entra&icirc;neurs et ses co&eacute;quipiers.<\/p><p class=\"p1\">Malgr&eacute; une d&eacute;chirure du tendon d&rsquo;Achille en 2022, la d&eacute;termination de Barrett l&rsquo;a vu revenir pour jouer 16 matchs la saison suivante, bien qu&rsquo;il ait &eacute;t&eacute; moins efficace. Sa lib&eacute;ration par les Buccaneers en f&eacute;vrier 2023 &eacute;tait une mesure d&rsquo;&eacute;conomie.<\/p><p class=\"p1\">Sa r&eacute;cente signature avec les Miami Dolphins devait renforcer leur d&eacute;fense, surtout avec d&rsquo;autres joueurs cl&eacute;s en convalescence.<\/p><p>&nbsp;<\/p><p>Credit Photo : Kirby Lee-USA TODAY Sports<\/p>\n","protected":false},"excerpt":{"rendered":"","protected":false},"author":13,"featured_media":1446135,"comment_status":"open","ping_status":"closed","sticky":false,"template":"","format":"standard","meta":{"inline_featured_image":false,"kia_subtitle":"","_mux_skip_reasons":[],"proofreadBy":0,"footnotes":""},"categories":[118,40],"tags":[2228],"sport":[],"saison":[],"class_list":["post-1446134","post","type-post","status-publish","format-standard","has-post-thumbnail","hentry","category-actualite-nfl","category-nfl","tag-shaquil-barrett"],"acf":[],"yoast_head":"<!-- This site is optimized with the Yoast SEO plugin v24.2 - https:\/\/yoast.com\/wordpress\/plugins\/seo\/ -->\n<title>Shaquil Barrett annonce sa retraite sportive - The Playoffs FR<\/title>\n<meta name=\"robots\" content=\"index, follow, max-snippet:-1, max-image-preview:large, max-video-preview:-1\" \/>\n<link rel=\"canonical\" href=\"https:\/\/theplayoffs.news\/fr\/actualite-nfl\/shaquil-barrett-annonce-sa-retraite-sportive\/\" \/>\n<meta property=\"og:locale\" content=\"fr_FR\" \/>\n<meta property=\"og:type\" content=\"article\" \/>\n<meta property=\"og:title\" content=\"Shaquil Barrett annonce sa retraite sportive - The Playoffs FR\" \/>\n<meta property=\"og:url\" content=\"https:\/\/theplayoffs.news\/fr\/actualite-nfl\/shaquil-barrett-annonce-sa-retraite-sportive\/\" \/>\n<meta property=\"og:site_name\" content=\"The Playoffs FR\" \/>\n<meta property=\"article:publisher\" content=\"https:\/\/www.facebook.com\/TheFreeAgentFR\/\" \/>\n<meta property=\"article:modified_time\" content=\"2024-07-21T09:49:22+02:00\" \/>\n<meta property=\"og:image\" content=\"https:\/\/theplayoffs.news\/fr\/wp-content\/uploads\/2024\/07\/USATSI_17620924.jpg\" \/>\n\t<meta property=\"og:image:width\" content=\"1920\" \/>\n\t<meta property=\"og:image:height\" content=\"1280\" \/>\n\t<meta property=\"og:image:type\" content=\"image\/jpeg\" \/>\n<meta name=\"author\" content=\"Charles Taudin\" \/>\n<meta name=\"twitter:card\" content=\"summary_large_image\" \/>\n<meta name=\"twitter:creator\" content=\"@TheFreeAgentFR\" \/>\n<meta name=\"twitter:site\" content=\"@TheFreeAgentFR\" \/>\n<meta name=\"twitter:label1\" content=\"\u00c9crit par\" \/>\n\t<meta name=\"twitter:data1\" content=\"Charles Taudin\" \/>\n\t<meta name=\"twitter:label2\" content=\"Dur\u00e9e de lecture estim\u00e9e\" \/>\n\t<meta name=\"twitter:data2\" content=\"2 minutes\" \/>\n<script type=\"application\/ld+json\" class=\"yoast-schema-graph\">{\"@context\":\"https:\/\/schema.org\",\"@graph\":[{\"@type\":\"WebPage\",\"@id\":\"https:\/\/theplayoffs.news\/fr\/actualite-nfl\/shaquil-barrett-annonce-sa-retraite-sportive\/\",\"url\":\"https:\/\/theplayoffs.news\/fr\/actualite-nfl\/shaquil-barrett-annonce-sa-retraite-sportive\/\",\"name\":\"Shaquil Barrett annonce sa retraite sportive - The Playoffs FR\",\"isPartOf\":{\"@id\":\"https:\/\/theplayoffs.news\/fr\/#website\"},\"primaryImageOfPage\":{\"@id\":\"https:\/\/theplayoffs.news\/fr\/actualite-nfl\/shaquil-barrett-annonce-sa-retraite-sportive\/#primaryimage\"},\"image\":{\"@id\":\"https:\/\/theplayoffs.news\/fr\/actualite-nfl\/shaquil-barrett-annonce-sa-retraite-sportive\/#primaryimage\"},\"thumbnailUrl\":\"https:\/\/theplayoffs.news\/fr\/wp-content\/uploads\/2024\/07\/USATSI_17620924.jpg\",\"datePublished\":\"2024-07-21T07:49:22+00:00\",\"dateModified\":\"2024-07-21T07:49:22+00:00\",\"author\":{\"@id\":\"https:\/\/theplayoffs.news\/fr\/#\/schema\/person\/eee5b69ad5d3c51cabe881c839dbe133\"},\"breadcrumb\":{\"@id\":\"https:\/\/theplayoffs.news\/fr\/actualite-nfl\/shaquil-barrett-annonce-sa-retraite-sportive\/#breadcrumb\"},\"inLanguage\":\"fr-FR\",\"potentialAction\":[{\"@type\":\"ReadAction\",\"target\":[\"https:\/\/theplayoffs.news\/fr\/actualite-nfl\/shaquil-barrett-annonce-sa-retraite-sportive\/\"]}]},{\"@type\":\"ImageObject\",\"inLanguage\":\"fr-FR\",\"@id\":\"https:\/\/theplayoffs.news\/fr\/actualite-nfl\/shaquil-barrett-annonce-sa-retraite-sportive\/#primaryimage\",\"url\":\"https:\/\/theplayoffs.news\/fr\/wp-content\/uploads\/2024\/07\/USATSI_17620924.jpg\",\"contentUrl\":\"https:\/\/theplayoffs.news\/fr\/wp-content\/uploads\/2024\/07\/USATSI_17620924.jpg\",\"width\":1920,\"height\":1280,\"caption\":\"Feb 4, 2022; Las Vegas, NV, USA; Tampa Bay Buccaneers linebacker Shaquil Barrett (58) during NFC practice at the Las Vegas Ballpark. Mandatory Credit: Kirby Lee-USA TODAY Sports\"},{\"@type\":\"BreadcrumbList\",\"@id\":\"https:\/\/theplayoffs.news\/fr\/actualite-nfl\/shaquil-barrett-annonce-sa-retraite-sportive\/#breadcrumb\",\"itemListElement\":[{\"@type\":\"ListItem\",\"position\":1,\"name\":\"Accueil\",\"item\":\"https:\/\/theplayoffs.news\/fr\/\"},{\"@type\":\"ListItem\",\"position\":2,\"name\":\"Shaquil Barrett annonce sa retraite sportive\"}]},{\"@type\":\"WebSite\",\"@id\":\"https:\/\/theplayoffs.news\/fr\/#website\",\"url\":\"https:\/\/theplayoffs.news\/fr\/\",\"name\":\"The Playoffs FR\",\"description\":\"NBA-NFL-NHL-MLB\",\"potentialAction\":[{\"@type\":\"SearchAction\",\"target\":{\"@type\":\"EntryPoint\",\"urlTemplate\":\"https:\/\/theplayoffs.news\/fr\/?s={search_term_string}\"},\"query-input\":{\"@type\":\"PropertyValueSpecification\",\"valueRequired\":true,\"valueName\":\"search_term_string\"}}],\"inLanguage\":\"fr-FR\"},{\"@type\":\"Person\",\"@id\":\"https:\/\/theplayoffs.news\/fr\/#\/schema\/person\/eee5b69ad5d3c51cabe881c839dbe133\",\"name\":\"Charles Taudin\",\"image\":{\"@type\":\"ImageObject\",\"inLanguage\":\"fr-FR\",\"@id\":\"https:\/\/theplayoffs.news\/fr\/#\/schema\/person\/image\/\",\"url\":\"https:\/\/secure.gravatar.com\/avatar\/59a1e772205ce9fd255edfcafc93013736822e20261f294c5753b20c41ede9f2?s=96&d=mm&r=g\",\"contentUrl\":\"https:\/\/secure.gravatar.com\/avatar\/59a1e772205ce9fd255edfcafc93013736822e20261f294c5753b20c41ede9f2?s=96&d=mm&r=g\",\"caption\":\"Charles Taudin\"},\"description\":\"R\u00e9dacteur en chef global de The Playoffs, j\u2019ai cr\u00e9\u00e9 The Free Agent, devenu The Playoffs FR, en 2020 durant la pand\u00e9mie. Amoureux depuis des ann\u00e9es des 4 sports majeurs am\u00e9ricains, j\u2019organise maintenant la strat\u00e9gie \u00e9ditoriale et les r\u00e9seaux sociaux de l\u2019ensemble des versions de The Playoffs. Il m\u2019arrive encore d\u2019\u00e9crire sur certains sports que j\u2019affectionne particuli\u00e8rement comme la NFL ou la MLB. Si vous devez retenir qu\u2019une chose : Eli Manning est le vrai GOAT pour avoir battu deux fois Tom Brady.\",\"sameAs\":[\"https:\/\/www.instagram.com\/ctaudin_\/\"],\"url\":\"https:\/\/theplayoffs.news\/fr\/author\/charles-taudin\/\"}]}<\/script>\n<!-- \/ Yoast SEO plugin. -->","yoast_head_json":{"title":"Shaquil Barrett annonce sa retraite sportive - The Playoffs FR","robots":{"index":"index","follow":"follow","max-snippet":"max-snippet:-1","max-image-preview":"max-image-preview:large","max-video-preview":"max-video-preview:-1"},"canonical":"https:\/\/theplayoffs.news\/fr\/actualite-nfl\/shaquil-barrett-annonce-sa-retraite-sportive\/","og_locale":"fr_FR","og_type":"article","og_title":"Shaquil Barrett annonce sa retraite sportive - The Playoffs FR","og_url":"https:\/\/theplayoffs.news\/fr\/actualite-nfl\/shaquil-barrett-annonce-sa-retraite-sportive\/","og_site_name":"The Playoffs FR","article_publisher":"https:\/\/www.facebook.com\/TheFreeAgentFR\/","og_image":[{"width":1920,"height":1280,"url":"https:\/\/theplayoffs.news\/fr\/wp-content\/uploads\/2024\/07\/USATSI_17620924.jpg","type":"image\/jpeg"}],"author":"Charles Taudin","twitter_card":"summary_large_image","twitter_creator":"@TheFreeAgentFR","twitter_site":"@TheFreeAgentFR","twitter_misc":{"\u00c9crit par":"Charles Taudin","Dur\u00e9e de lecture estim\u00e9e":"2 minutes"},"schema":{"@context":"https:\/\/schema.org","@graph":[{"@type":"WebPage","@id":"https:\/\/theplayoffs.news\/fr\/actualite-nfl\/shaquil-barrett-annonce-sa-retraite-sportive\/","url":"https:\/\/theplayoffs.news\/fr\/actualite-nfl\/shaquil-barrett-annonce-sa-retraite-sportive\/","name":"Shaquil Barrett annonce sa retraite sportive - The Playoffs FR","isPartOf":{"@id":"https:\/\/theplayoffs.news\/fr\/#website"},"primaryImageOfPage":{"@id":"https:\/\/theplayoffs.news\/fr\/actualite-nfl\/shaquil-barrett-annonce-sa-retraite-sportive\/#primaryimage"},"image":{"@id":"https:\/\/theplayoffs.news\/fr\/actualite-nfl\/shaquil-barrett-annonce-sa-retraite-sportive\/#primaryimage"},"thumbnailUrl":"https:\/\/theplayoffs.news\/fr\/wp-content\/uploads\/2024\/07\/USATSI_17620924.jpg","datePublished":"2024-07-21T07:49:22+00:00","dateModified":"2024-07-21T07:49:22+00:00","author":{"@id":"https:\/\/theplayoffs.news\/fr\/#\/schema\/person\/eee5b69ad5d3c51cabe881c839dbe133"},"breadcrumb":{"@id":"https:\/\/theplayoffs.news\/fr\/actualite-nfl\/shaquil-barrett-annonce-sa-retraite-sportive\/#breadcrumb"},"inLanguage":"fr-FR","potentialAction":[{"@type":"ReadAction","target":["https:\/\/theplayoffs.news\/fr\/actualite-nfl\/shaquil-barrett-annonce-sa-retraite-sportive\/"]}]},{"@type":"ImageObject","inLanguage":"fr-FR","@id":"https:\/\/theplayoffs.news\/fr\/actualite-nfl\/shaquil-barrett-annonce-sa-retraite-sportive\/#primaryimage","url":"https:\/\/theplayoffs.news\/fr\/wp-content\/uploads\/2024\/07\/USATSI_17620924.jpg","contentUrl":"https:\/\/theplayoffs.news\/fr\/wp-content\/uploads\/2024\/07\/USATSI_17620924.jpg","width":1920,"height":1280,"caption":"Feb 4, 2022; Las Vegas, NV, USA; Tampa Bay Buccaneers linebacker Shaquil Barrett (58) during NFC practice at the Las Vegas Ballpark. Mandatory Credit: Kirby Lee-USA TODAY Sports"},{"@type":"BreadcrumbList","@id":"https:\/\/theplayoffs.news\/fr\/actualite-nfl\/shaquil-barrett-annonce-sa-retraite-sportive\/#breadcrumb","itemListElement":[{"@type":"ListItem","position":1,"name":"Accueil","item":"https:\/\/theplayoffs.news\/fr\/"},{"@type":"ListItem","position":2,"name":"Shaquil Barrett annonce sa retraite sportive"}]},{"@type":"WebSite","@id":"https:\/\/theplayoffs.news\/fr\/#website","url":"https:\/\/theplayoffs.news\/fr\/","name":"The Playoffs FR","description":"NBA-NFL-NHL-MLB","potentialAction":[{"@type":"SearchAction","target":{"@type":"EntryPoint","urlTemplate":"https:\/\/theplayoffs.news\/fr\/?s={search_term_string}"},"query-input":{"@type":"PropertyValueSpecification","valueRequired":true,"valueName":"search_term_string"}}],"inLanguage":"fr-FR"},{"@type":"Person","@id":"https:\/\/theplayoffs.news\/fr\/#\/schema\/person\/eee5b69ad5d3c51cabe881c839dbe133","name":"Charles Taudin","image":{"@type":"ImageObject","inLanguage":"fr-FR","@id":"https:\/\/theplayoffs.news\/fr\/#\/schema\/person\/image\/","url":"https:\/\/secure.gravatar.com\/avatar\/59a1e772205ce9fd255edfcafc93013736822e20261f294c5753b20c41ede9f2?s=96&d=mm&r=g","contentUrl":"https:\/\/secure.gravatar.com\/avatar\/59a1e772205ce9fd255edfcafc93013736822e20261f294c5753b20c41ede9f2?s=96&d=mm&r=g","caption":"Charles Taudin"},"description":"R\u00e9dacteur en chef global de The Playoffs, j\u2019ai cr\u00e9\u00e9 The Free Agent, devenu The Playoffs FR, en 2020 durant la pand\u00e9mie. Amoureux depuis des ann\u00e9es des 4 sports majeurs am\u00e9ricains, j\u2019organise maintenant la strat\u00e9gie \u00e9ditoriale et les r\u00e9seaux sociaux de l\u2019ensemble des versions de The Playoffs. Il m\u2019arrive encore d\u2019\u00e9crire sur certains sports que j\u2019affectionne particuli\u00e8rement comme la NFL ou la MLB. Si vous devez retenir qu\u2019une chose : Eli Manning est le vrai GOAT pour avoir battu deux fois Tom Brady.","sameAs":["https:\/\/www.instagram.com\/ctaudin_\/"],"url":"https:\/\/theplayoffs.news\/fr\/author\/charles-taudin\/"}]}},"_links":{"self":[{"href":"https:\/\/theplayoffs.news\/fr\/wp-json\/wp\/v2\/posts\/1446134","targetHints":{"allow":["GET"]}}],"collection":[{"href":"https:\/\/theplayoffs.news\/fr\/wp-json\/wp\/v2\/posts"}],"about":[{"href":"https:\/\/theplayoffs.news\/fr\/wp-json\/wp\/v2\/types\/post"}],"author":[{"embeddable":true,"href":"https:\/\/theplayoffs.news\/fr\/wp-json\/wp\/v2\/users\/13"}],"replies":[{"embeddable":true,"href":"https:\/\/theplayoffs.news\/fr\/wp-json\/wp\/v2\/comments?post=1446134"}],"version-history":[{"count":3,"href":"https:\/\/theplayoffs.news\/fr\/wp-json\/wp\/v2\/posts\/1446134\/revisions"}],"predecessor-version":[{"id":1446139,"href":"https:\/\/theplayoffs.news\/fr\/wp-json\/wp\/v2\/posts\/1446134\/revisions\/1446139"}],"wp:featuredmedia":[{"embeddable":true,"href":"https:\/\/theplayoffs.news\/fr\/wp-json\/wp\/v2\/media\/1446135"}],"wp:attachment":[{"href":"https:\/\/theplayoffs.news\/fr\/wp-json\/wp\/v2\/media?parent=1446134"}],"wp:term":[{"taxonomy":"category","embeddable":true,"href":"https:\/\/theplayoffs.news\/fr\/wp-json\/wp\/v2\/categories?post=1446134"},{"taxonomy":"post_tag","embeddable":true,"href":"https:\/\/theplayoffs.news\/fr\/wp-json\/wp\/v2\/tags?post=1446134"},{"taxonomy":"sport","embeddable":true,"href":"https:\/\/theplayoffs.news\/fr\/wp-json\/wp\/v2\/sport?post=1446134"},{"taxonomy":"saison","embeddable":true,"href":"https:\/\/theplayoffs.news\/fr\/wp-json\/wp\/v2\/saison?post=1446134"}],"curies":[{"name":"wp","href":"https:\/\/api.w.org\/{rel}","templated":true}]}}