{"id":1445935,"date":"2024-07-19T16:20:13","date_gmt":"2024-07-19T14:20:13","guid":{"rendered":"https:\/\/theplayoffs.news\/fr\/?p=1445935"},"modified":"2024-07-19T16:20:13","modified_gmt":"2024-07-19T14:20:13","slug":"kevin-durant-pret-a-rejouer","status":"publish","type":"post","link":"https:\/\/theplayoffs.news\/fr\/jo2024\/kevin-durant-pret-a-rejouer\/","title":{"rendered":"Kevin Durant pr\u00eat \u00e0 rejouer."},"content":{"rendered":"<h2><a href=\"https:\/\/basketnews.com\/news-209357-kevin-durant-returns-to-team-usa-practices-set-to-play.html\" class=\"trk-cta-link\" data-cta-trk='{\"ctaType\":\"Link\",\"ctaSubType\":\"main\"}'>JO<\/a> Paris 2024 &ndash; La bonne nouvelle est tomb&eacute;e pour team USA avec le retour tr&egrave;s probable de <a href=\"https:\/\/theplayoffs.news\/fr\/page\/20\/?s=kevin+durant\" class=\"trk-cta-link\" data-cta-trk='{\"ctaType\":\"Link\",\"ctaSubType\":\"main\"}'>Kevin Durant<\/a> &agrave; quelques jours des Jeux Olympiques.<\/h2><p>&nbsp;<\/p><p>Kevin Durant a rat&eacute; les quatre matchs de pr&eacute;paration de l&rsquo;&eacute;quipe am&eacute;ricaine jusqu&rsquo;&agrave; pr&eacute;sent, mais le joueur des Phoenix Suns est sur le point de revenir, d&rsquo;apr&egrave;s les informations de l&rsquo;insider Shams Charania pour le m&eacute;dia The Athletic.<\/p><p>Kevin Durant devrait revenir &agrave; l&rsquo;entra&icirc;nement de l&rsquo;&eacute;quipe am&eacute;ricaine d&egrave;s ce vendredi.<\/p><p>\n<div id=\"attachment_1438502\" style=\"width: 1290px\" class=\"wp-caption alignnone\"><img loading=\"lazy\" decoding=\"async\" aria-describedby=\"caption-attachment-1438502\" class=\"size-full wp-image-1438502\" src=\"https:\/\/theplayoffs.news\/fr\/wp-content\/uploads\/2024\/06\/USATSI_16526429.jpg\" alt=\"\" width=\"1280\" height=\"1920\" srcset=\"https:\/\/theplayoffs.news\/fr\/wp-content\/uploads\/2024\/06\/USATSI_16526429.jpg 1280w, https:\/\/theplayoffs.news\/fr\/wp-content\/uploads\/2024\/06\/USATSI_16526429-200x300.jpg 200w, https:\/\/theplayoffs.news\/fr\/wp-content\/uploads\/2024\/06\/USATSI_16526429-687x1030.jpg 687w, https:\/\/theplayoffs.news\/fr\/wp-content\/uploads\/2024\/06\/USATSI_16526429-768x1152.jpg 768w\" sizes=\"auto, (max-width: 1280px) 100vw, 1280px\" \/><p id=\"caption-attachment-1438502\" class=\"wp-caption-text\">Aug 7, 2021; Credit: Geoff Burke-USA TODAY Sports<\/p><\/div>\n<\/p><p>&nbsp;<\/p><p>Une bonne nouvelle en entrainant une autre pour l&rsquo;&eacute;quipe am&eacute;ricaine, le joueur pourrait d&eacute;j&agrave; faire ses d&eacute;buts avec les &Eacute;tats-Unis contre le Soudan du Sud, lors du match pr&eacute;vu le samedi 20 juillet ou alors contre l&rsquo;Allemagne le lundi 22 juillet, pour le dernier match de pr&eacute;paration avant le d&eacute;but de la comp&eacute;tition olympique.<\/p><p>Pour rappel, Kevin Durant &eacute;tait absent en raison d&rsquo;une tension au mollet, ce qui l&rsquo;avait contraint &agrave; manquer la majorit&eacute; de la p&eacute;riode de pr&eacute;paration de son &eacute;quipe.<\/p><p>Pour les Jeux Olympiques, team USA est positionn&eacute; dans le groupe C aux c&ocirc;t&eacute;s de la Serbie, du Soudan du Sud et de Porto Rico.<\/p><p>&nbsp;<\/p><h6 style=\"text-align: right;\"><em>Source : basketnews.com<\/em><\/h6><p>&nbsp;<\/p>\n","protected":false},"excerpt":{"rendered":"","protected":false},"author":180310001,"featured_media":1367654,"comment_status":"open","ping_status":"closed","sticky":false,"template":"","format":"standard","meta":{"inline_featured_image":false,"kia_subtitle":"","_mux_skip_reasons":[],"proofreadBy":0,"footnotes":""},"categories":[7518],"tags":[1601,7081,1904],"sport":[],"saison":[],"class_list":["post-1445935","post","type-post","status-publish","format-standard","has-post-thumbnail","hentry","category-jo2024","tag-durant","tag-jo","tag-team-usa"],"acf":[],"yoast_head":"<!-- This site is optimized with the Yoast SEO plugin v24.2 - https:\/\/yoast.com\/wordpress\/plugins\/seo\/ -->\n<title>Kevin Durant pr&ecirc;t &agrave; rejouer. - The Playoffs FR<\/title>\n<meta name=\"robots\" content=\"index, follow, max-snippet:-1, max-image-preview:large, max-video-preview:-1\" \/>\n<link rel=\"canonical\" href=\"https:\/\/theplayoffs.news\/fr\/jo2024\/kevin-durant-pret-a-rejouer\/\" \/>\n<meta property=\"og:locale\" content=\"fr_FR\" \/>\n<meta property=\"og:type\" content=\"article\" \/>\n<meta property=\"og:title\" content=\"Kevin Durant pr&ecirc;t &agrave; rejouer. - The Playoffs FR\" \/>\n<meta property=\"og:url\" content=\"https:\/\/theplayoffs.news\/fr\/jo2024\/kevin-durant-pret-a-rejouer\/\" \/>\n<meta property=\"og:site_name\" content=\"The Playoffs FR\" \/>\n<meta property=\"article:publisher\" content=\"https:\/\/www.facebook.com\/TheFreeAgentFR\/\" \/>\n<meta property=\"article:modified_time\" content=\"2024-07-19T16:20:13+02:00\" \/>\n<meta property=\"og:image\" content=\"https:\/\/theplayoffs.news\/fr\/wp-content\/uploads\/2024\/02\/USATSI_22557960.jpg\" \/>\n\t<meta property=\"og:image:width\" content=\"1920\" \/>\n\t<meta property=\"og:image:height\" content=\"1280\" \/>\n\t<meta property=\"og:image:type\" content=\"image\/jpeg\" \/>\n<meta name=\"author\" content=\"Christopher Marrec-Top\" \/>\n<meta name=\"twitter:card\" content=\"summary_large_image\" \/>\n<meta name=\"twitter:creator\" content=\"@TheFreeAgentFR\" \/>\n<meta name=\"twitter:site\" content=\"@TheFreeAgentFR\" \/>\n<meta name=\"twitter:label1\" content=\"\u00c9crit par\" \/>\n\t<meta name=\"twitter:data1\" content=\"Christopher Marrec-Top\" \/>\n\t<meta name=\"twitter:label2\" content=\"Dur\u00e9e de lecture estim\u00e9e\" \/>\n\t<meta name=\"twitter:data2\" content=\"1 minute\" \/>\n<script type=\"application\/ld+json\" class=\"yoast-schema-graph\">{\"@context\":\"https:\/\/schema.org\",\"@graph\":[{\"@type\":\"WebPage\",\"@id\":\"https:\/\/theplayoffs.news\/fr\/jo2024\/kevin-durant-pret-a-rejouer\/\",\"url\":\"https:\/\/theplayoffs.news\/fr\/jo2024\/kevin-durant-pret-a-rejouer\/\",\"name\":\"Kevin Durant pr\u00eat \u00e0 rejouer. - The Playoffs FR\",\"isPartOf\":{\"@id\":\"https:\/\/theplayoffs.news\/fr\/#website\"},\"primaryImageOfPage\":{\"@id\":\"https:\/\/theplayoffs.news\/fr\/jo2024\/kevin-durant-pret-a-rejouer\/#primaryimage\"},\"image\":{\"@id\":\"https:\/\/theplayoffs.news\/fr\/jo2024\/kevin-durant-pret-a-rejouer\/#primaryimage\"},\"thumbnailUrl\":\"https:\/\/theplayoffs.news\/fr\/wp-content\/uploads\/2024\/02\/USATSI_22557960.jpg\",\"datePublished\":\"2024-07-19T14:20:13+00:00\",\"dateModified\":\"2024-07-19T14:20:13+00:00\",\"author\":{\"@id\":\"https:\/\/theplayoffs.news\/fr\/#\/schema\/person\/863ce84969b07bfc09ef81750720e42a\"},\"breadcrumb\":{\"@id\":\"https:\/\/theplayoffs.news\/fr\/jo2024\/kevin-durant-pret-a-rejouer\/#breadcrumb\"},\"inLanguage\":\"fr-FR\",\"potentialAction\":[{\"@type\":\"ReadAction\",\"target\":[\"https:\/\/theplayoffs.news\/fr\/jo2024\/kevin-durant-pret-a-rejouer\/\"]}]},{\"@type\":\"ImageObject\",\"inLanguage\":\"fr-FR\",\"@id\":\"https:\/\/theplayoffs.news\/fr\/jo2024\/kevin-durant-pret-a-rejouer\/#primaryimage\",\"url\":\"https:\/\/theplayoffs.news\/fr\/wp-content\/uploads\/2024\/02\/USATSI_22557960.jpg\",\"contentUrl\":\"https:\/\/theplayoffs.news\/fr\/wp-content\/uploads\/2024\/02\/USATSI_22557960.jpg\",\"width\":1920,\"height\":1280,\"caption\":\"Feb 18, 2024; Indianapolis, Indiana, USA; Western Conference forward LeBron James (23) of the Los Angeles Lakers and forward Kevin Durant (35) of the Phoenix Suns look on during the national anthem before the 73rd NBA All Star game at Gainbridge Fieldhouse. Mandatory Credit: Kyle Terada-USA TODAY Sports\"},{\"@type\":\"BreadcrumbList\",\"@id\":\"https:\/\/theplayoffs.news\/fr\/jo2024\/kevin-durant-pret-a-rejouer\/#breadcrumb\",\"itemListElement\":[{\"@type\":\"ListItem\",\"position\":1,\"name\":\"Accueil\",\"item\":\"https:\/\/theplayoffs.news\/fr\/\"},{\"@type\":\"ListItem\",\"position\":2,\"name\":\"Kevin Durant pr\u00eat \u00e0 rejouer.\"}]},{\"@type\":\"WebSite\",\"@id\":\"https:\/\/theplayoffs.news\/fr\/#website\",\"url\":\"https:\/\/theplayoffs.news\/fr\/\",\"name\":\"The Playoffs FR\",\"description\":\"NBA-NFL-NHL-MLB\",\"potentialAction\":[{\"@type\":\"SearchAction\",\"target\":{\"@type\":\"EntryPoint\",\"urlTemplate\":\"https:\/\/theplayoffs.news\/fr\/?s={search_term_string}\"},\"query-input\":{\"@type\":\"PropertyValueSpecification\",\"valueRequired\":true,\"valueName\":\"search_term_string\"}}],\"inLanguage\":\"fr-FR\"},{\"@type\":\"Person\",\"@id\":\"https:\/\/theplayoffs.news\/fr\/#\/schema\/person\/863ce84969b07bfc09ef81750720e42a\",\"name\":\"Christopher Marrec-Top\",\"image\":{\"@type\":\"ImageObject\",\"inLanguage\":\"fr-FR\",\"@id\":\"https:\/\/theplayoffs.news\/fr\/#\/schema\/person\/image\/\",\"url\":\"https:\/\/secure.gravatar.com\/avatar\/3102192a417211661aecac9ec415c973058438e49145f224d4e3273853f80021?s=96&d=mm&r=g\",\"contentUrl\":\"https:\/\/secure.gravatar.com\/avatar\/3102192a417211661aecac9ec415c973058438e49145f224d4e3273853f80021?s=96&d=mm&r=g\",\"caption\":\"Christopher Marrec-Top\"},\"description\":\"Christopher, 37 ans et biberonn\u00e9 au cidre et aux cr\u00eapes (rien de plus normal pour un breton). Animateur du podcast \\\\\\\"And One\\\\\\\", d\u00e9di\u00e9 \u00e0 l\u2019univers du basket (NBA, WNBA, Draft), et r\u00e9dacteur pour le site ThePlayoffs. Je suis entr\u00e9 dans le monde des m\u00e9dias il y a quelques ann\u00e9es en tant que novice, mais ma passion pour le sport m\u2019anime au quotidien. Admirateur inconditionnel d\\\\'un certain \\\\\\\"Chosen One\\\\\\\", je l\\\\'ai particuli\u00e8rement suivi avec un maillot noir orn\u00e9 d\\\\'un grand C (avec le maillot \\\\\\\"purple and gold\\\\\\\" il se d\u00e9brouille toujours pas trop mal). Amoureux du sport am\u00e9ricain dans son ensemble, je reste fid\u00e8le \u00e0 la discipline fond\u00e9e par James Naismith. ENJOY !! Et longue vie \u00e0 ThePlayoffs !\",\"url\":\"https:\/\/theplayoffs.news\/fr\/author\/christophertop\/\"}]}<\/script>\n<!-- \/ Yoast SEO plugin. -->","yoast_head_json":{"title":"Kevin Durant pr&ecirc;t &agrave; rejouer. - The Playoffs FR","robots":{"index":"index","follow":"follow","max-snippet":"max-snippet:-1","max-image-preview":"max-image-preview:large","max-video-preview":"max-video-preview:-1"},"canonical":"https:\/\/theplayoffs.news\/fr\/jo2024\/kevin-durant-pret-a-rejouer\/","og_locale":"fr_FR","og_type":"article","og_title":"Kevin Durant pr&ecirc;t &agrave; rejouer. - The Playoffs FR","og_url":"https:\/\/theplayoffs.news\/fr\/jo2024\/kevin-durant-pret-a-rejouer\/","og_site_name":"The Playoffs FR","article_publisher":"https:\/\/www.facebook.com\/TheFreeAgentFR\/","og_image":[{"width":1920,"height":1280,"url":"https:\/\/theplayoffs.news\/fr\/wp-content\/uploads\/2024\/02\/USATSI_22557960.jpg","type":"image\/jpeg"}],"author":"Christopher Marrec-Top","twitter_card":"summary_large_image","twitter_creator":"@TheFreeAgentFR","twitter_site":"@TheFreeAgentFR","twitter_misc":{"\u00c9crit par":"Christopher Marrec-Top","Dur\u00e9e de lecture estim\u00e9e":"1 minute"},"schema":{"@context":"https:\/\/schema.org","@graph":[{"@type":"WebPage","@id":"https:\/\/theplayoffs.news\/fr\/jo2024\/kevin-durant-pret-a-rejouer\/","url":"https:\/\/theplayoffs.news\/fr\/jo2024\/kevin-durant-pret-a-rejouer\/","name":"Kevin Durant pr\u00eat \u00e0 rejouer. - The Playoffs FR","isPartOf":{"@id":"https:\/\/theplayoffs.news\/fr\/#website"},"primaryImageOfPage":{"@id":"https:\/\/theplayoffs.news\/fr\/jo2024\/kevin-durant-pret-a-rejouer\/#primaryimage"},"image":{"@id":"https:\/\/theplayoffs.news\/fr\/jo2024\/kevin-durant-pret-a-rejouer\/#primaryimage"},"thumbnailUrl":"https:\/\/theplayoffs.news\/fr\/wp-content\/uploads\/2024\/02\/USATSI_22557960.jpg","datePublished":"2024-07-19T14:20:13+00:00","dateModified":"2024-07-19T14:20:13+00:00","author":{"@id":"https:\/\/theplayoffs.news\/fr\/#\/schema\/person\/863ce84969b07bfc09ef81750720e42a"},"breadcrumb":{"@id":"https:\/\/theplayoffs.news\/fr\/jo2024\/kevin-durant-pret-a-rejouer\/#breadcrumb"},"inLanguage":"fr-FR","potentialAction":[{"@type":"ReadAction","target":["https:\/\/theplayoffs.news\/fr\/jo2024\/kevin-durant-pret-a-rejouer\/"]}]},{"@type":"ImageObject","inLanguage":"fr-FR","@id":"https:\/\/theplayoffs.news\/fr\/jo2024\/kevin-durant-pret-a-rejouer\/#primaryimage","url":"https:\/\/theplayoffs.news\/fr\/wp-content\/uploads\/2024\/02\/USATSI_22557960.jpg","contentUrl":"https:\/\/theplayoffs.news\/fr\/wp-content\/uploads\/2024\/02\/USATSI_22557960.jpg","width":1920,"height":1280,"caption":"Feb 18, 2024; Indianapolis, Indiana, USA; Western Conference forward LeBron James (23) of the Los Angeles Lakers and forward Kevin Durant (35) of the Phoenix Suns look on during the national anthem before the 73rd NBA All Star game at Gainbridge Fieldhouse. Mandatory Credit: Kyle Terada-USA TODAY Sports"},{"@type":"BreadcrumbList","@id":"https:\/\/theplayoffs.news\/fr\/jo2024\/kevin-durant-pret-a-rejouer\/#breadcrumb","itemListElement":[{"@type":"ListItem","position":1,"name":"Accueil","item":"https:\/\/theplayoffs.news\/fr\/"},{"@type":"ListItem","position":2,"name":"Kevin Durant pr\u00eat \u00e0 rejouer."}]},{"@type":"WebSite","@id":"https:\/\/theplayoffs.news\/fr\/#website","url":"https:\/\/theplayoffs.news\/fr\/","name":"The Playoffs FR","description":"NBA-NFL-NHL-MLB","potentialAction":[{"@type":"SearchAction","target":{"@type":"EntryPoint","urlTemplate":"https:\/\/theplayoffs.news\/fr\/?s={search_term_string}"},"query-input":{"@type":"PropertyValueSpecification","valueRequired":true,"valueName":"search_term_string"}}],"inLanguage":"fr-FR"},{"@type":"Person","@id":"https:\/\/theplayoffs.news\/fr\/#\/schema\/person\/863ce84969b07bfc09ef81750720e42a","name":"Christopher Marrec-Top","image":{"@type":"ImageObject","inLanguage":"fr-FR","@id":"https:\/\/theplayoffs.news\/fr\/#\/schema\/person\/image\/","url":"https:\/\/secure.gravatar.com\/avatar\/3102192a417211661aecac9ec415c973058438e49145f224d4e3273853f80021?s=96&d=mm&r=g","contentUrl":"https:\/\/secure.gravatar.com\/avatar\/3102192a417211661aecac9ec415c973058438e49145f224d4e3273853f80021?s=96&d=mm&r=g","caption":"Christopher Marrec-Top"},"description":"Christopher, 37 ans et biberonn\u00e9 au cidre et aux cr\u00eapes (rien de plus normal pour un breton). Animateur du podcast \\\"And One\\\", d\u00e9di\u00e9 \u00e0 l\u2019univers du basket (NBA, WNBA, Draft), et r\u00e9dacteur pour le site ThePlayoffs. Je suis entr\u00e9 dans le monde des m\u00e9dias il y a quelques ann\u00e9es en tant que novice, mais ma passion pour le sport m\u2019anime au quotidien. Admirateur inconditionnel d\\'un certain \\\"Chosen One\\\", je l\\'ai particuli\u00e8rement suivi avec un maillot noir orn\u00e9 d\\'un grand C (avec le maillot \\\"purple and gold\\\" il se d\u00e9brouille toujours pas trop mal). Amoureux du sport am\u00e9ricain dans son ensemble, je reste fid\u00e8le \u00e0 la discipline fond\u00e9e par James Naismith. ENJOY !! Et longue vie \u00e0 ThePlayoffs !","url":"https:\/\/theplayoffs.news\/fr\/author\/christophertop\/"}]}},"_links":{"self":[{"href":"https:\/\/theplayoffs.news\/fr\/wp-json\/wp\/v2\/posts\/1445935","targetHints":{"allow":["GET"]}}],"collection":[{"href":"https:\/\/theplayoffs.news\/fr\/wp-json\/wp\/v2\/posts"}],"about":[{"href":"https:\/\/theplayoffs.news\/fr\/wp-json\/wp\/v2\/types\/post"}],"author":[{"embeddable":true,"href":"https:\/\/theplayoffs.news\/fr\/wp-json\/wp\/v2\/users\/180310001"}],"replies":[{"embeddable":true,"href":"https:\/\/theplayoffs.news\/fr\/wp-json\/wp\/v2\/comments?post=1445935"}],"version-history":[{"count":4,"href":"https:\/\/theplayoffs.news\/fr\/wp-json\/wp\/v2\/posts\/1445935\/revisions"}],"predecessor-version":[{"id":1445945,"href":"https:\/\/theplayoffs.news\/fr\/wp-json\/wp\/v2\/posts\/1445935\/revisions\/1445945"}],"wp:featuredmedia":[{"embeddable":true,"href":"https:\/\/theplayoffs.news\/fr\/wp-json\/wp\/v2\/media\/1367654"}],"wp:attachment":[{"href":"https:\/\/theplayoffs.news\/fr\/wp-json\/wp\/v2\/media?parent=1445935"}],"wp:term":[{"taxonomy":"category","embeddable":true,"href":"https:\/\/theplayoffs.news\/fr\/wp-json\/wp\/v2\/categories?post=1445935"},{"taxonomy":"post_tag","embeddable":true,"href":"https:\/\/theplayoffs.news\/fr\/wp-json\/wp\/v2\/tags?post=1445935"},{"taxonomy":"sport","embeddable":true,"href":"https:\/\/theplayoffs.news\/fr\/wp-json\/wp\/v2\/sport?post=1445935"},{"taxonomy":"saison","embeddable":true,"href":"https:\/\/theplayoffs.news\/fr\/wp-json\/wp\/v2\/saison?post=1445935"}],"curies":[{"name":"wp","href":"https:\/\/api.w.org\/{rel}","templated":true}]}}