{"id":1445930,"date":"2024-07-19T15:50:52","date_gmt":"2024-07-19T13:50:52","guid":{"rendered":"https:\/\/theplayoffs.news\/fr\/?p=1445930"},"modified":"2024-07-19T15:50:52","modified_gmt":"2024-07-19T13:50:52","slug":"bol-bol-ne-participera-pas-aux-jeux-olympiques-avec-le-soudan","status":"publish","type":"post","link":"https:\/\/theplayoffs.news\/fr\/actualite-nba\/bol-bol-ne-participera-pas-aux-jeux-olympiques-avec-le-soudan\/","title":{"rendered":"Bol Bol ne participera pas aux Jeux Olympiques avec le Soudan."},"content":{"rendered":"<h2 class=\"p1\"><span class=\"s1\">Le Soudan du Sud a encaiss&eacute; un revers majeur avant les Jeux olympiques, avec l&rsquo;absence de Bol Bol, joueur des Phoenix Suns, retir&eacute; de la s&eacute;lection pour Paris pour des &laquo;&nbsp;raisons personnelles&nbsp;&raquo; non sp&eacute;cifi&eacute;es.<\/span><\/h2><p class=\"p1\"><span class=\"s1\">Ajou Deng, entra&icirc;neur adjoint de l&rsquo;&eacute;quipe nationale, a confirm&eacute; &agrave; <a href=\"https:\/\/www.espn.com\/espn\/story\/_\/id\/40595005\/phoenix-suns-bol-bol-ruled-paris-olympics-south-sudan\" class=\"trk-cta-link\" data-cta-trk='{\"ctaType\":\"Link\",\"ctaSubType\":\"main\"}'>ESPN<\/a> que <a href=\"https:\/\/theplayoffs.news\/fr\/nba-basketball\/bol-bol-signe-chez-les-suns-pour-1-an\/\" class=\"trk-cta-link\" data-cta-trk='{\"ctaType\":\"Link\",\"ctaSubType\":\"main\"}'>Bol Bol<\/a> ne participerait pas aux Jeux olympiques, bien qu&rsquo;il ait &eacute;t&eacute; inclus dans la liste de 25 joueurs pour le r&eacute;cent camp d&rsquo;entra&icirc;nement &agrave; Kigali. Malgr&eacute; l&rsquo;absence de Bol, le Soudan du Sud a triomph&eacute; contre la Grande-Bretagne 84-81 jeudi, d&eacute;montrant leur profondeur et leur qualit&eacute;, m&ecirc;me sans des stars comme Bol Bol, Jo Lual-Acuil et Thon Maker.<\/span><\/p><p class=\"p1\"><span class=\"s1\">Bien que le Soudan du Sud ait &eacute;galement des difficult&eacute;s &agrave; compter sur ses &laquo;stars&raquo;, ils devraient tout de m&ecirc;me pouvoir s&rsquo;appuyer sur des joueurs comme Carlik Jones, Wenyen Gabriel, et Nuni Omot, &eacute;lu MVP de la BAL 2023.<\/span><\/p><p class=\"p1\"><span class=\"s1\">Ils se sont qualifi&eacute;s pour les Jeux olympiques en terminant comme l&rsquo;&eacute;quipe africaine la mieux class&eacute;e lors de la Coupe du monde de la FIBA, bien que ces joueurs cl&eacute;s n&rsquo;&eacute;taient pas disponibles &agrave; ce moment-l&agrave;. Concernant l&rsquo;absence de Bol pour la Coupe du monde, Ajou Deng a expliqu&eacute; : &laquo;&nbsp;Bol Bol a travers&eacute; une situation particuli&egrave;re en NBA. Il a toujours voulu jouer. Lors de la Coupe du monde, il souhaitait participer.&raquo;<\/span><\/p><p>\n<div id=\"attachment_1445931\" style=\"width: 310px\" class=\"wp-caption alignnone\"><img loading=\"lazy\" decoding=\"async\" aria-describedby=\"caption-attachment-1445931\" class=\"size-medium wp-image-1445931\" src=\"https:\/\/theplayoffs.news\/fr\/wp-content\/uploads\/2024\/07\/USATSI_22938560-300x200.jpg\" alt=\"\" width=\"300\" height=\"200\" srcset=\"https:\/\/theplayoffs.news\/fr\/wp-content\/uploads\/2024\/07\/USATSI_22938560-300x200.jpg 300w, https:\/\/theplayoffs.news\/fr\/wp-content\/uploads\/2024\/07\/USATSI_22938560-1030x687.jpg 1030w, https:\/\/theplayoffs.news\/fr\/wp-content\/uploads\/2024\/07\/USATSI_22938560-768x512.jpg 768w, https:\/\/theplayoffs.news\/fr\/wp-content\/uploads\/2024\/07\/USATSI_22938560-1320x880.jpg 1320w, https:\/\/theplayoffs.news\/fr\/wp-content\/uploads\/2024\/07\/USATSI_22938560.jpg 1920w\" sizes=\"auto, (max-width: 300px) 100vw, 300px\" \/><p id=\"caption-attachment-1445931\" class=\"wp-caption-text\">Credit photo: Joe Camporeale-USA TODAY Sports<\/p><\/div>\n<\/p><p class=\"p1\"><span class=\"s1\">La participation de Bol Bol aurait une signification symbolique, car son p&egrave;re, Manute Bol, a &eacute;t&eacute; une figure embl&eacute;matique, ouvrant la voie pour que le Soudan du Sud devienne une nation passionn&eacute;e de basket-ball gr&acirc;ce &agrave; son parcours en NBA. &Agrave; l&rsquo;&eacute;poque, le pays n&rsquo;avait pas encore obtenu son ind&eacute;pendance, acquise en 2011.<\/span><\/p><p class=\"p1\"><span class=\"s1\">La lutte du Soudan du Sud pour l&rsquo;ind&eacute;pendance a forc&eacute; de nombreuses personnes de la r&eacute;gion &agrave; se r&eacute;fugier dans d&rsquo;autres pays, et la f&eacute;d&eacute;ration doit souvent surmonter des d&eacute;fis pour convaincre leurs meilleurs talents de repr&eacute;senter le pays ou d&rsquo;obtenir leur autorisation via la FIBA.<\/span><\/p>\n","protected":false},"excerpt":{"rendered":"","protected":false},"author":180310252,"featured_media":1445932,"comment_status":"open","ping_status":"closed","sticky":false,"template":"","format":"standard","meta":{"inline_featured_image":false,"kia_subtitle":"","_mux_skip_reasons":[],"proofreadBy":0,"footnotes":""},"categories":[110,10],"tags":[],"sport":[2783],"saison":[6111],"class_list":["post-1445930","post","type-post","status-publish","format-standard","has-post-thumbnail","hentry","category-actualite-nba","category-nba","sport-nba","saison-6111"],"acf":[],"yoast_head":"<!-- This site is optimized with the Yoast SEO plugin v24.2 - https:\/\/yoast.com\/wordpress\/plugins\/seo\/ -->\n<title>Bol Bol ne participera pas aux Jeux Olympiques avec le Soudan. - The Playoffs FR<\/title>\n<meta name=\"robots\" content=\"index, follow, max-snippet:-1, max-image-preview:large, max-video-preview:-1\" \/>\n<link rel=\"canonical\" href=\"https:\/\/theplayoffs.news\/fr\/actualite-nba\/bol-bol-ne-participera-pas-aux-jeux-olympiques-avec-le-soudan\/\" \/>\n<meta property=\"og:locale\" content=\"fr_FR\" \/>\n<meta property=\"og:type\" content=\"article\" \/>\n<meta property=\"og:title\" content=\"Bol Bol ne participera pas aux Jeux Olympiques avec le Soudan. - The Playoffs FR\" \/>\n<meta property=\"og:url\" content=\"https:\/\/theplayoffs.news\/fr\/actualite-nba\/bol-bol-ne-participera-pas-aux-jeux-olympiques-avec-le-soudan\/\" \/>\n<meta property=\"og:site_name\" content=\"The Playoffs FR\" \/>\n<meta property=\"article:publisher\" content=\"https:\/\/www.facebook.com\/TheFreeAgentFR\/\" \/>\n<meta property=\"article:modified_time\" content=\"2024-07-19T15:50:52+02:00\" \/>\n<meta property=\"og:image\" content=\"https:\/\/theplayoffs.news\/fr\/wp-content\/uploads\/2024\/07\/USATSI_22778299.jpg\" \/>\n\t<meta property=\"og:image:width\" content=\"1280\" \/>\n\t<meta property=\"og:image:height\" content=\"1920\" \/>\n\t<meta property=\"og:image:type\" content=\"image\/jpeg\" \/>\n<meta name=\"author\" content=\"Hugo Da Silva\" \/>\n<meta name=\"twitter:card\" content=\"summary_large_image\" \/>\n<meta name=\"twitter:creator\" content=\"@TheFreeAgentFR\" \/>\n<meta name=\"twitter:site\" content=\"@TheFreeAgentFR\" \/>\n<meta name=\"twitter:label1\" content=\"\u00c9crit par\" \/>\n\t<meta name=\"twitter:data1\" content=\"Hugo Da Silva\" \/>\n\t<meta name=\"twitter:label2\" content=\"Dur\u00e9e de lecture estim\u00e9e\" \/>\n\t<meta name=\"twitter:data2\" content=\"2 minutes\" \/>\n<script type=\"application\/ld+json\" class=\"yoast-schema-graph\">{\"@context\":\"https:\/\/schema.org\",\"@graph\":[{\"@type\":\"WebPage\",\"@id\":\"https:\/\/theplayoffs.news\/fr\/actualite-nba\/bol-bol-ne-participera-pas-aux-jeux-olympiques-avec-le-soudan\/\",\"url\":\"https:\/\/theplayoffs.news\/fr\/actualite-nba\/bol-bol-ne-participera-pas-aux-jeux-olympiques-avec-le-soudan\/\",\"name\":\"Bol Bol ne participera pas aux Jeux Olympiques avec le Soudan. - The Playoffs FR\",\"isPartOf\":{\"@id\":\"https:\/\/theplayoffs.news\/fr\/#website\"},\"primaryImageOfPage\":{\"@id\":\"https:\/\/theplayoffs.news\/fr\/actualite-nba\/bol-bol-ne-participera-pas-aux-jeux-olympiques-avec-le-soudan\/#primaryimage\"},\"image\":{\"@id\":\"https:\/\/theplayoffs.news\/fr\/actualite-nba\/bol-bol-ne-participera-pas-aux-jeux-olympiques-avec-le-soudan\/#primaryimage\"},\"thumbnailUrl\":\"https:\/\/theplayoffs.news\/fr\/wp-content\/uploads\/2024\/07\/USATSI_22778299.jpg\",\"datePublished\":\"2024-07-19T13:50:52+00:00\",\"dateModified\":\"2024-07-19T13:50:52+00:00\",\"author\":{\"@id\":\"https:\/\/theplayoffs.news\/fr\/#\/schema\/person\/6873025fdeeef5a5a119a678d88f9eb8\"},\"breadcrumb\":{\"@id\":\"https:\/\/theplayoffs.news\/fr\/actualite-nba\/bol-bol-ne-participera-pas-aux-jeux-olympiques-avec-le-soudan\/#breadcrumb\"},\"inLanguage\":\"fr-FR\",\"potentialAction\":[{\"@type\":\"ReadAction\",\"target\":[\"https:\/\/theplayoffs.news\/fr\/actualite-nba\/bol-bol-ne-participera-pas-aux-jeux-olympiques-avec-le-soudan\/\"]}]},{\"@type\":\"ImageObject\",\"inLanguage\":\"fr-FR\",\"@id\":\"https:\/\/theplayoffs.news\/fr\/actualite-nba\/bol-bol-ne-participera-pas-aux-jeux-olympiques-avec-le-soudan\/#primaryimage\",\"url\":\"https:\/\/theplayoffs.news\/fr\/wp-content\/uploads\/2024\/07\/USATSI_22778299.jpg\",\"contentUrl\":\"https:\/\/theplayoffs.news\/fr\/wp-content\/uploads\/2024\/07\/USATSI_22778299.jpg\",\"width\":1280,\"height\":1920,\"caption\":\"Mar 14, 2024; Boston, Massachusetts, USA; Phoenix Suns center Bol Bol (11) during a timeout in the second half against the Boston Celtics at TD Garden. Mandatory Credit: Bob DeChiara-USA TODAY Sports\"},{\"@type\":\"BreadcrumbList\",\"@id\":\"https:\/\/theplayoffs.news\/fr\/actualite-nba\/bol-bol-ne-participera-pas-aux-jeux-olympiques-avec-le-soudan\/#breadcrumb\",\"itemListElement\":[{\"@type\":\"ListItem\",\"position\":1,\"name\":\"Accueil\",\"item\":\"https:\/\/theplayoffs.news\/fr\/\"},{\"@type\":\"ListItem\",\"position\":2,\"name\":\"Bol Bol ne participera pas aux Jeux Olympiques avec le Soudan.\"}]},{\"@type\":\"WebSite\",\"@id\":\"https:\/\/theplayoffs.news\/fr\/#website\",\"url\":\"https:\/\/theplayoffs.news\/fr\/\",\"name\":\"The Playoffs FR\",\"description\":\"NBA-NFL-NHL-MLB\",\"potentialAction\":[{\"@type\":\"SearchAction\",\"target\":{\"@type\":\"EntryPoint\",\"urlTemplate\":\"https:\/\/theplayoffs.news\/fr\/?s={search_term_string}\"},\"query-input\":{\"@type\":\"PropertyValueSpecification\",\"valueRequired\":true,\"valueName\":\"search_term_string\"}}],\"inLanguage\":\"fr-FR\"},{\"@type\":\"Person\",\"@id\":\"https:\/\/theplayoffs.news\/fr\/#\/schema\/person\/6873025fdeeef5a5a119a678d88f9eb8\",\"name\":\"Hugo Da Silva\",\"image\":{\"@type\":\"ImageObject\",\"inLanguage\":\"fr-FR\",\"@id\":\"https:\/\/theplayoffs.news\/fr\/#\/schema\/person\/image\/\",\"url\":\"https:\/\/secure.gravatar.com\/avatar\/42645c167f2d0d025c99c89a9d5af905f285255ee846e7a777caaecca00b1837?s=96&d=mm&r=g\",\"contentUrl\":\"https:\/\/secure.gravatar.com\/avatar\/42645c167f2d0d025c99c89a9d5af905f285255ee846e7a777caaecca00b1837?s=96&d=mm&r=g\",\"caption\":\"Hugo Da Silva\"},\"url\":\"https:\/\/theplayoffs.news\/fr\/author\/hugodasilva0903gmail-com\/\"}]}<\/script>\n<!-- \/ Yoast SEO plugin. -->","yoast_head_json":{"title":"Bol Bol ne participera pas aux Jeux Olympiques avec le Soudan. - The Playoffs FR","robots":{"index":"index","follow":"follow","max-snippet":"max-snippet:-1","max-image-preview":"max-image-preview:large","max-video-preview":"max-video-preview:-1"},"canonical":"https:\/\/theplayoffs.news\/fr\/actualite-nba\/bol-bol-ne-participera-pas-aux-jeux-olympiques-avec-le-soudan\/","og_locale":"fr_FR","og_type":"article","og_title":"Bol Bol ne participera pas aux Jeux Olympiques avec le Soudan. - The Playoffs FR","og_url":"https:\/\/theplayoffs.news\/fr\/actualite-nba\/bol-bol-ne-participera-pas-aux-jeux-olympiques-avec-le-soudan\/","og_site_name":"The Playoffs FR","article_publisher":"https:\/\/www.facebook.com\/TheFreeAgentFR\/","og_image":[{"width":1280,"height":1920,"url":"https:\/\/theplayoffs.news\/fr\/wp-content\/uploads\/2024\/07\/USATSI_22778299.jpg","type":"image\/jpeg"}],"author":"Hugo Da Silva","twitter_card":"summary_large_image","twitter_creator":"@TheFreeAgentFR","twitter_site":"@TheFreeAgentFR","twitter_misc":{"\u00c9crit par":"Hugo Da Silva","Dur\u00e9e de lecture estim\u00e9e":"2 minutes"},"schema":{"@context":"https:\/\/schema.org","@graph":[{"@type":"WebPage","@id":"https:\/\/theplayoffs.news\/fr\/actualite-nba\/bol-bol-ne-participera-pas-aux-jeux-olympiques-avec-le-soudan\/","url":"https:\/\/theplayoffs.news\/fr\/actualite-nba\/bol-bol-ne-participera-pas-aux-jeux-olympiques-avec-le-soudan\/","name":"Bol Bol ne participera pas aux Jeux Olympiques avec le Soudan. - The Playoffs FR","isPartOf":{"@id":"https:\/\/theplayoffs.news\/fr\/#website"},"primaryImageOfPage":{"@id":"https:\/\/theplayoffs.news\/fr\/actualite-nba\/bol-bol-ne-participera-pas-aux-jeux-olympiques-avec-le-soudan\/#primaryimage"},"image":{"@id":"https:\/\/theplayoffs.news\/fr\/actualite-nba\/bol-bol-ne-participera-pas-aux-jeux-olympiques-avec-le-soudan\/#primaryimage"},"thumbnailUrl":"https:\/\/theplayoffs.news\/fr\/wp-content\/uploads\/2024\/07\/USATSI_22778299.jpg","datePublished":"2024-07-19T13:50:52+00:00","dateModified":"2024-07-19T13:50:52+00:00","author":{"@id":"https:\/\/theplayoffs.news\/fr\/#\/schema\/person\/6873025fdeeef5a5a119a678d88f9eb8"},"breadcrumb":{"@id":"https:\/\/theplayoffs.news\/fr\/actualite-nba\/bol-bol-ne-participera-pas-aux-jeux-olympiques-avec-le-soudan\/#breadcrumb"},"inLanguage":"fr-FR","potentialAction":[{"@type":"ReadAction","target":["https:\/\/theplayoffs.news\/fr\/actualite-nba\/bol-bol-ne-participera-pas-aux-jeux-olympiques-avec-le-soudan\/"]}]},{"@type":"ImageObject","inLanguage":"fr-FR","@id":"https:\/\/theplayoffs.news\/fr\/actualite-nba\/bol-bol-ne-participera-pas-aux-jeux-olympiques-avec-le-soudan\/#primaryimage","url":"https:\/\/theplayoffs.news\/fr\/wp-content\/uploads\/2024\/07\/USATSI_22778299.jpg","contentUrl":"https:\/\/theplayoffs.news\/fr\/wp-content\/uploads\/2024\/07\/USATSI_22778299.jpg","width":1280,"height":1920,"caption":"Mar 14, 2024; Boston, Massachusetts, USA; Phoenix Suns center Bol Bol (11) during a timeout in the second half against the Boston Celtics at TD Garden. Mandatory Credit: Bob DeChiara-USA TODAY Sports"},{"@type":"BreadcrumbList","@id":"https:\/\/theplayoffs.news\/fr\/actualite-nba\/bol-bol-ne-participera-pas-aux-jeux-olympiques-avec-le-soudan\/#breadcrumb","itemListElement":[{"@type":"ListItem","position":1,"name":"Accueil","item":"https:\/\/theplayoffs.news\/fr\/"},{"@type":"ListItem","position":2,"name":"Bol Bol ne participera pas aux Jeux Olympiques avec le Soudan."}]},{"@type":"WebSite","@id":"https:\/\/theplayoffs.news\/fr\/#website","url":"https:\/\/theplayoffs.news\/fr\/","name":"The Playoffs FR","description":"NBA-NFL-NHL-MLB","potentialAction":[{"@type":"SearchAction","target":{"@type":"EntryPoint","urlTemplate":"https:\/\/theplayoffs.news\/fr\/?s={search_term_string}"},"query-input":{"@type":"PropertyValueSpecification","valueRequired":true,"valueName":"search_term_string"}}],"inLanguage":"fr-FR"},{"@type":"Person","@id":"https:\/\/theplayoffs.news\/fr\/#\/schema\/person\/6873025fdeeef5a5a119a678d88f9eb8","name":"Hugo Da Silva","image":{"@type":"ImageObject","inLanguage":"fr-FR","@id":"https:\/\/theplayoffs.news\/fr\/#\/schema\/person\/image\/","url":"https:\/\/secure.gravatar.com\/avatar\/42645c167f2d0d025c99c89a9d5af905f285255ee846e7a777caaecca00b1837?s=96&d=mm&r=g","contentUrl":"https:\/\/secure.gravatar.com\/avatar\/42645c167f2d0d025c99c89a9d5af905f285255ee846e7a777caaecca00b1837?s=96&d=mm&r=g","caption":"Hugo Da Silva"},"url":"https:\/\/theplayoffs.news\/fr\/author\/hugodasilva0903gmail-com\/"}]}},"_links":{"self":[{"href":"https:\/\/theplayoffs.news\/fr\/wp-json\/wp\/v2\/posts\/1445930","targetHints":{"allow":["GET"]}}],"collection":[{"href":"https:\/\/theplayoffs.news\/fr\/wp-json\/wp\/v2\/posts"}],"about":[{"href":"https:\/\/theplayoffs.news\/fr\/wp-json\/wp\/v2\/types\/post"}],"author":[{"embeddable":true,"href":"https:\/\/theplayoffs.news\/fr\/wp-json\/wp\/v2\/users\/180310252"}],"replies":[{"embeddable":true,"href":"https:\/\/theplayoffs.news\/fr\/wp-json\/wp\/v2\/comments?post=1445930"}],"version-history":[{"count":1,"href":"https:\/\/theplayoffs.news\/fr\/wp-json\/wp\/v2\/posts\/1445930\/revisions"}],"predecessor-version":[{"id":1445933,"href":"https:\/\/theplayoffs.news\/fr\/wp-json\/wp\/v2\/posts\/1445930\/revisions\/1445933"}],"wp:featuredmedia":[{"embeddable":true,"href":"https:\/\/theplayoffs.news\/fr\/wp-json\/wp\/v2\/media\/1445932"}],"wp:attachment":[{"href":"https:\/\/theplayoffs.news\/fr\/wp-json\/wp\/v2\/media?parent=1445930"}],"wp:term":[{"taxonomy":"category","embeddable":true,"href":"https:\/\/theplayoffs.news\/fr\/wp-json\/wp\/v2\/categories?post=1445930"},{"taxonomy":"post_tag","embeddable":true,"href":"https:\/\/theplayoffs.news\/fr\/wp-json\/wp\/v2\/tags?post=1445930"},{"taxonomy":"sport","embeddable":true,"href":"https:\/\/theplayoffs.news\/fr\/wp-json\/wp\/v2\/sport?post=1445930"},{"taxonomy":"saison","embeddable":true,"href":"https:\/\/theplayoffs.news\/fr\/wp-json\/wp\/v2\/saison?post=1445930"}],"curies":[{"name":"wp","href":"https:\/\/api.w.org\/{rel}","templated":true}]}}