{"id":1445856,"date":"2024-07-19T10:42:55","date_gmt":"2024-07-19T08:42:55","guid":{"rendered":"https:\/\/theplayoffs.news\/fr\/?p=1445856"},"modified":"2024-07-19T10:04:45","modified_gmt":"2024-07-19T08:04:45","slug":"les-ducks-de-loregon-devoilent-les-nouveaux-uniformes-generation-o-pour-la-saison-2024","status":"publish","type":"post","link":"https:\/\/theplayoffs.news\/fr\/americain\/les-ducks-de-loregon-devoilent-les-nouveaux-uniformes-generation-o-pour-la-saison-2024\/","title":{"rendered":"Les Ducks de l\u2019Oregon d\u00e9voilent les nouveaux uniformes \u201cGeneration O\u201d pour la saison 2024"},"content":{"rendered":"<h2 class=\"p3\">Les Ducks de l&rsquo;Oregon ont une fois de plus frapp&eacute; fort avec leur derni&egrave;re sortie, les uniformes &ldquo;Generation O&rdquo;.<\/h2><p class=\"p3\">Ces nouveaux kits seront port&eacute;s pour la premi&egrave;re saison des Ducks dans la Big Ten.<\/p><blockquote class=\"twitter-tweet\" data-width=\"500\" data-dnt=\"true\">\n<p lang=\"fr\" dir=\"ltr\">Oregon frappe encore fort avec ce nouvel uniforme. &#129414; <a href=\"https:\/\/t.co\/OIIbrSWS39\" class=\"trk-cta-link\" data-cta-trk='{\"ctaType\":\"Link\",\"ctaSubType\":\"main\"}'>pic.twitter.com\/OIIbrSWS39<\/a><\/p>\n<p>&mdash; The Trick Play &ndash; NCAA\/CFB (@TheTrickPlayFR) <a href=\"https:\/\/twitter.com\/TheTrickPlayFR\/status\/1813998677201162500?ref_src=twsrc%5Etfw\" class=\"trk-cta-link\" data-cta-trk='{\"ctaType\":\"Link\",\"ctaSubType\":\"main\"}'>July 18, 2024<\/a><\/p><\/blockquote><p><script async src=\"https:\/\/platform.twitter.com\/widgets.js\" charset=\"utf-8\"><\/script><\/p><p class=\"p1\">Ses nouveaux uniformes &ldquo;Generation O&rdquo; sont un hommage aux Ducks &ldquo;Gang Green&rdquo; du milieu des ann&eacute;es 1990.<\/p><p class=\"p1\">Les nouveaux uniformes se caract&eacute;risent par des casques verts pomme arborant le logo jaune embl&eacute;matique &ldquo;O&rdquo; d&rsquo;Oregon de chaque c&ocirc;t&eacute;, un &eacute;l&eacute;ment de design rappelant le look principal de l&rsquo;&eacute;quipe de 1999 &agrave; 2011.<\/p><p class=\"p1\">Compl&eacute;tant les casques, les maillots sont principalement verts avec des num&eacute;ros jaunes encadr&eacute;s de blanc. Les poignets et le col contrastent en jaune, le col arborant &eacute;galement le logo &ldquo;O&rdquo; et un motif d&rsquo;aile tridimensionnel &agrave; la base. Ce design complexe refl&egrave;te l&rsquo;esprit novateur des esth&eacute;tiques sportives de l&rsquo;Oregon. Les pantalons verts sans rayures et la repr&eacute;sentation de Puddles, la mascotte des Ducks, sur les manches compl&egrave;tent l&rsquo;ensemble, &eacute;voquant des souvenirs du set du Rose Bowl 2014, qui comportait &eacute;galement des ailes et une police moderne.<\/p><p class=\"p1\">Pas de panique si vous jouez &agrave; College Football 25, ces uniformes seront ajout&eacute;s dans les jours &agrave; venir.<\/p>\n","protected":false},"excerpt":{"rendered":"","protected":false},"author":13,"featured_media":1445860,"comment_status":"open","ping_status":"closed","sticky":false,"template":"","format":"standard","meta":{"inline_featured_image":false,"kia_subtitle":"","_mux_skip_reasons":[],"proofreadBy":0,"footnotes":""},"categories":[122,121],"tags":[2334],"sport":[],"saison":[],"class_list":["post-1445856","post","type-post","status-publish","format-standard","has-post-thumbnail","hentry","category-americain","category-ncaa","tag-ducks-oregon"],"acf":[],"yoast_head":"<!-- This site is optimized with the Yoast SEO plugin v24.2 - https:\/\/yoast.com\/wordpress\/plugins\/seo\/ -->\n<title>Les Ducks de l&rsquo;Oregon d&eacute;voilent les nouveaux uniformes &ldquo;Generation O&rdquo; pour la saison 2024 - The Playoffs FR<\/title>\n<meta name=\"robots\" content=\"index, follow, max-snippet:-1, max-image-preview:large, max-video-preview:-1\" \/>\n<link rel=\"canonical\" href=\"https:\/\/theplayoffs.news\/fr\/americain\/les-ducks-de-loregon-devoilent-les-nouveaux-uniformes-generation-o-pour-la-saison-2024\/\" \/>\n<meta property=\"og:locale\" content=\"fr_FR\" \/>\n<meta property=\"og:type\" content=\"article\" \/>\n<meta property=\"og:title\" content=\"Les Ducks de l&rsquo;Oregon d&eacute;voilent les nouveaux uniformes &ldquo;Generation O&rdquo; pour la saison 2024 - The Playoffs FR\" \/>\n<meta property=\"og:url\" content=\"https:\/\/theplayoffs.news\/fr\/americain\/les-ducks-de-loregon-devoilent-les-nouveaux-uniformes-generation-o-pour-la-saison-2024\/\" \/>\n<meta property=\"og:site_name\" content=\"The Playoffs FR\" \/>\n<meta property=\"article:publisher\" content=\"https:\/\/www.facebook.com\/TheFreeAgentFR\/\" \/>\n<meta property=\"article:modified_time\" content=\"2024-07-19T10:42:55+02:00\" \/>\n<meta property=\"og:image\" content=\"https:\/\/theplayoffs.news\/fr\/wp-content\/uploads\/2024\/07\/oregon-ducks-gang-green-uniforms-2024-2-1170x658-1.jpg\" \/>\n\t<meta property=\"og:image:width\" content=\"1170\" \/>\n\t<meta property=\"og:image:height\" content=\"658\" \/>\n\t<meta property=\"og:image:type\" content=\"image\/jpeg\" \/>\n<meta name=\"author\" content=\"Charles Taudin\" \/>\n<meta name=\"twitter:card\" content=\"summary_large_image\" \/>\n<meta name=\"twitter:creator\" content=\"@TheFreeAgentFR\" \/>\n<meta name=\"twitter:site\" content=\"@TheFreeAgentFR\" \/>\n<meta name=\"twitter:label1\" content=\"\u00c9crit par\" \/>\n\t<meta name=\"twitter:data1\" content=\"Charles Taudin\" \/>\n\t<meta name=\"twitter:label2\" content=\"Dur\u00e9e de lecture estim\u00e9e\" \/>\n\t<meta name=\"twitter:data2\" content=\"1 minute\" \/>\n<script type=\"application\/ld+json\" class=\"yoast-schema-graph\">{\"@context\":\"https:\/\/schema.org\",\"@graph\":[{\"@type\":\"WebPage\",\"@id\":\"https:\/\/theplayoffs.news\/fr\/americain\/les-ducks-de-loregon-devoilent-les-nouveaux-uniformes-generation-o-pour-la-saison-2024\/\",\"url\":\"https:\/\/theplayoffs.news\/fr\/americain\/les-ducks-de-loregon-devoilent-les-nouveaux-uniformes-generation-o-pour-la-saison-2024\/\",\"name\":\"Les Ducks de l\u2019Oregon d\u00e9voilent les nouveaux uniformes \u201cGeneration O\u201d pour la saison 2024 - The Playoffs FR\",\"isPartOf\":{\"@id\":\"https:\/\/theplayoffs.news\/fr\/#website\"},\"primaryImageOfPage\":{\"@id\":\"https:\/\/theplayoffs.news\/fr\/americain\/les-ducks-de-loregon-devoilent-les-nouveaux-uniformes-generation-o-pour-la-saison-2024\/#primaryimage\"},\"image\":{\"@id\":\"https:\/\/theplayoffs.news\/fr\/americain\/les-ducks-de-loregon-devoilent-les-nouveaux-uniformes-generation-o-pour-la-saison-2024\/#primaryimage\"},\"thumbnailUrl\":\"https:\/\/theplayoffs.news\/fr\/wp-content\/uploads\/2024\/07\/oregon-ducks-gang-green-uniforms-2024-2-1170x658-1.jpg\",\"datePublished\":\"2024-07-19T08:42:55+00:00\",\"dateModified\":\"2024-07-19T10:42:55+02:00\",\"author\":{\"@id\":\"https:\/\/theplayoffs.news\/fr\/#\/schema\/person\/eee5b69ad5d3c51cabe881c839dbe133\"},\"breadcrumb\":{\"@id\":\"https:\/\/theplayoffs.news\/fr\/americain\/les-ducks-de-loregon-devoilent-les-nouveaux-uniformes-generation-o-pour-la-saison-2024\/#breadcrumb\"},\"inLanguage\":\"fr-FR\",\"potentialAction\":[{\"@type\":\"ReadAction\",\"target\":[\"https:\/\/theplayoffs.news\/fr\/americain\/les-ducks-de-loregon-devoilent-les-nouveaux-uniformes-generation-o-pour-la-saison-2024\/\"]}]},{\"@type\":\"ImageObject\",\"inLanguage\":\"fr-FR\",\"@id\":\"https:\/\/theplayoffs.news\/fr\/americain\/les-ducks-de-loregon-devoilent-les-nouveaux-uniformes-generation-o-pour-la-saison-2024\/#primaryimage\",\"url\":\"https:\/\/theplayoffs.news\/fr\/wp-content\/uploads\/2024\/07\/oregon-ducks-gang-green-uniforms-2024-2-1170x658-1.jpg\",\"contentUrl\":\"https:\/\/theplayoffs.news\/fr\/wp-content\/uploads\/2024\/07\/oregon-ducks-gang-green-uniforms-2024-2-1170x658-1.jpg\",\"width\":1170,\"height\":658,\"caption\":\"source : Oregon Ducks \/ X\"},{\"@type\":\"BreadcrumbList\",\"@id\":\"https:\/\/theplayoffs.news\/fr\/americain\/les-ducks-de-loregon-devoilent-les-nouveaux-uniformes-generation-o-pour-la-saison-2024\/#breadcrumb\",\"itemListElement\":[{\"@type\":\"ListItem\",\"position\":1,\"name\":\"Accueil\",\"item\":\"https:\/\/theplayoffs.news\/fr\/\"},{\"@type\":\"ListItem\",\"position\":2,\"name\":\"Les Ducks de l\u2019Oregon d\u00e9voilent les nouveaux uniformes \u201cGeneration O\u201d pour la saison 2024\"}]},{\"@type\":\"WebSite\",\"@id\":\"https:\/\/theplayoffs.news\/fr\/#website\",\"url\":\"https:\/\/theplayoffs.news\/fr\/\",\"name\":\"The Playoffs FR\",\"description\":\"NBA-NFL-NHL-MLB\",\"potentialAction\":[{\"@type\":\"SearchAction\",\"target\":{\"@type\":\"EntryPoint\",\"urlTemplate\":\"https:\/\/theplayoffs.news\/fr\/?s={search_term_string}\"},\"query-input\":{\"@type\":\"PropertyValueSpecification\",\"valueRequired\":true,\"valueName\":\"search_term_string\"}}],\"inLanguage\":\"fr-FR\"},{\"@type\":\"Person\",\"@id\":\"https:\/\/theplayoffs.news\/fr\/#\/schema\/person\/eee5b69ad5d3c51cabe881c839dbe133\",\"name\":\"Charles Taudin\",\"image\":{\"@type\":\"ImageObject\",\"inLanguage\":\"fr-FR\",\"@id\":\"https:\/\/theplayoffs.news\/fr\/#\/schema\/person\/image\/\",\"url\":\"https:\/\/secure.gravatar.com\/avatar\/59a1e772205ce9fd255edfcafc93013736822e20261f294c5753b20c41ede9f2?s=96&d=mm&r=g\",\"contentUrl\":\"https:\/\/secure.gravatar.com\/avatar\/59a1e772205ce9fd255edfcafc93013736822e20261f294c5753b20c41ede9f2?s=96&d=mm&r=g\",\"caption\":\"Charles Taudin\"},\"description\":\"R\u00e9dacteur en chef global de The Playoffs, j\u2019ai cr\u00e9\u00e9 The Free Agent, devenu The Playoffs FR, en 2020 durant la pand\u00e9mie. Amoureux depuis des ann\u00e9es des 4 sports majeurs am\u00e9ricains, j\u2019organise maintenant la strat\u00e9gie \u00e9ditoriale et les r\u00e9seaux sociaux de l\u2019ensemble des versions de The Playoffs. Il m\u2019arrive encore d\u2019\u00e9crire sur certains sports que j\u2019affectionne particuli\u00e8rement comme la NFL ou la MLB. Si vous devez retenir qu\u2019une chose : Eli Manning est le vrai GOAT pour avoir battu deux fois Tom Brady.\",\"sameAs\":[\"https:\/\/www.instagram.com\/ctaudin_\/\"],\"url\":\"https:\/\/theplayoffs.news\/fr\/author\/charles-taudin\/\"}]}<\/script>\n<!-- \/ Yoast SEO plugin. -->","yoast_head_json":{"title":"Les Ducks de l&rsquo;Oregon d&eacute;voilent les nouveaux uniformes &ldquo;Generation O&rdquo; pour la saison 2024 - The Playoffs FR","robots":{"index":"index","follow":"follow","max-snippet":"max-snippet:-1","max-image-preview":"max-image-preview:large","max-video-preview":"max-video-preview:-1"},"canonical":"https:\/\/theplayoffs.news\/fr\/americain\/les-ducks-de-loregon-devoilent-les-nouveaux-uniformes-generation-o-pour-la-saison-2024\/","og_locale":"fr_FR","og_type":"article","og_title":"Les Ducks de l&rsquo;Oregon d&eacute;voilent les nouveaux uniformes &ldquo;Generation O&rdquo; pour la saison 2024 - The Playoffs FR","og_url":"https:\/\/theplayoffs.news\/fr\/americain\/les-ducks-de-loregon-devoilent-les-nouveaux-uniformes-generation-o-pour-la-saison-2024\/","og_site_name":"The Playoffs FR","article_publisher":"https:\/\/www.facebook.com\/TheFreeAgentFR\/","article_modified_time":"2024-07-19T08:04:45+00:00","og_image":[{"width":1170,"height":658,"url":"https:\/\/theplayoffs.news\/fr\/wp-content\/uploads\/2024\/07\/oregon-ducks-gang-green-uniforms-2024-2-1170x658-1.jpg","type":"image\/jpeg"}],"author":"Charles Taudin","twitter_card":"summary_large_image","twitter_creator":"@TheFreeAgentFR","twitter_site":"@TheFreeAgentFR","twitter_misc":{"\u00c9crit par":"Charles Taudin","Dur\u00e9e de lecture estim\u00e9e":"1 minute"},"schema":{"@context":"https:\/\/schema.org","@graph":[{"@type":"WebPage","@id":"https:\/\/theplayoffs.news\/fr\/americain\/les-ducks-de-loregon-devoilent-les-nouveaux-uniformes-generation-o-pour-la-saison-2024\/","url":"https:\/\/theplayoffs.news\/fr\/americain\/les-ducks-de-loregon-devoilent-les-nouveaux-uniformes-generation-o-pour-la-saison-2024\/","name":"Les Ducks de l\u2019Oregon d\u00e9voilent les nouveaux uniformes \u201cGeneration O\u201d pour la saison 2024 - The Playoffs FR","isPartOf":{"@id":"https:\/\/theplayoffs.news\/fr\/#website"},"primaryImageOfPage":{"@id":"https:\/\/theplayoffs.news\/fr\/americain\/les-ducks-de-loregon-devoilent-les-nouveaux-uniformes-generation-o-pour-la-saison-2024\/#primaryimage"},"image":{"@id":"https:\/\/theplayoffs.news\/fr\/americain\/les-ducks-de-loregon-devoilent-les-nouveaux-uniformes-generation-o-pour-la-saison-2024\/#primaryimage"},"thumbnailUrl":"https:\/\/theplayoffs.news\/fr\/wp-content\/uploads\/2024\/07\/oregon-ducks-gang-green-uniforms-2024-2-1170x658-1.jpg","datePublished":"2024-07-19T08:42:55+00:00","dateModified":"2024-07-19T10:42:55+02:00","author":{"@id":"https:\/\/theplayoffs.news\/fr\/#\/schema\/person\/eee5b69ad5d3c51cabe881c839dbe133"},"breadcrumb":{"@id":"https:\/\/theplayoffs.news\/fr\/americain\/les-ducks-de-loregon-devoilent-les-nouveaux-uniformes-generation-o-pour-la-saison-2024\/#breadcrumb"},"inLanguage":"fr-FR","potentialAction":[{"@type":"ReadAction","target":["https:\/\/theplayoffs.news\/fr\/americain\/les-ducks-de-loregon-devoilent-les-nouveaux-uniformes-generation-o-pour-la-saison-2024\/"]}]},{"@type":"ImageObject","inLanguage":"fr-FR","@id":"https:\/\/theplayoffs.news\/fr\/americain\/les-ducks-de-loregon-devoilent-les-nouveaux-uniformes-generation-o-pour-la-saison-2024\/#primaryimage","url":"https:\/\/theplayoffs.news\/fr\/wp-content\/uploads\/2024\/07\/oregon-ducks-gang-green-uniforms-2024-2-1170x658-1.jpg","contentUrl":"https:\/\/theplayoffs.news\/fr\/wp-content\/uploads\/2024\/07\/oregon-ducks-gang-green-uniforms-2024-2-1170x658-1.jpg","width":1170,"height":658,"caption":"source : Oregon Ducks \/ X"},{"@type":"BreadcrumbList","@id":"https:\/\/theplayoffs.news\/fr\/americain\/les-ducks-de-loregon-devoilent-les-nouveaux-uniformes-generation-o-pour-la-saison-2024\/#breadcrumb","itemListElement":[{"@type":"ListItem","position":1,"name":"Accueil","item":"https:\/\/theplayoffs.news\/fr\/"},{"@type":"ListItem","position":2,"name":"Les Ducks de l\u2019Oregon d\u00e9voilent les nouveaux uniformes \u201cGeneration O\u201d pour la saison 2024"}]},{"@type":"WebSite","@id":"https:\/\/theplayoffs.news\/fr\/#website","url":"https:\/\/theplayoffs.news\/fr\/","name":"The Playoffs FR","description":"NBA-NFL-NHL-MLB","potentialAction":[{"@type":"SearchAction","target":{"@type":"EntryPoint","urlTemplate":"https:\/\/theplayoffs.news\/fr\/?s={search_term_string}"},"query-input":{"@type":"PropertyValueSpecification","valueRequired":true,"valueName":"search_term_string"}}],"inLanguage":"fr-FR"},{"@type":"Person","@id":"https:\/\/theplayoffs.news\/fr\/#\/schema\/person\/eee5b69ad5d3c51cabe881c839dbe133","name":"Charles Taudin","image":{"@type":"ImageObject","inLanguage":"fr-FR","@id":"https:\/\/theplayoffs.news\/fr\/#\/schema\/person\/image\/","url":"https:\/\/secure.gravatar.com\/avatar\/59a1e772205ce9fd255edfcafc93013736822e20261f294c5753b20c41ede9f2?s=96&d=mm&r=g","contentUrl":"https:\/\/secure.gravatar.com\/avatar\/59a1e772205ce9fd255edfcafc93013736822e20261f294c5753b20c41ede9f2?s=96&d=mm&r=g","caption":"Charles Taudin"},"description":"R\u00e9dacteur en chef global de The Playoffs, j\u2019ai cr\u00e9\u00e9 The Free Agent, devenu The Playoffs FR, en 2020 durant la pand\u00e9mie. Amoureux depuis des ann\u00e9es des 4 sports majeurs am\u00e9ricains, j\u2019organise maintenant la strat\u00e9gie \u00e9ditoriale et les r\u00e9seaux sociaux de l\u2019ensemble des versions de The Playoffs. Il m\u2019arrive encore d\u2019\u00e9crire sur certains sports que j\u2019affectionne particuli\u00e8rement comme la NFL ou la MLB. Si vous devez retenir qu\u2019une chose : Eli Manning est le vrai GOAT pour avoir battu deux fois Tom Brady.","sameAs":["https:\/\/www.instagram.com\/ctaudin_\/"],"url":"https:\/\/theplayoffs.news\/fr\/author\/charles-taudin\/"}]}},"_links":{"self":[{"href":"https:\/\/theplayoffs.news\/fr\/wp-json\/wp\/v2\/posts\/1445856","targetHints":{"allow":["GET"]}}],"collection":[{"href":"https:\/\/theplayoffs.news\/fr\/wp-json\/wp\/v2\/posts"}],"about":[{"href":"https:\/\/theplayoffs.news\/fr\/wp-json\/wp\/v2\/types\/post"}],"author":[{"embeddable":true,"href":"https:\/\/theplayoffs.news\/fr\/wp-json\/wp\/v2\/users\/13"}],"replies":[{"embeddable":true,"href":"https:\/\/theplayoffs.news\/fr\/wp-json\/wp\/v2\/comments?post=1445856"}],"version-history":[{"count":3,"href":"https:\/\/theplayoffs.news\/fr\/wp-json\/wp\/v2\/posts\/1445856\/revisions"}],"predecessor-version":[{"id":1445868,"href":"https:\/\/theplayoffs.news\/fr\/wp-json\/wp\/v2\/posts\/1445856\/revisions\/1445868"}],"wp:featuredmedia":[{"embeddable":true,"href":"https:\/\/theplayoffs.news\/fr\/wp-json\/wp\/v2\/media\/1445860"}],"wp:attachment":[{"href":"https:\/\/theplayoffs.news\/fr\/wp-json\/wp\/v2\/media?parent=1445856"}],"wp:term":[{"taxonomy":"category","embeddable":true,"href":"https:\/\/theplayoffs.news\/fr\/wp-json\/wp\/v2\/categories?post=1445856"},{"taxonomy":"post_tag","embeddable":true,"href":"https:\/\/theplayoffs.news\/fr\/wp-json\/wp\/v2\/tags?post=1445856"},{"taxonomy":"sport","embeddable":true,"href":"https:\/\/theplayoffs.news\/fr\/wp-json\/wp\/v2\/sport?post=1445856"},{"taxonomy":"saison","embeddable":true,"href":"https:\/\/theplayoffs.news\/fr\/wp-json\/wp\/v2\/saison?post=1445856"}],"curies":[{"name":"wp","href":"https:\/\/api.w.org\/{rel}","templated":true}]}}