{"id":1445843,"date":"2024-07-19T09:42:35","date_gmt":"2024-07-19T07:42:35","guid":{"rendered":"https:\/\/theplayoffs.news\/fr\/?p=1445843"},"modified":"2024-07-19T09:17:57","modified_gmt":"2024-07-19T07:17:57","slug":"abner-haynes-decede","status":"publish","type":"post","link":"https:\/\/theplayoffs.news\/fr\/actualite-nfl\/abner-haynes-decede\/","title":{"rendered":"Abner Haynes d\u00e9c\u00e8de \u00e0 l&rsquo;\u00e2ge de 86 ans"},"content":{"rendered":"<h2 class=\"p1\">Le monde du football am&eacute;ricain pleure la perte d&rsquo;Abner Haynes, un athl&egrave;te pionnier.<\/h2><p class=\"p1\">Haynes, d&eacute;c&eacute;d&eacute; &agrave; l&rsquo;&acirc;ge de 86 ans, a laiss&eacute; une marque ind&eacute;l&eacute;bile en tant que joueur et leader.<\/p><p class=\"p1\">La carri&egrave;re d&rsquo;Abner Haynes dans le football a &eacute;t&eacute; marqu&eacute;e par une s&eacute;rie de premi&egrave;res et de r&eacute;alisations remarquables. En tant que premier Joueur de l&rsquo;Ann&eacute;e et Recrue de l&rsquo;Ann&eacute;e de la Ligue am&eacute;ricaine de football (AFL) en 1960, il s&rsquo;est rapidement impos&eacute; comme une force redoutable.<\/p><p class=\"p1\">Son passage avec les Dallas Texans, qui sont ensuite devenus les <a href=\"https:\/\/theplayoffs.news\/fr\/equipe\/kansas-city-chiefs-nfl\/\" class=\"trk-cta-link\" data-cta-trk='{\"ctaType\":\"Link\",\"ctaSubType\":\"main\"}'>Kansas City Chiefs<\/a>, l&rsquo;a vu briser de nombreux records.<\/p><p class=\"p1\">Abner Haynes a &eacute;t&eacute; le premier joueur de la franchise &agrave; d&eacute;passer les 1 000 yards en une saison, atteignant ce jalon en 1962. Cette ann&eacute;e-l&agrave;, il a conduit l&rsquo;&eacute;quipe &agrave; un championnat de l&rsquo;AFL avec 19 touchdowns et 1 622 yards, remportant les honneurs de la premi&egrave;re &eacute;quipe All-Pro et du Pro Bowl.<\/p><p class=\"p1\">Son talent sur le terrain a &eacute;tabli des r&eacute;f&eacute;rences pour les g&eacute;n&eacute;rations futures, avec des records qui tiennent encore aujourd&rsquo;hui, comme le plus grand nombre de touchdowns et de points par un rookie.<\/p><blockquote><p>&laquo; Lors de la premi&egrave;re saison de la ligue en 1960, Abner a &eacute;t&eacute; &eacute;lu recrue de l&rsquo;ann&eacute;e et joueur de l&rsquo;ann&eacute;e, mais surtout, il a gagn&eacute; le respect et l&rsquo;admiration de ses co&eacute;quipiers et des fans &raquo;, <a href=\"https:\/\/twitter.com\/Chiefs\/status\/1814062400267862149?ref_src=twsrc%5Etfw%7Ctwcamp%5Etweetembed%7Ctwterm%5E1814062400267862149%7Ctwgr%5Efd36b8ac4df0d4b0dcf8a5d89b06a5c0646c1b81%7Ctwcon%5Es1_c10&amp;ref_url=https%3A%2F%2Fwww.nytimes.com%2Fathletic%2F5646508%2F2024%2F07%2F18%2Fkansas-city-chiefs-abner-haynes-death%2F\" class=\"trk-cta-link\" data-cta-trk='{\"ctaType\":\"Link\",\"ctaSubType\":\"main\"}'>a d&eacute;clar&eacute; le propri&eacute;taire des Chiefs, Clark Hunt, dans un communiqu&eacute;<\/a>. &laquo; En plus de ses prouesses sur le terrain, Abner &eacute;tait un homme de courage et de leadership depuis son plus jeune &acirc;ge. Il est rest&eacute; impliqu&eacute; dans la communaut&eacute; bien apr&egrave;s la fin de sa carri&egrave;re de joueur, et son h&eacute;ritage s&rsquo;&eacute;tend bien au-del&agrave; du terrain &raquo;.<\/p><\/blockquote><p class=\"p1\">Au-del&agrave; de ses r&eacute;alisations statistiques, Abner Haynes a jou&eacute; un r&ocirc;le crucial dans le paysage plus large du football am&eacute;ricain.<\/p><p class=\"p1\">N&eacute; &agrave; Denton, au Texas, il a &eacute;t&eacute; l&rsquo;un des premiers athl&egrave;tes noirs &agrave; jouer dans une &eacute;quipe de football universitaire int&eacute;gr&eacute;e de l&rsquo;&Eacute;tat tout en fr&eacute;quentant le North Texas State College. Cela a &eacute;t&eacute; un jalon significatif dans le parcours vers l&rsquo;int&eacute;gration raciale dans le sport. Son succ&egrave;s en tant que joueur deux fois All-Missouri Valley Conference et All-American lors de sa derni&egrave;re ann&eacute;e soulignait son talent exceptionnel et sa d&eacute;termination.<\/p><p class=\"p1\">L&rsquo;influence d&rsquo;Abner Haynes s&rsquo;est &eacute;tendue apr&egrave;s ses jours de jeu gr&acirc;ce &agrave; son d&eacute;vouement au service communautaire. Il &eacute;tait profond&eacute;ment impliqu&eacute; dans le travail caritatif, notamment avec l&rsquo;organisation &ldquo;Heroes of Football&rdquo;, qui visait &agrave; offrir des opportunit&eacute;s aux jeunes de s&rsquo;engager dans le sport.<\/p><p>&nbsp;<\/p><p>Credit Photo : Kirby Lee-USA TODAY Sports<\/p>\n","protected":false},"excerpt":{"rendered":"","protected":false},"author":13,"featured_media":1445847,"comment_status":"open","ping_status":"closed","sticky":false,"template":"","format":"standard","meta":{"inline_featured_image":false,"kia_subtitle":"","_mux_skip_reasons":[],"proofreadBy":0,"footnotes":""},"categories":[118,40],"tags":[7551],"sport":[],"saison":[],"class_list":["post-1445843","post","type-post","status-publish","format-standard","has-post-thumbnail","hentry","category-actualite-nfl","category-nfl","tag-abner-haynes"],"acf":[],"yoast_head":"<!-- This site is optimized with the Yoast SEO plugin v24.2 - https:\/\/yoast.com\/wordpress\/plugins\/seo\/ -->\n<title>Abner Haynes d&eacute;c&egrave;de &agrave; l&#039;&acirc;ge de 86 ans - The Playoffs FR<\/title>\n<meta name=\"robots\" content=\"index, follow, max-snippet:-1, max-image-preview:large, max-video-preview:-1\" \/>\n<link rel=\"canonical\" href=\"https:\/\/theplayoffs.news\/fr\/actualite-nfl\/abner-haynes-decede\/\" \/>\n<meta property=\"og:locale\" content=\"fr_FR\" \/>\n<meta property=\"og:type\" content=\"article\" \/>\n<meta property=\"og:title\" content=\"Abner Haynes d&eacute;c&egrave;de &agrave; l&#039;&acirc;ge de 86 ans - The Playoffs FR\" \/>\n<meta property=\"og:url\" content=\"https:\/\/theplayoffs.news\/fr\/actualite-nfl\/abner-haynes-decede\/\" \/>\n<meta property=\"og:site_name\" content=\"The Playoffs FR\" \/>\n<meta property=\"article:publisher\" content=\"https:\/\/www.facebook.com\/TheFreeAgentFR\/\" \/>\n<meta property=\"article:modified_time\" content=\"2024-07-19T09:42:35+02:00\" \/>\n<meta property=\"og:image\" content=\"https:\/\/theplayoffs.news\/fr\/wp-content\/uploads\/2024\/07\/USATSI_19981103.jpg\" \/>\n\t<meta property=\"og:image:width\" content=\"1920\" \/>\n\t<meta property=\"og:image:height\" content=\"1280\" \/>\n\t<meta property=\"og:image:type\" content=\"image\/jpeg\" \/>\n<meta name=\"author\" content=\"Charles Taudin\" \/>\n<meta name=\"twitter:card\" content=\"summary_large_image\" \/>\n<meta name=\"twitter:creator\" content=\"@TheFreeAgentFR\" \/>\n<meta name=\"twitter:site\" content=\"@TheFreeAgentFR\" \/>\n<meta name=\"twitter:label1\" content=\"\u00c9crit par\" \/>\n\t<meta name=\"twitter:data1\" content=\"Charles Taudin\" \/>\n\t<meta name=\"twitter:label2\" content=\"Dur\u00e9e de lecture estim\u00e9e\" \/>\n\t<meta name=\"twitter:data2\" content=\"2 minutes\" \/>\n<script type=\"application\/ld+json\" class=\"yoast-schema-graph\">{\"@context\":\"https:\/\/schema.org\",\"@graph\":[{\"@type\":\"WebPage\",\"@id\":\"https:\/\/theplayoffs.news\/fr\/actualite-nfl\/abner-haynes-decede\/\",\"url\":\"https:\/\/theplayoffs.news\/fr\/actualite-nfl\/abner-haynes-decede\/\",\"name\":\"Abner Haynes d\u00e9c\u00e8de \u00e0 l\\\\'\u00e2ge de 86 ans - The Playoffs FR\",\"isPartOf\":{\"@id\":\"https:\/\/theplayoffs.news\/fr\/#website\"},\"primaryImageOfPage\":{\"@id\":\"https:\/\/theplayoffs.news\/fr\/actualite-nfl\/abner-haynes-decede\/#primaryimage\"},\"image\":{\"@id\":\"https:\/\/theplayoffs.news\/fr\/actualite-nfl\/abner-haynes-decede\/#primaryimage\"},\"thumbnailUrl\":\"https:\/\/theplayoffs.news\/fr\/wp-content\/uploads\/2024\/07\/USATSI_19981103.jpg\",\"datePublished\":\"2024-07-19T07:42:35+00:00\",\"dateModified\":\"2024-07-19T09:42:35+02:00\",\"author\":{\"@id\":\"https:\/\/theplayoffs.news\/fr\/#\/schema\/person\/eee5b69ad5d3c51cabe881c839dbe133\"},\"breadcrumb\":{\"@id\":\"https:\/\/theplayoffs.news\/fr\/actualite-nfl\/abner-haynes-decede\/#breadcrumb\"},\"inLanguage\":\"fr-FR\",\"potentialAction\":[{\"@type\":\"ReadAction\",\"target\":[\"https:\/\/theplayoffs.news\/fr\/actualite-nfl\/abner-haynes-decede\/\"]}]},{\"@type\":\"ImageObject\",\"inLanguage\":\"fr-FR\",\"@id\":\"https:\/\/theplayoffs.news\/fr\/actualite-nfl\/abner-haynes-decede\/#primaryimage\",\"url\":\"https:\/\/theplayoffs.news\/fr\/wp-content\/uploads\/2024\/07\/USATSI_19981103.jpg\",\"contentUrl\":\"https:\/\/theplayoffs.news\/fr\/wp-content\/uploads\/2024\/07\/USATSI_19981103.jpg\",\"width\":1920,\"height\":1280,\"caption\":\"Feb 12, 2023; Glendale, AZ, USA; A general view of the Kansas City Chiefs logo in the end zone before Super Bowl LVII against the Philadelphia Eagles at State Farm Stadium. Mandatory Credit: Kirby Lee-USA TODAY Sports\"},{\"@type\":\"BreadcrumbList\",\"@id\":\"https:\/\/theplayoffs.news\/fr\/actualite-nfl\/abner-haynes-decede\/#breadcrumb\",\"itemListElement\":[{\"@type\":\"ListItem\",\"position\":1,\"name\":\"Accueil\",\"item\":\"https:\/\/theplayoffs.news\/fr\/\"},{\"@type\":\"ListItem\",\"position\":2,\"name\":\"Abner Haynes d\u00e9c\u00e8de \u00e0 l&rsquo;\u00e2ge de 86 ans\"}]},{\"@type\":\"WebSite\",\"@id\":\"https:\/\/theplayoffs.news\/fr\/#website\",\"url\":\"https:\/\/theplayoffs.news\/fr\/\",\"name\":\"The Playoffs FR\",\"description\":\"NBA-NFL-NHL-MLB\",\"potentialAction\":[{\"@type\":\"SearchAction\",\"target\":{\"@type\":\"EntryPoint\",\"urlTemplate\":\"https:\/\/theplayoffs.news\/fr\/?s={search_term_string}\"},\"query-input\":{\"@type\":\"PropertyValueSpecification\",\"valueRequired\":true,\"valueName\":\"search_term_string\"}}],\"inLanguage\":\"fr-FR\"},{\"@type\":\"Person\",\"@id\":\"https:\/\/theplayoffs.news\/fr\/#\/schema\/person\/eee5b69ad5d3c51cabe881c839dbe133\",\"name\":\"Charles Taudin\",\"image\":{\"@type\":\"ImageObject\",\"inLanguage\":\"fr-FR\",\"@id\":\"https:\/\/theplayoffs.news\/fr\/#\/schema\/person\/image\/\",\"url\":\"https:\/\/secure.gravatar.com\/avatar\/59a1e772205ce9fd255edfcafc93013736822e20261f294c5753b20c41ede9f2?s=96&d=mm&r=g\",\"contentUrl\":\"https:\/\/secure.gravatar.com\/avatar\/59a1e772205ce9fd255edfcafc93013736822e20261f294c5753b20c41ede9f2?s=96&d=mm&r=g\",\"caption\":\"Charles Taudin\"},\"description\":\"R\u00e9dacteur en chef global de The Playoffs, j\u2019ai cr\u00e9\u00e9 The Free Agent, devenu The Playoffs FR, en 2020 durant la pand\u00e9mie. Amoureux depuis des ann\u00e9es des 4 sports majeurs am\u00e9ricains, j\u2019organise maintenant la strat\u00e9gie \u00e9ditoriale et les r\u00e9seaux sociaux de l\u2019ensemble des versions de The Playoffs. Il m\u2019arrive encore d\u2019\u00e9crire sur certains sports que j\u2019affectionne particuli\u00e8rement comme la NFL ou la MLB. Si vous devez retenir qu\u2019une chose : Eli Manning est le vrai GOAT pour avoir battu deux fois Tom Brady.\",\"sameAs\":[\"https:\/\/www.instagram.com\/ctaudin_\/\"],\"url\":\"https:\/\/theplayoffs.news\/fr\/author\/charles-taudin\/\"}]}<\/script>\n<!-- \/ Yoast SEO plugin. -->","yoast_head_json":{"title":"Abner Haynes d&eacute;c&egrave;de &agrave; l&#039;&acirc;ge de 86 ans - The Playoffs FR","robots":{"index":"index","follow":"follow","max-snippet":"max-snippet:-1","max-image-preview":"max-image-preview:large","max-video-preview":"max-video-preview:-1"},"canonical":"https:\/\/theplayoffs.news\/fr\/actualite-nfl\/abner-haynes-decede\/","og_locale":"fr_FR","og_type":"article","og_title":"Abner Haynes d&eacute;c&egrave;de &agrave; l&#039;&acirc;ge de 86 ans - The Playoffs FR","og_url":"https:\/\/theplayoffs.news\/fr\/actualite-nfl\/abner-haynes-decede\/","og_site_name":"The Playoffs FR","article_publisher":"https:\/\/www.facebook.com\/TheFreeAgentFR\/","article_modified_time":"2024-07-19T07:17:57+00:00","og_image":[{"width":1920,"height":1280,"url":"https:\/\/theplayoffs.news\/fr\/wp-content\/uploads\/2024\/07\/USATSI_19981103.jpg","type":"image\/jpeg"}],"author":"Charles Taudin","twitter_card":"summary_large_image","twitter_creator":"@TheFreeAgentFR","twitter_site":"@TheFreeAgentFR","twitter_misc":{"\u00c9crit par":"Charles Taudin","Dur\u00e9e de lecture estim\u00e9e":"2 minutes"},"schema":{"@context":"https:\/\/schema.org","@graph":[{"@type":"WebPage","@id":"https:\/\/theplayoffs.news\/fr\/actualite-nfl\/abner-haynes-decede\/","url":"https:\/\/theplayoffs.news\/fr\/actualite-nfl\/abner-haynes-decede\/","name":"Abner Haynes d\u00e9c\u00e8de \u00e0 l\\'\u00e2ge de 86 ans - The Playoffs FR","isPartOf":{"@id":"https:\/\/theplayoffs.news\/fr\/#website"},"primaryImageOfPage":{"@id":"https:\/\/theplayoffs.news\/fr\/actualite-nfl\/abner-haynes-decede\/#primaryimage"},"image":{"@id":"https:\/\/theplayoffs.news\/fr\/actualite-nfl\/abner-haynes-decede\/#primaryimage"},"thumbnailUrl":"https:\/\/theplayoffs.news\/fr\/wp-content\/uploads\/2024\/07\/USATSI_19981103.jpg","datePublished":"2024-07-19T07:42:35+00:00","dateModified":"2024-07-19T09:42:35+02:00","author":{"@id":"https:\/\/theplayoffs.news\/fr\/#\/schema\/person\/eee5b69ad5d3c51cabe881c839dbe133"},"breadcrumb":{"@id":"https:\/\/theplayoffs.news\/fr\/actualite-nfl\/abner-haynes-decede\/#breadcrumb"},"inLanguage":"fr-FR","potentialAction":[{"@type":"ReadAction","target":["https:\/\/theplayoffs.news\/fr\/actualite-nfl\/abner-haynes-decede\/"]}]},{"@type":"ImageObject","inLanguage":"fr-FR","@id":"https:\/\/theplayoffs.news\/fr\/actualite-nfl\/abner-haynes-decede\/#primaryimage","url":"https:\/\/theplayoffs.news\/fr\/wp-content\/uploads\/2024\/07\/USATSI_19981103.jpg","contentUrl":"https:\/\/theplayoffs.news\/fr\/wp-content\/uploads\/2024\/07\/USATSI_19981103.jpg","width":1920,"height":1280,"caption":"Feb 12, 2023; Glendale, AZ, USA; A general view of the Kansas City Chiefs logo in the end zone before Super Bowl LVII against the Philadelphia Eagles at State Farm Stadium. Mandatory Credit: Kirby Lee-USA TODAY Sports"},{"@type":"BreadcrumbList","@id":"https:\/\/theplayoffs.news\/fr\/actualite-nfl\/abner-haynes-decede\/#breadcrumb","itemListElement":[{"@type":"ListItem","position":1,"name":"Accueil","item":"https:\/\/theplayoffs.news\/fr\/"},{"@type":"ListItem","position":2,"name":"Abner Haynes d\u00e9c\u00e8de \u00e0 l&rsquo;\u00e2ge de 86 ans"}]},{"@type":"WebSite","@id":"https:\/\/theplayoffs.news\/fr\/#website","url":"https:\/\/theplayoffs.news\/fr\/","name":"The Playoffs FR","description":"NBA-NFL-NHL-MLB","potentialAction":[{"@type":"SearchAction","target":{"@type":"EntryPoint","urlTemplate":"https:\/\/theplayoffs.news\/fr\/?s={search_term_string}"},"query-input":{"@type":"PropertyValueSpecification","valueRequired":true,"valueName":"search_term_string"}}],"inLanguage":"fr-FR"},{"@type":"Person","@id":"https:\/\/theplayoffs.news\/fr\/#\/schema\/person\/eee5b69ad5d3c51cabe881c839dbe133","name":"Charles Taudin","image":{"@type":"ImageObject","inLanguage":"fr-FR","@id":"https:\/\/theplayoffs.news\/fr\/#\/schema\/person\/image\/","url":"https:\/\/secure.gravatar.com\/avatar\/59a1e772205ce9fd255edfcafc93013736822e20261f294c5753b20c41ede9f2?s=96&d=mm&r=g","contentUrl":"https:\/\/secure.gravatar.com\/avatar\/59a1e772205ce9fd255edfcafc93013736822e20261f294c5753b20c41ede9f2?s=96&d=mm&r=g","caption":"Charles Taudin"},"description":"R\u00e9dacteur en chef global de The Playoffs, j\u2019ai cr\u00e9\u00e9 The Free Agent, devenu The Playoffs FR, en 2020 durant la pand\u00e9mie. Amoureux depuis des ann\u00e9es des 4 sports majeurs am\u00e9ricains, j\u2019organise maintenant la strat\u00e9gie \u00e9ditoriale et les r\u00e9seaux sociaux de l\u2019ensemble des versions de The Playoffs. Il m\u2019arrive encore d\u2019\u00e9crire sur certains sports que j\u2019affectionne particuli\u00e8rement comme la NFL ou la MLB. Si vous devez retenir qu\u2019une chose : Eli Manning est le vrai GOAT pour avoir battu deux fois Tom Brady.","sameAs":["https:\/\/www.instagram.com\/ctaudin_\/"],"url":"https:\/\/theplayoffs.news\/fr\/author\/charles-taudin\/"}]}},"_links":{"self":[{"href":"https:\/\/theplayoffs.news\/fr\/wp-json\/wp\/v2\/posts\/1445843","targetHints":{"allow":["GET"]}}],"collection":[{"href":"https:\/\/theplayoffs.news\/fr\/wp-json\/wp\/v2\/posts"}],"about":[{"href":"https:\/\/theplayoffs.news\/fr\/wp-json\/wp\/v2\/types\/post"}],"author":[{"embeddable":true,"href":"https:\/\/theplayoffs.news\/fr\/wp-json\/wp\/v2\/users\/13"}],"replies":[{"embeddable":true,"href":"https:\/\/theplayoffs.news\/fr\/wp-json\/wp\/v2\/comments?post=1445843"}],"version-history":[{"count":3,"href":"https:\/\/theplayoffs.news\/fr\/wp-json\/wp\/v2\/posts\/1445843\/revisions"}],"predecessor-version":[{"id":1445852,"href":"https:\/\/theplayoffs.news\/fr\/wp-json\/wp\/v2\/posts\/1445843\/revisions\/1445852"}],"wp:featuredmedia":[{"embeddable":true,"href":"https:\/\/theplayoffs.news\/fr\/wp-json\/wp\/v2\/media\/1445847"}],"wp:attachment":[{"href":"https:\/\/theplayoffs.news\/fr\/wp-json\/wp\/v2\/media?parent=1445843"}],"wp:term":[{"taxonomy":"category","embeddable":true,"href":"https:\/\/theplayoffs.news\/fr\/wp-json\/wp\/v2\/categories?post=1445843"},{"taxonomy":"post_tag","embeddable":true,"href":"https:\/\/theplayoffs.news\/fr\/wp-json\/wp\/v2\/tags?post=1445843"},{"taxonomy":"sport","embeddable":true,"href":"https:\/\/theplayoffs.news\/fr\/wp-json\/wp\/v2\/sport?post=1445843"},{"taxonomy":"saison","embeddable":true,"href":"https:\/\/theplayoffs.news\/fr\/wp-json\/wp\/v2\/saison?post=1445843"}],"curies":[{"name":"wp","href":"https:\/\/api.w.org\/{rel}","templated":true}]}}