{"id":1445408,"date":"2024-07-17T09:31:50","date_gmt":"2024-07-17T07:31:50","guid":{"rendered":"https:\/\/theplayoffs.news\/fr\/?p=1445408"},"modified":"2024-07-17T09:23:39","modified_gmt":"2024-07-17T07:23:39","slug":"les-broncos-de-denver-prolongent-quinn-meinerz","status":"publish","type":"post","link":"https:\/\/theplayoffs.news\/fr\/actualite-nfl\/les-broncos-de-denver-prolongent-quinn-meinerz\/","title":{"rendered":"Les Broncos de Denver prolongent Quinn Meinerz"},"content":{"rendered":"<h2 class=\"p3\">Les Broncos de Denver ont sign&eacute; le garde droit Quinn Meinerz pour une prolongation de contrat de quatre ans, d&rsquo;une valeur de 80 millions de dollars.<\/h2><p class=\"p3\">Cet accord, <a href=\"https:\/\/twitter.com\/NickKosmider\/status\/1813373722784399859?ref_src=twsrc%5Etfw%7Ctwcamp%5Etweetembed%7Ctwterm%5E1813373722784399859%7Ctwgr%5Edf09a564e444e500671177838776633bde10e068%7Ctwcon%5Es1_c10&amp;ref_url=https%3A%2F%2Fwww.nytimes.com%2Fathletic%2F5642465%2F2024%2F07%2F16%2Fbroncos-quinn-meinerz-contract%2F\" class=\"trk-cta-link\" data-cta-trk='{\"ctaType\":\"Link\",\"ctaSubType\":\"main\"}'>qui comprend 45 millions de dollars garantis<\/a>, place Quinn Meinerz parmi les cinq gardes les mieux pay&eacute;s de la NFL.<\/p><blockquote class=\"twitter-tweet\" data-width=\"500\" data-dnt=\"true\">\n<p lang=\"en\" dir=\"ltr\">Can confirm the Broncos are signing right guard Quinn Meinerz to a four-year, $80 million extension, locking in a key member of the team&rsquo;s offense.<\/p>\n<p>&mdash; Nick Kosmider (@NickKosmider) <a href=\"https:\/\/twitter.com\/NickKosmider\/status\/1813373722784399859?ref_src=twsrc%5Etfw\" class=\"trk-cta-link\" data-cta-trk='{\"ctaType\":\"Link\",\"ctaSubType\":\"main\"}'>July 17, 2024<\/a><\/p><\/blockquote><p><script async src=\"https:\/\/platform.twitter.com\/widgets.js\" charset=\"utf-8\"><\/script><\/p><p class=\"p3\"><a href=\"https:\/\/theplayoffs.news\/fr\/joueur\/quinn-meinerz-nfl-9216276\/\" class=\"trk-cta-link\" data-cta-trk='{\"ctaType\":\"Link\",\"ctaSubType\":\"main\"}'><strong>Quinn Meinerz<\/strong><\/a>, choix de troisi&egrave;me ronde du rep&ecirc;chage de la NFL en 2021, est rapidement devenu une figure de proue dans la ligue. Sa r&eacute;cente saison a &eacute;t&eacute; particuli&egrave;rement impressionnante, lui valant une place de suppl&eacute;ant au Pro Bowl.<\/p><p class=\"p3\">Ayant d&eacute;but&eacute; tous les 17 matchs, Quinn Meinerz n&rsquo;a conc&eacute;d&eacute; que 23 pressions parmi les gardes avec au moins 1 000 snaps de blocage de passes, selon Pro Football Focus. Sa prouesse en tant que puissant bloqueur de course et sa capacit&eacute; &agrave; maintenir une force dans le bas du corps au point d&rsquo;attaque l&rsquo;ont distingu&eacute; comme un atout crucial pour les Broncos.<\/p><p class=\"p3\">L&rsquo;entra&icirc;neur Sean Payton a lou&eacute; la d&eacute;votion et les comp&eacute;tences de Quinn Meinerz, soulignant son amour pour le jeu et le processus d&rsquo;am&eacute;lioration.<\/p><blockquote><p>&laquo; Il est certain que c&rsquo;est un bloqueur puissant et solide. Il fait beaucoup de choses extr&ecirc;mement bien &raquo;, a d&eacute;clar&eacute; Sean Payton, l&rsquo;entra&icirc;neur des Broncos. &laquo; Je pense qu&rsquo;il aime &ccedil;a. Il aime le processus, ce qui repr&eacute;sente la moiti&eacute; de la bataille. C&rsquo;est pourquoi j&rsquo;aime qu&rsquo;il soit notre arri&egrave;re droit &raquo;.<\/p><\/blockquote><p class=\"p3\">Cet investissement fait suite &agrave; des contrats significatifs accord&eacute;s &agrave; Mike McGlinchey et au garde gauche Ben Powers lors de la derni&egrave;re intersaison, montrant la volont&eacute; de la franchise de renforcer sa ligne offensive pour le futur proche.<\/p><p class=\"p3\">Alors que l&rsquo;&eacute;quipe se pr&eacute;pare pour un avenir avec le quarterback rookie Bo Nix, maintenir la continuit&eacute; et l&rsquo;efficacit&eacute; de la ligne offensive devient primordial.<\/p><p class=\"p3\">La d&eacute;cision des Broncos de s&eacute;curiser Meinerz refl&egrave;te &eacute;galement leur strat&eacute;gie contractuelle plus large, avec des d&eacute;cisions imminentes sur d&rsquo;autres joueurs cl&eacute;s comme le cornerback All-Pro Pat Surtain II.<\/p><p>&nbsp;<\/p><p>Credit Photo : Isaiah J. Downing-USA TODAY Sports<\/p>\n","protected":false},"excerpt":{"rendered":"","protected":false},"author":13,"featured_media":1445409,"comment_status":"open","ping_status":"closed","sticky":false,"template":"","format":"standard","meta":{"inline_featured_image":false,"kia_subtitle":"","_mux_skip_reasons":[],"proofreadBy":0,"footnotes":""},"categories":[118,40],"tags":[926,7539],"sport":[],"saison":[],"class_list":["post-1445408","post","type-post","status-publish","format-standard","has-post-thumbnail","hentry","category-actualite-nfl","category-nfl","tag-denver-broncos","tag-quinn-meinerz"],"acf":[],"yoast_head":"<!-- This site is optimized with the Yoast SEO plugin v24.2 - https:\/\/yoast.com\/wordpress\/plugins\/seo\/ -->\n<title>Les Broncos de Denver prolongent Quinn Meinerz - The Playoffs FR<\/title>\n<meta name=\"robots\" content=\"index, follow, max-snippet:-1, max-image-preview:large, max-video-preview:-1\" \/>\n<link rel=\"canonical\" href=\"https:\/\/theplayoffs.news\/fr\/actualite-nfl\/les-broncos-de-denver-prolongent-quinn-meinerz\/\" \/>\n<meta property=\"og:locale\" content=\"fr_FR\" \/>\n<meta property=\"og:type\" content=\"article\" \/>\n<meta property=\"og:title\" content=\"Les Broncos de Denver prolongent Quinn Meinerz - The Playoffs FR\" \/>\n<meta property=\"og:url\" content=\"https:\/\/theplayoffs.news\/fr\/actualite-nfl\/les-broncos-de-denver-prolongent-quinn-meinerz\/\" \/>\n<meta property=\"og:site_name\" content=\"The Playoffs FR\" \/>\n<meta property=\"article:publisher\" content=\"https:\/\/www.facebook.com\/TheFreeAgentFR\/\" \/>\n<meta property=\"article:modified_time\" content=\"2024-07-17T09:31:50+02:00\" \/>\n<meta property=\"og:image\" content=\"https:\/\/theplayoffs.news\/fr\/wp-content\/uploads\/2024\/07\/USATSI_23360669.jpg\" \/>\n\t<meta property=\"og:image:width\" content=\"1920\" \/>\n\t<meta property=\"og:image:height\" content=\"1280\" \/>\n\t<meta property=\"og:image:type\" content=\"image\/jpeg\" \/>\n<meta name=\"author\" content=\"Charles Taudin\" \/>\n<meta name=\"twitter:card\" content=\"summary_large_image\" \/>\n<meta name=\"twitter:creator\" content=\"@TheFreeAgentFR\" \/>\n<meta name=\"twitter:site\" content=\"@TheFreeAgentFR\" \/>\n<meta name=\"twitter:label1\" content=\"\u00c9crit par\" \/>\n\t<meta name=\"twitter:data1\" content=\"Charles Taudin\" \/>\n\t<meta name=\"twitter:label2\" content=\"Dur\u00e9e de lecture estim\u00e9e\" \/>\n\t<meta name=\"twitter:data2\" content=\"2 minutes\" \/>\n<script type=\"application\/ld+json\" class=\"yoast-schema-graph\">{\"@context\":\"https:\/\/schema.org\",\"@graph\":[{\"@type\":\"WebPage\",\"@id\":\"https:\/\/theplayoffs.news\/fr\/actualite-nfl\/les-broncos-de-denver-prolongent-quinn-meinerz\/\",\"url\":\"https:\/\/theplayoffs.news\/fr\/actualite-nfl\/les-broncos-de-denver-prolongent-quinn-meinerz\/\",\"name\":\"Les Broncos de Denver prolongent Quinn Meinerz - The Playoffs FR\",\"isPartOf\":{\"@id\":\"https:\/\/theplayoffs.news\/fr\/#website\"},\"primaryImageOfPage\":{\"@id\":\"https:\/\/theplayoffs.news\/fr\/actualite-nfl\/les-broncos-de-denver-prolongent-quinn-meinerz\/#primaryimage\"},\"image\":{\"@id\":\"https:\/\/theplayoffs.news\/fr\/actualite-nfl\/les-broncos-de-denver-prolongent-quinn-meinerz\/#primaryimage\"},\"thumbnailUrl\":\"https:\/\/theplayoffs.news\/fr\/wp-content\/uploads\/2024\/07\/USATSI_23360669.jpg\",\"datePublished\":\"2024-07-17T07:31:50+00:00\",\"dateModified\":\"2024-07-17T09:31:50+02:00\",\"author\":{\"@id\":\"https:\/\/theplayoffs.news\/fr\/#\/schema\/person\/eee5b69ad5d3c51cabe881c839dbe133\"},\"breadcrumb\":{\"@id\":\"https:\/\/theplayoffs.news\/fr\/actualite-nfl\/les-broncos-de-denver-prolongent-quinn-meinerz\/#breadcrumb\"},\"inLanguage\":\"fr-FR\",\"potentialAction\":[{\"@type\":\"ReadAction\",\"target\":[\"https:\/\/theplayoffs.news\/fr\/actualite-nfl\/les-broncos-de-denver-prolongent-quinn-meinerz\/\"]}]},{\"@type\":\"ImageObject\",\"inLanguage\":\"fr-FR\",\"@id\":\"https:\/\/theplayoffs.news\/fr\/actualite-nfl\/les-broncos-de-denver-prolongent-quinn-meinerz\/#primaryimage\",\"url\":\"https:\/\/theplayoffs.news\/fr\/wp-content\/uploads\/2024\/07\/USATSI_23360669.jpg\",\"contentUrl\":\"https:\/\/theplayoffs.news\/fr\/wp-content\/uploads\/2024\/07\/USATSI_23360669.jpg\",\"width\":1920,\"height\":1280,\"caption\":\"May 23, 2024; Englewood, CO, USA; Denver Broncos guard Quinn Meinerz (77) during organized team activities at Centura Health Training Center. Mandatory Credit: Isaiah J. Downing-USA TODAY Sports\"},{\"@type\":\"BreadcrumbList\",\"@id\":\"https:\/\/theplayoffs.news\/fr\/actualite-nfl\/les-broncos-de-denver-prolongent-quinn-meinerz\/#breadcrumb\",\"itemListElement\":[{\"@type\":\"ListItem\",\"position\":1,\"name\":\"Accueil\",\"item\":\"https:\/\/theplayoffs.news\/fr\/\"},{\"@type\":\"ListItem\",\"position\":2,\"name\":\"Les Broncos de Denver prolongent Quinn Meinerz\"}]},{\"@type\":\"WebSite\",\"@id\":\"https:\/\/theplayoffs.news\/fr\/#website\",\"url\":\"https:\/\/theplayoffs.news\/fr\/\",\"name\":\"The Playoffs FR\",\"description\":\"NBA-NFL-NHL-MLB\",\"potentialAction\":[{\"@type\":\"SearchAction\",\"target\":{\"@type\":\"EntryPoint\",\"urlTemplate\":\"https:\/\/theplayoffs.news\/fr\/?s={search_term_string}\"},\"query-input\":{\"@type\":\"PropertyValueSpecification\",\"valueRequired\":true,\"valueName\":\"search_term_string\"}}],\"inLanguage\":\"fr-FR\"},{\"@type\":\"Person\",\"@id\":\"https:\/\/theplayoffs.news\/fr\/#\/schema\/person\/eee5b69ad5d3c51cabe881c839dbe133\",\"name\":\"Charles Taudin\",\"image\":{\"@type\":\"ImageObject\",\"inLanguage\":\"fr-FR\",\"@id\":\"https:\/\/theplayoffs.news\/fr\/#\/schema\/person\/image\/\",\"url\":\"https:\/\/secure.gravatar.com\/avatar\/59a1e772205ce9fd255edfcafc93013736822e20261f294c5753b20c41ede9f2?s=96&d=mm&r=g\",\"contentUrl\":\"https:\/\/secure.gravatar.com\/avatar\/59a1e772205ce9fd255edfcafc93013736822e20261f294c5753b20c41ede9f2?s=96&d=mm&r=g\",\"caption\":\"Charles Taudin\"},\"description\":\"R\u00e9dacteur en chef global de The Playoffs, j\u2019ai cr\u00e9\u00e9 The Free Agent, devenu The Playoffs FR, en 2020 durant la pand\u00e9mie. Amoureux depuis des ann\u00e9es des 4 sports majeurs am\u00e9ricains, j\u2019organise maintenant la strat\u00e9gie \u00e9ditoriale et les r\u00e9seaux sociaux de l\u2019ensemble des versions de The Playoffs. Il m\u2019arrive encore d\u2019\u00e9crire sur certains sports que j\u2019affectionne particuli\u00e8rement comme la NFL ou la MLB. Si vous devez retenir qu\u2019une chose : Eli Manning est le vrai GOAT pour avoir battu deux fois Tom Brady.\",\"sameAs\":[\"https:\/\/www.instagram.com\/ctaudin_\/\"],\"url\":\"https:\/\/theplayoffs.news\/fr\/author\/charles-taudin\/\"}]}<\/script>\n<!-- \/ Yoast SEO plugin. -->","yoast_head_json":{"title":"Les Broncos de Denver prolongent Quinn Meinerz - The Playoffs FR","robots":{"index":"index","follow":"follow","max-snippet":"max-snippet:-1","max-image-preview":"max-image-preview:large","max-video-preview":"max-video-preview:-1"},"canonical":"https:\/\/theplayoffs.news\/fr\/actualite-nfl\/les-broncos-de-denver-prolongent-quinn-meinerz\/","og_locale":"fr_FR","og_type":"article","og_title":"Les Broncos de Denver prolongent Quinn Meinerz - The Playoffs FR","og_url":"https:\/\/theplayoffs.news\/fr\/actualite-nfl\/les-broncos-de-denver-prolongent-quinn-meinerz\/","og_site_name":"The Playoffs FR","article_publisher":"https:\/\/www.facebook.com\/TheFreeAgentFR\/","article_modified_time":"2024-07-17T07:23:39+00:00","og_image":[{"width":1920,"height":1280,"url":"https:\/\/theplayoffs.news\/fr\/wp-content\/uploads\/2024\/07\/USATSI_23360669.jpg","type":"image\/jpeg"}],"author":"Charles Taudin","twitter_card":"summary_large_image","twitter_creator":"@TheFreeAgentFR","twitter_site":"@TheFreeAgentFR","twitter_misc":{"\u00c9crit par":"Charles Taudin","Dur\u00e9e de lecture estim\u00e9e":"2 minutes"},"schema":{"@context":"https:\/\/schema.org","@graph":[{"@type":"WebPage","@id":"https:\/\/theplayoffs.news\/fr\/actualite-nfl\/les-broncos-de-denver-prolongent-quinn-meinerz\/","url":"https:\/\/theplayoffs.news\/fr\/actualite-nfl\/les-broncos-de-denver-prolongent-quinn-meinerz\/","name":"Les Broncos de Denver prolongent Quinn Meinerz - The Playoffs FR","isPartOf":{"@id":"https:\/\/theplayoffs.news\/fr\/#website"},"primaryImageOfPage":{"@id":"https:\/\/theplayoffs.news\/fr\/actualite-nfl\/les-broncos-de-denver-prolongent-quinn-meinerz\/#primaryimage"},"image":{"@id":"https:\/\/theplayoffs.news\/fr\/actualite-nfl\/les-broncos-de-denver-prolongent-quinn-meinerz\/#primaryimage"},"thumbnailUrl":"https:\/\/theplayoffs.news\/fr\/wp-content\/uploads\/2024\/07\/USATSI_23360669.jpg","datePublished":"2024-07-17T07:31:50+00:00","dateModified":"2024-07-17T09:31:50+02:00","author":{"@id":"https:\/\/theplayoffs.news\/fr\/#\/schema\/person\/eee5b69ad5d3c51cabe881c839dbe133"},"breadcrumb":{"@id":"https:\/\/theplayoffs.news\/fr\/actualite-nfl\/les-broncos-de-denver-prolongent-quinn-meinerz\/#breadcrumb"},"inLanguage":"fr-FR","potentialAction":[{"@type":"ReadAction","target":["https:\/\/theplayoffs.news\/fr\/actualite-nfl\/les-broncos-de-denver-prolongent-quinn-meinerz\/"]}]},{"@type":"ImageObject","inLanguage":"fr-FR","@id":"https:\/\/theplayoffs.news\/fr\/actualite-nfl\/les-broncos-de-denver-prolongent-quinn-meinerz\/#primaryimage","url":"https:\/\/theplayoffs.news\/fr\/wp-content\/uploads\/2024\/07\/USATSI_23360669.jpg","contentUrl":"https:\/\/theplayoffs.news\/fr\/wp-content\/uploads\/2024\/07\/USATSI_23360669.jpg","width":1920,"height":1280,"caption":"May 23, 2024; Englewood, CO, USA; Denver Broncos guard Quinn Meinerz (77) during organized team activities at Centura Health Training Center. Mandatory Credit: Isaiah J. Downing-USA TODAY Sports"},{"@type":"BreadcrumbList","@id":"https:\/\/theplayoffs.news\/fr\/actualite-nfl\/les-broncos-de-denver-prolongent-quinn-meinerz\/#breadcrumb","itemListElement":[{"@type":"ListItem","position":1,"name":"Accueil","item":"https:\/\/theplayoffs.news\/fr\/"},{"@type":"ListItem","position":2,"name":"Les Broncos de Denver prolongent Quinn Meinerz"}]},{"@type":"WebSite","@id":"https:\/\/theplayoffs.news\/fr\/#website","url":"https:\/\/theplayoffs.news\/fr\/","name":"The Playoffs FR","description":"NBA-NFL-NHL-MLB","potentialAction":[{"@type":"SearchAction","target":{"@type":"EntryPoint","urlTemplate":"https:\/\/theplayoffs.news\/fr\/?s={search_term_string}"},"query-input":{"@type":"PropertyValueSpecification","valueRequired":true,"valueName":"search_term_string"}}],"inLanguage":"fr-FR"},{"@type":"Person","@id":"https:\/\/theplayoffs.news\/fr\/#\/schema\/person\/eee5b69ad5d3c51cabe881c839dbe133","name":"Charles Taudin","image":{"@type":"ImageObject","inLanguage":"fr-FR","@id":"https:\/\/theplayoffs.news\/fr\/#\/schema\/person\/image\/","url":"https:\/\/secure.gravatar.com\/avatar\/59a1e772205ce9fd255edfcafc93013736822e20261f294c5753b20c41ede9f2?s=96&d=mm&r=g","contentUrl":"https:\/\/secure.gravatar.com\/avatar\/59a1e772205ce9fd255edfcafc93013736822e20261f294c5753b20c41ede9f2?s=96&d=mm&r=g","caption":"Charles Taudin"},"description":"R\u00e9dacteur en chef global de The Playoffs, j\u2019ai cr\u00e9\u00e9 The Free Agent, devenu The Playoffs FR, en 2020 durant la pand\u00e9mie. Amoureux depuis des ann\u00e9es des 4 sports majeurs am\u00e9ricains, j\u2019organise maintenant la strat\u00e9gie \u00e9ditoriale et les r\u00e9seaux sociaux de l\u2019ensemble des versions de The Playoffs. Il m\u2019arrive encore d\u2019\u00e9crire sur certains sports que j\u2019affectionne particuli\u00e8rement comme la NFL ou la MLB. Si vous devez retenir qu\u2019une chose : Eli Manning est le vrai GOAT pour avoir battu deux fois Tom Brady.","sameAs":["https:\/\/www.instagram.com\/ctaudin_\/"],"url":"https:\/\/theplayoffs.news\/fr\/author\/charles-taudin\/"}]}},"_links":{"self":[{"href":"https:\/\/theplayoffs.news\/fr\/wp-json\/wp\/v2\/posts\/1445408","targetHints":{"allow":["GET"]}}],"collection":[{"href":"https:\/\/theplayoffs.news\/fr\/wp-json\/wp\/v2\/posts"}],"about":[{"href":"https:\/\/theplayoffs.news\/fr\/wp-json\/wp\/v2\/types\/post"}],"author":[{"embeddable":true,"href":"https:\/\/theplayoffs.news\/fr\/wp-json\/wp\/v2\/users\/13"}],"replies":[{"embeddable":true,"href":"https:\/\/theplayoffs.news\/fr\/wp-json\/wp\/v2\/comments?post=1445408"}],"version-history":[{"count":2,"href":"https:\/\/theplayoffs.news\/fr\/wp-json\/wp\/v2\/posts\/1445408\/revisions"}],"predecessor-version":[{"id":1445412,"href":"https:\/\/theplayoffs.news\/fr\/wp-json\/wp\/v2\/posts\/1445408\/revisions\/1445412"}],"wp:featuredmedia":[{"embeddable":true,"href":"https:\/\/theplayoffs.news\/fr\/wp-json\/wp\/v2\/media\/1445409"}],"wp:attachment":[{"href":"https:\/\/theplayoffs.news\/fr\/wp-json\/wp\/v2\/media?parent=1445408"}],"wp:term":[{"taxonomy":"category","embeddable":true,"href":"https:\/\/theplayoffs.news\/fr\/wp-json\/wp\/v2\/categories?post=1445408"},{"taxonomy":"post_tag","embeddable":true,"href":"https:\/\/theplayoffs.news\/fr\/wp-json\/wp\/v2\/tags?post=1445408"},{"taxonomy":"sport","embeddable":true,"href":"https:\/\/theplayoffs.news\/fr\/wp-json\/wp\/v2\/sport?post=1445408"},{"taxonomy":"saison","embeddable":true,"href":"https:\/\/theplayoffs.news\/fr\/wp-json\/wp\/v2\/saison?post=1445408"}],"curies":[{"name":"wp","href":"https:\/\/api.w.org\/{rel}","templated":true}]}}