{"id":1444938,"date":"2024-07-15T08:42:11","date_gmt":"2024-07-15T06:42:11","guid":{"rendered":"https:\/\/theplayoffs.news\/fr\/?p=1444938"},"modified":"2024-07-15T08:30:22","modified_gmt":"2024-07-15T06:30:22","slug":"carlos-correa-manquera-le-all-star-game","status":"publish","type":"post","link":"https:\/\/theplayoffs.news\/fr\/actualite-mlb\/carlos-correa-manquera-le-all-star-game\/","title":{"rendered":"Carlos Correa manquera le All Star Game"},"content":{"rendered":"<h2 class=\"p1\">Carlos Correa, l&rsquo;arr&ecirc;t-court des Twins du Minnesota, a r&eacute;v&eacute;l&eacute; qu&rsquo;il souffrait de fasciite plantaire au pied droit.<\/h2><p class=\"p1\">Ce probl&egrave;me n&rsquo;est pas nouveau pour Carlos Correa puisqu&rsquo;il en a souffert pendant une grande partie de la saison derni&egrave;re. D&eacute;termin&eacute; &agrave; &eacute;viter les &eacute;cueils de l&rsquo;ann&eacute;e pr&eacute;c&eacute;dente, Correa prend des mesures pour s&rsquo;assurer que son probl&egrave;me actuel ne nuise pas &agrave; ses performances comme ce fut le cas auparavant.<\/p><p class=\"p1\">La saison derni&egrave;re, <a href=\"https:\/\/theplayoffs.news\/fr\/joueur\/carlos-correa-mlb-65306\/\" class=\"trk-cta-link\" data-cta-trk='{\"ctaType\":\"Link\",\"ctaSubType\":\"main\"}'><strong>Carlos Correa<\/strong><\/a> a jou&eacute; la majorit&eacute; de l&rsquo;ann&eacute;e avec une fasciite plantaire au pied gauche, une d&eacute;cision qui a finalement conduit &agrave; certaines des pires statistiques de frappe de sa carri&egrave;re. Sa d&eacute;termination &agrave; rester sur le terrain pour son &eacute;quipe, malgr&eacute; la douleur, a entra&icirc;n&eacute; une baisse significative de son rendement offensif.<\/p><p class=\"p1\">Tirant des le&ccedil;ons de cette exp&eacute;rience, Correa met d&eacute;sormais l&rsquo;accent sur l&rsquo;importance du repos et de la r&eacute;cup&eacute;ration. Il a choisi de ne pas participer au prochain match des &eacute;toiles, esp&eacute;rant profiter de la pause pour se r&eacute;tablir compl&egrave;tement et revenir plus fort pour la deuxi&egrave;me moiti&eacute; de la saison.<\/p><blockquote><p>&laquo;&nbsp;Nous prenons les pr&eacute;cautions qui s&rsquo;imposent avant que la situation ne s&rsquo;aggrave&nbsp;&raquo;, <a href=\"https:\/\/www.nytimes.com\/athletic\/5636967\/2024\/07\/14\/twins-carlos-correa-plantar-fasciitis-right-foot\/\" class=\"trk-cta-link\" data-cta-trk='{\"ctaType\":\"Link\",\"ctaSubType\":\"main\"}'>a d&eacute;clar&eacute; Carlos Correa<\/a>. &laquo;&nbsp;Nous savons comment g&eacute;rer la situation, gr&acirc;ce &agrave; toutes les informations que nous avons eues l&rsquo;ann&eacute;e derni&egrave;re. Je pense que je serai pr&ecirc;t pour la deuxi&egrave;me moiti&eacute; de l&rsquo;ann&eacute;e&nbsp;&raquo;.<\/p><\/blockquote><p class=\"p1\">Les statistiques de Correa cette saison refl&egrave;tent une nette am&eacute;lioration, avec une moyenne au b&acirc;ton de .308, 13 home runs et 47 points produits. Ces chiffres contrastent fortement avec les difficult&eacute;s de l&rsquo;ann&eacute;e derni&egrave;re, o&ugrave; il a termin&eacute; avec un OPS de .711.<\/p><p class=\"p1\">Malgr&eacute; sa blessure actuelle, Correa reste optimiste. Il croit que l&rsquo;approche proactive de l&rsquo;&eacute;quipe et les connaissances acquises en g&eacute;rant sa condition l&rsquo;ann&eacute;e derni&egrave;re aideront &agrave; sa r&eacute;cup&eacute;ration.<\/p><p class=\"p1\">Les Twins, qui connaissent une saison solide, abordent la pause avec 13 matchs au-dessus de .500, et la r&eacute;cup&eacute;ration de Correa est cruciale pour maintenir cette dynamique.<\/p><p>&nbsp;<\/p><p>Credit Photo : John Hefti-USA TODAY Sports<\/p>\n","protected":false},"excerpt":{"rendered":"","protected":false},"author":13,"featured_media":1444939,"comment_status":"open","ping_status":"closed","sticky":false,"template":"","format":"standard","meta":{"inline_featured_image":false,"kia_subtitle":"","_mux_skip_reasons":[],"proofreadBy":0,"footnotes":""},"categories":[188,9],"tags":[3227,580],"sport":[],"saison":[],"class_list":["post-1444938","post","type-post","status-publish","format-standard","has-post-thumbnail","hentry","category-actualite-mlb","category-mlb","tag-carlos-correa","tag-minnesota-twins"],"acf":[],"yoast_head":"<!-- This site is optimized with the Yoast SEO plugin v24.2 - https:\/\/yoast.com\/wordpress\/plugins\/seo\/ -->\n<title>Carlos Correa manquera le All Star Game - The Playoffs FR<\/title>\n<meta name=\"robots\" content=\"index, follow, max-snippet:-1, max-image-preview:large, max-video-preview:-1\" \/>\n<link rel=\"canonical\" href=\"https:\/\/theplayoffs.news\/fr\/actualite-mlb\/carlos-correa-manquera-le-all-star-game\/\" \/>\n<meta property=\"og:locale\" content=\"fr_FR\" \/>\n<meta property=\"og:type\" content=\"article\" \/>\n<meta property=\"og:title\" content=\"Carlos Correa manquera le All Star Game - The Playoffs FR\" \/>\n<meta property=\"og:url\" content=\"https:\/\/theplayoffs.news\/fr\/actualite-mlb\/carlos-correa-manquera-le-all-star-game\/\" \/>\n<meta property=\"og:site_name\" content=\"The Playoffs FR\" \/>\n<meta property=\"article:publisher\" content=\"https:\/\/www.facebook.com\/TheFreeAgentFR\/\" \/>\n<meta property=\"article:modified_time\" content=\"2024-07-15T08:42:11+02:00\" \/>\n<meta property=\"og:image\" content=\"https:\/\/theplayoffs.news\/fr\/wp-content\/uploads\/2024\/07\/USATSI_23732801.jpg\" \/>\n\t<meta property=\"og:image:width\" content=\"1678\" \/>\n\t<meta property=\"og:image:height\" content=\"1119\" \/>\n\t<meta property=\"og:image:type\" content=\"image\/jpeg\" \/>\n<meta name=\"author\" content=\"Charles Taudin\" \/>\n<meta name=\"twitter:card\" content=\"summary_large_image\" \/>\n<meta name=\"twitter:creator\" content=\"@TheFreeAgentFR\" \/>\n<meta name=\"twitter:site\" content=\"@TheFreeAgentFR\" \/>\n<meta name=\"twitter:label1\" content=\"\u00c9crit par\" \/>\n\t<meta name=\"twitter:data1\" content=\"Charles Taudin\" \/>\n\t<meta name=\"twitter:label2\" content=\"Dur\u00e9e de lecture estim\u00e9e\" \/>\n\t<meta name=\"twitter:data2\" content=\"2 minutes\" \/>\n<script type=\"application\/ld+json\" class=\"yoast-schema-graph\">{\"@context\":\"https:\/\/schema.org\",\"@graph\":[{\"@type\":\"WebPage\",\"@id\":\"https:\/\/theplayoffs.news\/fr\/actualite-mlb\/carlos-correa-manquera-le-all-star-game\/\",\"url\":\"https:\/\/theplayoffs.news\/fr\/actualite-mlb\/carlos-correa-manquera-le-all-star-game\/\",\"name\":\"Carlos Correa manquera le All Star Game - The Playoffs FR\",\"isPartOf\":{\"@id\":\"https:\/\/theplayoffs.news\/fr\/#website\"},\"primaryImageOfPage\":{\"@id\":\"https:\/\/theplayoffs.news\/fr\/actualite-mlb\/carlos-correa-manquera-le-all-star-game\/#primaryimage\"},\"image\":{\"@id\":\"https:\/\/theplayoffs.news\/fr\/actualite-mlb\/carlos-correa-manquera-le-all-star-game\/#primaryimage\"},\"thumbnailUrl\":\"https:\/\/theplayoffs.news\/fr\/wp-content\/uploads\/2024\/07\/USATSI_23732801.jpg\",\"datePublished\":\"2024-07-15T06:42:11+00:00\",\"dateModified\":\"2024-07-15T08:42:11+02:00\",\"author\":{\"@id\":\"https:\/\/theplayoffs.news\/fr\/#\/schema\/person\/eee5b69ad5d3c51cabe881c839dbe133\"},\"breadcrumb\":{\"@id\":\"https:\/\/theplayoffs.news\/fr\/actualite-mlb\/carlos-correa-manquera-le-all-star-game\/#breadcrumb\"},\"inLanguage\":\"fr-FR\",\"potentialAction\":[{\"@type\":\"ReadAction\",\"target\":[\"https:\/\/theplayoffs.news\/fr\/actualite-mlb\/carlos-correa-manquera-le-all-star-game\/\"]}]},{\"@type\":\"ImageObject\",\"inLanguage\":\"fr-FR\",\"@id\":\"https:\/\/theplayoffs.news\/fr\/actualite-mlb\/carlos-correa-manquera-le-all-star-game\/#primaryimage\",\"url\":\"https:\/\/theplayoffs.news\/fr\/wp-content\/uploads\/2024\/07\/USATSI_23732801.jpg\",\"contentUrl\":\"https:\/\/theplayoffs.news\/fr\/wp-content\/uploads\/2024\/07\/USATSI_23732801.jpg\",\"width\":1678,\"height\":1119,\"caption\":\"Jul 12, 2024; San Francisco, California, USA; Minnesota Twins shortstop Carlos Correa (4) reacts after taking a strike against the San Francisco Giants during the fourth inning at Oracle Park. Mandatory Credit: John Hefti-USA TODAY Sports\"},{\"@type\":\"BreadcrumbList\",\"@id\":\"https:\/\/theplayoffs.news\/fr\/actualite-mlb\/carlos-correa-manquera-le-all-star-game\/#breadcrumb\",\"itemListElement\":[{\"@type\":\"ListItem\",\"position\":1,\"name\":\"Accueil\",\"item\":\"https:\/\/theplayoffs.news\/fr\/\"},{\"@type\":\"ListItem\",\"position\":2,\"name\":\"Carlos Correa manquera le All Star Game\"}]},{\"@type\":\"WebSite\",\"@id\":\"https:\/\/theplayoffs.news\/fr\/#website\",\"url\":\"https:\/\/theplayoffs.news\/fr\/\",\"name\":\"The Playoffs FR\",\"description\":\"NBA-NFL-NHL-MLB\",\"potentialAction\":[{\"@type\":\"SearchAction\",\"target\":{\"@type\":\"EntryPoint\",\"urlTemplate\":\"https:\/\/theplayoffs.news\/fr\/?s={search_term_string}\"},\"query-input\":{\"@type\":\"PropertyValueSpecification\",\"valueRequired\":true,\"valueName\":\"search_term_string\"}}],\"inLanguage\":\"fr-FR\"},{\"@type\":\"Person\",\"@id\":\"https:\/\/theplayoffs.news\/fr\/#\/schema\/person\/eee5b69ad5d3c51cabe881c839dbe133\",\"name\":\"Charles Taudin\",\"image\":{\"@type\":\"ImageObject\",\"inLanguage\":\"fr-FR\",\"@id\":\"https:\/\/theplayoffs.news\/fr\/#\/schema\/person\/image\/\",\"url\":\"https:\/\/secure.gravatar.com\/avatar\/59a1e772205ce9fd255edfcafc93013736822e20261f294c5753b20c41ede9f2?s=96&d=mm&r=g\",\"contentUrl\":\"https:\/\/secure.gravatar.com\/avatar\/59a1e772205ce9fd255edfcafc93013736822e20261f294c5753b20c41ede9f2?s=96&d=mm&r=g\",\"caption\":\"Charles Taudin\"},\"description\":\"R\u00e9dacteur en chef global de The Playoffs, j\u2019ai cr\u00e9\u00e9 The Free Agent, devenu The Playoffs FR, en 2020 durant la pand\u00e9mie. Amoureux depuis des ann\u00e9es des 4 sports majeurs am\u00e9ricains, j\u2019organise maintenant la strat\u00e9gie \u00e9ditoriale et les r\u00e9seaux sociaux de l\u2019ensemble des versions de The Playoffs. Il m\u2019arrive encore d\u2019\u00e9crire sur certains sports que j\u2019affectionne particuli\u00e8rement comme la NFL ou la MLB. Si vous devez retenir qu\u2019une chose : Eli Manning est le vrai GOAT pour avoir battu deux fois Tom Brady.\",\"sameAs\":[\"https:\/\/www.instagram.com\/ctaudin_\/\"],\"url\":\"https:\/\/theplayoffs.news\/fr\/author\/charles-taudin\/\"}]}<\/script>\n<!-- \/ Yoast SEO plugin. -->","yoast_head_json":{"title":"Carlos Correa manquera le All Star Game - The Playoffs FR","robots":{"index":"index","follow":"follow","max-snippet":"max-snippet:-1","max-image-preview":"max-image-preview:large","max-video-preview":"max-video-preview:-1"},"canonical":"https:\/\/theplayoffs.news\/fr\/actualite-mlb\/carlos-correa-manquera-le-all-star-game\/","og_locale":"fr_FR","og_type":"article","og_title":"Carlos Correa manquera le All Star Game - The Playoffs FR","og_url":"https:\/\/theplayoffs.news\/fr\/actualite-mlb\/carlos-correa-manquera-le-all-star-game\/","og_site_name":"The Playoffs FR","article_publisher":"https:\/\/www.facebook.com\/TheFreeAgentFR\/","article_modified_time":"2024-07-15T06:30:22+00:00","og_image":[{"width":1678,"height":1119,"url":"https:\/\/theplayoffs.news\/fr\/wp-content\/uploads\/2024\/07\/USATSI_23732801.jpg","type":"image\/jpeg"}],"author":"Charles Taudin","twitter_card":"summary_large_image","twitter_creator":"@TheFreeAgentFR","twitter_site":"@TheFreeAgentFR","twitter_misc":{"\u00c9crit par":"Charles Taudin","Dur\u00e9e de lecture estim\u00e9e":"2 minutes"},"schema":{"@context":"https:\/\/schema.org","@graph":[{"@type":"WebPage","@id":"https:\/\/theplayoffs.news\/fr\/actualite-mlb\/carlos-correa-manquera-le-all-star-game\/","url":"https:\/\/theplayoffs.news\/fr\/actualite-mlb\/carlos-correa-manquera-le-all-star-game\/","name":"Carlos Correa manquera le All Star Game - The Playoffs FR","isPartOf":{"@id":"https:\/\/theplayoffs.news\/fr\/#website"},"primaryImageOfPage":{"@id":"https:\/\/theplayoffs.news\/fr\/actualite-mlb\/carlos-correa-manquera-le-all-star-game\/#primaryimage"},"image":{"@id":"https:\/\/theplayoffs.news\/fr\/actualite-mlb\/carlos-correa-manquera-le-all-star-game\/#primaryimage"},"thumbnailUrl":"https:\/\/theplayoffs.news\/fr\/wp-content\/uploads\/2024\/07\/USATSI_23732801.jpg","datePublished":"2024-07-15T06:42:11+00:00","dateModified":"2024-07-15T08:42:11+02:00","author":{"@id":"https:\/\/theplayoffs.news\/fr\/#\/schema\/person\/eee5b69ad5d3c51cabe881c839dbe133"},"breadcrumb":{"@id":"https:\/\/theplayoffs.news\/fr\/actualite-mlb\/carlos-correa-manquera-le-all-star-game\/#breadcrumb"},"inLanguage":"fr-FR","potentialAction":[{"@type":"ReadAction","target":["https:\/\/theplayoffs.news\/fr\/actualite-mlb\/carlos-correa-manquera-le-all-star-game\/"]}]},{"@type":"ImageObject","inLanguage":"fr-FR","@id":"https:\/\/theplayoffs.news\/fr\/actualite-mlb\/carlos-correa-manquera-le-all-star-game\/#primaryimage","url":"https:\/\/theplayoffs.news\/fr\/wp-content\/uploads\/2024\/07\/USATSI_23732801.jpg","contentUrl":"https:\/\/theplayoffs.news\/fr\/wp-content\/uploads\/2024\/07\/USATSI_23732801.jpg","width":1678,"height":1119,"caption":"Jul 12, 2024; San Francisco, California, USA; Minnesota Twins shortstop Carlos Correa (4) reacts after taking a strike against the San Francisco Giants during the fourth inning at Oracle Park. Mandatory Credit: John Hefti-USA TODAY Sports"},{"@type":"BreadcrumbList","@id":"https:\/\/theplayoffs.news\/fr\/actualite-mlb\/carlos-correa-manquera-le-all-star-game\/#breadcrumb","itemListElement":[{"@type":"ListItem","position":1,"name":"Accueil","item":"https:\/\/theplayoffs.news\/fr\/"},{"@type":"ListItem","position":2,"name":"Carlos Correa manquera le All Star Game"}]},{"@type":"WebSite","@id":"https:\/\/theplayoffs.news\/fr\/#website","url":"https:\/\/theplayoffs.news\/fr\/","name":"The Playoffs FR","description":"NBA-NFL-NHL-MLB","potentialAction":[{"@type":"SearchAction","target":{"@type":"EntryPoint","urlTemplate":"https:\/\/theplayoffs.news\/fr\/?s={search_term_string}"},"query-input":{"@type":"PropertyValueSpecification","valueRequired":true,"valueName":"search_term_string"}}],"inLanguage":"fr-FR"},{"@type":"Person","@id":"https:\/\/theplayoffs.news\/fr\/#\/schema\/person\/eee5b69ad5d3c51cabe881c839dbe133","name":"Charles Taudin","image":{"@type":"ImageObject","inLanguage":"fr-FR","@id":"https:\/\/theplayoffs.news\/fr\/#\/schema\/person\/image\/","url":"https:\/\/secure.gravatar.com\/avatar\/59a1e772205ce9fd255edfcafc93013736822e20261f294c5753b20c41ede9f2?s=96&d=mm&r=g","contentUrl":"https:\/\/secure.gravatar.com\/avatar\/59a1e772205ce9fd255edfcafc93013736822e20261f294c5753b20c41ede9f2?s=96&d=mm&r=g","caption":"Charles Taudin"},"description":"R\u00e9dacteur en chef global de The Playoffs, j\u2019ai cr\u00e9\u00e9 The Free Agent, devenu The Playoffs FR, en 2020 durant la pand\u00e9mie. Amoureux depuis des ann\u00e9es des 4 sports majeurs am\u00e9ricains, j\u2019organise maintenant la strat\u00e9gie \u00e9ditoriale et les r\u00e9seaux sociaux de l\u2019ensemble des versions de The Playoffs. Il m\u2019arrive encore d\u2019\u00e9crire sur certains sports que j\u2019affectionne particuli\u00e8rement comme la NFL ou la MLB. Si vous devez retenir qu\u2019une chose : Eli Manning est le vrai GOAT pour avoir battu deux fois Tom Brady.","sameAs":["https:\/\/www.instagram.com\/ctaudin_\/"],"url":"https:\/\/theplayoffs.news\/fr\/author\/charles-taudin\/"}]}},"_links":{"self":[{"href":"https:\/\/theplayoffs.news\/fr\/wp-json\/wp\/v2\/posts\/1444938","targetHints":{"allow":["GET"]}}],"collection":[{"href":"https:\/\/theplayoffs.news\/fr\/wp-json\/wp\/v2\/posts"}],"about":[{"href":"https:\/\/theplayoffs.news\/fr\/wp-json\/wp\/v2\/types\/post"}],"author":[{"embeddable":true,"href":"https:\/\/theplayoffs.news\/fr\/wp-json\/wp\/v2\/users\/13"}],"replies":[{"embeddable":true,"href":"https:\/\/theplayoffs.news\/fr\/wp-json\/wp\/v2\/comments?post=1444938"}],"version-history":[{"count":3,"href":"https:\/\/theplayoffs.news\/fr\/wp-json\/wp\/v2\/posts\/1444938\/revisions"}],"predecessor-version":[{"id":1444942,"href":"https:\/\/theplayoffs.news\/fr\/wp-json\/wp\/v2\/posts\/1444938\/revisions\/1444942"}],"wp:featuredmedia":[{"embeddable":true,"href":"https:\/\/theplayoffs.news\/fr\/wp-json\/wp\/v2\/media\/1444939"}],"wp:attachment":[{"href":"https:\/\/theplayoffs.news\/fr\/wp-json\/wp\/v2\/media?parent=1444938"}],"wp:term":[{"taxonomy":"category","embeddable":true,"href":"https:\/\/theplayoffs.news\/fr\/wp-json\/wp\/v2\/categories?post=1444938"},{"taxonomy":"post_tag","embeddable":true,"href":"https:\/\/theplayoffs.news\/fr\/wp-json\/wp\/v2\/tags?post=1444938"},{"taxonomy":"sport","embeddable":true,"href":"https:\/\/theplayoffs.news\/fr\/wp-json\/wp\/v2\/sport?post=1444938"},{"taxonomy":"saison","embeddable":true,"href":"https:\/\/theplayoffs.news\/fr\/wp-json\/wp\/v2\/saison?post=1444938"}],"curies":[{"name":"wp","href":"https:\/\/api.w.org\/{rel}","templated":true}]}}