{"id":1444650,"date":"2024-07-12T15:44:50","date_gmt":"2024-07-12T13:44:50","guid":{"rendered":"https:\/\/theplayoffs.news\/fr\/?p=1444650"},"modified":"2024-07-12T15:44:50","modified_gmt":"2024-07-12T13:44:50","slug":"lebron-james-ne-sera-pas-aux-petits-soins-de-bronny","status":"publish","type":"post","link":"https:\/\/theplayoffs.news\/fr\/actualite-nba\/lebron-james-ne-sera-pas-aux-petits-soins-de-bronny\/","title":{"rendered":"Lebron James ne sera pas aux petits soins de Bronny"},"content":{"rendered":"<h2 class=\"p1\"><span class=\"s1\">Lebron James insiste sur le fait que son fils, Bronny, est avant tout un co&eacute;quipier maintenant.<\/span><\/h2><p>&nbsp;<\/p><p class=\"p1\"><span class=\"s1\">Lebron James est ferme, il ne fera pas de traitement de faveur. P&egrave;re et fils dans la m&ecirc;me &eacute;quipe, le futur Hall of Famer se confie au micro de <a href=\"https:\/\/www.today.com\/news\/sports\/bronny-james-lebron-la-lakers-drafted-rcna159355\" class=\"trk-cta-link\" data-cta-trk='{\"ctaType\":\"Link\",\"ctaSubType\":\"main\"}'>Craig Melvin sur Today<\/a>.<\/span><\/p><blockquote>\n<p class=\"p1\"><span class=\"s2\">&laquo;&nbsp;Cela va fonctionner comme n&rsquo;importe quel autre de mes co&eacute;quipiers&nbsp;&raquo;, a d&eacute;clar&eacute; LeBron James. &laquo;&nbsp;<\/span><\/p>\n<\/blockquote><p class=\"p1\"><span class=\"s1\">Enthousiaste &agrave; l&rsquo;id&eacute;e de pouvoir enfin partager le terrain avec son fils, LeBron James a dit que, lorsqu&rsquo;ils sont sur le terrain, l&rsquo;objectif est de gagner le match et de &laquo;&nbsp;s&rsquo;am&eacute;liorer chaque jour&nbsp;&raquo;. Ce serait m&ecirc;me l&rsquo;inverse pour <a href=\"https:\/\/theplayoffs.news\/fr\/nba-basketball\/bronny-james-compte-montrer-ce-quil-peut-vraiment-faire\/\" class=\"trk-cta-link\" data-cta-trk='{\"ctaType\":\"Link\",\"ctaSubType\":\"main\"}'>Bronny<\/a> qui devra probablement travailler aussi dur que son p&egrave;re sans b&eacute;n&eacute;ficier de raccourcis.<\/span><\/p><blockquote>\n<p class=\"p1\"><span class=\"s2\">&laquo;&nbsp;Je n&rsquo;ai pas &agrave; raccourcir la norme quand il s&rsquo;agit de jouer au basket-ball et que quelqu&rsquo;un soit autour de moi au jour le jour.&nbsp;&raquo;<\/span><\/p>\n<\/blockquote><p>\n<div id=\"attachment_1444651\" style=\"width: 310px\" class=\"wp-caption aligncenter\"><img loading=\"lazy\" decoding=\"async\" aria-describedby=\"caption-attachment-1444651\" class=\"size-medium wp-image-1444651\" src=\"https:\/\/theplayoffs.news\/fr\/wp-content\/uploads\/2024\/07\/USATSI_23718122-300x213.jpg\" alt=\"\" width=\"300\" height=\"213\" srcset=\"https:\/\/theplayoffs.news\/fr\/wp-content\/uploads\/2024\/07\/USATSI_23718122-300x213.jpg 300w, https:\/\/theplayoffs.news\/fr\/wp-content\/uploads\/2024\/07\/USATSI_23718122-1030x730.jpg 1030w, https:\/\/theplayoffs.news\/fr\/wp-content\/uploads\/2024\/07\/USATSI_23718122-768x544.jpg 768w, https:\/\/theplayoffs.news\/fr\/wp-content\/uploads\/2024\/07\/USATSI_23718122-1320x935.jpg 1320w, https:\/\/theplayoffs.news\/fr\/wp-content\/uploads\/2024\/07\/USATSI_23718122.jpg 1920w\" sizes=\"auto, (max-width: 300px) 100vw, 300px\" \/><p id=\"caption-attachment-1444651\" class=\"wp-caption-text\">Credit: Kelley L Cox-USA TODAY Sports<\/p><\/div>\n<\/p><p class=\"p1\"><span class=\"s1\"><br>\nLe plus jeune James passera probablement du temps avec l&rsquo;affili&eacute; de la <a href=\"https:\/\/theplayoffs.news\/fr\/nba-basketball\/lakers-bronny-james-condamne-a-la-g-league\/\" class=\"trk-cta-link\" data-cta-trk='{\"ctaType\":\"Link\",\"ctaSubType\":\"main\"}'>G League<\/a> de la franchise, les South Bay Lakers. Quelle que soit la fa&ccedil;on dont ce plan se r&eacute;unit, il serait surprenant que le duo p&egrave;re-fils ne finisse pas par partager le terrain au d&eacute;but de la saison 2024-25, un moment que tout fan attends avec impatience<\/span><\/p>\n","protected":false},"excerpt":{"rendered":"","protected":false},"author":180310252,"featured_media":1444656,"comment_status":"open","ping_status":"closed","sticky":false,"template":"","format":"standard","meta":{"inline_featured_image":false,"kia_subtitle":"","_mux_skip_reasons":[],"proofreadBy":0,"footnotes":""},"categories":[110,10],"tags":[],"sport":[2783],"saison":[6111],"class_list":["post-1444650","post","type-post","status-publish","format-standard","has-post-thumbnail","hentry","category-actualite-nba","category-nba","sport-nba","saison-6111"],"acf":[],"yoast_head":"<!-- This site is optimized with the Yoast SEO plugin v24.2 - https:\/\/yoast.com\/wordpress\/plugins\/seo\/ -->\n<title>Lebron James ne sera pas aux petits soins de Bronny - The Playoffs FR<\/title>\n<meta name=\"robots\" content=\"index, follow, max-snippet:-1, max-image-preview:large, max-video-preview:-1\" \/>\n<link rel=\"canonical\" href=\"https:\/\/theplayoffs.news\/fr\/actualite-nba\/lebron-james-ne-sera-pas-aux-petits-soins-de-bronny\/\" \/>\n<meta property=\"og:locale\" content=\"fr_FR\" \/>\n<meta property=\"og:type\" content=\"article\" \/>\n<meta property=\"og:title\" content=\"Lebron James ne sera pas aux petits soins de Bronny - The Playoffs FR\" \/>\n<meta property=\"og:url\" content=\"https:\/\/theplayoffs.news\/fr\/actualite-nba\/lebron-james-ne-sera-pas-aux-petits-soins-de-bronny\/\" \/>\n<meta property=\"og:site_name\" content=\"The Playoffs FR\" \/>\n<meta property=\"article:publisher\" content=\"https:\/\/www.facebook.com\/TheFreeAgentFR\/\" \/>\n<meta property=\"article:modified_time\" content=\"2024-07-12T15:44:50+02:00\" \/>\n<meta property=\"og:image\" content=\"https:\/\/theplayoffs.news\/fr\/wp-content\/uploads\/2024\/07\/USATSI_23719474.jpg\" \/>\n\t<meta property=\"og:image:width\" content=\"1920\" \/>\n\t<meta property=\"og:image:height\" content=\"1280\" \/>\n\t<meta property=\"og:image:type\" content=\"image\/jpeg\" \/>\n<meta name=\"author\" content=\"Hugo Da Silva\" \/>\n<meta name=\"twitter:card\" content=\"summary_large_image\" \/>\n<meta name=\"twitter:creator\" content=\"@TheFreeAgentFR\" \/>\n<meta name=\"twitter:site\" content=\"@TheFreeAgentFR\" \/>\n<meta name=\"twitter:label1\" content=\"\u00c9crit par\" \/>\n\t<meta name=\"twitter:data1\" content=\"Hugo Da Silva\" \/>\n\t<meta name=\"twitter:label2\" content=\"Dur\u00e9e de lecture estim\u00e9e\" \/>\n\t<meta name=\"twitter:data2\" content=\"1 minute\" \/>\n<script type=\"application\/ld+json\" class=\"yoast-schema-graph\">{\"@context\":\"https:\/\/schema.org\",\"@graph\":[{\"@type\":\"WebPage\",\"@id\":\"https:\/\/theplayoffs.news\/fr\/actualite-nba\/lebron-james-ne-sera-pas-aux-petits-soins-de-bronny\/\",\"url\":\"https:\/\/theplayoffs.news\/fr\/actualite-nba\/lebron-james-ne-sera-pas-aux-petits-soins-de-bronny\/\",\"name\":\"Lebron James ne sera pas aux petits soins de Bronny - The Playoffs FR\",\"isPartOf\":{\"@id\":\"https:\/\/theplayoffs.news\/fr\/#website\"},\"primaryImageOfPage\":{\"@id\":\"https:\/\/theplayoffs.news\/fr\/actualite-nba\/lebron-james-ne-sera-pas-aux-petits-soins-de-bronny\/#primaryimage\"},\"image\":{\"@id\":\"https:\/\/theplayoffs.news\/fr\/actualite-nba\/lebron-james-ne-sera-pas-aux-petits-soins-de-bronny\/#primaryimage\"},\"thumbnailUrl\":\"https:\/\/theplayoffs.news\/fr\/wp-content\/uploads\/2024\/07\/USATSI_23719474.jpg\",\"datePublished\":\"2024-07-12T13:44:50+00:00\",\"dateModified\":\"2024-07-12T13:44:50+00:00\",\"author\":{\"@id\":\"https:\/\/theplayoffs.news\/fr\/#\/schema\/person\/6873025fdeeef5a5a119a678d88f9eb8\"},\"breadcrumb\":{\"@id\":\"https:\/\/theplayoffs.news\/fr\/actualite-nba\/lebron-james-ne-sera-pas-aux-petits-soins-de-bronny\/#breadcrumb\"},\"inLanguage\":\"fr-FR\",\"potentialAction\":[{\"@type\":\"ReadAction\",\"target\":[\"https:\/\/theplayoffs.news\/fr\/actualite-nba\/lebron-james-ne-sera-pas-aux-petits-soins-de-bronny\/\"]}]},{\"@type\":\"ImageObject\",\"inLanguage\":\"fr-FR\",\"@id\":\"https:\/\/theplayoffs.news\/fr\/actualite-nba\/lebron-james-ne-sera-pas-aux-petits-soins-de-bronny\/#primaryimage\",\"url\":\"https:\/\/theplayoffs.news\/fr\/wp-content\/uploads\/2024\/07\/USATSI_23719474.jpg\",\"contentUrl\":\"https:\/\/theplayoffs.news\/fr\/wp-content\/uploads\/2024\/07\/USATSI_23719474.jpg\",\"width\":1920,\"height\":1280,\"caption\":\"Jul 10, 2024; Las Vegas, Nevada, USA; USA forward Lebron James (6) looks on during the third quarter against Canada in the USA Basketball Showcase at T-Mobile Arena. Mandatory Credit: Candice Ward-USA TODAY Sports\"},{\"@type\":\"BreadcrumbList\",\"@id\":\"https:\/\/theplayoffs.news\/fr\/actualite-nba\/lebron-james-ne-sera-pas-aux-petits-soins-de-bronny\/#breadcrumb\",\"itemListElement\":[{\"@type\":\"ListItem\",\"position\":1,\"name\":\"Accueil\",\"item\":\"https:\/\/theplayoffs.news\/fr\/\"},{\"@type\":\"ListItem\",\"position\":2,\"name\":\"Lebron James ne sera pas aux petits soins de Bronny\"}]},{\"@type\":\"WebSite\",\"@id\":\"https:\/\/theplayoffs.news\/fr\/#website\",\"url\":\"https:\/\/theplayoffs.news\/fr\/\",\"name\":\"The Playoffs FR\",\"description\":\"NBA-NFL-NHL-MLB\",\"potentialAction\":[{\"@type\":\"SearchAction\",\"target\":{\"@type\":\"EntryPoint\",\"urlTemplate\":\"https:\/\/theplayoffs.news\/fr\/?s={search_term_string}\"},\"query-input\":{\"@type\":\"PropertyValueSpecification\",\"valueRequired\":true,\"valueName\":\"search_term_string\"}}],\"inLanguage\":\"fr-FR\"},{\"@type\":\"Person\",\"@id\":\"https:\/\/theplayoffs.news\/fr\/#\/schema\/person\/6873025fdeeef5a5a119a678d88f9eb8\",\"name\":\"Hugo Da Silva\",\"image\":{\"@type\":\"ImageObject\",\"inLanguage\":\"fr-FR\",\"@id\":\"https:\/\/theplayoffs.news\/fr\/#\/schema\/person\/image\/\",\"url\":\"https:\/\/secure.gravatar.com\/avatar\/42645c167f2d0d025c99c89a9d5af905f285255ee846e7a777caaecca00b1837?s=96&d=mm&r=g\",\"contentUrl\":\"https:\/\/secure.gravatar.com\/avatar\/42645c167f2d0d025c99c89a9d5af905f285255ee846e7a777caaecca00b1837?s=96&d=mm&r=g\",\"caption\":\"Hugo Da Silva\"},\"url\":\"https:\/\/theplayoffs.news\/fr\/author\/hugodasilva0903gmail-com\/\"}]}<\/script>\n<!-- \/ Yoast SEO plugin. -->","yoast_head_json":{"title":"Lebron James ne sera pas aux petits soins de Bronny - The Playoffs FR","robots":{"index":"index","follow":"follow","max-snippet":"max-snippet:-1","max-image-preview":"max-image-preview:large","max-video-preview":"max-video-preview:-1"},"canonical":"https:\/\/theplayoffs.news\/fr\/actualite-nba\/lebron-james-ne-sera-pas-aux-petits-soins-de-bronny\/","og_locale":"fr_FR","og_type":"article","og_title":"Lebron James ne sera pas aux petits soins de Bronny - The Playoffs FR","og_url":"https:\/\/theplayoffs.news\/fr\/actualite-nba\/lebron-james-ne-sera-pas-aux-petits-soins-de-bronny\/","og_site_name":"The Playoffs FR","article_publisher":"https:\/\/www.facebook.com\/TheFreeAgentFR\/","og_image":[{"width":1920,"height":1280,"url":"https:\/\/theplayoffs.news\/fr\/wp-content\/uploads\/2024\/07\/USATSI_23719474.jpg","type":"image\/jpeg"}],"author":"Hugo Da Silva","twitter_card":"summary_large_image","twitter_creator":"@TheFreeAgentFR","twitter_site":"@TheFreeAgentFR","twitter_misc":{"\u00c9crit par":"Hugo Da Silva","Dur\u00e9e de lecture estim\u00e9e":"1 minute"},"schema":{"@context":"https:\/\/schema.org","@graph":[{"@type":"WebPage","@id":"https:\/\/theplayoffs.news\/fr\/actualite-nba\/lebron-james-ne-sera-pas-aux-petits-soins-de-bronny\/","url":"https:\/\/theplayoffs.news\/fr\/actualite-nba\/lebron-james-ne-sera-pas-aux-petits-soins-de-bronny\/","name":"Lebron James ne sera pas aux petits soins de Bronny - The Playoffs FR","isPartOf":{"@id":"https:\/\/theplayoffs.news\/fr\/#website"},"primaryImageOfPage":{"@id":"https:\/\/theplayoffs.news\/fr\/actualite-nba\/lebron-james-ne-sera-pas-aux-petits-soins-de-bronny\/#primaryimage"},"image":{"@id":"https:\/\/theplayoffs.news\/fr\/actualite-nba\/lebron-james-ne-sera-pas-aux-petits-soins-de-bronny\/#primaryimage"},"thumbnailUrl":"https:\/\/theplayoffs.news\/fr\/wp-content\/uploads\/2024\/07\/USATSI_23719474.jpg","datePublished":"2024-07-12T13:44:50+00:00","dateModified":"2024-07-12T13:44:50+00:00","author":{"@id":"https:\/\/theplayoffs.news\/fr\/#\/schema\/person\/6873025fdeeef5a5a119a678d88f9eb8"},"breadcrumb":{"@id":"https:\/\/theplayoffs.news\/fr\/actualite-nba\/lebron-james-ne-sera-pas-aux-petits-soins-de-bronny\/#breadcrumb"},"inLanguage":"fr-FR","potentialAction":[{"@type":"ReadAction","target":["https:\/\/theplayoffs.news\/fr\/actualite-nba\/lebron-james-ne-sera-pas-aux-petits-soins-de-bronny\/"]}]},{"@type":"ImageObject","inLanguage":"fr-FR","@id":"https:\/\/theplayoffs.news\/fr\/actualite-nba\/lebron-james-ne-sera-pas-aux-petits-soins-de-bronny\/#primaryimage","url":"https:\/\/theplayoffs.news\/fr\/wp-content\/uploads\/2024\/07\/USATSI_23719474.jpg","contentUrl":"https:\/\/theplayoffs.news\/fr\/wp-content\/uploads\/2024\/07\/USATSI_23719474.jpg","width":1920,"height":1280,"caption":"Jul 10, 2024; Las Vegas, Nevada, USA; USA forward Lebron James (6) looks on during the third quarter against Canada in the USA Basketball Showcase at T-Mobile Arena. Mandatory Credit: Candice Ward-USA TODAY Sports"},{"@type":"BreadcrumbList","@id":"https:\/\/theplayoffs.news\/fr\/actualite-nba\/lebron-james-ne-sera-pas-aux-petits-soins-de-bronny\/#breadcrumb","itemListElement":[{"@type":"ListItem","position":1,"name":"Accueil","item":"https:\/\/theplayoffs.news\/fr\/"},{"@type":"ListItem","position":2,"name":"Lebron James ne sera pas aux petits soins de Bronny"}]},{"@type":"WebSite","@id":"https:\/\/theplayoffs.news\/fr\/#website","url":"https:\/\/theplayoffs.news\/fr\/","name":"The Playoffs FR","description":"NBA-NFL-NHL-MLB","potentialAction":[{"@type":"SearchAction","target":{"@type":"EntryPoint","urlTemplate":"https:\/\/theplayoffs.news\/fr\/?s={search_term_string}"},"query-input":{"@type":"PropertyValueSpecification","valueRequired":true,"valueName":"search_term_string"}}],"inLanguage":"fr-FR"},{"@type":"Person","@id":"https:\/\/theplayoffs.news\/fr\/#\/schema\/person\/6873025fdeeef5a5a119a678d88f9eb8","name":"Hugo Da Silva","image":{"@type":"ImageObject","inLanguage":"fr-FR","@id":"https:\/\/theplayoffs.news\/fr\/#\/schema\/person\/image\/","url":"https:\/\/secure.gravatar.com\/avatar\/42645c167f2d0d025c99c89a9d5af905f285255ee846e7a777caaecca00b1837?s=96&d=mm&r=g","contentUrl":"https:\/\/secure.gravatar.com\/avatar\/42645c167f2d0d025c99c89a9d5af905f285255ee846e7a777caaecca00b1837?s=96&d=mm&r=g","caption":"Hugo Da Silva"},"url":"https:\/\/theplayoffs.news\/fr\/author\/hugodasilva0903gmail-com\/"}]}},"_links":{"self":[{"href":"https:\/\/theplayoffs.news\/fr\/wp-json\/wp\/v2\/posts\/1444650","targetHints":{"allow":["GET"]}}],"collection":[{"href":"https:\/\/theplayoffs.news\/fr\/wp-json\/wp\/v2\/posts"}],"about":[{"href":"https:\/\/theplayoffs.news\/fr\/wp-json\/wp\/v2\/types\/post"}],"author":[{"embeddable":true,"href":"https:\/\/theplayoffs.news\/fr\/wp-json\/wp\/v2\/users\/180310252"}],"replies":[{"embeddable":true,"href":"https:\/\/theplayoffs.news\/fr\/wp-json\/wp\/v2\/comments?post=1444650"}],"version-history":[{"count":2,"href":"https:\/\/theplayoffs.news\/fr\/wp-json\/wp\/v2\/posts\/1444650\/revisions"}],"predecessor-version":[{"id":1444661,"href":"https:\/\/theplayoffs.news\/fr\/wp-json\/wp\/v2\/posts\/1444650\/revisions\/1444661"}],"wp:featuredmedia":[{"embeddable":true,"href":"https:\/\/theplayoffs.news\/fr\/wp-json\/wp\/v2\/media\/1444656"}],"wp:attachment":[{"href":"https:\/\/theplayoffs.news\/fr\/wp-json\/wp\/v2\/media?parent=1444650"}],"wp:term":[{"taxonomy":"category","embeddable":true,"href":"https:\/\/theplayoffs.news\/fr\/wp-json\/wp\/v2\/categories?post=1444650"},{"taxonomy":"post_tag","embeddable":true,"href":"https:\/\/theplayoffs.news\/fr\/wp-json\/wp\/v2\/tags?post=1444650"},{"taxonomy":"sport","embeddable":true,"href":"https:\/\/theplayoffs.news\/fr\/wp-json\/wp\/v2\/sport?post=1444650"},{"taxonomy":"saison","embeddable":true,"href":"https:\/\/theplayoffs.news\/fr\/wp-json\/wp\/v2\/saison?post=1444650"}],"curies":[{"name":"wp","href":"https:\/\/api.w.org\/{rel}","templated":true}]}}