{"id":1444641,"date":"2024-07-12T15:30:12","date_gmt":"2024-07-12T13:30:12","guid":{"rendered":"https:\/\/theplayoffs.news\/fr\/?p=1444641"},"modified":"2024-07-12T15:18:28","modified_gmt":"2024-07-12T13:18:28","slug":"la-sentence-est-tombee-gregg-berhalter-remercie","status":"publish","type":"post","link":"https:\/\/theplayoffs.news\/fr\/mls\/la-sentence-est-tombee-gregg-berhalter-remercie\/","title":{"rendered":"La sentence est tomb\u00e9e, Gregg Berhalter remerci\u00e9"},"content":{"rendered":"<h2>On vous le disait sur le dernier papier de TFA sur la s&eacute;lection am&eacute;ricaine : Quid de Gregg Berhalter.<\/h2><p>On a d&eacute;sormais la r&eacute;ponse. Les dirigeants de la f&eacute;d&eacute;ration am&eacute;ricaine ont d&eacute;cid&eacute; de remercier l&rsquo;entraineur Berhalter. Apr&egrave;s une Copa America bien d&eacute;cevante au niveau du r&eacute;sultat, les observateurs s&rsquo;attendaient &agrave; une remise en question quant &agrave; la suite du projet USA.<\/p><p>Elle ne s&rsquo;est donc pas fait attendre.<\/p><h3><strong>Une gestion qui pose question. <\/strong><\/h3><p>L&rsquo;histoire de Gregg Berhalter n&rsquo;a pas &eacute;t&eacute; un long fleuve tranquille. L&rsquo;homme &acirc;g&eacute; de 50 ans a d&eacute;j&agrave; connu un limogeage apr&egrave;s la Coupe du Monde 2022 au Qatar. &nbsp;Pourtant les &Eacute;tats-Unis ont su sortir d&rsquo;une Poule assez relev&eacute;e avec notamment l&rsquo;Angleterre. Une &eacute;limination en huiti&egrave;me face aux Pays-Bas et des relations extra-sportives qui avaient eu raison de lui. Pourtant l&rsquo;&eacute;t&eacute; dernier, le board am&eacute;ricain d&eacute;cide contre toute attente de lui renouveler sa confiance.<\/p><p>Cette Copa America qui se d&eacute;roule sur son sol et cette non-qualification pour la phase &agrave; &eacute;limination directe ont de nouveau eu raison de Gregg Berhalter. Une &eacute;limination historique puisque les USA sont le premier pays h&ocirc;te &eacute;limin&eacute; en phase de groupes d&rsquo;une Copa America depuis que le tournoi connait qu&rsquo;un seul pays h&ocirc;te depuis 1987.<\/p><p>Le bilan de Gregg Berhalter reste plut&ocirc;t positif avec 44 victoires 17 nuls et 13 d&eacute;faites en cinq ans. Pour deux finales de Ligue des Nations CONCACAF remport&eacute;es.<\/p><p>L&rsquo;ex-s&eacute;lectionneur des USA a notamment exprim&eacute; sa gratitude envers la F&eacute;d&eacute;ration am&eacute;ricaine de football pour cette aventure&nbsp;:<\/p><blockquote><p><em>&laquo; Je tiens &agrave; remercier la F&eacute;d&eacute;ration am&eacute;ricaine de football de m&rsquo;avoir confi&eacute; la t&ecirc;te de cette &eacute;quipe au cours des cinq derni&egrave;res ann&eacute;es. Repr&eacute;senter notre pays est un &eacute;norme honneur et je suis fier de l&rsquo;identit&eacute; que nous avons construite sur et en dehors du terrain. C&rsquo;&eacute;tait tr&egrave;s gratifiant de voir cette &eacute;quipe s&rsquo;am&eacute;liorer au fil des ans et je reste reconnaissant pour les liens &agrave; vie cr&eacute;es avec nos joueurs, nos entraineurs et les membres du personnel &raquo;.<\/em><\/p><\/blockquote><h3><strong>Qui pour remplacer Berhalter&nbsp;? <\/strong><\/h3><p>Regardons d&eacute;sormais vers l&rsquo;avenir. Maintenant que le poste est vacant, il faut lui trouver quelqu&rsquo;un.&nbsp; La volont&eacute; premi&egrave;re de Matt Crocker le directeur sportif de la f&eacute;d&eacute;ration est de trouver un coach qui fait gagner des titres&nbsp;:<\/p><blockquote><p><em>&laquo;&nbsp;C&rsquo;&eacute;tait un groupe tr&egrave;s jeune &agrave; l&rsquo;origine et des progr&egrave;s ont &eacute;t&eacute; r&eacute;alis&eacute;s, mais le moment est venu de transformer ces progr&egrave;s en victoire. Donc, quand j&rsquo;ai sp&eacute;cifiquement regard&eacute; les r&eacute;sultats de la Copa America, nous avons eu quelques points de rep&egrave;re clairs sur l&rsquo;endroit o&ugrave; nous voulions nous rendre dans ce tournoi et nous n&rsquo;y sommes pas parvenus&nbsp;&raquo;.<\/em><\/p><\/blockquote><p>&nbsp;<\/p><p>Les rumeurs les plus insistantes parlent d&rsquo;une arriv&eacute;e d&rsquo;un certain Jurgen Klopp. M&ecirc;me si au moment o&ugrave; nous r&eacute;alisons l&rsquo;article, cela reste encore &agrave; un stade d&rsquo;espoir avec encore trop peu de certitudes que &ccedil;a soit r&eacute;alisable.<\/p><p>D&rsquo;autres noms selon The Athletic pourraient &ecirc;tre dans la Short-List. Patrick Vieira notamment, lui qui a entrain&eacute; en MLS au New York City FC aujourd&rsquo;hui &agrave; Strasboug en Ligue 1. Le manager anglais Gareth Southgate qui s&rsquo;appr&ecirc;te &agrave; jouer une finale d&rsquo;Euro ce dimanche, et enfin l&rsquo;ancien technicien de Tottenham, du PSG et de Chelsea, Mauricio Pochettino.<\/p><p>&nbsp;<\/p><p>Ce renouveau am&eacute;ricain donc devra &ecirc;tre anim&eacute; par un nouveau technicien, avec comme objectif de faire gagner les &Eacute;tats-Unis en vue de cette Coupe du Monde 2026.<\/p><p>&nbsp;<\/p><p>Credit Photo : Jerome Miron-USA TODAY Sports<\/p>\n","protected":false},"excerpt":{"rendered":"","protected":false},"author":180310213,"featured_media":1444643,"comment_status":"open","ping_status":"closed","sticky":false,"template":"","format":"standard","meta":{"inline_featured_image":false,"kia_subtitle":"","_mux_skip_reasons":[],"proofreadBy":0,"footnotes":""},"categories":[658],"tags":[],"sport":[],"saison":[],"class_list":["post-1444641","post","type-post","status-publish","format-standard","has-post-thumbnail","hentry","category-mls"],"acf":[],"yoast_head":"<!-- This site is optimized with the Yoast SEO plugin v24.2 - https:\/\/yoast.com\/wordpress\/plugins\/seo\/ -->\n<title>La sentence est tomb&eacute;e, Gregg Berhalter remerci&eacute; - The Playoffs FR<\/title>\n<meta name=\"robots\" content=\"index, follow, max-snippet:-1, max-image-preview:large, max-video-preview:-1\" \/>\n<link rel=\"canonical\" href=\"https:\/\/theplayoffs.news\/fr\/mls\/la-sentence-est-tombee-gregg-berhalter-remercie\/\" \/>\n<meta property=\"og:locale\" content=\"fr_FR\" \/>\n<meta property=\"og:type\" content=\"article\" \/>\n<meta property=\"og:title\" content=\"La sentence est tomb&eacute;e, Gregg Berhalter remerci&eacute; - The Playoffs FR\" \/>\n<meta property=\"og:url\" content=\"https:\/\/theplayoffs.news\/fr\/mls\/la-sentence-est-tombee-gregg-berhalter-remercie\/\" \/>\n<meta property=\"og:site_name\" content=\"The Playoffs FR\" \/>\n<meta property=\"article:publisher\" content=\"https:\/\/www.facebook.com\/TheFreeAgentFR\/\" \/>\n<meta property=\"article:modified_time\" content=\"2024-07-12T15:30:12+02:00\" \/>\n<meta property=\"og:image\" content=\"https:\/\/theplayoffs.news\/fr\/wp-content\/uploads\/2024\/07\/USATSI_23608882.jpg\" \/>\n\t<meta property=\"og:image:width\" content=\"1920\" \/>\n\t<meta property=\"og:image:height\" content=\"1280\" \/>\n\t<meta property=\"og:image:type\" content=\"image\/jpeg\" \/>\n<meta name=\"author\" content=\"ShowTime\" \/>\n<meta name=\"twitter:card\" content=\"summary_large_image\" \/>\n<meta name=\"twitter:creator\" content=\"@TheFreeAgentFR\" \/>\n<meta name=\"twitter:site\" content=\"@TheFreeAgentFR\" \/>\n<meta name=\"twitter:label1\" content=\"\u00c9crit par\" \/>\n\t<meta name=\"twitter:data1\" content=\"ShowTime\" \/>\n\t<meta name=\"twitter:label2\" content=\"Dur\u00e9e de lecture estim\u00e9e\" \/>\n\t<meta name=\"twitter:data2\" content=\"3 minutes\" \/>\n<script type=\"application\/ld+json\" class=\"yoast-schema-graph\">{\"@context\":\"https:\/\/schema.org\",\"@graph\":[{\"@type\":\"WebPage\",\"@id\":\"https:\/\/theplayoffs.news\/fr\/mls\/la-sentence-est-tombee-gregg-berhalter-remercie\/\",\"url\":\"https:\/\/theplayoffs.news\/fr\/mls\/la-sentence-est-tombee-gregg-berhalter-remercie\/\",\"name\":\"La sentence est tomb\u00e9e, Gregg Berhalter remerci\u00e9 - The Playoffs FR\",\"isPartOf\":{\"@id\":\"https:\/\/theplayoffs.news\/fr\/#website\"},\"primaryImageOfPage\":{\"@id\":\"https:\/\/theplayoffs.news\/fr\/mls\/la-sentence-est-tombee-gregg-berhalter-remercie\/#primaryimage\"},\"image\":{\"@id\":\"https:\/\/theplayoffs.news\/fr\/mls\/la-sentence-est-tombee-gregg-berhalter-remercie\/#primaryimage\"},\"thumbnailUrl\":\"https:\/\/theplayoffs.news\/fr\/wp-content\/uploads\/2024\/07\/USATSI_23608882.jpg\",\"datePublished\":\"2024-07-12T13:30:12+00:00\",\"dateModified\":\"2024-07-12T15:30:12+02:00\",\"author\":{\"@id\":\"https:\/\/theplayoffs.news\/fr\/#\/schema\/person\/f6fa85bab6c49d3aa861c5981269a117\"},\"breadcrumb\":{\"@id\":\"https:\/\/theplayoffs.news\/fr\/mls\/la-sentence-est-tombee-gregg-berhalter-remercie\/#breadcrumb\"},\"inLanguage\":\"fr-FR\",\"potentialAction\":[{\"@type\":\"ReadAction\",\"target\":[\"https:\/\/theplayoffs.news\/fr\/mls\/la-sentence-est-tombee-gregg-berhalter-remercie\/\"]}]},{\"@type\":\"ImageObject\",\"inLanguage\":\"fr-FR\",\"@id\":\"https:\/\/theplayoffs.news\/fr\/mls\/la-sentence-est-tombee-gregg-berhalter-remercie\/#primaryimage\",\"url\":\"https:\/\/theplayoffs.news\/fr\/wp-content\/uploads\/2024\/07\/USATSI_23608882.jpg\",\"contentUrl\":\"https:\/\/theplayoffs.news\/fr\/wp-content\/uploads\/2024\/07\/USATSI_23608882.jpg\",\"width\":1920,\"height\":1280,\"caption\":\"Jun 23, 2024; Arlington, TX, USA; United States head coach Gregg Berhalter acknowledges the fans after USA shuts out Bolivia 2-0 in a 2024 Copa America match at AT&amp;T Stadium. Mandatory Credit: Jerome Miron-USA TODAY Sports\"},{\"@type\":\"BreadcrumbList\",\"@id\":\"https:\/\/theplayoffs.news\/fr\/mls\/la-sentence-est-tombee-gregg-berhalter-remercie\/#breadcrumb\",\"itemListElement\":[{\"@type\":\"ListItem\",\"position\":1,\"name\":\"Accueil\",\"item\":\"https:\/\/theplayoffs.news\/fr\/\"},{\"@type\":\"ListItem\",\"position\":2,\"name\":\"La sentence est tomb\u00e9e, Gregg Berhalter remerci\u00e9\"}]},{\"@type\":\"WebSite\",\"@id\":\"https:\/\/theplayoffs.news\/fr\/#website\",\"url\":\"https:\/\/theplayoffs.news\/fr\/\",\"name\":\"The Playoffs FR\",\"description\":\"NBA-NFL-NHL-MLB\",\"potentialAction\":[{\"@type\":\"SearchAction\",\"target\":{\"@type\":\"EntryPoint\",\"urlTemplate\":\"https:\/\/theplayoffs.news\/fr\/?s={search_term_string}\"},\"query-input\":{\"@type\":\"PropertyValueSpecification\",\"valueRequired\":true,\"valueName\":\"search_term_string\"}}],\"inLanguage\":\"fr-FR\"},{\"@type\":\"Person\",\"@id\":\"https:\/\/theplayoffs.news\/fr\/#\/schema\/person\/f6fa85bab6c49d3aa861c5981269a117\",\"name\":\"ShowTime\",\"image\":{\"@type\":\"ImageObject\",\"inLanguage\":\"fr-FR\",\"@id\":\"https:\/\/theplayoffs.news\/fr\/#\/schema\/person\/image\/\",\"url\":\"https:\/\/secure.gravatar.com\/avatar\/166d3b2bca5888013ebfdceaf7de9847159306eb3205a7368a67242a7102306d?s=96&d=mm&r=g\",\"contentUrl\":\"https:\/\/secure.gravatar.com\/avatar\/166d3b2bca5888013ebfdceaf7de9847159306eb3205a7368a67242a7102306d?s=96&d=mm&r=g\",\"caption\":\"ShowTime\"},\"url\":\"https:\/\/theplayoffs.news\/fr\/author\/thomas-laradeegmail-com\/\"}]}<\/script>\n<!-- \/ Yoast SEO plugin. -->","yoast_head_json":{"title":"La sentence est tomb&eacute;e, Gregg Berhalter remerci&eacute; - The Playoffs FR","robots":{"index":"index","follow":"follow","max-snippet":"max-snippet:-1","max-image-preview":"max-image-preview:large","max-video-preview":"max-video-preview:-1"},"canonical":"https:\/\/theplayoffs.news\/fr\/mls\/la-sentence-est-tombee-gregg-berhalter-remercie\/","og_locale":"fr_FR","og_type":"article","og_title":"La sentence est tomb&eacute;e, Gregg Berhalter remerci&eacute; - The Playoffs FR","og_url":"https:\/\/theplayoffs.news\/fr\/mls\/la-sentence-est-tombee-gregg-berhalter-remercie\/","og_site_name":"The Playoffs FR","article_publisher":"https:\/\/www.facebook.com\/TheFreeAgentFR\/","article_modified_time":"2024-07-12T13:18:28+00:00","og_image":[{"width":1920,"height":1280,"url":"https:\/\/theplayoffs.news\/fr\/wp-content\/uploads\/2024\/07\/USATSI_23608882.jpg","type":"image\/jpeg"}],"author":"ShowTime","twitter_card":"summary_large_image","twitter_creator":"@TheFreeAgentFR","twitter_site":"@TheFreeAgentFR","twitter_misc":{"\u00c9crit par":"ShowTime","Dur\u00e9e de lecture estim\u00e9e":"3 minutes"},"schema":{"@context":"https:\/\/schema.org","@graph":[{"@type":"WebPage","@id":"https:\/\/theplayoffs.news\/fr\/mls\/la-sentence-est-tombee-gregg-berhalter-remercie\/","url":"https:\/\/theplayoffs.news\/fr\/mls\/la-sentence-est-tombee-gregg-berhalter-remercie\/","name":"La sentence est tomb\u00e9e, Gregg Berhalter remerci\u00e9 - The Playoffs FR","isPartOf":{"@id":"https:\/\/theplayoffs.news\/fr\/#website"},"primaryImageOfPage":{"@id":"https:\/\/theplayoffs.news\/fr\/mls\/la-sentence-est-tombee-gregg-berhalter-remercie\/#primaryimage"},"image":{"@id":"https:\/\/theplayoffs.news\/fr\/mls\/la-sentence-est-tombee-gregg-berhalter-remercie\/#primaryimage"},"thumbnailUrl":"https:\/\/theplayoffs.news\/fr\/wp-content\/uploads\/2024\/07\/USATSI_23608882.jpg","datePublished":"2024-07-12T13:30:12+00:00","dateModified":"2024-07-12T15:30:12+02:00","author":{"@id":"https:\/\/theplayoffs.news\/fr\/#\/schema\/person\/f6fa85bab6c49d3aa861c5981269a117"},"breadcrumb":{"@id":"https:\/\/theplayoffs.news\/fr\/mls\/la-sentence-est-tombee-gregg-berhalter-remercie\/#breadcrumb"},"inLanguage":"fr-FR","potentialAction":[{"@type":"ReadAction","target":["https:\/\/theplayoffs.news\/fr\/mls\/la-sentence-est-tombee-gregg-berhalter-remercie\/"]}]},{"@type":"ImageObject","inLanguage":"fr-FR","@id":"https:\/\/theplayoffs.news\/fr\/mls\/la-sentence-est-tombee-gregg-berhalter-remercie\/#primaryimage","url":"https:\/\/theplayoffs.news\/fr\/wp-content\/uploads\/2024\/07\/USATSI_23608882.jpg","contentUrl":"https:\/\/theplayoffs.news\/fr\/wp-content\/uploads\/2024\/07\/USATSI_23608882.jpg","width":1920,"height":1280,"caption":"Jun 23, 2024; Arlington, TX, USA; United States head coach Gregg Berhalter acknowledges the fans after USA shuts out Bolivia 2-0 in a 2024 Copa America match at AT&amp;T Stadium. Mandatory Credit: Jerome Miron-USA TODAY Sports"},{"@type":"BreadcrumbList","@id":"https:\/\/theplayoffs.news\/fr\/mls\/la-sentence-est-tombee-gregg-berhalter-remercie\/#breadcrumb","itemListElement":[{"@type":"ListItem","position":1,"name":"Accueil","item":"https:\/\/theplayoffs.news\/fr\/"},{"@type":"ListItem","position":2,"name":"La sentence est tomb\u00e9e, Gregg Berhalter remerci\u00e9"}]},{"@type":"WebSite","@id":"https:\/\/theplayoffs.news\/fr\/#website","url":"https:\/\/theplayoffs.news\/fr\/","name":"The Playoffs FR","description":"NBA-NFL-NHL-MLB","potentialAction":[{"@type":"SearchAction","target":{"@type":"EntryPoint","urlTemplate":"https:\/\/theplayoffs.news\/fr\/?s={search_term_string}"},"query-input":{"@type":"PropertyValueSpecification","valueRequired":true,"valueName":"search_term_string"}}],"inLanguage":"fr-FR"},{"@type":"Person","@id":"https:\/\/theplayoffs.news\/fr\/#\/schema\/person\/f6fa85bab6c49d3aa861c5981269a117","name":"ShowTime","image":{"@type":"ImageObject","inLanguage":"fr-FR","@id":"https:\/\/theplayoffs.news\/fr\/#\/schema\/person\/image\/","url":"https:\/\/secure.gravatar.com\/avatar\/166d3b2bca5888013ebfdceaf7de9847159306eb3205a7368a67242a7102306d?s=96&d=mm&r=g","contentUrl":"https:\/\/secure.gravatar.com\/avatar\/166d3b2bca5888013ebfdceaf7de9847159306eb3205a7368a67242a7102306d?s=96&d=mm&r=g","caption":"ShowTime"},"url":"https:\/\/theplayoffs.news\/fr\/author\/thomas-laradeegmail-com\/"}]}},"_links":{"self":[{"href":"https:\/\/theplayoffs.news\/fr\/wp-json\/wp\/v2\/posts\/1444641","targetHints":{"allow":["GET"]}}],"collection":[{"href":"https:\/\/theplayoffs.news\/fr\/wp-json\/wp\/v2\/posts"}],"about":[{"href":"https:\/\/theplayoffs.news\/fr\/wp-json\/wp\/v2\/types\/post"}],"author":[{"embeddable":true,"href":"https:\/\/theplayoffs.news\/fr\/wp-json\/wp\/v2\/users\/180310213"}],"replies":[{"embeddable":true,"href":"https:\/\/theplayoffs.news\/fr\/wp-json\/wp\/v2\/comments?post=1444641"}],"version-history":[{"count":3,"href":"https:\/\/theplayoffs.news\/fr\/wp-json\/wp\/v2\/posts\/1444641\/revisions"}],"predecessor-version":[{"id":1444646,"href":"https:\/\/theplayoffs.news\/fr\/wp-json\/wp\/v2\/posts\/1444641\/revisions\/1444646"}],"wp:featuredmedia":[{"embeddable":true,"href":"https:\/\/theplayoffs.news\/fr\/wp-json\/wp\/v2\/media\/1444643"}],"wp:attachment":[{"href":"https:\/\/theplayoffs.news\/fr\/wp-json\/wp\/v2\/media?parent=1444641"}],"wp:term":[{"taxonomy":"category","embeddable":true,"href":"https:\/\/theplayoffs.news\/fr\/wp-json\/wp\/v2\/categories?post=1444641"},{"taxonomy":"post_tag","embeddable":true,"href":"https:\/\/theplayoffs.news\/fr\/wp-json\/wp\/v2\/tags?post=1444641"},{"taxonomy":"sport","embeddable":true,"href":"https:\/\/theplayoffs.news\/fr\/wp-json\/wp\/v2\/sport?post=1444641"},{"taxonomy":"saison","embeddable":true,"href":"https:\/\/theplayoffs.news\/fr\/wp-json\/wp\/v2\/saison?post=1444641"}],"curies":[{"name":"wp","href":"https:\/\/api.w.org\/{rel}","templated":true}]}}