{"id":1444623,"date":"2024-07-12T15:12:01","date_gmt":"2024-07-12T13:12:01","guid":{"rendered":"https:\/\/theplayoffs.news\/fr\/?p=1444623"},"modified":"2024-07-12T15:12:01","modified_gmt":"2024-07-12T13:12:01","slug":"pelicans-ingram-face-a-la-folie-des-grandeurs","status":"publish","type":"post","link":"https:\/\/theplayoffs.news\/fr\/actualite-nba\/pelicans-ingram-face-a-la-folie-des-grandeurs\/","title":{"rendered":"Pelicans : Ingram face \u00e0 la folie des grandeurs"},"content":{"rendered":"<h2>&Agrave; la recherche d&rsquo;une prolongation avec les Pelicans, Brandon Ingram exigerait un contrat exorbitant.<\/h2><p>Partira ou ne partira pas ? Une question &agrave; laquelle nous n&rsquo;avons toujours pas de r&eacute;ponse concernant <a href=\"https:\/\/theplayoffs.news\/fr\/nba-basketball\/actualite-nba\/brandon-ingram-en-discussion-avec-les-pelicans-pour-une-prolongation\/\" class=\"trk-cta-link\" data-cta-trk='{\"ctaType\":\"Link\",\"ctaSubType\":\"main\"}'>Brandon Ingram<\/a>. Un temps annonc&eacute; sur le d&eacute;part, le joueur des Pelicans attendrait toujours une prolongation de sa franchise.<\/p><p>N&eacute;anmoins, ses pr&eacute;tentions salariales semblent d&eacute;mesur&eacute;es.<\/p><h3>Vers un contrat &agrave; la Paul George ?<\/h3><p>Pour prolonger aux Pelicans, Brandon Ingram demande un contrat de pr&egrave;s de 210 millions de dollars sur quatre ans. Une somme que les Pelicans ne semblent pas pr&ecirc;ts &agrave; d&eacute;penser, selon <a href=\"https:\/\/marcstein.substack.com\/p\/my-nba-trade-talk-and-free-agency\" class=\"trk-cta-link\" data-cta-trk='{\"ctaType\":\"Link\",\"ctaSubType\":\"main\"}'>Marc Stein<\/a>.<\/p><p>Un temps annonc&eacute; aux Sixers et aux Kings, ces deux franchises ont finalement choisi d&rsquo;autres joueurs &agrave; sa place (Paul George et DeMar DeRozan). Aucune franchise ne semblerait pr&ecirc;te &agrave; lui offrir ce salaire.<\/p><p>De plus, les Pelicans chercheraient avant tout un rempla&ccedil;ant pour Jonas Valanciunas bien qu&rsquo;ils ne veuillent pas que leur ailier finisse free agent. Il reste encore un an de contrat &agrave; l&rsquo;ancien des Lakers.<\/p><p>Le myst&egrave;re autour d&rsquo;Ingram reste entier&hellip;<\/p><p>&nbsp;<\/p><p>Cr&eacute;dit photo : Alonzo Adams-USA TODAY Sports<\/p>\n","protected":false},"excerpt":{"rendered":"","protected":false},"author":180310250,"featured_media":1444629,"comment_status":"open","ping_status":"closed","sticky":false,"template":"","format":"standard","meta":{"inline_featured_image":false,"kia_subtitle":"","_mux_skip_reasons":[],"proofreadBy":0,"footnotes":""},"categories":[110,10],"tags":[23,138],"sport":[2783],"saison":[],"class_list":["post-1444623","post","type-post","status-publish","format-standard","has-post-thumbnail","hentry","category-actualite-nba","category-nba","tag-nba-tag","tag-pelicans","sport-nba"],"acf":[],"yoast_head":"<!-- This site is optimized with the Yoast SEO plugin v24.2 - https:\/\/yoast.com\/wordpress\/plugins\/seo\/ -->\n<title>Pelicans : Ingram face &agrave; la folie des grandeurs - The Playoffs FR<\/title>\n<meta name=\"robots\" content=\"index, follow, max-snippet:-1, max-image-preview:large, max-video-preview:-1\" \/>\n<link rel=\"canonical\" href=\"https:\/\/theplayoffs.news\/fr\/actualite-nba\/pelicans-ingram-face-a-la-folie-des-grandeurs\/\" \/>\n<meta property=\"og:locale\" content=\"fr_FR\" \/>\n<meta property=\"og:type\" content=\"article\" \/>\n<meta property=\"og:title\" content=\"Pelicans : Ingram face &agrave; la folie des grandeurs - The Playoffs FR\" \/>\n<meta property=\"og:url\" content=\"https:\/\/theplayoffs.news\/fr\/actualite-nba\/pelicans-ingram-face-a-la-folie-des-grandeurs\/\" \/>\n<meta property=\"og:site_name\" content=\"The Playoffs FR\" \/>\n<meta property=\"article:publisher\" content=\"https:\/\/www.facebook.com\/TheFreeAgentFR\/\" \/>\n<meta property=\"article:modified_time\" content=\"2024-07-12T15:12:01+02:00\" \/>\n<meta property=\"og:image\" content=\"https:\/\/theplayoffs.news\/fr\/wp-content\/uploads\/2024\/07\/USATSI_23106629.jpg\" \/>\n\t<meta property=\"og:image:width\" content=\"1920\" \/>\n\t<meta property=\"og:image:height\" content=\"1280\" \/>\n\t<meta property=\"og:image:type\" content=\"image\/jpeg\" \/>\n<meta name=\"author\" content=\"Jean Fabre-Jevanoff\" \/>\n<meta name=\"twitter:card\" content=\"summary_large_image\" \/>\n<meta name=\"twitter:creator\" content=\"@the_jfj_42\" \/>\n<meta name=\"twitter:site\" content=\"@TheFreeAgentFR\" \/>\n<meta name=\"twitter:label1\" content=\"\u00c9crit par\" \/>\n\t<meta name=\"twitter:data1\" content=\"Jean Fabre-Jevanoff\" \/>\n\t<meta name=\"twitter:label2\" content=\"Dur\u00e9e de lecture estim\u00e9e\" \/>\n\t<meta name=\"twitter:data2\" content=\"1 minute\" \/>\n<script type=\"application\/ld+json\" class=\"yoast-schema-graph\">{\"@context\":\"https:\/\/schema.org\",\"@graph\":[{\"@type\":\"WebPage\",\"@id\":\"https:\/\/theplayoffs.news\/fr\/actualite-nba\/pelicans-ingram-face-a-la-folie-des-grandeurs\/\",\"url\":\"https:\/\/theplayoffs.news\/fr\/actualite-nba\/pelicans-ingram-face-a-la-folie-des-grandeurs\/\",\"name\":\"Pelicans : Ingram face \u00e0 la folie des grandeurs - The Playoffs FR\",\"isPartOf\":{\"@id\":\"https:\/\/theplayoffs.news\/fr\/#website\"},\"primaryImageOfPage\":{\"@id\":\"https:\/\/theplayoffs.news\/fr\/actualite-nba\/pelicans-ingram-face-a-la-folie-des-grandeurs\/#primaryimage\"},\"image\":{\"@id\":\"https:\/\/theplayoffs.news\/fr\/actualite-nba\/pelicans-ingram-face-a-la-folie-des-grandeurs\/#primaryimage\"},\"thumbnailUrl\":\"https:\/\/theplayoffs.news\/fr\/wp-content\/uploads\/2024\/07\/USATSI_23106629.jpg\",\"datePublished\":\"2024-07-12T13:12:01+00:00\",\"dateModified\":\"2024-07-12T13:12:01+00:00\",\"author\":{\"@id\":\"https:\/\/theplayoffs.news\/fr\/#\/schema\/person\/1ea25b88e79fe4fabd657430b0013d3d\"},\"breadcrumb\":{\"@id\":\"https:\/\/theplayoffs.news\/fr\/actualite-nba\/pelicans-ingram-face-a-la-folie-des-grandeurs\/#breadcrumb\"},\"inLanguage\":\"fr-FR\",\"potentialAction\":[{\"@type\":\"ReadAction\",\"target\":[\"https:\/\/theplayoffs.news\/fr\/actualite-nba\/pelicans-ingram-face-a-la-folie-des-grandeurs\/\"]}]},{\"@type\":\"ImageObject\",\"inLanguage\":\"fr-FR\",\"@id\":\"https:\/\/theplayoffs.news\/fr\/actualite-nba\/pelicans-ingram-face-a-la-folie-des-grandeurs\/#primaryimage\",\"url\":\"https:\/\/theplayoffs.news\/fr\/wp-content\/uploads\/2024\/07\/USATSI_23106629.jpg\",\"contentUrl\":\"https:\/\/theplayoffs.news\/fr\/wp-content\/uploads\/2024\/07\/USATSI_23106629.jpg\",\"width\":1920,\"height\":1280,\"caption\":\"Apr 24, 2024; Oklahoma City, Oklahoma, USA; New Orleans Pelicans forward Brandon Ingram (14) drives to the basket beside Oklahoma City Thunder guard Luguentz Dort (5) during the first quarter during game two of the first round for the 2024 NBA playoffs at Paycom Center. Mandatory Credit: Alonzo Adams-USA TODAY Sports\"},{\"@type\":\"BreadcrumbList\",\"@id\":\"https:\/\/theplayoffs.news\/fr\/actualite-nba\/pelicans-ingram-face-a-la-folie-des-grandeurs\/#breadcrumb\",\"itemListElement\":[{\"@type\":\"ListItem\",\"position\":1,\"name\":\"Accueil\",\"item\":\"https:\/\/theplayoffs.news\/fr\/\"},{\"@type\":\"ListItem\",\"position\":2,\"name\":\"Pelicans : Ingram face \u00e0 la folie des grandeurs\"}]},{\"@type\":\"WebSite\",\"@id\":\"https:\/\/theplayoffs.news\/fr\/#website\",\"url\":\"https:\/\/theplayoffs.news\/fr\/\",\"name\":\"The Playoffs FR\",\"description\":\"NBA-NFL-NHL-MLB\",\"potentialAction\":[{\"@type\":\"SearchAction\",\"target\":{\"@type\":\"EntryPoint\",\"urlTemplate\":\"https:\/\/theplayoffs.news\/fr\/?s={search_term_string}\"},\"query-input\":{\"@type\":\"PropertyValueSpecification\",\"valueRequired\":true,\"valueName\":\"search_term_string\"}}],\"inLanguage\":\"fr-FR\"},{\"@type\":\"Person\",\"@id\":\"https:\/\/theplayoffs.news\/fr\/#\/schema\/person\/1ea25b88e79fe4fabd657430b0013d3d\",\"name\":\"Jean Fabre-Jevanoff\",\"image\":{\"@type\":\"ImageObject\",\"inLanguage\":\"fr-FR\",\"@id\":\"https:\/\/theplayoffs.news\/fr\/#\/schema\/person\/image\/\",\"url\":\"https:\/\/secure.gravatar.com\/avatar\/18b28dab1159eebc6a17b9787eb8cbbe3242c3d0e8b53b89332f6dc1133aa361?s=96&d=mm&r=g\",\"contentUrl\":\"https:\/\/secure.gravatar.com\/avatar\/18b28dab1159eebc6a17b9787eb8cbbe3242c3d0e8b53b89332f6dc1133aa361?s=96&d=mm&r=g\",\"caption\":\"Jean Fabre-Jevanoff\"},\"description\":\"Journaliste polyvalent sur le football am\u00e9ricain, j\u2019\u00e9cris aussi des articles sur le basket. Commentateur sur Twitch et sur YouTube. Pass\u00e9 par Eurosport notamment. Un mix d\u2019Eminem et de OBJ, fan inconditionnel de Patrick Mahomes et Lebron James\",\"sameAs\":[\"https:\/\/www.instagram.com\/_juaniitooo_\",\"https:\/\/www.linkedin.com\/in\/jean-fabre-jevanoff-84bb9b1a9\/\",\"https:\/\/x.com\/the_jfj_42\"],\"url\":\"https:\/\/theplayoffs.news\/fr\/author\/jeanfj42gmail-com\/\"}]}<\/script>\n<!-- \/ Yoast SEO plugin. -->","yoast_head_json":{"title":"Pelicans : Ingram face &agrave; la folie des grandeurs - The Playoffs FR","robots":{"index":"index","follow":"follow","max-snippet":"max-snippet:-1","max-image-preview":"max-image-preview:large","max-video-preview":"max-video-preview:-1"},"canonical":"https:\/\/theplayoffs.news\/fr\/actualite-nba\/pelicans-ingram-face-a-la-folie-des-grandeurs\/","og_locale":"fr_FR","og_type":"article","og_title":"Pelicans : Ingram face &agrave; la folie des grandeurs - The Playoffs FR","og_url":"https:\/\/theplayoffs.news\/fr\/actualite-nba\/pelicans-ingram-face-a-la-folie-des-grandeurs\/","og_site_name":"The Playoffs FR","article_publisher":"https:\/\/www.facebook.com\/TheFreeAgentFR\/","og_image":[{"width":1920,"height":1280,"url":"https:\/\/theplayoffs.news\/fr\/wp-content\/uploads\/2024\/07\/USATSI_23106629.jpg","type":"image\/jpeg"}],"author":"Jean Fabre-Jevanoff","twitter_card":"summary_large_image","twitter_creator":"@the_jfj_42","twitter_site":"@TheFreeAgentFR","twitter_misc":{"\u00c9crit par":"Jean Fabre-Jevanoff","Dur\u00e9e de lecture estim\u00e9e":"1 minute"},"schema":{"@context":"https:\/\/schema.org","@graph":[{"@type":"WebPage","@id":"https:\/\/theplayoffs.news\/fr\/actualite-nba\/pelicans-ingram-face-a-la-folie-des-grandeurs\/","url":"https:\/\/theplayoffs.news\/fr\/actualite-nba\/pelicans-ingram-face-a-la-folie-des-grandeurs\/","name":"Pelicans : Ingram face \u00e0 la folie des grandeurs - The Playoffs FR","isPartOf":{"@id":"https:\/\/theplayoffs.news\/fr\/#website"},"primaryImageOfPage":{"@id":"https:\/\/theplayoffs.news\/fr\/actualite-nba\/pelicans-ingram-face-a-la-folie-des-grandeurs\/#primaryimage"},"image":{"@id":"https:\/\/theplayoffs.news\/fr\/actualite-nba\/pelicans-ingram-face-a-la-folie-des-grandeurs\/#primaryimage"},"thumbnailUrl":"https:\/\/theplayoffs.news\/fr\/wp-content\/uploads\/2024\/07\/USATSI_23106629.jpg","datePublished":"2024-07-12T13:12:01+00:00","dateModified":"2024-07-12T13:12:01+00:00","author":{"@id":"https:\/\/theplayoffs.news\/fr\/#\/schema\/person\/1ea25b88e79fe4fabd657430b0013d3d"},"breadcrumb":{"@id":"https:\/\/theplayoffs.news\/fr\/actualite-nba\/pelicans-ingram-face-a-la-folie-des-grandeurs\/#breadcrumb"},"inLanguage":"fr-FR","potentialAction":[{"@type":"ReadAction","target":["https:\/\/theplayoffs.news\/fr\/actualite-nba\/pelicans-ingram-face-a-la-folie-des-grandeurs\/"]}]},{"@type":"ImageObject","inLanguage":"fr-FR","@id":"https:\/\/theplayoffs.news\/fr\/actualite-nba\/pelicans-ingram-face-a-la-folie-des-grandeurs\/#primaryimage","url":"https:\/\/theplayoffs.news\/fr\/wp-content\/uploads\/2024\/07\/USATSI_23106629.jpg","contentUrl":"https:\/\/theplayoffs.news\/fr\/wp-content\/uploads\/2024\/07\/USATSI_23106629.jpg","width":1920,"height":1280,"caption":"Apr 24, 2024; Oklahoma City, Oklahoma, USA; New Orleans Pelicans forward Brandon Ingram (14) drives to the basket beside Oklahoma City Thunder guard Luguentz Dort (5) during the first quarter during game two of the first round for the 2024 NBA playoffs at Paycom Center. Mandatory Credit: Alonzo Adams-USA TODAY Sports"},{"@type":"BreadcrumbList","@id":"https:\/\/theplayoffs.news\/fr\/actualite-nba\/pelicans-ingram-face-a-la-folie-des-grandeurs\/#breadcrumb","itemListElement":[{"@type":"ListItem","position":1,"name":"Accueil","item":"https:\/\/theplayoffs.news\/fr\/"},{"@type":"ListItem","position":2,"name":"Pelicans : Ingram face \u00e0 la folie des grandeurs"}]},{"@type":"WebSite","@id":"https:\/\/theplayoffs.news\/fr\/#website","url":"https:\/\/theplayoffs.news\/fr\/","name":"The Playoffs FR","description":"NBA-NFL-NHL-MLB","potentialAction":[{"@type":"SearchAction","target":{"@type":"EntryPoint","urlTemplate":"https:\/\/theplayoffs.news\/fr\/?s={search_term_string}"},"query-input":{"@type":"PropertyValueSpecification","valueRequired":true,"valueName":"search_term_string"}}],"inLanguage":"fr-FR"},{"@type":"Person","@id":"https:\/\/theplayoffs.news\/fr\/#\/schema\/person\/1ea25b88e79fe4fabd657430b0013d3d","name":"Jean Fabre-Jevanoff","image":{"@type":"ImageObject","inLanguage":"fr-FR","@id":"https:\/\/theplayoffs.news\/fr\/#\/schema\/person\/image\/","url":"https:\/\/secure.gravatar.com\/avatar\/18b28dab1159eebc6a17b9787eb8cbbe3242c3d0e8b53b89332f6dc1133aa361?s=96&d=mm&r=g","contentUrl":"https:\/\/secure.gravatar.com\/avatar\/18b28dab1159eebc6a17b9787eb8cbbe3242c3d0e8b53b89332f6dc1133aa361?s=96&d=mm&r=g","caption":"Jean Fabre-Jevanoff"},"description":"Journaliste polyvalent sur le football am\u00e9ricain, j\u2019\u00e9cris aussi des articles sur le basket. Commentateur sur Twitch et sur YouTube. Pass\u00e9 par Eurosport notamment. Un mix d\u2019Eminem et de OBJ, fan inconditionnel de Patrick Mahomes et Lebron James","sameAs":["https:\/\/www.instagram.com\/_juaniitooo_","https:\/\/www.linkedin.com\/in\/jean-fabre-jevanoff-84bb9b1a9\/","https:\/\/x.com\/the_jfj_42"],"url":"https:\/\/theplayoffs.news\/fr\/author\/jeanfj42gmail-com\/"}]}},"_links":{"self":[{"href":"https:\/\/theplayoffs.news\/fr\/wp-json\/wp\/v2\/posts\/1444623","targetHints":{"allow":["GET"]}}],"collection":[{"href":"https:\/\/theplayoffs.news\/fr\/wp-json\/wp\/v2\/posts"}],"about":[{"href":"https:\/\/theplayoffs.news\/fr\/wp-json\/wp\/v2\/types\/post"}],"author":[{"embeddable":true,"href":"https:\/\/theplayoffs.news\/fr\/wp-json\/wp\/v2\/users\/180310250"}],"replies":[{"embeddable":true,"href":"https:\/\/theplayoffs.news\/fr\/wp-json\/wp\/v2\/comments?post=1444623"}],"version-history":[{"count":2,"href":"https:\/\/theplayoffs.news\/fr\/wp-json\/wp\/v2\/posts\/1444623\/revisions"}],"predecessor-version":[{"id":1444631,"href":"https:\/\/theplayoffs.news\/fr\/wp-json\/wp\/v2\/posts\/1444623\/revisions\/1444631"}],"wp:featuredmedia":[{"embeddable":true,"href":"https:\/\/theplayoffs.news\/fr\/wp-json\/wp\/v2\/media\/1444629"}],"wp:attachment":[{"href":"https:\/\/theplayoffs.news\/fr\/wp-json\/wp\/v2\/media?parent=1444623"}],"wp:term":[{"taxonomy":"category","embeddable":true,"href":"https:\/\/theplayoffs.news\/fr\/wp-json\/wp\/v2\/categories?post=1444623"},{"taxonomy":"post_tag","embeddable":true,"href":"https:\/\/theplayoffs.news\/fr\/wp-json\/wp\/v2\/tags?post=1444623"},{"taxonomy":"sport","embeddable":true,"href":"https:\/\/theplayoffs.news\/fr\/wp-json\/wp\/v2\/sport?post=1444623"},{"taxonomy":"saison","embeddable":true,"href":"https:\/\/theplayoffs.news\/fr\/wp-json\/wp\/v2\/saison?post=1444623"}],"curies":[{"name":"wp","href":"https:\/\/api.w.org\/{rel}","templated":true}]}}