{"id":1444580,"date":"2024-07-12T12:15:46","date_gmt":"2024-07-12T10:15:46","guid":{"rendered":"https:\/\/theplayoffs.news\/fr\/?p=1444580"},"modified":"2024-07-12T12:15:46","modified_gmt":"2024-07-12T10:15:46","slug":"gros-test-ce-soir-pour-lequipe-de-france-face-a-la-serbie","status":"publish","type":"post","link":"https:\/\/theplayoffs.news\/fr\/nba\/gros-test-ce-soir-pour-lequipe-de-france-face-a-la-serbie\/","title":{"rendered":"Gros test ce soir pour l&rsquo;\u00e9quipe de France face \u00e0 la Serbie !"},"content":{"rendered":"<h2>Apr&egrave;s leur courte d&eacute;faite ce lundi face &agrave; l&rsquo;Allemagne L&rsquo;&eacute;quipe de France aura &agrave; coeur de se racheter face &agrave; la Serbie de Nikola Jokic.<\/h2><p>M&ecirc;me si cette <strong><a href=\"https:\/\/theplayoffs.news\/fr\/nba-basketball\/basket-lequipe-de-france-privee-de-wembanyama-sincline-face-a-lallemagne\/\" class=\"trk-cta-link\" data-cta-trk='{\"ctaType\":\"Link\",\"ctaSubType\":\"main\"}'>premi&egrave;re d&eacute;faite en pr&eacute;paration<\/a> <\/strong>n&rsquo;a rien de dramatique des questions peuvent se poser et des r&eacute;ponses devront &ecirc;tre apport&eacute;es pour repartir de la LDLC Arena avec la victoire.<\/p><p>La plus grosse inqui&eacute;tude que l&rsquo;on peut avoir pour cette &eacute;quipe de France est sa gestion des temps faibles. Dans le deuxi&egrave;me match face &agrave; l&rsquo;Allemagne les joueurs de Vincent Collet ont eu un gros trou d&rsquo;air &agrave; cheval sur le 2&egrave;me et le 3&egrave;me quart temps en enchainant les pertes de balles et les mauvais choix ce qui a remis Dennis Schr&ouml;der et ses co&eacute;quipiers dans le match. On attend donc d&egrave;s ce soir une meilleure gestion dans les moments les plus compliqu&eacute;es.<\/p><p>Une autre interrogation qui peut se poser concerne l&rsquo;utilisation de Evan Fournier. On sent que le natif de Saint-Maurice se cherche en ce d&eacute;but de pr&eacute;pa et refuse plusieurs tirs qui sont normalement les siens. Le faire d&eacute;buter les matchs pourrait l&rsquo;aider &agrave; retrouver son rythme ce qui serait b&eacute;n&eacute;fique pour l&rsquo;&eacute;quipe de France car elle pourrait retrouver le Evan injouable en attaque. Cependant prendre ce genre de d&eacute;cisions ferait baisser le niveau d&rsquo;intensit&eacute; en d&eacute;fense. Vincent Collet et son staff vont donc devoir trouver la bonne formule pour que l&rsquo;utilisation d&rsquo;Evan Fournier soit la plus efficace possible.<\/p><p>Enfin si on se penche sur l&rsquo;opposition de ce soir le grand d&eacute;fi pour l&rsquo;&eacute;quipe de France sera de contenir <strong><a href=\"https:\/\/theplayoffs.news\/fr\/joueur\/nikola-jokic-nba-6224670\/\" class=\"trk-cta-link\" data-cta-trk='{\"ctaType\":\"Link\",\"ctaSubType\":\"main\"}'>Nikola Jokic<\/a><\/strong>. Sauf changements on devrait avoir le droit &agrave; un duel de tr&egrave;s haut niveau entre le Joker et Wemby. Plus globalement le secteur int&eacute;rieur de l&rsquo;&eacute;quipe de France devra limiter le triple MVP ce qui sera une des cl&eacute;s pour gagner ce match.<\/p><p>Pour rappel l&rsquo;&eacute;quipe de France commencera sa campagne olympique par une <strong><a href=\"https:\/\/www.teamfrancebasket.com\/schedule\/2024\" class=\"trk-cta-link\" data-cta-trk='{\"ctaType\":\"Link\",\"ctaSubType\":\"main\"}'>opposition face au Br&eacute;sil le 27 juillet.<\/a><\/strong><\/p>\n","protected":false},"excerpt":{"rendered":"","protected":false},"author":180310253,"featured_media":1421764,"comment_status":"open","ping_status":"closed","sticky":false,"template":"","format":"standard","meta":{"inline_featured_image":false,"kia_subtitle":"","_mux_skip_reasons":[],"proofreadBy":0,"footnotes":""},"categories":[7518,10],"tags":[6454,561,1194],"sport":[],"saison":[],"class_list":["post-1444580","post","type-post","status-publish","format-standard","has-post-thumbnail","hentry","category-jo2024","category-nba","tag-jeux-olympique-2024","tag-nikola-jokic","tag-victor-wembanyama"],"acf":[],"yoast_head":"<!-- This site is optimized with the Yoast SEO plugin v24.2 - https:\/\/yoast.com\/wordpress\/plugins\/seo\/ -->\n<title>Gros test ce soir pour l&#039;&eacute;quipe de France face &agrave; la Serbie ! - The Playoffs FR<\/title>\n<meta name=\"robots\" content=\"index, follow, max-snippet:-1, max-image-preview:large, max-video-preview:-1\" \/>\n<link rel=\"canonical\" href=\"https:\/\/theplayoffs.news\/fr\/nba\/gros-test-ce-soir-pour-lequipe-de-france-face-a-la-serbie\/\" \/>\n<meta property=\"og:locale\" content=\"fr_FR\" \/>\n<meta property=\"og:type\" content=\"article\" \/>\n<meta property=\"og:title\" content=\"Gros test ce soir pour l&#039;&eacute;quipe de France face &agrave; la Serbie ! - The Playoffs FR\" \/>\n<meta property=\"og:url\" content=\"https:\/\/theplayoffs.news\/fr\/nba\/gros-test-ce-soir-pour-lequipe-de-france-face-a-la-serbie\/\" \/>\n<meta property=\"og:site_name\" content=\"The Playoffs FR\" \/>\n<meta property=\"article:publisher\" content=\"https:\/\/www.facebook.com\/TheFreeAgentFR\/\" \/>\n<meta property=\"article:modified_time\" content=\"2024-07-12T12:15:46+02:00\" \/>\n<meta property=\"og:image\" content=\"https:\/\/theplayoffs.news\/fr\/wp-content\/uploads\/2024\/04\/USATSI_22929904.jpg\" \/>\n\t<meta property=\"og:image:width\" content=\"1920\" \/>\n\t<meta property=\"og:image:height\" content=\"1280\" \/>\n\t<meta property=\"og:image:type\" content=\"image\/jpeg\" \/>\n<meta name=\"author\" content=\"Jules Van den Berghe\" \/>\n<meta name=\"twitter:card\" content=\"summary_large_image\" \/>\n<meta name=\"twitter:creator\" content=\"@TheFreeAgentFR\" \/>\n<meta name=\"twitter:site\" content=\"@TheFreeAgentFR\" \/>\n<meta name=\"twitter:label1\" content=\"\u00c9crit par\" \/>\n\t<meta name=\"twitter:data1\" content=\"Jules Van den Berghe\" \/>\n\t<meta name=\"twitter:label2\" content=\"Dur\u00e9e de lecture estim\u00e9e\" \/>\n\t<meta name=\"twitter:data2\" content=\"2 minutes\" \/>\n<script type=\"application\/ld+json\" class=\"yoast-schema-graph\">{\"@context\":\"https:\/\/schema.org\",\"@graph\":[{\"@type\":\"WebPage\",\"@id\":\"https:\/\/theplayoffs.news\/fr\/nba\/gros-test-ce-soir-pour-lequipe-de-france-face-a-la-serbie\/\",\"url\":\"https:\/\/theplayoffs.news\/fr\/nba\/gros-test-ce-soir-pour-lequipe-de-france-face-a-la-serbie\/\",\"name\":\"Gros test ce soir pour l\\\\'\u00e9quipe de France face \u00e0 la Serbie ! - The Playoffs FR\",\"isPartOf\":{\"@id\":\"https:\/\/theplayoffs.news\/fr\/#website\"},\"primaryImageOfPage\":{\"@id\":\"https:\/\/theplayoffs.news\/fr\/nba\/gros-test-ce-soir-pour-lequipe-de-france-face-a-la-serbie\/#primaryimage\"},\"image\":{\"@id\":\"https:\/\/theplayoffs.news\/fr\/nba\/gros-test-ce-soir-pour-lequipe-de-france-face-a-la-serbie\/#primaryimage\"},\"thumbnailUrl\":\"https:\/\/theplayoffs.news\/fr\/wp-content\/uploads\/2024\/04\/USATSI_22929904.jpg\",\"datePublished\":\"2024-07-12T10:15:46+00:00\",\"dateModified\":\"2024-07-12T10:15:46+00:00\",\"author\":{\"@id\":\"https:\/\/theplayoffs.news\/fr\/#\/schema\/person\/7a47ddbcccdd723a90ed19274b67dce0\"},\"breadcrumb\":{\"@id\":\"https:\/\/theplayoffs.news\/fr\/nba\/gros-test-ce-soir-pour-lequipe-de-france-face-a-la-serbie\/#breadcrumb\"},\"inLanguage\":\"fr-FR\",\"potentialAction\":[{\"@type\":\"ReadAction\",\"target\":[\"https:\/\/theplayoffs.news\/fr\/nba\/gros-test-ce-soir-pour-lequipe-de-france-face-a-la-serbie\/\"]}]},{\"@type\":\"ImageObject\",\"inLanguage\":\"fr-FR\",\"@id\":\"https:\/\/theplayoffs.news\/fr\/nba\/gros-test-ce-soir-pour-lequipe-de-france-face-a-la-serbie\/#primaryimage\",\"url\":\"https:\/\/theplayoffs.news\/fr\/wp-content\/uploads\/2024\/04\/USATSI_22929904.jpg\",\"contentUrl\":\"https:\/\/theplayoffs.news\/fr\/wp-content\/uploads\/2024\/04\/USATSI_22929904.jpg\",\"width\":1920,\"height\":1280,\"caption\":\"Apr 2, 2024; Denver, Colorado, USA; Denver Nuggets center Nikola Jokic (15) controls the ball as San Antonio Spurs center Victor Wembanyama (1) guards in the second quarter at Ball Arena. Mandatory Credit: Isaiah J. Downing-USA TODAY Sports\"},{\"@type\":\"BreadcrumbList\",\"@id\":\"https:\/\/theplayoffs.news\/fr\/nba\/gros-test-ce-soir-pour-lequipe-de-france-face-a-la-serbie\/#breadcrumb\",\"itemListElement\":[{\"@type\":\"ListItem\",\"position\":1,\"name\":\"Accueil\",\"item\":\"https:\/\/theplayoffs.news\/fr\/\"},{\"@type\":\"ListItem\",\"position\":2,\"name\":\"Gros test ce soir pour l&rsquo;\u00e9quipe de France face \u00e0 la Serbie !\"}]},{\"@type\":\"WebSite\",\"@id\":\"https:\/\/theplayoffs.news\/fr\/#website\",\"url\":\"https:\/\/theplayoffs.news\/fr\/\",\"name\":\"The Playoffs FR\",\"description\":\"NBA-NFL-NHL-MLB\",\"potentialAction\":[{\"@type\":\"SearchAction\",\"target\":{\"@type\":\"EntryPoint\",\"urlTemplate\":\"https:\/\/theplayoffs.news\/fr\/?s={search_term_string}\"},\"query-input\":{\"@type\":\"PropertyValueSpecification\",\"valueRequired\":true,\"valueName\":\"search_term_string\"}}],\"inLanguage\":\"fr-FR\"},{\"@type\":\"Person\",\"@id\":\"https:\/\/theplayoffs.news\/fr\/#\/schema\/person\/7a47ddbcccdd723a90ed19274b67dce0\",\"name\":\"Jules Van den Berghe\",\"image\":{\"@type\":\"ImageObject\",\"inLanguage\":\"fr-FR\",\"@id\":\"https:\/\/theplayoffs.news\/fr\/#\/schema\/person\/image\/\",\"url\":\"https:\/\/secure.gravatar.com\/avatar\/47f08d5c5c8151c5136961ddc9524d5e8de5e4bf5666ca59b7dc5a74ededf256?s=96&d=mm&r=g\",\"contentUrl\":\"https:\/\/secure.gravatar.com\/avatar\/47f08d5c5c8151c5136961ddc9524d5e8de5e4bf5666ca59b7dc5a74ededf256?s=96&d=mm&r=g\",\"caption\":\"Jules Van den Berghe\"},\"url\":\"https:\/\/theplayoffs.news\/fr\/author\/julesvdb211gmail-com\/\"}]}<\/script>\n<!-- \/ Yoast SEO plugin. -->","yoast_head_json":{"title":"Gros test ce soir pour l&#039;&eacute;quipe de France face &agrave; la Serbie ! - The Playoffs FR","robots":{"index":"index","follow":"follow","max-snippet":"max-snippet:-1","max-image-preview":"max-image-preview:large","max-video-preview":"max-video-preview:-1"},"canonical":"https:\/\/theplayoffs.news\/fr\/nba\/gros-test-ce-soir-pour-lequipe-de-france-face-a-la-serbie\/","og_locale":"fr_FR","og_type":"article","og_title":"Gros test ce soir pour l&#039;&eacute;quipe de France face &agrave; la Serbie ! - The Playoffs FR","og_url":"https:\/\/theplayoffs.news\/fr\/nba\/gros-test-ce-soir-pour-lequipe-de-france-face-a-la-serbie\/","og_site_name":"The Playoffs FR","article_publisher":"https:\/\/www.facebook.com\/TheFreeAgentFR\/","og_image":[{"width":1920,"height":1280,"url":"https:\/\/theplayoffs.news\/fr\/wp-content\/uploads\/2024\/04\/USATSI_22929904.jpg","type":"image\/jpeg"}],"author":"Jules Van den Berghe","twitter_card":"summary_large_image","twitter_creator":"@TheFreeAgentFR","twitter_site":"@TheFreeAgentFR","twitter_misc":{"\u00c9crit par":"Jules Van den Berghe","Dur\u00e9e de lecture estim\u00e9e":"2 minutes"},"schema":{"@context":"https:\/\/schema.org","@graph":[{"@type":"WebPage","@id":"https:\/\/theplayoffs.news\/fr\/nba\/gros-test-ce-soir-pour-lequipe-de-france-face-a-la-serbie\/","url":"https:\/\/theplayoffs.news\/fr\/nba\/gros-test-ce-soir-pour-lequipe-de-france-face-a-la-serbie\/","name":"Gros test ce soir pour l\\'\u00e9quipe de France face \u00e0 la Serbie ! - The Playoffs FR","isPartOf":{"@id":"https:\/\/theplayoffs.news\/fr\/#website"},"primaryImageOfPage":{"@id":"https:\/\/theplayoffs.news\/fr\/nba\/gros-test-ce-soir-pour-lequipe-de-france-face-a-la-serbie\/#primaryimage"},"image":{"@id":"https:\/\/theplayoffs.news\/fr\/nba\/gros-test-ce-soir-pour-lequipe-de-france-face-a-la-serbie\/#primaryimage"},"thumbnailUrl":"https:\/\/theplayoffs.news\/fr\/wp-content\/uploads\/2024\/04\/USATSI_22929904.jpg","datePublished":"2024-07-12T10:15:46+00:00","dateModified":"2024-07-12T10:15:46+00:00","author":{"@id":"https:\/\/theplayoffs.news\/fr\/#\/schema\/person\/7a47ddbcccdd723a90ed19274b67dce0"},"breadcrumb":{"@id":"https:\/\/theplayoffs.news\/fr\/nba\/gros-test-ce-soir-pour-lequipe-de-france-face-a-la-serbie\/#breadcrumb"},"inLanguage":"fr-FR","potentialAction":[{"@type":"ReadAction","target":["https:\/\/theplayoffs.news\/fr\/nba\/gros-test-ce-soir-pour-lequipe-de-france-face-a-la-serbie\/"]}]},{"@type":"ImageObject","inLanguage":"fr-FR","@id":"https:\/\/theplayoffs.news\/fr\/nba\/gros-test-ce-soir-pour-lequipe-de-france-face-a-la-serbie\/#primaryimage","url":"https:\/\/theplayoffs.news\/fr\/wp-content\/uploads\/2024\/04\/USATSI_22929904.jpg","contentUrl":"https:\/\/theplayoffs.news\/fr\/wp-content\/uploads\/2024\/04\/USATSI_22929904.jpg","width":1920,"height":1280,"caption":"Apr 2, 2024; Denver, Colorado, USA; Denver Nuggets center Nikola Jokic (15) controls the ball as San Antonio Spurs center Victor Wembanyama (1) guards in the second quarter at Ball Arena. Mandatory Credit: Isaiah J. Downing-USA TODAY Sports"},{"@type":"BreadcrumbList","@id":"https:\/\/theplayoffs.news\/fr\/nba\/gros-test-ce-soir-pour-lequipe-de-france-face-a-la-serbie\/#breadcrumb","itemListElement":[{"@type":"ListItem","position":1,"name":"Accueil","item":"https:\/\/theplayoffs.news\/fr\/"},{"@type":"ListItem","position":2,"name":"Gros test ce soir pour l&rsquo;\u00e9quipe de France face \u00e0 la Serbie !"}]},{"@type":"WebSite","@id":"https:\/\/theplayoffs.news\/fr\/#website","url":"https:\/\/theplayoffs.news\/fr\/","name":"The Playoffs FR","description":"NBA-NFL-NHL-MLB","potentialAction":[{"@type":"SearchAction","target":{"@type":"EntryPoint","urlTemplate":"https:\/\/theplayoffs.news\/fr\/?s={search_term_string}"},"query-input":{"@type":"PropertyValueSpecification","valueRequired":true,"valueName":"search_term_string"}}],"inLanguage":"fr-FR"},{"@type":"Person","@id":"https:\/\/theplayoffs.news\/fr\/#\/schema\/person\/7a47ddbcccdd723a90ed19274b67dce0","name":"Jules Van den Berghe","image":{"@type":"ImageObject","inLanguage":"fr-FR","@id":"https:\/\/theplayoffs.news\/fr\/#\/schema\/person\/image\/","url":"https:\/\/secure.gravatar.com\/avatar\/47f08d5c5c8151c5136961ddc9524d5e8de5e4bf5666ca59b7dc5a74ededf256?s=96&d=mm&r=g","contentUrl":"https:\/\/secure.gravatar.com\/avatar\/47f08d5c5c8151c5136961ddc9524d5e8de5e4bf5666ca59b7dc5a74ededf256?s=96&d=mm&r=g","caption":"Jules Van den Berghe"},"url":"https:\/\/theplayoffs.news\/fr\/author\/julesvdb211gmail-com\/"}]}},"_links":{"self":[{"href":"https:\/\/theplayoffs.news\/fr\/wp-json\/wp\/v2\/posts\/1444580","targetHints":{"allow":["GET"]}}],"collection":[{"href":"https:\/\/theplayoffs.news\/fr\/wp-json\/wp\/v2\/posts"}],"about":[{"href":"https:\/\/theplayoffs.news\/fr\/wp-json\/wp\/v2\/types\/post"}],"author":[{"embeddable":true,"href":"https:\/\/theplayoffs.news\/fr\/wp-json\/wp\/v2\/users\/180310253"}],"replies":[{"embeddable":true,"href":"https:\/\/theplayoffs.news\/fr\/wp-json\/wp\/v2\/comments?post=1444580"}],"version-history":[{"count":2,"href":"https:\/\/theplayoffs.news\/fr\/wp-json\/wp\/v2\/posts\/1444580\/revisions"}],"predecessor-version":[{"id":1444605,"href":"https:\/\/theplayoffs.news\/fr\/wp-json\/wp\/v2\/posts\/1444580\/revisions\/1444605"}],"wp:featuredmedia":[{"embeddable":true,"href":"https:\/\/theplayoffs.news\/fr\/wp-json\/wp\/v2\/media\/1421764"}],"wp:attachment":[{"href":"https:\/\/theplayoffs.news\/fr\/wp-json\/wp\/v2\/media?parent=1444580"}],"wp:term":[{"taxonomy":"category","embeddable":true,"href":"https:\/\/theplayoffs.news\/fr\/wp-json\/wp\/v2\/categories?post=1444580"},{"taxonomy":"post_tag","embeddable":true,"href":"https:\/\/theplayoffs.news\/fr\/wp-json\/wp\/v2\/tags?post=1444580"},{"taxonomy":"sport","embeddable":true,"href":"https:\/\/theplayoffs.news\/fr\/wp-json\/wp\/v2\/sport?post=1444580"},{"taxonomy":"saison","embeddable":true,"href":"https:\/\/theplayoffs.news\/fr\/wp-json\/wp\/v2\/saison?post=1444580"}],"curies":[{"name":"wp","href":"https:\/\/api.w.org\/{rel}","templated":true}]}}