{"id":1444193,"date":"2024-07-10T14:16:11","date_gmt":"2024-07-10T12:16:11","guid":{"rendered":"https:\/\/theplayoffs.news\/fr\/?p=1444193"},"modified":"2024-07-10T14:16:11","modified_gmt":"2024-07-10T12:16:11","slug":"nba-2k25-jayson-tatum","status":"publish","type":"post","link":"https:\/\/theplayoffs.news\/fr\/actualite-nba\/nba-2k25-jayson-tatum\/","title":{"rendered":"NBA 2k25 : Jayson Tatum en couverture de l&rsquo;\u00e9dition Standard"},"content":{"rendered":"<h2><strong>Le studio 2k a d&eacute;voil&eacute; les 4 covers du jeu vid&eacute;o de basket NBA 2K25 arrivant &agrave; la rentr&eacute;e pour les adeptes de gaming.<\/strong><\/h2><p><span style=\"font-weight: 400;\">Sur l&rsquo;&eacute;dition Standard de ce NBA 2k25, nous retrouvons le tout juste champion NBA : <a href=\"https:\/\/theplayoffs.news\/fr\/nba-basketball\/actualite-nba\/jayson-tatum-signe-un-contrat-record-avec-les-celtics\/\" class=\"trk-cta-link\" data-cta-trk='{\"ctaType\":\"Link\",\"ctaSubType\":\"main\"}'>Jayson Tatum<\/a>. A la t&ecirc;te de l&rsquo;armada des Celtics, il est all&eacute; chercher sa premi&egrave;re bague &agrave; 26 ans.&nbsp;<\/span><\/p><blockquote class=\"twitter-tweet\" data-width=\"500\" data-dnt=\"true\">\n<p lang=\"en\" dir=\"ltr\">NBA Champion and a 2K cover has a nice ring to it &#127942;<a href=\"https:\/\/twitter.com\/jaytatum0?ref_src=twsrc%5Etfw\" class=\"trk-cta-link\" data-cta-trk='{\"ctaType\":\"Link\",\"ctaSubType\":\"main\"}'>@jaytatum0<\/a> is our <a href=\"https:\/\/twitter.com\/hashtag\/NBA2K25?src=hash&amp;ref_src=twsrc%5Etfw\" class=\"trk-cta-link\" data-cta-trk='{\"ctaType\":\"Link\",\"ctaSubType\":\"main\"}'>#NBA2K25<\/a> Standard Edition Cover Athlete! &#9752;&#65039;<\/p>\n<p>Pre-order today &#10145;&#65039; <a href=\"https:\/\/t.co\/gLm2YAsIjO\" class=\"trk-cta-link\" data-cta-trk='{\"ctaType\":\"Link\",\"ctaSubType\":\"main\"}'>https:\/\/t.co\/gLm2YAsIjO<\/a><a href=\"https:\/\/twitter.com\/hashtag\/BallOverEverything?src=hash&amp;ref_src=twsrc%5Etfw\" class=\"trk-cta-link\" data-cta-trk='{\"ctaType\":\"Link\",\"ctaSubType\":\"main\"}'>#BallOverEverything<\/a> <a href=\"https:\/\/t.co\/xM5YrMi1r4\" class=\"trk-cta-link\" data-cta-trk='{\"ctaType\":\"Link\",\"ctaSubType\":\"main\"}'>pic.twitter.com\/xM5YrMi1r4<\/a><\/p>\n<p>&mdash; NBA 2K (@NBA2K) <a href=\"https:\/\/twitter.com\/NBA2K\/status\/1810997548649423274?ref_src=twsrc%5Etfw\" class=\"trk-cta-link\" data-cta-trk='{\"ctaType\":\"Link\",\"ctaSubType\":\"main\"}'>July 10, 2024<\/a><\/p><\/blockquote><p><script async src=\"https:\/\/platform.twitter.com\/widgets.js\" charset=\"utf-8\"><\/script><\/p><p><span style=\"font-weight: 400;\">Sur l&rsquo;&eacute;dition WNBA nous retrouvons A&rsquo;ja Wilson. Rappelons que les Aces sont championnes WNBA en titre et que Wilson a &eacute;t&eacute; &eacute;lue MVP des Finales 2023. Actuellement en pleine saison 2024, elle <a href=\"https:\/\/theplayoffs.news\/fr\/wnba\/aja-wilson-meilleure-marqueuse-aces\/\" class=\"trk-cta-link\" data-cta-trk='{\"ctaType\":\"Link\",\"ctaSubType\":\"main\"}'>continue ses prouesses<\/a> et s&rsquo;impose comme la meilleure joueuse du monde.&nbsp;<\/span><\/p><blockquote class=\"twitter-tweet\" data-width=\"500\" data-dnt=\"true\">\n<p lang=\"en\" dir=\"ltr\">Champion. MVP. Cover Star&#10024;<a href=\"https:\/\/twitter.com\/_ajawilson22?ref_src=twsrc%5Etfw\" class=\"trk-cta-link\" data-cta-trk='{\"ctaType\":\"Link\",\"ctaSubType\":\"main\"}'>@_ajawilson22<\/a> is our <a href=\"https:\/\/twitter.com\/hashtag\/NBA2K25?src=hash&amp;ref_src=twsrc%5Etfw\" class=\"trk-cta-link\" data-cta-trk='{\"ctaType\":\"Link\",\"ctaSubType\":\"main\"}'>#NBA2K25<\/a> WNBA Edition Cover Athlete! &spades;&#65039;<\/p>\n<p>Pre-order today &#10145;&#65039; <a href=\"https:\/\/t.co\/gLm2YAsIjO\" class=\"trk-cta-link\" data-cta-trk='{\"ctaType\":\"Link\",\"ctaSubType\":\"main\"}'>https:\/\/t.co\/gLm2YAsIjO<\/a><a href=\"https:\/\/twitter.com\/hashtag\/BallOverEverything?src=hash&amp;ref_src=twsrc%5Etfw\" class=\"trk-cta-link\" data-cta-trk='{\"ctaType\":\"Link\",\"ctaSubType\":\"main\"}'>#BallOverEverything<\/a> <a href=\"https:\/\/t.co\/0h4TZInQsZ\" class=\"trk-cta-link\" data-cta-trk='{\"ctaType\":\"Link\",\"ctaSubType\":\"main\"}'>pic.twitter.com\/0h4TZInQsZ<\/a><\/p>\n<p>&mdash; NBA 2K (@NBA2K) <a href=\"https:\/\/twitter.com\/NBA2K\/status\/1810998781980401887?ref_src=twsrc%5Etfw\" class=\"trk-cta-link\" data-cta-trk='{\"ctaType\":\"Link\",\"ctaSubType\":\"main\"}'>July 10, 2024<\/a><\/p><\/blockquote><p><script async src=\"https:\/\/platform.twitter.com\/widgets.js\" charset=\"utf-8\"><\/script><\/p><p><span style=\"font-weight: 400;\">Sur l&rsquo;&eacute;dition All-Star nous retrouvons logiquement donc les deux athl&egrave;tes pr&eacute;c&eacute;dents; Jayson Tatum et A&rsquo;ja Wilson.<\/span><\/p><blockquote class=\"twitter-tweet\" data-width=\"500\" data-dnt=\"true\">\n<p lang=\"en\" dir=\"ltr\">To be a star, it&rsquo;s gotta be <a href=\"https:\/\/twitter.com\/hashtag\/BallOverEverything?src=hash&amp;ref_src=twsrc%5Etfw\" class=\"trk-cta-link\" data-cta-trk='{\"ctaType\":\"Link\",\"ctaSubType\":\"main\"}'>#BallOverEverything<\/a> &#127775;<\/p>\n<p>Introducing our <a href=\"https:\/\/twitter.com\/hashtag\/NBA2K25?src=hash&amp;ref_src=twsrc%5Etfw\" class=\"trk-cta-link\" data-cta-trk='{\"ctaType\":\"Link\",\"ctaSubType\":\"main\"}'>#NBA2K25<\/a> Cover Athletes <a href=\"https:\/\/twitter.com\/jaytatum0?ref_src=twsrc%5Etfw\" class=\"trk-cta-link\" data-cta-trk='{\"ctaType\":\"Link\",\"ctaSubType\":\"main\"}'>@jaytatum0<\/a> and <a href=\"https:\/\/twitter.com\/_ajawilson22?ref_src=twsrc%5Etfw\" class=\"trk-cta-link\" data-cta-trk='{\"ctaType\":\"Link\",\"ctaSubType\":\"main\"}'>@_ajawilson22<\/a>! &#128171;<\/p>\n<p>Pre-order the All-Star Edition today &#10145;&#65039; <a href=\"https:\/\/t.co\/gLm2YAsIjO\" class=\"trk-cta-link\" data-cta-trk='{\"ctaType\":\"Link\",\"ctaSubType\":\"main\"}'>https:\/\/t.co\/gLm2YAsIjO<\/a> <a href=\"https:\/\/t.co\/OwXyK4d71f\" class=\"trk-cta-link\" data-cta-trk='{\"ctaType\":\"Link\",\"ctaSubType\":\"main\"}'>pic.twitter.com\/OwXyK4d71f<\/a><\/p>\n<p>&mdash; NBA 2K (@NBA2K) <a href=\"https:\/\/twitter.com\/NBA2K\/status\/1810996444117254602?ref_src=twsrc%5Etfw\" class=\"trk-cta-link\" data-cta-trk='{\"ctaType\":\"Link\",\"ctaSubType\":\"main\"}'>July 10, 2024<\/a><\/p><\/blockquote><p><script async src=\"https:\/\/platform.twitter.com\/widgets.js\" charset=\"utf-8\"><\/script><\/p><p><span style=\"font-weight: 400;\">Sur l&rsquo;&eacute;dition Hall of Fame nous retrouvons Vince Carter, repr&eacute;sent&eacute; avec son dunk signature du <a href=\"https:\/\/www.youtube.com\/watch?v=-OJMLCF5oK4\" class=\"trk-cta-link\" data-cta-trk='{\"ctaType\":\"Link\",\"ctaSubType\":\"main\"}'>concours de dunks 2000<\/a>, lui ayant valu sa r&eacute;putation d&rsquo;un des meilleurs de l&rsquo;histoire dans cet exercice. Avec le maillot violet sur les &eacute;paules, Carter est &agrave; moiti&eacute; en or, comme une statue.<\/span><\/p><blockquote class=\"twitter-tweet\" data-width=\"500\" data-dnt=\"true\">\n<p lang=\"en\" dir=\"ltr\">A career destined for immortality &#129761;<a href=\"https:\/\/twitter.com\/mrvincecarter15?ref_src=twsrc%5Etfw\" class=\"trk-cta-link\" data-cta-trk='{\"ctaType\":\"Link\",\"ctaSubType\":\"main\"}'>@mrvincecarter15<\/a> is our <a href=\"https:\/\/twitter.com\/hashtag\/NBA2K25?src=hash&amp;ref_src=twsrc%5Etfw\" class=\"trk-cta-link\" data-cta-trk='{\"ctaType\":\"Link\",\"ctaSubType\":\"main\"}'>#NBA2K25<\/a> Hall of Fame Edition Cover Athlete! &#9992;&#65039;<\/p>\n<p>Pre-order today &#10145;&#65039; <a href=\"https:\/\/t.co\/gLm2YAsIjO\" class=\"trk-cta-link\" data-cta-trk='{\"ctaType\":\"Link\",\"ctaSubType\":\"main\"}'>https:\/\/t.co\/gLm2YAsIjO<\/a><a href=\"https:\/\/twitter.com\/hashtag\/BallOverEverything?src=hash&amp;ref_src=twsrc%5Etfw\" class=\"trk-cta-link\" data-cta-trk='{\"ctaType\":\"Link\",\"ctaSubType\":\"main\"}'>#BallOverEverything<\/a> <a href=\"https:\/\/t.co\/YOZRsE9IGy\" class=\"trk-cta-link\" data-cta-trk='{\"ctaType\":\"Link\",\"ctaSubType\":\"main\"}'>pic.twitter.com\/YOZRsE9IGy<\/a><\/p>\n<p>&mdash; NBA 2K (@NBA2K) <a href=\"https:\/\/twitter.com\/NBA2K\/status\/1810999958113505531?ref_src=twsrc%5Etfw\" class=\"trk-cta-link\" data-cta-trk='{\"ctaType\":\"Link\",\"ctaSubType\":\"main\"}'>July 10, 2024<\/a><\/p><\/blockquote><p><script async src=\"https:\/\/platform.twitter.com\/widgets.js\" charset=\"utf-8\"><\/script><\/p><p>Cr&eacute;dit Photo : Elsa\/Pool Photo-USA TODAY Sports<\/p>\n","protected":false},"excerpt":{"rendered":"","protected":false},"author":180310247,"featured_media":1444194,"comment_status":"open","ping_status":"closed","sticky":false,"template":"","format":"standard","meta":{"inline_featured_image":false,"kia_subtitle":"","_mux_skip_reasons":[],"proofreadBy":0,"footnotes":""},"categories":[110,447],"tags":[4230,302,7517],"sport":[],"saison":[],"class_list":["post-1444193","post","type-post","status-publish","format-standard","has-post-thumbnail","hentry","category-actualite-nba","category-gaming","tag-aja-wilson","tag-jayson-tatum","tag-nba-2k25"],"acf":[],"yoast_head":"<!-- This site is optimized with the Yoast SEO plugin v24.2 - https:\/\/yoast.com\/wordpress\/plugins\/seo\/ -->\n<title>NBA 2k25 : Jayson Tatum en couverture de l&#039;&eacute;dition Standard - The Playoffs FR<\/title>\n<meta name=\"robots\" content=\"index, follow, max-snippet:-1, max-image-preview:large, max-video-preview:-1\" \/>\n<link rel=\"canonical\" href=\"https:\/\/theplayoffs.news\/fr\/actualite-nba\/nba-2k25-jayson-tatum\/\" \/>\n<meta property=\"og:locale\" content=\"fr_FR\" \/>\n<meta property=\"og:type\" content=\"article\" \/>\n<meta property=\"og:title\" content=\"NBA 2k25 : Jayson Tatum en couverture de l&#039;&eacute;dition Standard - The Playoffs FR\" \/>\n<meta property=\"og:url\" content=\"https:\/\/theplayoffs.news\/fr\/actualite-nba\/nba-2k25-jayson-tatum\/\" \/>\n<meta property=\"og:site_name\" content=\"The Playoffs FR\" \/>\n<meta property=\"article:publisher\" content=\"https:\/\/www.facebook.com\/TheFreeAgentFR\/\" \/>\n<meta property=\"article:modified_time\" content=\"2024-07-10T14:16:11+02:00\" \/>\n<meta property=\"og:image\" content=\"https:\/\/theplayoffs.news\/fr\/wp-content\/uploads\/2024\/07\/USATSI_23570809.jpg\" \/>\n\t<meta property=\"og:image:width\" content=\"1920\" \/>\n\t<meta property=\"og:image:height\" content=\"1280\" \/>\n\t<meta property=\"og:image:type\" content=\"image\/jpeg\" \/>\n<meta name=\"author\" content=\"Eliott Caillot\" \/>\n<meta name=\"twitter:card\" content=\"summary_large_image\" \/>\n<meta name=\"twitter:creator\" content=\"@TheFreeAgentFR\" \/>\n<meta name=\"twitter:site\" content=\"@TheFreeAgentFR\" \/>\n<meta name=\"twitter:label1\" content=\"\u00c9crit par\" \/>\n\t<meta name=\"twitter:data1\" content=\"Eliott Caillot\" \/>\n\t<meta name=\"twitter:label2\" content=\"Dur\u00e9e de lecture estim\u00e9e\" \/>\n\t<meta name=\"twitter:data2\" content=\"1 minute\" \/>\n<script type=\"application\/ld+json\" class=\"yoast-schema-graph\">{\"@context\":\"https:\/\/schema.org\",\"@graph\":[{\"@type\":\"WebPage\",\"@id\":\"https:\/\/theplayoffs.news\/fr\/actualite-nba\/nba-2k25-jayson-tatum\/\",\"url\":\"https:\/\/theplayoffs.news\/fr\/actualite-nba\/nba-2k25-jayson-tatum\/\",\"name\":\"NBA 2k25 : Jayson Tatum en couverture de l\\\\'\u00e9dition Standard - The Playoffs FR\",\"isPartOf\":{\"@id\":\"https:\/\/theplayoffs.news\/fr\/#website\"},\"primaryImageOfPage\":{\"@id\":\"https:\/\/theplayoffs.news\/fr\/actualite-nba\/nba-2k25-jayson-tatum\/#primaryimage\"},\"image\":{\"@id\":\"https:\/\/theplayoffs.news\/fr\/actualite-nba\/nba-2k25-jayson-tatum\/#primaryimage\"},\"thumbnailUrl\":\"https:\/\/theplayoffs.news\/fr\/wp-content\/uploads\/2024\/07\/USATSI_23570809.jpg\",\"datePublished\":\"2024-07-10T12:16:11+00:00\",\"dateModified\":\"2024-07-10T12:16:11+00:00\",\"author\":{\"@id\":\"https:\/\/theplayoffs.news\/fr\/#\/schema\/person\/b3263eb0855dc52bd89a891bffd4ac2d\"},\"breadcrumb\":{\"@id\":\"https:\/\/theplayoffs.news\/fr\/actualite-nba\/nba-2k25-jayson-tatum\/#breadcrumb\"},\"inLanguage\":\"fr-FR\",\"potentialAction\":[{\"@type\":\"ReadAction\",\"target\":[\"https:\/\/theplayoffs.news\/fr\/actualite-nba\/nba-2k25-jayson-tatum\/\"]}]},{\"@type\":\"ImageObject\",\"inLanguage\":\"fr-FR\",\"@id\":\"https:\/\/theplayoffs.news\/fr\/actualite-nba\/nba-2k25-jayson-tatum\/#primaryimage\",\"url\":\"https:\/\/theplayoffs.news\/fr\/wp-content\/uploads\/2024\/07\/USATSI_23570809.jpg\",\"contentUrl\":\"https:\/\/theplayoffs.news\/fr\/wp-content\/uploads\/2024\/07\/USATSI_23570809.jpg\",\"width\":1920,\"height\":1280,\"caption\":\"Jun 17, 2024; Boston, Massachusetts, USA; Boston Celtics forward Jayson Tatum (0) celebrates in the locker room after winning the 2024 NBA Finals against the Dallas Mavericks at TD Garden. Mandatory Credit: Elsa\/Pool Photo-USA TODAY Sports\"},{\"@type\":\"BreadcrumbList\",\"@id\":\"https:\/\/theplayoffs.news\/fr\/actualite-nba\/nba-2k25-jayson-tatum\/#breadcrumb\",\"itemListElement\":[{\"@type\":\"ListItem\",\"position\":1,\"name\":\"Accueil\",\"item\":\"https:\/\/theplayoffs.news\/fr\/\"},{\"@type\":\"ListItem\",\"position\":2,\"name\":\"NBA 2k25 : Jayson Tatum en couverture de l&rsquo;\u00e9dition Standard\"}]},{\"@type\":\"WebSite\",\"@id\":\"https:\/\/theplayoffs.news\/fr\/#website\",\"url\":\"https:\/\/theplayoffs.news\/fr\/\",\"name\":\"The Playoffs FR\",\"description\":\"NBA-NFL-NHL-MLB\",\"potentialAction\":[{\"@type\":\"SearchAction\",\"target\":{\"@type\":\"EntryPoint\",\"urlTemplate\":\"https:\/\/theplayoffs.news\/fr\/?s={search_term_string}\"},\"query-input\":{\"@type\":\"PropertyValueSpecification\",\"valueRequired\":true,\"valueName\":\"search_term_string\"}}],\"inLanguage\":\"fr-FR\"},{\"@type\":\"Person\",\"@id\":\"https:\/\/theplayoffs.news\/fr\/#\/schema\/person\/b3263eb0855dc52bd89a891bffd4ac2d\",\"name\":\"Eliott Caillot\",\"image\":{\"@type\":\"ImageObject\",\"inLanguage\":\"fr-FR\",\"@id\":\"https:\/\/theplayoffs.news\/fr\/#\/schema\/person\/image\/\",\"url\":\"https:\/\/secure.gravatar.com\/avatar\/f0e6c30d165f1a46b16f05bf08040e1dfc41812cc7ff16ed9b1cde5726a8c951?s=96&d=mm&r=g\",\"contentUrl\":\"https:\/\/secure.gravatar.com\/avatar\/f0e6c30d165f1a46b16f05bf08040e1dfc41812cc7ff16ed9b1cde5726a8c951?s=96&d=mm&r=g\",\"caption\":\"Eliott Caillot\"},\"description\":\"\u00c9tudiant en journalisme, r\u00e9dacteur sp\u00e9cialis\u00e9 dans le basket f\u00e9minin avec la WNBA et Unrivaled Women\u2019s Basketball. Passionn\u00e9 de basket depuis que j\u2019ai assist\u00e9 \u00e0 un derby new-yorkais au Barclays Center en 2016, j\u2019aime autant \u00eatre sur le parquet qu\u2019en tribune de presse pour faire vibrer les lecteurs. Les salles de conf\u00e9rences de presse sont ma deuxi\u00e8me maison. Si votre num\u00e9ro favori est le 22, et que vous avez d\u00e9j\u00e0 entendu parler d\u2019une jeune Clark, vous serez au bon endroit sur TPO.\",\"sameAs\":[\"https:\/\/www.linkedin.com\/in\/eliott-caillot-etudiant\"],\"url\":\"https:\/\/theplayoffs.news\/fr\/author\/eliott-caillotgmail-com\/\"}]}<\/script>\n<!-- \/ Yoast SEO plugin. -->","yoast_head_json":{"title":"NBA 2k25 : Jayson Tatum en couverture de l&#039;&eacute;dition Standard - The Playoffs FR","robots":{"index":"index","follow":"follow","max-snippet":"max-snippet:-1","max-image-preview":"max-image-preview:large","max-video-preview":"max-video-preview:-1"},"canonical":"https:\/\/theplayoffs.news\/fr\/actualite-nba\/nba-2k25-jayson-tatum\/","og_locale":"fr_FR","og_type":"article","og_title":"NBA 2k25 : Jayson Tatum en couverture de l&#039;&eacute;dition Standard - The Playoffs FR","og_url":"https:\/\/theplayoffs.news\/fr\/actualite-nba\/nba-2k25-jayson-tatum\/","og_site_name":"The Playoffs FR","article_publisher":"https:\/\/www.facebook.com\/TheFreeAgentFR\/","og_image":[{"width":1920,"height":1280,"url":"https:\/\/theplayoffs.news\/fr\/wp-content\/uploads\/2024\/07\/USATSI_23570809.jpg","type":"image\/jpeg"}],"author":"Eliott Caillot","twitter_card":"summary_large_image","twitter_creator":"@TheFreeAgentFR","twitter_site":"@TheFreeAgentFR","twitter_misc":{"\u00c9crit par":"Eliott Caillot","Dur\u00e9e de lecture estim\u00e9e":"1 minute"},"schema":{"@context":"https:\/\/schema.org","@graph":[{"@type":"WebPage","@id":"https:\/\/theplayoffs.news\/fr\/actualite-nba\/nba-2k25-jayson-tatum\/","url":"https:\/\/theplayoffs.news\/fr\/actualite-nba\/nba-2k25-jayson-tatum\/","name":"NBA 2k25 : Jayson Tatum en couverture de l\\'\u00e9dition Standard - The Playoffs FR","isPartOf":{"@id":"https:\/\/theplayoffs.news\/fr\/#website"},"primaryImageOfPage":{"@id":"https:\/\/theplayoffs.news\/fr\/actualite-nba\/nba-2k25-jayson-tatum\/#primaryimage"},"image":{"@id":"https:\/\/theplayoffs.news\/fr\/actualite-nba\/nba-2k25-jayson-tatum\/#primaryimage"},"thumbnailUrl":"https:\/\/theplayoffs.news\/fr\/wp-content\/uploads\/2024\/07\/USATSI_23570809.jpg","datePublished":"2024-07-10T12:16:11+00:00","dateModified":"2024-07-10T12:16:11+00:00","author":{"@id":"https:\/\/theplayoffs.news\/fr\/#\/schema\/person\/b3263eb0855dc52bd89a891bffd4ac2d"},"breadcrumb":{"@id":"https:\/\/theplayoffs.news\/fr\/actualite-nba\/nba-2k25-jayson-tatum\/#breadcrumb"},"inLanguage":"fr-FR","potentialAction":[{"@type":"ReadAction","target":["https:\/\/theplayoffs.news\/fr\/actualite-nba\/nba-2k25-jayson-tatum\/"]}]},{"@type":"ImageObject","inLanguage":"fr-FR","@id":"https:\/\/theplayoffs.news\/fr\/actualite-nba\/nba-2k25-jayson-tatum\/#primaryimage","url":"https:\/\/theplayoffs.news\/fr\/wp-content\/uploads\/2024\/07\/USATSI_23570809.jpg","contentUrl":"https:\/\/theplayoffs.news\/fr\/wp-content\/uploads\/2024\/07\/USATSI_23570809.jpg","width":1920,"height":1280,"caption":"Jun 17, 2024; Boston, Massachusetts, USA; Boston Celtics forward Jayson Tatum (0) celebrates in the locker room after winning the 2024 NBA Finals against the Dallas Mavericks at TD Garden. Mandatory Credit: Elsa\/Pool Photo-USA TODAY Sports"},{"@type":"BreadcrumbList","@id":"https:\/\/theplayoffs.news\/fr\/actualite-nba\/nba-2k25-jayson-tatum\/#breadcrumb","itemListElement":[{"@type":"ListItem","position":1,"name":"Accueil","item":"https:\/\/theplayoffs.news\/fr\/"},{"@type":"ListItem","position":2,"name":"NBA 2k25 : Jayson Tatum en couverture de l&rsquo;\u00e9dition Standard"}]},{"@type":"WebSite","@id":"https:\/\/theplayoffs.news\/fr\/#website","url":"https:\/\/theplayoffs.news\/fr\/","name":"The Playoffs FR","description":"NBA-NFL-NHL-MLB","potentialAction":[{"@type":"SearchAction","target":{"@type":"EntryPoint","urlTemplate":"https:\/\/theplayoffs.news\/fr\/?s={search_term_string}"},"query-input":{"@type":"PropertyValueSpecification","valueRequired":true,"valueName":"search_term_string"}}],"inLanguage":"fr-FR"},{"@type":"Person","@id":"https:\/\/theplayoffs.news\/fr\/#\/schema\/person\/b3263eb0855dc52bd89a891bffd4ac2d","name":"Eliott Caillot","image":{"@type":"ImageObject","inLanguage":"fr-FR","@id":"https:\/\/theplayoffs.news\/fr\/#\/schema\/person\/image\/","url":"https:\/\/secure.gravatar.com\/avatar\/f0e6c30d165f1a46b16f05bf08040e1dfc41812cc7ff16ed9b1cde5726a8c951?s=96&d=mm&r=g","contentUrl":"https:\/\/secure.gravatar.com\/avatar\/f0e6c30d165f1a46b16f05bf08040e1dfc41812cc7ff16ed9b1cde5726a8c951?s=96&d=mm&r=g","caption":"Eliott Caillot"},"description":"\u00c9tudiant en journalisme, r\u00e9dacteur sp\u00e9cialis\u00e9 dans le basket f\u00e9minin avec la WNBA et Unrivaled Women\u2019s Basketball. Passionn\u00e9 de basket depuis que j\u2019ai assist\u00e9 \u00e0 un derby new-yorkais au Barclays Center en 2016, j\u2019aime autant \u00eatre sur le parquet qu\u2019en tribune de presse pour faire vibrer les lecteurs. Les salles de conf\u00e9rences de presse sont ma deuxi\u00e8me maison. Si votre num\u00e9ro favori est le 22, et que vous avez d\u00e9j\u00e0 entendu parler d\u2019une jeune Clark, vous serez au bon endroit sur TPO.","sameAs":["https:\/\/www.linkedin.com\/in\/eliott-caillot-etudiant"],"url":"https:\/\/theplayoffs.news\/fr\/author\/eliott-caillotgmail-com\/"}]}},"_links":{"self":[{"href":"https:\/\/theplayoffs.news\/fr\/wp-json\/wp\/v2\/posts\/1444193","targetHints":{"allow":["GET"]}}],"collection":[{"href":"https:\/\/theplayoffs.news\/fr\/wp-json\/wp\/v2\/posts"}],"about":[{"href":"https:\/\/theplayoffs.news\/fr\/wp-json\/wp\/v2\/types\/post"}],"author":[{"embeddable":true,"href":"https:\/\/theplayoffs.news\/fr\/wp-json\/wp\/v2\/users\/180310247"}],"replies":[{"embeddable":true,"href":"https:\/\/theplayoffs.news\/fr\/wp-json\/wp\/v2\/comments?post=1444193"}],"version-history":[{"count":3,"href":"https:\/\/theplayoffs.news\/fr\/wp-json\/wp\/v2\/posts\/1444193\/revisions"}],"predecessor-version":[{"id":1444203,"href":"https:\/\/theplayoffs.news\/fr\/wp-json\/wp\/v2\/posts\/1444193\/revisions\/1444203"}],"wp:featuredmedia":[{"embeddable":true,"href":"https:\/\/theplayoffs.news\/fr\/wp-json\/wp\/v2\/media\/1444194"}],"wp:attachment":[{"href":"https:\/\/theplayoffs.news\/fr\/wp-json\/wp\/v2\/media?parent=1444193"}],"wp:term":[{"taxonomy":"category","embeddable":true,"href":"https:\/\/theplayoffs.news\/fr\/wp-json\/wp\/v2\/categories?post=1444193"},{"taxonomy":"post_tag","embeddable":true,"href":"https:\/\/theplayoffs.news\/fr\/wp-json\/wp\/v2\/tags?post=1444193"},{"taxonomy":"sport","embeddable":true,"href":"https:\/\/theplayoffs.news\/fr\/wp-json\/wp\/v2\/sport?post=1444193"},{"taxonomy":"saison","embeddable":true,"href":"https:\/\/theplayoffs.news\/fr\/wp-json\/wp\/v2\/saison?post=1444193"}],"curies":[{"name":"wp","href":"https:\/\/api.w.org\/{rel}","templated":true}]}}