{"id":1444175,"date":"2024-07-10T12:50:20","date_gmt":"2024-07-10T10:50:20","guid":{"rendered":"https:\/\/theplayoffs.news\/fr\/?p=1444175"},"modified":"2024-07-10T12:50:20","modified_gmt":"2024-07-10T10:50:20","slug":"raiders-adams-content-davoir-antonio-pierce","status":"publish","type":"post","link":"https:\/\/theplayoffs.news\/fr\/nfl\/raiders-adams-content-davoir-antonio-pierce\/","title":{"rendered":"Raiders : Adams content d\u2019avoir Antonio Pierce"},"content":{"rendered":"<h2>&Agrave; l&rsquo;approche de cette nouvelle saison aux Raiders, Davante Adams est heureux de l&rsquo;aborder avec Antonio Pierce.<\/h2><p>Depuis l&rsquo;arriv&eacute;e de <a href=\"https:\/\/theplayoffs.news\/fr\/nfl\/chargers-davante-adams-ne-digere-pas-laffront\/\" class=\"trk-cta-link\" data-cta-trk='{\"ctaType\":\"Link\",\"ctaSubType\":\"main\"}'>Davante Adams<\/a> aux Raiders il y a maintenant deux saisons, tout n&rsquo;a pas &eacute;t&eacute; rose. Cependant, depuis la saison derni&egrave;re, un rayon de soleil pour Davante Adams est apparu.<\/p><p>Davante Adams sait que les Raiders ne sont pas la meilleure franchise NFL, mais le receveur appr&eacute;cie grandement son coach, Antonio Pierce.<\/p><h2>Adams sera encore avec Antonio Pierce aux Raiders<\/h2><p>Antonio Pierce a &eacute;t&eacute; confirm&eacute; &agrave; son poste de head coach, apr&egrave;s avoir &eacute;t&eacute; int&eacute;rimaire la saison pass&eacute;e. Une grande satisfaction pour Davante Adams qui aime travailler avec Pierce.<\/p><blockquote><p>&laquo; C&rsquo;est s&ucirc;r. C&rsquo;est le genre de gars avec qui j&rsquo;aime vraiment parler, travailler, donc j&rsquo;ai essay&eacute; de faire tout ce que j&rsquo;ai pu pour que la direction n&rsquo;ait pas d&rsquo;autre choix. &raquo;, a d&eacute;clar&eacute; Adams dans le <a href=\"https:\/\/www.youtube.com\/watch?v=_ITv3V4rdZQ\" class=\"trk-cta-link\" data-cta-trk='{\"ctaType\":\"Link\",\"ctaSubType\":\"main\"}'>Up &amp; Adams Show with Kay Adams<\/a>.<\/p><\/blockquote><p>Durant l&rsquo;intersaison, Davante Adams s&rsquo;est battu pour que les Raiders gardent Antonio Pierce en tant que head coach. Adams a notamment convaincu Mark Davis, le propri&eacute;taire des Raiders.<\/p><blockquote><p>&laquo; Nous avons d&icirc;n&eacute; ensemble et nous nous sommes assis ensemble, et je lui ai dit &agrave; quel point cela signifiait pour moi et pour le reste de l&rsquo;&eacute;quipe. L&rsquo;autre aspect de la situation est que je n&rsquo;avais m&ecirc;me pas vraiment besoin de faire tout cela, je voulais juste m&rsquo;assurer de ne rien laisser de c&ocirc;t&eacute;. Je voulais juste aborder la question et dire : &lsquo;&lsquo;H&eacute;, je suis totalement convaincu&rsquo;&rsquo;. On voit la diff&eacute;rence quand on fait le changement. On voit comment les joueurs se sentent, avec quel enthousiasme ils jouent, les r&eacute;sultats qu&rsquo;on obtient sur le terrain. Tout &eacute;tait mille fois mieux, donc j&rsquo;essayais vraiment de mettre la cerise sur le g&acirc;teau avec l&rsquo;aide d&rsquo;autres joueurs. &raquo;<\/p><\/blockquote><p>L&rsquo;an pass&eacute;, les Raiders n&rsquo;ont pu faire mieux qu&rsquo;une troisi&egrave;me place de division, malgr&eacute; les 1 144 yards et huit touchdowns d&rsquo;Adams. Mais cette saison pourrait &ecirc;tre bien meilleure&hellip;<\/p><p>&nbsp;<\/p><p>Cr&eacute;dit photo : Kyle Terada-USA TODAY Sports<\/p>\n","protected":false},"excerpt":{"rendered":"","protected":false},"author":180310250,"featured_media":1444181,"comment_status":"open","ping_status":"closed","sticky":false,"template":"","format":"standard","meta":{"inline_featured_image":false,"kia_subtitle":"","_mux_skip_reasons":[],"proofreadBy":0,"footnotes":""},"categories":[40],"tags":[79,374],"sport":[2785],"saison":[6111,7475],"class_list":["post-1444175","post","type-post","status-publish","format-standard","has-post-thumbnail","hentry","category-nfl","tag-nfl","tag-raiders","sport-nfl","saison-6111","saison-7475"],"acf":[],"yoast_head":"<!-- This site is optimized with the Yoast SEO plugin v24.2 - https:\/\/yoast.com\/wordpress\/plugins\/seo\/ -->\n<title>Raiders : Adams content d&rsquo;avoir Antonio Pierce - The Playoffs FR<\/title>\n<meta name=\"robots\" content=\"index, follow, max-snippet:-1, max-image-preview:large, max-video-preview:-1\" \/>\n<link rel=\"canonical\" href=\"https:\/\/theplayoffs.news\/fr\/nfl\/raiders-adams-content-davoir-antonio-pierce\/\" \/>\n<meta property=\"og:locale\" content=\"fr_FR\" \/>\n<meta property=\"og:type\" content=\"article\" \/>\n<meta property=\"og:title\" content=\"Raiders : Adams content d&rsquo;avoir Antonio Pierce - The Playoffs FR\" \/>\n<meta property=\"og:url\" content=\"https:\/\/theplayoffs.news\/fr\/nfl\/raiders-adams-content-davoir-antonio-pierce\/\" \/>\n<meta property=\"og:site_name\" content=\"The Playoffs FR\" \/>\n<meta property=\"article:publisher\" content=\"https:\/\/www.facebook.com\/TheFreeAgentFR\/\" \/>\n<meta property=\"article:modified_time\" content=\"2024-07-10T12:50:20+02:00\" \/>\n<meta property=\"og:image\" content=\"https:\/\/theplayoffs.news\/fr\/wp-content\/uploads\/2024\/07\/USATSI_21827800.jpg\" \/>\n\t<meta property=\"og:image:width\" content=\"1920\" \/>\n\t<meta property=\"og:image:height\" content=\"1280\" \/>\n\t<meta property=\"og:image:type\" content=\"image\/jpeg\" \/>\n<meta name=\"author\" content=\"Jean Fabre-Jevanoff\" \/>\n<meta name=\"twitter:card\" content=\"summary_large_image\" \/>\n<meta name=\"twitter:creator\" content=\"@the_jfj_42\" \/>\n<meta name=\"twitter:site\" content=\"@TheFreeAgentFR\" \/>\n<meta name=\"twitter:label1\" content=\"\u00c9crit par\" \/>\n\t<meta name=\"twitter:data1\" content=\"Jean Fabre-Jevanoff\" \/>\n\t<meta name=\"twitter:label2\" content=\"Dur\u00e9e de lecture estim\u00e9e\" \/>\n\t<meta name=\"twitter:data2\" content=\"2 minutes\" \/>\n<script type=\"application\/ld+json\" class=\"yoast-schema-graph\">{\"@context\":\"https:\/\/schema.org\",\"@graph\":[{\"@type\":\"WebPage\",\"@id\":\"https:\/\/theplayoffs.news\/fr\/nfl\/raiders-adams-content-davoir-antonio-pierce\/\",\"url\":\"https:\/\/theplayoffs.news\/fr\/nfl\/raiders-adams-content-davoir-antonio-pierce\/\",\"name\":\"Raiders : Adams content d\u2019avoir Antonio Pierce - The Playoffs FR\",\"isPartOf\":{\"@id\":\"https:\/\/theplayoffs.news\/fr\/#website\"},\"primaryImageOfPage\":{\"@id\":\"https:\/\/theplayoffs.news\/fr\/nfl\/raiders-adams-content-davoir-antonio-pierce\/#primaryimage\"},\"image\":{\"@id\":\"https:\/\/theplayoffs.news\/fr\/nfl\/raiders-adams-content-davoir-antonio-pierce\/#primaryimage\"},\"thumbnailUrl\":\"https:\/\/theplayoffs.news\/fr\/wp-content\/uploads\/2024\/07\/USATSI_21827800.jpg\",\"datePublished\":\"2024-07-10T10:50:20+00:00\",\"dateModified\":\"2024-07-10T10:50:20+00:00\",\"author\":{\"@id\":\"https:\/\/theplayoffs.news\/fr\/#\/schema\/person\/1ea25b88e79fe4fabd657430b0013d3d\"},\"breadcrumb\":{\"@id\":\"https:\/\/theplayoffs.news\/fr\/nfl\/raiders-adams-content-davoir-antonio-pierce\/#breadcrumb\"},\"inLanguage\":\"fr-FR\",\"potentialAction\":[{\"@type\":\"ReadAction\",\"target\":[\"https:\/\/theplayoffs.news\/fr\/nfl\/raiders-adams-content-davoir-antonio-pierce\/\"]}]},{\"@type\":\"ImageObject\",\"inLanguage\":\"fr-FR\",\"@id\":\"https:\/\/theplayoffs.news\/fr\/nfl\/raiders-adams-content-davoir-antonio-pierce\/#primaryimage\",\"url\":\"https:\/\/theplayoffs.news\/fr\/wp-content\/uploads\/2024\/07\/USATSI_21827800.jpg\",\"contentUrl\":\"https:\/\/theplayoffs.news\/fr\/wp-content\/uploads\/2024\/07\/USATSI_21827800.jpg\",\"width\":1920,\"height\":1280,\"caption\":\"November 5, 2023; Paradise, Nevada, USA; Las Vegas Raiders interim head coach Antonio Pierce (left) high-fives wide receiver Davante Adams (17) after a touchdown against the New York Giants during the first quarter at Allegiant Stadium. Mandatory Credit: Kyle Terada-USA TODAY Sports\"},{\"@type\":\"BreadcrumbList\",\"@id\":\"https:\/\/theplayoffs.news\/fr\/nfl\/raiders-adams-content-davoir-antonio-pierce\/#breadcrumb\",\"itemListElement\":[{\"@type\":\"ListItem\",\"position\":1,\"name\":\"Accueil\",\"item\":\"https:\/\/theplayoffs.news\/fr\/\"},{\"@type\":\"ListItem\",\"position\":2,\"name\":\"Raiders : Adams content d\u2019avoir Antonio Pierce\"}]},{\"@type\":\"WebSite\",\"@id\":\"https:\/\/theplayoffs.news\/fr\/#website\",\"url\":\"https:\/\/theplayoffs.news\/fr\/\",\"name\":\"The Playoffs FR\",\"description\":\"NBA-NFL-NHL-MLB\",\"potentialAction\":[{\"@type\":\"SearchAction\",\"target\":{\"@type\":\"EntryPoint\",\"urlTemplate\":\"https:\/\/theplayoffs.news\/fr\/?s={search_term_string}\"},\"query-input\":{\"@type\":\"PropertyValueSpecification\",\"valueRequired\":true,\"valueName\":\"search_term_string\"}}],\"inLanguage\":\"fr-FR\"},{\"@type\":\"Person\",\"@id\":\"https:\/\/theplayoffs.news\/fr\/#\/schema\/person\/1ea25b88e79fe4fabd657430b0013d3d\",\"name\":\"Jean Fabre-Jevanoff\",\"image\":{\"@type\":\"ImageObject\",\"inLanguage\":\"fr-FR\",\"@id\":\"https:\/\/theplayoffs.news\/fr\/#\/schema\/person\/image\/\",\"url\":\"https:\/\/secure.gravatar.com\/avatar\/18b28dab1159eebc6a17b9787eb8cbbe3242c3d0e8b53b89332f6dc1133aa361?s=96&d=mm&r=g\",\"contentUrl\":\"https:\/\/secure.gravatar.com\/avatar\/18b28dab1159eebc6a17b9787eb8cbbe3242c3d0e8b53b89332f6dc1133aa361?s=96&d=mm&r=g\",\"caption\":\"Jean Fabre-Jevanoff\"},\"description\":\"Journaliste polyvalent sur le football am\u00e9ricain, j\u2019\u00e9cris aussi des articles sur le basket. Commentateur sur Twitch et sur YouTube. Pass\u00e9 par Eurosport notamment. Un mix d\u2019Eminem et de OBJ, fan inconditionnel de Patrick Mahomes et Lebron James\",\"sameAs\":[\"https:\/\/www.instagram.com\/_juaniitooo_\",\"https:\/\/www.linkedin.com\/in\/jean-fabre-jevanoff-84bb9b1a9\/\",\"https:\/\/x.com\/the_jfj_42\"],\"url\":\"https:\/\/theplayoffs.news\/fr\/author\/jeanfj42gmail-com\/\"}]}<\/script>\n<!-- \/ Yoast SEO plugin. -->","yoast_head_json":{"title":"Raiders : Adams content d&rsquo;avoir Antonio Pierce - The Playoffs FR","robots":{"index":"index","follow":"follow","max-snippet":"max-snippet:-1","max-image-preview":"max-image-preview:large","max-video-preview":"max-video-preview:-1"},"canonical":"https:\/\/theplayoffs.news\/fr\/nfl\/raiders-adams-content-davoir-antonio-pierce\/","og_locale":"fr_FR","og_type":"article","og_title":"Raiders : Adams content d&rsquo;avoir Antonio Pierce - The Playoffs FR","og_url":"https:\/\/theplayoffs.news\/fr\/nfl\/raiders-adams-content-davoir-antonio-pierce\/","og_site_name":"The Playoffs FR","article_publisher":"https:\/\/www.facebook.com\/TheFreeAgentFR\/","og_image":[{"width":1920,"height":1280,"url":"https:\/\/theplayoffs.news\/fr\/wp-content\/uploads\/2024\/07\/USATSI_21827800.jpg","type":"image\/jpeg"}],"author":"Jean Fabre-Jevanoff","twitter_card":"summary_large_image","twitter_creator":"@the_jfj_42","twitter_site":"@TheFreeAgentFR","twitter_misc":{"\u00c9crit par":"Jean Fabre-Jevanoff","Dur\u00e9e de lecture estim\u00e9e":"2 minutes"},"schema":{"@context":"https:\/\/schema.org","@graph":[{"@type":"WebPage","@id":"https:\/\/theplayoffs.news\/fr\/nfl\/raiders-adams-content-davoir-antonio-pierce\/","url":"https:\/\/theplayoffs.news\/fr\/nfl\/raiders-adams-content-davoir-antonio-pierce\/","name":"Raiders : Adams content d\u2019avoir Antonio Pierce - The Playoffs FR","isPartOf":{"@id":"https:\/\/theplayoffs.news\/fr\/#website"},"primaryImageOfPage":{"@id":"https:\/\/theplayoffs.news\/fr\/nfl\/raiders-adams-content-davoir-antonio-pierce\/#primaryimage"},"image":{"@id":"https:\/\/theplayoffs.news\/fr\/nfl\/raiders-adams-content-davoir-antonio-pierce\/#primaryimage"},"thumbnailUrl":"https:\/\/theplayoffs.news\/fr\/wp-content\/uploads\/2024\/07\/USATSI_21827800.jpg","datePublished":"2024-07-10T10:50:20+00:00","dateModified":"2024-07-10T10:50:20+00:00","author":{"@id":"https:\/\/theplayoffs.news\/fr\/#\/schema\/person\/1ea25b88e79fe4fabd657430b0013d3d"},"breadcrumb":{"@id":"https:\/\/theplayoffs.news\/fr\/nfl\/raiders-adams-content-davoir-antonio-pierce\/#breadcrumb"},"inLanguage":"fr-FR","potentialAction":[{"@type":"ReadAction","target":["https:\/\/theplayoffs.news\/fr\/nfl\/raiders-adams-content-davoir-antonio-pierce\/"]}]},{"@type":"ImageObject","inLanguage":"fr-FR","@id":"https:\/\/theplayoffs.news\/fr\/nfl\/raiders-adams-content-davoir-antonio-pierce\/#primaryimage","url":"https:\/\/theplayoffs.news\/fr\/wp-content\/uploads\/2024\/07\/USATSI_21827800.jpg","contentUrl":"https:\/\/theplayoffs.news\/fr\/wp-content\/uploads\/2024\/07\/USATSI_21827800.jpg","width":1920,"height":1280,"caption":"November 5, 2023; Paradise, Nevada, USA; Las Vegas Raiders interim head coach Antonio Pierce (left) high-fives wide receiver Davante Adams (17) after a touchdown against the New York Giants during the first quarter at Allegiant Stadium. Mandatory Credit: Kyle Terada-USA TODAY Sports"},{"@type":"BreadcrumbList","@id":"https:\/\/theplayoffs.news\/fr\/nfl\/raiders-adams-content-davoir-antonio-pierce\/#breadcrumb","itemListElement":[{"@type":"ListItem","position":1,"name":"Accueil","item":"https:\/\/theplayoffs.news\/fr\/"},{"@type":"ListItem","position":2,"name":"Raiders : Adams content d\u2019avoir Antonio Pierce"}]},{"@type":"WebSite","@id":"https:\/\/theplayoffs.news\/fr\/#website","url":"https:\/\/theplayoffs.news\/fr\/","name":"The Playoffs FR","description":"NBA-NFL-NHL-MLB","potentialAction":[{"@type":"SearchAction","target":{"@type":"EntryPoint","urlTemplate":"https:\/\/theplayoffs.news\/fr\/?s={search_term_string}"},"query-input":{"@type":"PropertyValueSpecification","valueRequired":true,"valueName":"search_term_string"}}],"inLanguage":"fr-FR"},{"@type":"Person","@id":"https:\/\/theplayoffs.news\/fr\/#\/schema\/person\/1ea25b88e79fe4fabd657430b0013d3d","name":"Jean Fabre-Jevanoff","image":{"@type":"ImageObject","inLanguage":"fr-FR","@id":"https:\/\/theplayoffs.news\/fr\/#\/schema\/person\/image\/","url":"https:\/\/secure.gravatar.com\/avatar\/18b28dab1159eebc6a17b9787eb8cbbe3242c3d0e8b53b89332f6dc1133aa361?s=96&d=mm&r=g","contentUrl":"https:\/\/secure.gravatar.com\/avatar\/18b28dab1159eebc6a17b9787eb8cbbe3242c3d0e8b53b89332f6dc1133aa361?s=96&d=mm&r=g","caption":"Jean Fabre-Jevanoff"},"description":"Journaliste polyvalent sur le football am\u00e9ricain, j\u2019\u00e9cris aussi des articles sur le basket. Commentateur sur Twitch et sur YouTube. Pass\u00e9 par Eurosport notamment. Un mix d\u2019Eminem et de OBJ, fan inconditionnel de Patrick Mahomes et Lebron James","sameAs":["https:\/\/www.instagram.com\/_juaniitooo_","https:\/\/www.linkedin.com\/in\/jean-fabre-jevanoff-84bb9b1a9\/","https:\/\/x.com\/the_jfj_42"],"url":"https:\/\/theplayoffs.news\/fr\/author\/jeanfj42gmail-com\/"}]}},"_links":{"self":[{"href":"https:\/\/theplayoffs.news\/fr\/wp-json\/wp\/v2\/posts\/1444175","targetHints":{"allow":["GET"]}}],"collection":[{"href":"https:\/\/theplayoffs.news\/fr\/wp-json\/wp\/v2\/posts"}],"about":[{"href":"https:\/\/theplayoffs.news\/fr\/wp-json\/wp\/v2\/types\/post"}],"author":[{"embeddable":true,"href":"https:\/\/theplayoffs.news\/fr\/wp-json\/wp\/v2\/users\/180310250"}],"replies":[{"embeddable":true,"href":"https:\/\/theplayoffs.news\/fr\/wp-json\/wp\/v2\/comments?post=1444175"}],"version-history":[{"count":2,"href":"https:\/\/theplayoffs.news\/fr\/wp-json\/wp\/v2\/posts\/1444175\/revisions"}],"predecessor-version":[{"id":1444183,"href":"https:\/\/theplayoffs.news\/fr\/wp-json\/wp\/v2\/posts\/1444175\/revisions\/1444183"}],"wp:featuredmedia":[{"embeddable":true,"href":"https:\/\/theplayoffs.news\/fr\/wp-json\/wp\/v2\/media\/1444181"}],"wp:attachment":[{"href":"https:\/\/theplayoffs.news\/fr\/wp-json\/wp\/v2\/media?parent=1444175"}],"wp:term":[{"taxonomy":"category","embeddable":true,"href":"https:\/\/theplayoffs.news\/fr\/wp-json\/wp\/v2\/categories?post=1444175"},{"taxonomy":"post_tag","embeddable":true,"href":"https:\/\/theplayoffs.news\/fr\/wp-json\/wp\/v2\/tags?post=1444175"},{"taxonomy":"sport","embeddable":true,"href":"https:\/\/theplayoffs.news\/fr\/wp-json\/wp\/v2\/sport?post=1444175"},{"taxonomy":"saison","embeddable":true,"href":"https:\/\/theplayoffs.news\/fr\/wp-json\/wp\/v2\/saison?post=1444175"}],"curies":[{"name":"wp","href":"https:\/\/api.w.org\/{rel}","templated":true}]}}