{"id":1444166,"date":"2024-07-10T11:58:08","date_gmt":"2024-07-10T09:58:08","guid":{"rendered":"https:\/\/theplayoffs.news\/fr\/?p=1444166"},"modified":"2024-07-10T11:58:08","modified_gmt":"2024-07-10T09:58:08","slug":"demar-derozan-a-deja-hate-daider-les-kings","status":"publish","type":"post","link":"https:\/\/theplayoffs.news\/fr\/actualite-nba\/demar-derozan-a-deja-hate-daider-les-kings\/","title":{"rendered":"DeMar DeRozan a d\u00e9j\u00e0 h\u00e2te d\u2019aider les Kings"},"content":{"rendered":"<h2><span class=\"s1\">Demar DeRozan se sent voulu chez les Kings, et il compte bien rendre la pareille.<\/span><\/h2><p>&nbsp;<\/p><p class=\"p1\"><span class=\"s1\">L&rsquo;ailier vient fra&icirc;chement d&rsquo;arriver &agrave; Sacramento et &agrave; d&eacute;j&agrave; h&acirc;te de jouer pour sa nouvelle &eacute;quipe. <a href=\"https:\/\/www.nbcsportsbayarea.com\/nba\/sacramento-kings\/demar-derozan-california-classic-deaaron-fox-sacramento\/1752889\/\" class=\"trk-cta-link\" data-cta-trk='{\"ctaType\":\"Link\",\"ctaSubType\":\"main\"}'>Pr&eacute;sent&eacute; Dimanche<\/a> aux c&ocirc;t&eacute;s du grand patron des Kings, Vivek Ranadiv&eacute;, samedi dernier avant le match de la California Classic des Kings. Il a &eacute;t&eacute; accueilli de la meilleure des mani&egrave;res avec sans aucun doute les acclamations les plus fortes de toute foule lors d&rsquo;un match de ligue d&rsquo;&eacute;t&eacute; en juillet.<\/span><\/p><blockquote>\n<p class=\"p1\"><span class=\"s1\">&laquo;&nbsp;J&rsquo;ai h&acirc;te. Je suis ravi. &Ccedil;a va &ecirc;tre amusant.&nbsp;&raquo;<\/span><\/p>\n<\/blockquote><p>\n<div id=\"attachment_1444168\" style=\"width: 310px\" class=\"wp-caption alignnone\"><img loading=\"lazy\" decoding=\"async\" aria-describedby=\"caption-attachment-1444168\" class=\"size-medium wp-image-1444168\" src=\"https:\/\/theplayoffs.news\/fr\/wp-content\/uploads\/2024\/07\/USATSI_22899240-1-300x200.jpg\" alt=\"\" width=\"300\" height=\"200\" srcset=\"https:\/\/theplayoffs.news\/fr\/wp-content\/uploads\/2024\/07\/USATSI_22899240-1-300x200.jpg 300w, https:\/\/theplayoffs.news\/fr\/wp-content\/uploads\/2024\/07\/USATSI_22899240-1-1030x687.jpg 1030w, https:\/\/theplayoffs.news\/fr\/wp-content\/uploads\/2024\/07\/USATSI_22899240-1-768x512.jpg 768w, https:\/\/theplayoffs.news\/fr\/wp-content\/uploads\/2024\/07\/USATSI_22899240-1-1320x880.jpg 1320w, https:\/\/theplayoffs.news\/fr\/wp-content\/uploads\/2024\/07\/USATSI_22899240-1.jpg 1920w\" sizes=\"auto, (max-width: 300px) 100vw, 300px\" \/><p id=\"caption-attachment-1444168\" class=\"wp-caption-text\">Credit: Wendell Cruz-USA TODAY Sports<\/p><\/div>\n<\/p><p class=\"p1\"><span class=\"s1\"><br>\nV&eacute;ritable fan du basket, <a href=\"https:\/\/theplayoffs.news\/fr\/nba-basketball\/demar-derozan-senvole-vers-sacramento\/\" class=\"trk-cta-link\" data-cta-trk='{\"ctaType\":\"Link\",\"ctaSubType\":\"main\"}'>Demar DeRozan<\/a> essaie de suivre le reste de la ligue et de regarder autant de matchs que possible pendant son temps libre. Ainsi, lorsqu&rsquo;il a feuillet&eacute; les cha&icirc;nes et que les Kings jouaient, il a &eacute;t&eacute; intrigu&eacute; par le volume et la clart&eacute; avec lesquels il pouvait entendre la foule du Golden 1 Center &agrave; travers la t&eacute;l&eacute;vision.<\/span><\/p><p>&nbsp;<\/p><p class=\"p1\"><span class=\"s1\">Une ambiance qu&rsquo;il a envie d&rsquo;avoir de son c&ocirc;t&eacute;. Il se sent voulu au sein de la franchise et cela boost son moral. Mais ce qui a motiv&eacute; r&eacute;ellement Demar DeRozan, c&rsquo;est vouloir <a href=\"https:\/\/www.nbcsportsbayarea.com\/nba\/sacramento-kings\/demar-derozan-beam-golden-1-center\/1754187\/?partner=yahoo&amp;cid=yahoo\" class=\"trk-cta-link\" data-cta-trk='{\"ctaType\":\"Link\",\"ctaSubType\":\"main\"}'>apporter son aide<\/a> et son go&ucirc;t pour le d&eacute;fi.<\/span><\/p><p>&nbsp;<\/p><blockquote>\n<p class=\"p1\"><span class=\"s1\">&laquo;&nbsp;J&rsquo;adore le d&eacute;fi. J&rsquo;adore l&rsquo;excitation qui l&rsquo;accompagne. Lorsque vous &ecirc;tes un concurrent, vous voulez &ecirc;tre le meilleur avec l&rsquo;endroit o&ugrave; le meilleur est.&nbsp;&raquo;<\/span><\/p>\n<\/blockquote><p>&nbsp;<\/p><p class=\"p1\"><span class=\"s1\">La franchise de Sacramento remonte la pente et l&rsquo;arriv&eacute;e de DeRozan, six fois ALL STARS NBA, pourrait bien contribuer &agrave; cela. Avec De&rsquo;Aaron Fox, les deux joueurs se partageaient la place de finaliste pour le titre de joueur clutch de la saison NBA.<\/span><\/p><p>&nbsp;<\/p><p class=\"p1\"><span class=\"s1\">Les deux joueurs sont les plus prolifiques de la ligue en dernier quart-temps en 2023\/24. 550 points marqu&eacute;s pour DeMar DeRozan, 538 pour <a href=\"https:\/\/theplayoffs.news\/fr\/nba-basketball\/deaaron-fox-joueur-clutch-de-lannee\/\" class=\"trk-cta-link\" data-cta-trk='{\"ctaType\":\"Link\",\"ctaSubType\":\"main\"}'>De&rsquo;Aaron Fox<\/a>, les deux joueurs seront &agrave; surveiller en fin de match c&rsquo;est s&ucirc;r.<\/span><\/p><blockquote class=\"twitter-tweet\" data-width=\"500\" data-dnt=\"true\">\n<p lang=\"en\" dir=\"ltr\">DeMar DeRozan just walked into Golden 1 Center with Kings owner Vivek Ranadive to a huge ovation <a href=\"https:\/\/t.co\/sUC8oY3TCo\" class=\"trk-cta-link\" data-cta-trk='{\"ctaType\":\"Link\",\"ctaSubType\":\"main\"}'>pic.twitter.com\/sUC8oY3TCo<\/a><\/p>\n<p>&mdash; Anthony Slater (@anthonyVslater) <a href=\"https:\/\/twitter.com\/anthonyVslater\/status\/1809778728991617415?ref_src=twsrc%5Etfw\" class=\"trk-cta-link\" data-cta-trk='{\"ctaType\":\"Link\",\"ctaSubType\":\"main\"}'>July 7, 2024<\/a><\/p><\/blockquote><p><script async src=\"https:\/\/platform.twitter.com\/widgets.js\" charset=\"utf-8\"><\/script><\/p><p>&nbsp;<\/p><p class=\"p1\"><span class=\"s1\">Pr&eacute;sent&eacute; dimanche avec la musique &laquo;&nbsp;Not Like Us&nbsp;&raquo; de son ami de longue date Kendrick Lamar, l&rsquo;ancien joueur de Chicago n&rsquo;attends qu&rsquo;une chose, montrer aux fans que le vouloir &eacute;tait une bonne id&eacute;e. Nous verrons donc Demar DeRozan revenir chez lui en Californie et performer aux c&ocirc;t&eacute;s de De&rsquo;Aaron Fox.<\/span><\/p>\n","protected":false},"excerpt":{"rendered":"","protected":false},"author":180310252,"featured_media":1444167,"comment_status":"open","ping_status":"closed","sticky":false,"template":"","format":"standard","meta":{"inline_featured_image":false,"kia_subtitle":"","_mux_skip_reasons":[],"proofreadBy":0,"footnotes":""},"categories":[110,10],"tags":[],"sport":[2783],"saison":[6111],"class_list":["post-1444166","post","type-post","status-publish","format-standard","has-post-thumbnail","hentry","category-actualite-nba","category-nba","sport-nba","saison-6111"],"acf":[],"yoast_head":"<!-- This site is optimized with the Yoast SEO plugin v24.2 - https:\/\/yoast.com\/wordpress\/plugins\/seo\/ -->\n<title>DeMar DeRozan a d&eacute;j&agrave; h&acirc;te d&rsquo;aider les Kings - The Playoffs FR<\/title>\n<meta name=\"robots\" content=\"index, follow, max-snippet:-1, max-image-preview:large, max-video-preview:-1\" \/>\n<link rel=\"canonical\" href=\"https:\/\/theplayoffs.news\/fr\/actualite-nba\/demar-derozan-a-deja-hate-daider-les-kings\/\" \/>\n<meta property=\"og:locale\" content=\"fr_FR\" \/>\n<meta property=\"og:type\" content=\"article\" \/>\n<meta property=\"og:title\" content=\"DeMar DeRozan a d&eacute;j&agrave; h&acirc;te d&rsquo;aider les Kings - The Playoffs FR\" \/>\n<meta property=\"og:url\" content=\"https:\/\/theplayoffs.news\/fr\/actualite-nba\/demar-derozan-a-deja-hate-daider-les-kings\/\" \/>\n<meta property=\"og:site_name\" content=\"The Playoffs FR\" \/>\n<meta property=\"article:publisher\" content=\"https:\/\/www.facebook.com\/TheFreeAgentFR\/\" \/>\n<meta property=\"article:modified_time\" content=\"2024-07-10T11:58:08+02:00\" \/>\n<meta property=\"og:image\" content=\"https:\/\/theplayoffs.news\/fr\/wp-content\/uploads\/2024\/07\/USATSI_22440075.jpg\" \/>\n\t<meta property=\"og:image:width\" content=\"1920\" \/>\n\t<meta property=\"og:image:height\" content=\"1280\" \/>\n\t<meta property=\"og:image:type\" content=\"image\/jpeg\" \/>\n<meta name=\"author\" content=\"Hugo Da Silva\" \/>\n<meta name=\"twitter:card\" content=\"summary_large_image\" \/>\n<meta name=\"twitter:creator\" content=\"@TheFreeAgentFR\" \/>\n<meta name=\"twitter:site\" content=\"@TheFreeAgentFR\" \/>\n<meta name=\"twitter:label1\" content=\"\u00c9crit par\" \/>\n\t<meta name=\"twitter:data1\" content=\"Hugo Da Silva\" \/>\n\t<meta name=\"twitter:label2\" content=\"Dur\u00e9e de lecture estim\u00e9e\" \/>\n\t<meta name=\"twitter:data2\" content=\"2 minutes\" \/>\n<script type=\"application\/ld+json\" class=\"yoast-schema-graph\">{\"@context\":\"https:\/\/schema.org\",\"@graph\":[{\"@type\":\"WebPage\",\"@id\":\"https:\/\/theplayoffs.news\/fr\/actualite-nba\/demar-derozan-a-deja-hate-daider-les-kings\/\",\"url\":\"https:\/\/theplayoffs.news\/fr\/actualite-nba\/demar-derozan-a-deja-hate-daider-les-kings\/\",\"name\":\"DeMar DeRozan a d\u00e9j\u00e0 h\u00e2te d\u2019aider les Kings - The Playoffs FR\",\"isPartOf\":{\"@id\":\"https:\/\/theplayoffs.news\/fr\/#website\"},\"primaryImageOfPage\":{\"@id\":\"https:\/\/theplayoffs.news\/fr\/actualite-nba\/demar-derozan-a-deja-hate-daider-les-kings\/#primaryimage\"},\"image\":{\"@id\":\"https:\/\/theplayoffs.news\/fr\/actualite-nba\/demar-derozan-a-deja-hate-daider-les-kings\/#primaryimage\"},\"thumbnailUrl\":\"https:\/\/theplayoffs.news\/fr\/wp-content\/uploads\/2024\/07\/USATSI_22440075.jpg\",\"datePublished\":\"2024-07-10T09:58:08+00:00\",\"dateModified\":\"2024-07-10T09:58:08+00:00\",\"author\":{\"@id\":\"https:\/\/theplayoffs.news\/fr\/#\/schema\/person\/6873025fdeeef5a5a119a678d88f9eb8\"},\"breadcrumb\":{\"@id\":\"https:\/\/theplayoffs.news\/fr\/actualite-nba\/demar-derozan-a-deja-hate-daider-les-kings\/#breadcrumb\"},\"inLanguage\":\"fr-FR\",\"potentialAction\":[{\"@type\":\"ReadAction\",\"target\":[\"https:\/\/theplayoffs.news\/fr\/actualite-nba\/demar-derozan-a-deja-hate-daider-les-kings\/\"]}]},{\"@type\":\"ImageObject\",\"inLanguage\":\"fr-FR\",\"@id\":\"https:\/\/theplayoffs.news\/fr\/actualite-nba\/demar-derozan-a-deja-hate-daider-les-kings\/#primaryimage\",\"url\":\"https:\/\/theplayoffs.news\/fr\/wp-content\/uploads\/2024\/07\/USATSI_22440075.jpg\",\"contentUrl\":\"https:\/\/theplayoffs.news\/fr\/wp-content\/uploads\/2024\/07\/USATSI_22440075.jpg\",\"width\":1920,\"height\":1280,\"caption\":\"Credit: Kamil Krzaczynski-USA TODAY Sports\"},{\"@type\":\"BreadcrumbList\",\"@id\":\"https:\/\/theplayoffs.news\/fr\/actualite-nba\/demar-derozan-a-deja-hate-daider-les-kings\/#breadcrumb\",\"itemListElement\":[{\"@type\":\"ListItem\",\"position\":1,\"name\":\"Accueil\",\"item\":\"https:\/\/theplayoffs.news\/fr\/\"},{\"@type\":\"ListItem\",\"position\":2,\"name\":\"DeMar DeRozan a d\u00e9j\u00e0 h\u00e2te d\u2019aider les Kings\"}]},{\"@type\":\"WebSite\",\"@id\":\"https:\/\/theplayoffs.news\/fr\/#website\",\"url\":\"https:\/\/theplayoffs.news\/fr\/\",\"name\":\"The Playoffs FR\",\"description\":\"NBA-NFL-NHL-MLB\",\"potentialAction\":[{\"@type\":\"SearchAction\",\"target\":{\"@type\":\"EntryPoint\",\"urlTemplate\":\"https:\/\/theplayoffs.news\/fr\/?s={search_term_string}\"},\"query-input\":{\"@type\":\"PropertyValueSpecification\",\"valueRequired\":true,\"valueName\":\"search_term_string\"}}],\"inLanguage\":\"fr-FR\"},{\"@type\":\"Person\",\"@id\":\"https:\/\/theplayoffs.news\/fr\/#\/schema\/person\/6873025fdeeef5a5a119a678d88f9eb8\",\"name\":\"Hugo Da Silva\",\"image\":{\"@type\":\"ImageObject\",\"inLanguage\":\"fr-FR\",\"@id\":\"https:\/\/theplayoffs.news\/fr\/#\/schema\/person\/image\/\",\"url\":\"https:\/\/secure.gravatar.com\/avatar\/42645c167f2d0d025c99c89a9d5af905f285255ee846e7a777caaecca00b1837?s=96&d=mm&r=g\",\"contentUrl\":\"https:\/\/secure.gravatar.com\/avatar\/42645c167f2d0d025c99c89a9d5af905f285255ee846e7a777caaecca00b1837?s=96&d=mm&r=g\",\"caption\":\"Hugo Da Silva\"},\"url\":\"https:\/\/theplayoffs.news\/fr\/author\/hugodasilva0903gmail-com\/\"}]}<\/script>\n<!-- \/ Yoast SEO plugin. -->","yoast_head_json":{"title":"DeMar DeRozan a d&eacute;j&agrave; h&acirc;te d&rsquo;aider les Kings - The Playoffs FR","robots":{"index":"index","follow":"follow","max-snippet":"max-snippet:-1","max-image-preview":"max-image-preview:large","max-video-preview":"max-video-preview:-1"},"canonical":"https:\/\/theplayoffs.news\/fr\/actualite-nba\/demar-derozan-a-deja-hate-daider-les-kings\/","og_locale":"fr_FR","og_type":"article","og_title":"DeMar DeRozan a d&eacute;j&agrave; h&acirc;te d&rsquo;aider les Kings - The Playoffs FR","og_url":"https:\/\/theplayoffs.news\/fr\/actualite-nba\/demar-derozan-a-deja-hate-daider-les-kings\/","og_site_name":"The Playoffs FR","article_publisher":"https:\/\/www.facebook.com\/TheFreeAgentFR\/","og_image":[{"width":1920,"height":1280,"url":"https:\/\/theplayoffs.news\/fr\/wp-content\/uploads\/2024\/07\/USATSI_22440075.jpg","type":"image\/jpeg"}],"author":"Hugo Da Silva","twitter_card":"summary_large_image","twitter_creator":"@TheFreeAgentFR","twitter_site":"@TheFreeAgentFR","twitter_misc":{"\u00c9crit par":"Hugo Da Silva","Dur\u00e9e de lecture estim\u00e9e":"2 minutes"},"schema":{"@context":"https:\/\/schema.org","@graph":[{"@type":"WebPage","@id":"https:\/\/theplayoffs.news\/fr\/actualite-nba\/demar-derozan-a-deja-hate-daider-les-kings\/","url":"https:\/\/theplayoffs.news\/fr\/actualite-nba\/demar-derozan-a-deja-hate-daider-les-kings\/","name":"DeMar DeRozan a d\u00e9j\u00e0 h\u00e2te d\u2019aider les Kings - The Playoffs FR","isPartOf":{"@id":"https:\/\/theplayoffs.news\/fr\/#website"},"primaryImageOfPage":{"@id":"https:\/\/theplayoffs.news\/fr\/actualite-nba\/demar-derozan-a-deja-hate-daider-les-kings\/#primaryimage"},"image":{"@id":"https:\/\/theplayoffs.news\/fr\/actualite-nba\/demar-derozan-a-deja-hate-daider-les-kings\/#primaryimage"},"thumbnailUrl":"https:\/\/theplayoffs.news\/fr\/wp-content\/uploads\/2024\/07\/USATSI_22440075.jpg","datePublished":"2024-07-10T09:58:08+00:00","dateModified":"2024-07-10T09:58:08+00:00","author":{"@id":"https:\/\/theplayoffs.news\/fr\/#\/schema\/person\/6873025fdeeef5a5a119a678d88f9eb8"},"breadcrumb":{"@id":"https:\/\/theplayoffs.news\/fr\/actualite-nba\/demar-derozan-a-deja-hate-daider-les-kings\/#breadcrumb"},"inLanguage":"fr-FR","potentialAction":[{"@type":"ReadAction","target":["https:\/\/theplayoffs.news\/fr\/actualite-nba\/demar-derozan-a-deja-hate-daider-les-kings\/"]}]},{"@type":"ImageObject","inLanguage":"fr-FR","@id":"https:\/\/theplayoffs.news\/fr\/actualite-nba\/demar-derozan-a-deja-hate-daider-les-kings\/#primaryimage","url":"https:\/\/theplayoffs.news\/fr\/wp-content\/uploads\/2024\/07\/USATSI_22440075.jpg","contentUrl":"https:\/\/theplayoffs.news\/fr\/wp-content\/uploads\/2024\/07\/USATSI_22440075.jpg","width":1920,"height":1280,"caption":"Credit: Kamil Krzaczynski-USA TODAY Sports"},{"@type":"BreadcrumbList","@id":"https:\/\/theplayoffs.news\/fr\/actualite-nba\/demar-derozan-a-deja-hate-daider-les-kings\/#breadcrumb","itemListElement":[{"@type":"ListItem","position":1,"name":"Accueil","item":"https:\/\/theplayoffs.news\/fr\/"},{"@type":"ListItem","position":2,"name":"DeMar DeRozan a d\u00e9j\u00e0 h\u00e2te d\u2019aider les Kings"}]},{"@type":"WebSite","@id":"https:\/\/theplayoffs.news\/fr\/#website","url":"https:\/\/theplayoffs.news\/fr\/","name":"The Playoffs FR","description":"NBA-NFL-NHL-MLB","potentialAction":[{"@type":"SearchAction","target":{"@type":"EntryPoint","urlTemplate":"https:\/\/theplayoffs.news\/fr\/?s={search_term_string}"},"query-input":{"@type":"PropertyValueSpecification","valueRequired":true,"valueName":"search_term_string"}}],"inLanguage":"fr-FR"},{"@type":"Person","@id":"https:\/\/theplayoffs.news\/fr\/#\/schema\/person\/6873025fdeeef5a5a119a678d88f9eb8","name":"Hugo Da Silva","image":{"@type":"ImageObject","inLanguage":"fr-FR","@id":"https:\/\/theplayoffs.news\/fr\/#\/schema\/person\/image\/","url":"https:\/\/secure.gravatar.com\/avatar\/42645c167f2d0d025c99c89a9d5af905f285255ee846e7a777caaecca00b1837?s=96&d=mm&r=g","contentUrl":"https:\/\/secure.gravatar.com\/avatar\/42645c167f2d0d025c99c89a9d5af905f285255ee846e7a777caaecca00b1837?s=96&d=mm&r=g","caption":"Hugo Da Silva"},"url":"https:\/\/theplayoffs.news\/fr\/author\/hugodasilva0903gmail-com\/"}]}},"_links":{"self":[{"href":"https:\/\/theplayoffs.news\/fr\/wp-json\/wp\/v2\/posts\/1444166","targetHints":{"allow":["GET"]}}],"collection":[{"href":"https:\/\/theplayoffs.news\/fr\/wp-json\/wp\/v2\/posts"}],"about":[{"href":"https:\/\/theplayoffs.news\/fr\/wp-json\/wp\/v2\/types\/post"}],"author":[{"embeddable":true,"href":"https:\/\/theplayoffs.news\/fr\/wp-json\/wp\/v2\/users\/180310252"}],"replies":[{"embeddable":true,"href":"https:\/\/theplayoffs.news\/fr\/wp-json\/wp\/v2\/comments?post=1444166"}],"version-history":[{"count":2,"href":"https:\/\/theplayoffs.news\/fr\/wp-json\/wp\/v2\/posts\/1444166\/revisions"}],"predecessor-version":[{"id":1444172,"href":"https:\/\/theplayoffs.news\/fr\/wp-json\/wp\/v2\/posts\/1444166\/revisions\/1444172"}],"wp:featuredmedia":[{"embeddable":true,"href":"https:\/\/theplayoffs.news\/fr\/wp-json\/wp\/v2\/media\/1444167"}],"wp:attachment":[{"href":"https:\/\/theplayoffs.news\/fr\/wp-json\/wp\/v2\/media?parent=1444166"}],"wp:term":[{"taxonomy":"category","embeddable":true,"href":"https:\/\/theplayoffs.news\/fr\/wp-json\/wp\/v2\/categories?post=1444166"},{"taxonomy":"post_tag","embeddable":true,"href":"https:\/\/theplayoffs.news\/fr\/wp-json\/wp\/v2\/tags?post=1444166"},{"taxonomy":"sport","embeddable":true,"href":"https:\/\/theplayoffs.news\/fr\/wp-json\/wp\/v2\/sport?post=1444166"},{"taxonomy":"saison","embeddable":true,"href":"https:\/\/theplayoffs.news\/fr\/wp-json\/wp\/v2\/saison?post=1444166"}],"curies":[{"name":"wp","href":"https:\/\/api.w.org\/{rel}","templated":true}]}}