{"id":1444157,"date":"2024-07-10T11:12:26","date_gmt":"2024-07-10T09:12:26","guid":{"rendered":"https:\/\/theplayoffs.news\/fr\/?p=1444157"},"modified":"2024-07-10T11:12:26","modified_gmt":"2024-07-10T09:12:26","slug":"klay-thompson-a-hate-de-se-ressourcer-aux-mavs","status":"publish","type":"post","link":"https:\/\/theplayoffs.news\/fr\/actualite-nba\/klay-thompson-a-hate-de-se-ressourcer-aux-mavs\/","title":{"rendered":"Klay Thompson a h\u00e2te de se ressourcer aux Mavs"},"content":{"rendered":"<h2>Apr&egrave;s 13 ans et quatre titres NBA avec les Golden State Warriors, Klay Thompson n&rsquo;a pas r&eacute;ussi &agrave; renouveler son contrat et a choisi de rejoindre les Dallas Mavericks.<\/h2><blockquote class=\"twitter-tweet\" data-width=\"500\" data-dnt=\"true\">\n<p lang=\"et\" dir=\"ltr\">Klay Thompson. Maverick. <\/p>\n<p>(&#128248; <a href=\"https:\/\/twitter.com\/NationMffl?ref_src=twsrc%5Etfw\" class=\"trk-cta-link\" data-cta-trk='{\"ctaType\":\"Link\",\"ctaSubType\":\"main\"}'>@NationMffl<\/a> ) <a href=\"https:\/\/t.co\/iKgL5NP4N4\" class=\"trk-cta-link\" data-cta-trk='{\"ctaType\":\"Link\",\"ctaSubType\":\"main\"}'>pic.twitter.com\/iKgL5NP4N4<\/a><\/p>\n<p>&mdash; NBACentral (@TheDunkCentral) <a href=\"https:\/\/twitter.com\/TheDunkCentral\/status\/1810703892424130949?ref_src=twsrc%5Etfw\" class=\"trk-cta-link\" data-cta-trk='{\"ctaType\":\"Link\",\"ctaSubType\":\"main\"}'>July 9, 2024<\/a><\/p><\/blockquote><p><script async src=\"https:\/\/platform.twitter.com\/widgets.js\" charset=\"utf-8\"><\/script><\/p><p>Lors de son introduction, Thompson a exprim&eacute; son soulagement et son excitation face &agrave; ce nouveau chapitre.<\/p><p>Durant une conf&eacute;rence de presse, il a mentionn&eacute; que l&rsquo;ann&eacute;e derni&egrave;re a &eacute;t&eacute; difficile &agrave; Golden State et que partir &eacute;tait n&eacute;cessaire. Il a compar&eacute; son changement de franchise &agrave; celui de Scottie Pippen qui, apr&egrave;s avoir gagn&eacute; six championnats avec Chicago, a termin&eacute; sa carri&egrave;re &agrave; Portland et Houston.<\/p><p>Thompson est optimiste quant &agrave; son avenir &agrave; Dallas, d&eacute;clarant :<\/p><blockquote><p>&laquo; J&rsquo;ai h&acirc;te de me ressourcer ici &raquo;. &laquo; Il me reste encore beaucoup de bonnes bases de basket-ball. &raquo;<\/p><\/blockquote><blockquote class=\"twitter-tweet\" data-width=\"500\" data-dnt=\"true\">\n<p lang=\"en\" dir=\"ltr\">The Klay Thompson Renaissance is gonna be spectacular next year &#127909;: <a href=\"https:\/\/twitter.com\/dallasmavs?ref_src=twsrc%5Etfw\" class=\"trk-cta-link\" data-cta-trk='{\"ctaType\":\"Link\",\"ctaSubType\":\"main\"}'>@dallasmavs<\/a> <a href=\"https:\/\/t.co\/kybQYkc8gP\" class=\"trk-cta-link\" data-cta-trk='{\"ctaType\":\"Link\",\"ctaSubType\":\"main\"}'>pic.twitter.com\/kybQYkc8gP<\/a><\/p>\n<p>&mdash; SLAM (@SLAMonline) <a href=\"https:\/\/twitter.com\/SLAMonline\/status\/1810791248204288442?ref_src=twsrc%5Etfw\" class=\"trk-cta-link\" data-cta-trk='{\"ctaType\":\"Link\",\"ctaSubType\":\"main\"}'>July 9, 2024<\/a><\/p><\/blockquote><p><script async src=\"https:\/\/platform.twitter.com\/widgets.js\" charset=\"utf-8\"><\/script><\/p><div class=\"modal-image-setImageMetadata\">\n<p class=\"ng-binding\">&copy; Jayne Kamin-Oncea-USA TODAY Sports<\/p>\n<\/div>\n","protected":false},"excerpt":{"rendered":"","protected":false},"author":180310234,"featured_media":1444160,"comment_status":"open","ping_status":"closed","sticky":false,"template":"","format":"standard","meta":{"inline_featured_image":false,"kia_subtitle":"","_mux_skip_reasons":[],"proofreadBy":0,"footnotes":""},"categories":[110],"tags":[2454,1520,339],"sport":[2783],"saison":[3453],"class_list":["post-1444157","post","type-post","status-publish","format-standard","has-post-thumbnail","hentry","category-actualite-nba","tag-klay","tag-mavs","tag-warriors","sport-nba","saison-3453"],"acf":[],"yoast_head":"<!-- This site is optimized with the Yoast SEO plugin v24.2 - https:\/\/yoast.com\/wordpress\/plugins\/seo\/ -->\n<title>Klay Thompson a h&acirc;te de se ressourcer aux Mavs - The Playoffs FR<\/title>\n<meta name=\"robots\" content=\"index, follow, max-snippet:-1, max-image-preview:large, max-video-preview:-1\" \/>\n<link rel=\"canonical\" href=\"https:\/\/theplayoffs.news\/fr\/actualite-nba\/klay-thompson-a-hate-de-se-ressourcer-aux-mavs\/\" \/>\n<meta property=\"og:locale\" content=\"fr_FR\" \/>\n<meta property=\"og:type\" content=\"article\" \/>\n<meta property=\"og:title\" content=\"Klay Thompson a h&acirc;te de se ressourcer aux Mavs - The Playoffs FR\" \/>\n<meta property=\"og:url\" content=\"https:\/\/theplayoffs.news\/fr\/actualite-nba\/klay-thompson-a-hate-de-se-ressourcer-aux-mavs\/\" \/>\n<meta property=\"og:site_name\" content=\"The Playoffs FR\" \/>\n<meta property=\"article:publisher\" content=\"https:\/\/www.facebook.com\/TheFreeAgentFR\/\" \/>\n<meta property=\"article:modified_time\" content=\"2024-07-10T11:12:26+02:00\" \/>\n<meta property=\"og:image\" content=\"https:\/\/theplayoffs.news\/fr\/wp-content\/uploads\/2024\/07\/USATSI_23380272.jpg\" \/>\n\t<meta property=\"og:image:width\" content=\"1920\" \/>\n\t<meta property=\"og:image:height\" content=\"1280\" \/>\n\t<meta property=\"og:image:type\" content=\"image\/jpeg\" \/>\n<meta name=\"author\" content=\"Alexandre Gomes\" \/>\n<meta name=\"twitter:card\" content=\"summary_large_image\" \/>\n<meta name=\"twitter:creator\" content=\"@TheFreeAgentFR\" \/>\n<meta name=\"twitter:site\" content=\"@TheFreeAgentFR\" \/>\n<meta name=\"twitter:label1\" content=\"\u00c9crit par\" \/>\n\t<meta name=\"twitter:data1\" content=\"Alexandre Gomes\" \/>\n\t<meta name=\"twitter:label2\" content=\"Dur\u00e9e de lecture estim\u00e9e\" \/>\n\t<meta name=\"twitter:data2\" content=\"1 minute\" \/>\n<script type=\"application\/ld+json\" class=\"yoast-schema-graph\">{\"@context\":\"https:\/\/schema.org\",\"@graph\":[{\"@type\":\"WebPage\",\"@id\":\"https:\/\/theplayoffs.news\/fr\/actualite-nba\/klay-thompson-a-hate-de-se-ressourcer-aux-mavs\/\",\"url\":\"https:\/\/theplayoffs.news\/fr\/actualite-nba\/klay-thompson-a-hate-de-se-ressourcer-aux-mavs\/\",\"name\":\"Klay Thompson a h\u00e2te de se ressourcer aux Mavs - The Playoffs FR\",\"isPartOf\":{\"@id\":\"https:\/\/theplayoffs.news\/fr\/#website\"},\"primaryImageOfPage\":{\"@id\":\"https:\/\/theplayoffs.news\/fr\/actualite-nba\/klay-thompson-a-hate-de-se-ressourcer-aux-mavs\/#primaryimage\"},\"image\":{\"@id\":\"https:\/\/theplayoffs.news\/fr\/actualite-nba\/klay-thompson-a-hate-de-se-ressourcer-aux-mavs\/#primaryimage\"},\"thumbnailUrl\":\"https:\/\/theplayoffs.news\/fr\/wp-content\/uploads\/2024\/07\/USATSI_23380272.jpg\",\"datePublished\":\"2024-07-10T09:12:26+00:00\",\"dateModified\":\"2024-07-10T09:12:26+00:00\",\"author\":{\"@id\":\"https:\/\/theplayoffs.news\/fr\/#\/schema\/person\/8271870c7368fee2ff5b2ba615997fff\"},\"breadcrumb\":{\"@id\":\"https:\/\/theplayoffs.news\/fr\/actualite-nba\/klay-thompson-a-hate-de-se-ressourcer-aux-mavs\/#breadcrumb\"},\"inLanguage\":\"fr-FR\",\"potentialAction\":[{\"@type\":\"ReadAction\",\"target\":[\"https:\/\/theplayoffs.news\/fr\/actualite-nba\/klay-thompson-a-hate-de-se-ressourcer-aux-mavs\/\"]}]},{\"@type\":\"ImageObject\",\"inLanguage\":\"fr-FR\",\"@id\":\"https:\/\/theplayoffs.news\/fr\/actualite-nba\/klay-thompson-a-hate-de-se-ressourcer-aux-mavs\/#primaryimage\",\"url\":\"https:\/\/theplayoffs.news\/fr\/wp-content\/uploads\/2024\/07\/USATSI_23380272.jpg\",\"contentUrl\":\"https:\/\/theplayoffs.news\/fr\/wp-content\/uploads\/2024\/07\/USATSI_23380272.jpg\",\"width\":1920,\"height\":1280,\"caption\":\"May 24, 2024; Los Angeles, California, USA; Former NBA player Mychal Thompson and his son Golden State Warriors Klay Thompson attend the game between the Los Angeles Sparks and the Indiana Fever at Crypto.com Arena. Mandatory Credit: Jayne Kamin-Oncea-USA TODAY Sports\"},{\"@type\":\"BreadcrumbList\",\"@id\":\"https:\/\/theplayoffs.news\/fr\/actualite-nba\/klay-thompson-a-hate-de-se-ressourcer-aux-mavs\/#breadcrumb\",\"itemListElement\":[{\"@type\":\"ListItem\",\"position\":1,\"name\":\"Accueil\",\"item\":\"https:\/\/theplayoffs.news\/fr\/\"},{\"@type\":\"ListItem\",\"position\":2,\"name\":\"Klay Thompson a h\u00e2te de se ressourcer aux Mavs\"}]},{\"@type\":\"WebSite\",\"@id\":\"https:\/\/theplayoffs.news\/fr\/#website\",\"url\":\"https:\/\/theplayoffs.news\/fr\/\",\"name\":\"The Playoffs FR\",\"description\":\"NBA-NFL-NHL-MLB\",\"potentialAction\":[{\"@type\":\"SearchAction\",\"target\":{\"@type\":\"EntryPoint\",\"urlTemplate\":\"https:\/\/theplayoffs.news\/fr\/?s={search_term_string}\"},\"query-input\":{\"@type\":\"PropertyValueSpecification\",\"valueRequired\":true,\"valueName\":\"search_term_string\"}}],\"inLanguage\":\"fr-FR\"},{\"@type\":\"Person\",\"@id\":\"https:\/\/theplayoffs.news\/fr\/#\/schema\/person\/8271870c7368fee2ff5b2ba615997fff\",\"name\":\"Alexandre Gomes\",\"image\":{\"@type\":\"ImageObject\",\"inLanguage\":\"fr-FR\",\"@id\":\"https:\/\/theplayoffs.news\/fr\/#\/schema\/person\/image\/\",\"url\":\"https:\/\/secure.gravatar.com\/avatar\/85734dd9d8139e75eb3558e9d1f8c28873597c2d782b41c9f078bed549b247e9?s=96&d=mm&r=g\",\"contentUrl\":\"https:\/\/secure.gravatar.com\/avatar\/85734dd9d8139e75eb3558e9d1f8c28873597c2d782b41c9f078bed549b247e9?s=96&d=mm&r=g\",\"caption\":\"Alexandre Gomes\"},\"url\":\"https:\/\/theplayoffs.news\/fr\/author\/agomespro93gmail-com\/\"}]}<\/script>\n<!-- \/ Yoast SEO plugin. -->","yoast_head_json":{"title":"Klay Thompson a h&acirc;te de se ressourcer aux Mavs - The Playoffs FR","robots":{"index":"index","follow":"follow","max-snippet":"max-snippet:-1","max-image-preview":"max-image-preview:large","max-video-preview":"max-video-preview:-1"},"canonical":"https:\/\/theplayoffs.news\/fr\/actualite-nba\/klay-thompson-a-hate-de-se-ressourcer-aux-mavs\/","og_locale":"fr_FR","og_type":"article","og_title":"Klay Thompson a h&acirc;te de se ressourcer aux Mavs - The Playoffs FR","og_url":"https:\/\/theplayoffs.news\/fr\/actualite-nba\/klay-thompson-a-hate-de-se-ressourcer-aux-mavs\/","og_site_name":"The Playoffs FR","article_publisher":"https:\/\/www.facebook.com\/TheFreeAgentFR\/","og_image":[{"width":1920,"height":1280,"url":"https:\/\/theplayoffs.news\/fr\/wp-content\/uploads\/2024\/07\/USATSI_23380272.jpg","type":"image\/jpeg"}],"author":"Alexandre Gomes","twitter_card":"summary_large_image","twitter_creator":"@TheFreeAgentFR","twitter_site":"@TheFreeAgentFR","twitter_misc":{"\u00c9crit par":"Alexandre Gomes","Dur\u00e9e de lecture estim\u00e9e":"1 minute"},"schema":{"@context":"https:\/\/schema.org","@graph":[{"@type":"WebPage","@id":"https:\/\/theplayoffs.news\/fr\/actualite-nba\/klay-thompson-a-hate-de-se-ressourcer-aux-mavs\/","url":"https:\/\/theplayoffs.news\/fr\/actualite-nba\/klay-thompson-a-hate-de-se-ressourcer-aux-mavs\/","name":"Klay Thompson a h\u00e2te de se ressourcer aux Mavs - The Playoffs FR","isPartOf":{"@id":"https:\/\/theplayoffs.news\/fr\/#website"},"primaryImageOfPage":{"@id":"https:\/\/theplayoffs.news\/fr\/actualite-nba\/klay-thompson-a-hate-de-se-ressourcer-aux-mavs\/#primaryimage"},"image":{"@id":"https:\/\/theplayoffs.news\/fr\/actualite-nba\/klay-thompson-a-hate-de-se-ressourcer-aux-mavs\/#primaryimage"},"thumbnailUrl":"https:\/\/theplayoffs.news\/fr\/wp-content\/uploads\/2024\/07\/USATSI_23380272.jpg","datePublished":"2024-07-10T09:12:26+00:00","dateModified":"2024-07-10T09:12:26+00:00","author":{"@id":"https:\/\/theplayoffs.news\/fr\/#\/schema\/person\/8271870c7368fee2ff5b2ba615997fff"},"breadcrumb":{"@id":"https:\/\/theplayoffs.news\/fr\/actualite-nba\/klay-thompson-a-hate-de-se-ressourcer-aux-mavs\/#breadcrumb"},"inLanguage":"fr-FR","potentialAction":[{"@type":"ReadAction","target":["https:\/\/theplayoffs.news\/fr\/actualite-nba\/klay-thompson-a-hate-de-se-ressourcer-aux-mavs\/"]}]},{"@type":"ImageObject","inLanguage":"fr-FR","@id":"https:\/\/theplayoffs.news\/fr\/actualite-nba\/klay-thompson-a-hate-de-se-ressourcer-aux-mavs\/#primaryimage","url":"https:\/\/theplayoffs.news\/fr\/wp-content\/uploads\/2024\/07\/USATSI_23380272.jpg","contentUrl":"https:\/\/theplayoffs.news\/fr\/wp-content\/uploads\/2024\/07\/USATSI_23380272.jpg","width":1920,"height":1280,"caption":"May 24, 2024; Los Angeles, California, USA; Former NBA player Mychal Thompson and his son Golden State Warriors Klay Thompson attend the game between the Los Angeles Sparks and the Indiana Fever at Crypto.com Arena. Mandatory Credit: Jayne Kamin-Oncea-USA TODAY Sports"},{"@type":"BreadcrumbList","@id":"https:\/\/theplayoffs.news\/fr\/actualite-nba\/klay-thompson-a-hate-de-se-ressourcer-aux-mavs\/#breadcrumb","itemListElement":[{"@type":"ListItem","position":1,"name":"Accueil","item":"https:\/\/theplayoffs.news\/fr\/"},{"@type":"ListItem","position":2,"name":"Klay Thompson a h\u00e2te de se ressourcer aux Mavs"}]},{"@type":"WebSite","@id":"https:\/\/theplayoffs.news\/fr\/#website","url":"https:\/\/theplayoffs.news\/fr\/","name":"The Playoffs FR","description":"NBA-NFL-NHL-MLB","potentialAction":[{"@type":"SearchAction","target":{"@type":"EntryPoint","urlTemplate":"https:\/\/theplayoffs.news\/fr\/?s={search_term_string}"},"query-input":{"@type":"PropertyValueSpecification","valueRequired":true,"valueName":"search_term_string"}}],"inLanguage":"fr-FR"},{"@type":"Person","@id":"https:\/\/theplayoffs.news\/fr\/#\/schema\/person\/8271870c7368fee2ff5b2ba615997fff","name":"Alexandre Gomes","image":{"@type":"ImageObject","inLanguage":"fr-FR","@id":"https:\/\/theplayoffs.news\/fr\/#\/schema\/person\/image\/","url":"https:\/\/secure.gravatar.com\/avatar\/85734dd9d8139e75eb3558e9d1f8c28873597c2d782b41c9f078bed549b247e9?s=96&d=mm&r=g","contentUrl":"https:\/\/secure.gravatar.com\/avatar\/85734dd9d8139e75eb3558e9d1f8c28873597c2d782b41c9f078bed549b247e9?s=96&d=mm&r=g","caption":"Alexandre Gomes"},"url":"https:\/\/theplayoffs.news\/fr\/author\/agomespro93gmail-com\/"}]}},"_links":{"self":[{"href":"https:\/\/theplayoffs.news\/fr\/wp-json\/wp\/v2\/posts\/1444157","targetHints":{"allow":["GET"]}}],"collection":[{"href":"https:\/\/theplayoffs.news\/fr\/wp-json\/wp\/v2\/posts"}],"about":[{"href":"https:\/\/theplayoffs.news\/fr\/wp-json\/wp\/v2\/types\/post"}],"author":[{"embeddable":true,"href":"https:\/\/theplayoffs.news\/fr\/wp-json\/wp\/v2\/users\/180310234"}],"replies":[{"embeddable":true,"href":"https:\/\/theplayoffs.news\/fr\/wp-json\/wp\/v2\/comments?post=1444157"}],"version-history":[{"count":2,"href":"https:\/\/theplayoffs.news\/fr\/wp-json\/wp\/v2\/posts\/1444157\/revisions"}],"predecessor-version":[{"id":1444164,"href":"https:\/\/theplayoffs.news\/fr\/wp-json\/wp\/v2\/posts\/1444157\/revisions\/1444164"}],"wp:featuredmedia":[{"embeddable":true,"href":"https:\/\/theplayoffs.news\/fr\/wp-json\/wp\/v2\/media\/1444160"}],"wp:attachment":[{"href":"https:\/\/theplayoffs.news\/fr\/wp-json\/wp\/v2\/media?parent=1444157"}],"wp:term":[{"taxonomy":"category","embeddable":true,"href":"https:\/\/theplayoffs.news\/fr\/wp-json\/wp\/v2\/categories?post=1444157"},{"taxonomy":"post_tag","embeddable":true,"href":"https:\/\/theplayoffs.news\/fr\/wp-json\/wp\/v2\/tags?post=1444157"},{"taxonomy":"sport","embeddable":true,"href":"https:\/\/theplayoffs.news\/fr\/wp-json\/wp\/v2\/sport?post=1444157"},{"taxonomy":"saison","embeddable":true,"href":"https:\/\/theplayoffs.news\/fr\/wp-json\/wp\/v2\/saison?post=1444157"}],"curies":[{"name":"wp","href":"https:\/\/api.w.org\/{rel}","templated":true}]}}