{"id":1444141,"date":"2024-07-10T10:35:08","date_gmt":"2024-07-10T08:35:08","guid":{"rendered":"https:\/\/theplayoffs.news\/fr\/?p=1444141"},"modified":"2024-07-10T10:35:08","modified_gmt":"2024-07-10T08:35:08","slug":"chargers-davante-adams-ne-digere-pas-laffront","status":"publish","type":"post","link":"https:\/\/theplayoffs.news\/fr\/actualite-nfl\/chargers-davante-adams-ne-digere-pas-laffront\/","title":{"rendered":"Chargers : Davante Adams ne dig\u00e8re pas l\u2019affront"},"content":{"rendered":"<h2>Les Chargers ont provoqu&eacute; Davante Adams dans leur vid&eacute;o de pr&eacute;sentation du calendrier.<\/h2><p>Les <a href=\"https:\/\/theplayoffs.news\/fr\/nfl\/podcast-nfl-enfin-la-bonne-annee-pour-les-chargers\/\" class=\"trk-cta-link\" data-cta-trk='{\"ctaType\":\"Link\",\"ctaSubType\":\"main\"}'>Chargers<\/a> ont annonc&eacute; leur calendrier sur leurs r&eacute;seaux sociaux avec une vid&eacute;o reprenant les Sims. Dans cette vid&eacute;o, nous pouvons apercevoir tous les futurs adversaires des Chargers ainsi qu&rsquo;un pic personnalis&eacute; envoy&eacute; &agrave; chaque &eacute;quipe.<\/p><p><a href=\"https:\/\/theplayoffs.news\/fr\/nfl\/raiders-davante-adams-veut-se-concentrer-sur-linstant-present\/\" class=\"trk-cta-link\" data-cta-trk='{\"ctaType\":\"Link\",\"ctaSubType\":\"main\"}'>Davante Adams<\/a> a &eacute;t&eacute; la cible de l&rsquo;un d&rsquo;eux, et Adams n&rsquo;a pas rigol&eacute;.<\/p><h3>Adams en veut aux Chargers<\/h3><p>Invit&eacute; de <a href=\"https:\/\/x.com\/UpAndAdamsShow\/status\/1810711305294360910\" class=\"trk-cta-link\" data-cta-trk='{\"ctaType\":\"Link\",\"ctaSubType\":\"main\"}'>&laquo;&nbsp;Up &amp; Adams&nbsp;&raquo;<\/a>, Davante Adams est revenu sur la vid&eacute;o des Chargers et s&rsquo;est dit en col&egrave;re apr&egrave;s s&rsquo;&ecirc;tre vu mentionn&eacute; dedans.<\/p><blockquote><p>&laquo; Cela s&rsquo;adresse strictement &agrave; la page des r&eacute;seaux sociaux des Chargers : s&rsquo;il vous pla&icirc;t, ne mentionnez pas mon nom et faites preuve de respect. &raquo;<\/p><\/blockquote><p>Davante Adams s&rsquo;est senti insult&eacute; par la vid&eacute;o des Chargers &agrave; laquelle il a pens&eacute; un temps r&eacute;pondre, mais Adams a finalement opt&eacute; pour une autre solution.<\/p><blockquote><p>&laquo; J&rsquo;ai pens&eacute; r&eacute;pondre [aux Chargers] sur les r&eacute;seaux sociaux et faire preuve d&rsquo;humour, mais j&rsquo;ai pens&eacute; qu&rsquo;il serait pr&eacute;f&eacute;rable de leur taper dessus dans la vraie vie et de continuer de cette fa&ccedil;on &raquo;, a d&eacute;clar&eacute; Adams. &laquo; Je veux juste leur rappeler ce qu&rsquo;ils ont v&eacute;cu en jouant contre moi. &raquo;<\/p><\/blockquote><p>Davante Adams aura l&rsquo;occasion de mettre ses menaces &agrave; ex&eacute;cution lors de la week 1. Les Raiders d&eacute;buteront la saison face aux Chargers le 8 septembre prochain au SoFi Stadium.<\/p><p>On vous met la vid&eacute;o en question en dessous, arriverez-vous &agrave; trouver Davante Adams ?<\/p><blockquote class=\"twitter-tweet\" data-width=\"500\" data-dnt=\"true\">\n<p lang=\"en\" dir=\"ltr\">should we REALLY make our schedule release video in the sims?<\/p>\n<p>yes&nbsp; &nbsp; &nbsp; &nbsp; &nbsp; yes&nbsp; &nbsp; &nbsp; &nbsp; &nbsp; yesyes<br>yesyes&nbsp; &nbsp; yes&nbsp; &nbsp; &nbsp; yes &nbsp; &nbsp; &nbsp; &nbsp; yes<br>yes&nbsp; yes&nbsp; yes &nbsp; &nbsp; yes &nbsp; &nbsp; &nbsp; &nbsp; &nbsp; yes<br>yes&nbsp; &nbsp; yesyes &nbsp; &nbsp; yes &nbsp; &nbsp; &nbsp; &nbsp; &nbsp; yes<br>yes&nbsp; &nbsp; &nbsp; yesye&nbsp; &nbsp; &nbsp; yes&nbsp; &nbsp; &nbsp; &nbsp; yes<br>yes&nbsp; &nbsp; &nbsp; &nbsp; &nbsp; yes &nbsp; &nbsp; &nbsp; &nbsp; &nbsp; yesyes <a href=\"https:\/\/t.co\/MXzfAPyhe8\" class=\"trk-cta-link\" data-cta-trk='{\"ctaType\":\"Link\",\"ctaSubType\":\"main\"}'>pic.twitter.com\/MXzfAPyhe8<\/a><\/p>\n<p>&mdash; Los Angeles Chargers (@chargers) <a href=\"https:\/\/twitter.com\/chargers\/status\/1790895458581467314?ref_src=twsrc%5Etfw\" class=\"trk-cta-link\" data-cta-trk='{\"ctaType\":\"Link\",\"ctaSubType\":\"main\"}'>May 16, 2024<\/a><\/p><\/blockquote><p><script async src=\"https:\/\/platform.twitter.com\/widgets.js\" charset=\"utf-8\"><\/script><\/p><p>Cr&eacute;dit photo : Stephen R. Sylvanie-USA TODAY Sports<\/p>\n","protected":false},"excerpt":{"rendered":"","protected":false},"author":180310250,"featured_media":1444145,"comment_status":"open","ping_status":"closed","sticky":false,"template":"","format":"standard","meta":{"inline_featured_image":false,"kia_subtitle":"","_mux_skip_reasons":[],"proofreadBy":0,"footnotes":""},"categories":[118,40],"tags":[182,79],"sport":[2785],"saison":[],"class_list":["post-1444141","post","type-post","status-publish","format-standard","has-post-thumbnail","hentry","category-actualite-nfl","category-nfl","tag-chargers","tag-nfl","sport-nfl"],"acf":[],"yoast_head":"<!-- This site is optimized with the Yoast SEO plugin v24.2 - https:\/\/yoast.com\/wordpress\/plugins\/seo\/ -->\n<title>Chargers : Davante Adams ne dig&egrave;re pas l&rsquo;affront - The Playoffs FR<\/title>\n<meta name=\"robots\" content=\"index, follow, max-snippet:-1, max-image-preview:large, max-video-preview:-1\" \/>\n<link rel=\"canonical\" href=\"https:\/\/theplayoffs.news\/fr\/actualite-nfl\/chargers-davante-adams-ne-digere-pas-laffront\/\" \/>\n<meta property=\"og:locale\" content=\"fr_FR\" \/>\n<meta property=\"og:type\" content=\"article\" \/>\n<meta property=\"og:title\" content=\"Chargers : Davante Adams ne dig&egrave;re pas l&rsquo;affront - The Playoffs FR\" \/>\n<meta property=\"og:url\" content=\"https:\/\/theplayoffs.news\/fr\/actualite-nfl\/chargers-davante-adams-ne-digere-pas-laffront\/\" \/>\n<meta property=\"og:site_name\" content=\"The Playoffs FR\" \/>\n<meta property=\"article:publisher\" content=\"https:\/\/www.facebook.com\/TheFreeAgentFR\/\" \/>\n<meta property=\"article:modified_time\" content=\"2024-07-10T10:35:08+02:00\" \/>\n<meta property=\"og:image\" content=\"https:\/\/theplayoffs.news\/fr\/wp-content\/uploads\/2024\/07\/USATSI_22106029.jpg\" \/>\n\t<meta property=\"og:image:width\" content=\"1920\" \/>\n\t<meta property=\"og:image:height\" content=\"1280\" \/>\n\t<meta property=\"og:image:type\" content=\"image\/jpeg\" \/>\n<meta name=\"author\" content=\"Jean Fabre-Jevanoff\" \/>\n<meta name=\"twitter:card\" content=\"summary_large_image\" \/>\n<meta name=\"twitter:creator\" content=\"@the_jfj_42\" \/>\n<meta name=\"twitter:site\" content=\"@TheFreeAgentFR\" \/>\n<meta name=\"twitter:label1\" content=\"\u00c9crit par\" \/>\n\t<meta name=\"twitter:data1\" content=\"Jean Fabre-Jevanoff\" \/>\n\t<meta name=\"twitter:label2\" content=\"Dur\u00e9e de lecture estim\u00e9e\" \/>\n\t<meta name=\"twitter:data2\" content=\"1 minute\" \/>\n<script type=\"application\/ld+json\" class=\"yoast-schema-graph\">{\"@context\":\"https:\/\/schema.org\",\"@graph\":[{\"@type\":\"WebPage\",\"@id\":\"https:\/\/theplayoffs.news\/fr\/actualite-nfl\/chargers-davante-adams-ne-digere-pas-laffront\/\",\"url\":\"https:\/\/theplayoffs.news\/fr\/actualite-nfl\/chargers-davante-adams-ne-digere-pas-laffront\/\",\"name\":\"Chargers : Davante Adams ne dig\u00e8re pas l\u2019affront - The Playoffs FR\",\"isPartOf\":{\"@id\":\"https:\/\/theplayoffs.news\/fr\/#website\"},\"primaryImageOfPage\":{\"@id\":\"https:\/\/theplayoffs.news\/fr\/actualite-nfl\/chargers-davante-adams-ne-digere-pas-laffront\/#primaryimage\"},\"image\":{\"@id\":\"https:\/\/theplayoffs.news\/fr\/actualite-nfl\/chargers-davante-adams-ne-digere-pas-laffront\/#primaryimage\"},\"thumbnailUrl\":\"https:\/\/theplayoffs.news\/fr\/wp-content\/uploads\/2024\/07\/USATSI_22106029.jpg\",\"datePublished\":\"2024-07-10T08:35:08+00:00\",\"dateModified\":\"2024-07-10T08:35:08+00:00\",\"author\":{\"@id\":\"https:\/\/theplayoffs.news\/fr\/#\/schema\/person\/1ea25b88e79fe4fabd657430b0013d3d\"},\"breadcrumb\":{\"@id\":\"https:\/\/theplayoffs.news\/fr\/actualite-nfl\/chargers-davante-adams-ne-digere-pas-laffront\/#breadcrumb\"},\"inLanguage\":\"fr-FR\",\"potentialAction\":[{\"@type\":\"ReadAction\",\"target\":[\"https:\/\/theplayoffs.news\/fr\/actualite-nfl\/chargers-davante-adams-ne-digere-pas-laffront\/\"]}]},{\"@type\":\"ImageObject\",\"inLanguage\":\"fr-FR\",\"@id\":\"https:\/\/theplayoffs.news\/fr\/actualite-nfl\/chargers-davante-adams-ne-digere-pas-laffront\/#primaryimage\",\"url\":\"https:\/\/theplayoffs.news\/fr\/wp-content\/uploads\/2024\/07\/USATSI_22106029.jpg\",\"contentUrl\":\"https:\/\/theplayoffs.news\/fr\/wp-content\/uploads\/2024\/07\/USATSI_22106029.jpg\",\"width\":1920,\"height\":1280,\"caption\":\"Dec 14, 2023; Paradise, Nevada, USA; Las Vegas Raiders wide receiver Davante Adams (17) runs against Los Angeles Chargers safety Alohi Gilman (32) and safety Derwin James Jr. (3) in the first quarter at Allegiant Stadium. Mandatory Credit: Stephen R. Sylvanie-USA TODAY Sports\"},{\"@type\":\"BreadcrumbList\",\"@id\":\"https:\/\/theplayoffs.news\/fr\/actualite-nfl\/chargers-davante-adams-ne-digere-pas-laffront\/#breadcrumb\",\"itemListElement\":[{\"@type\":\"ListItem\",\"position\":1,\"name\":\"Accueil\",\"item\":\"https:\/\/theplayoffs.news\/fr\/\"},{\"@type\":\"ListItem\",\"position\":2,\"name\":\"Chargers : Davante Adams ne dig\u00e8re pas l\u2019affront\"}]},{\"@type\":\"WebSite\",\"@id\":\"https:\/\/theplayoffs.news\/fr\/#website\",\"url\":\"https:\/\/theplayoffs.news\/fr\/\",\"name\":\"The Playoffs FR\",\"description\":\"NBA-NFL-NHL-MLB\",\"potentialAction\":[{\"@type\":\"SearchAction\",\"target\":{\"@type\":\"EntryPoint\",\"urlTemplate\":\"https:\/\/theplayoffs.news\/fr\/?s={search_term_string}\"},\"query-input\":{\"@type\":\"PropertyValueSpecification\",\"valueRequired\":true,\"valueName\":\"search_term_string\"}}],\"inLanguage\":\"fr-FR\"},{\"@type\":\"Person\",\"@id\":\"https:\/\/theplayoffs.news\/fr\/#\/schema\/person\/1ea25b88e79fe4fabd657430b0013d3d\",\"name\":\"Jean Fabre-Jevanoff\",\"image\":{\"@type\":\"ImageObject\",\"inLanguage\":\"fr-FR\",\"@id\":\"https:\/\/theplayoffs.news\/fr\/#\/schema\/person\/image\/\",\"url\":\"https:\/\/secure.gravatar.com\/avatar\/18b28dab1159eebc6a17b9787eb8cbbe3242c3d0e8b53b89332f6dc1133aa361?s=96&d=mm&r=g\",\"contentUrl\":\"https:\/\/secure.gravatar.com\/avatar\/18b28dab1159eebc6a17b9787eb8cbbe3242c3d0e8b53b89332f6dc1133aa361?s=96&d=mm&r=g\",\"caption\":\"Jean Fabre-Jevanoff\"},\"description\":\"Journaliste polyvalent sur le football am\u00e9ricain, j\u2019\u00e9cris aussi des articles sur le basket. Commentateur sur Twitch et sur YouTube. Pass\u00e9 par Eurosport notamment. Un mix d\u2019Eminem et de OBJ, fan inconditionnel de Patrick Mahomes et Lebron James\",\"sameAs\":[\"https:\/\/www.instagram.com\/_juaniitooo_\",\"https:\/\/www.linkedin.com\/in\/jean-fabre-jevanoff-84bb9b1a9\/\",\"https:\/\/x.com\/the_jfj_42\"],\"url\":\"https:\/\/theplayoffs.news\/fr\/author\/jeanfj42gmail-com\/\"}]}<\/script>\n<!-- \/ Yoast SEO plugin. -->","yoast_head_json":{"title":"Chargers : Davante Adams ne dig&egrave;re pas l&rsquo;affront - The Playoffs FR","robots":{"index":"index","follow":"follow","max-snippet":"max-snippet:-1","max-image-preview":"max-image-preview:large","max-video-preview":"max-video-preview:-1"},"canonical":"https:\/\/theplayoffs.news\/fr\/actualite-nfl\/chargers-davante-adams-ne-digere-pas-laffront\/","og_locale":"fr_FR","og_type":"article","og_title":"Chargers : Davante Adams ne dig&egrave;re pas l&rsquo;affront - The Playoffs FR","og_url":"https:\/\/theplayoffs.news\/fr\/actualite-nfl\/chargers-davante-adams-ne-digere-pas-laffront\/","og_site_name":"The Playoffs FR","article_publisher":"https:\/\/www.facebook.com\/TheFreeAgentFR\/","og_image":[{"width":1920,"height":1280,"url":"https:\/\/theplayoffs.news\/fr\/wp-content\/uploads\/2024\/07\/USATSI_22106029.jpg","type":"image\/jpeg"}],"author":"Jean Fabre-Jevanoff","twitter_card":"summary_large_image","twitter_creator":"@the_jfj_42","twitter_site":"@TheFreeAgentFR","twitter_misc":{"\u00c9crit par":"Jean Fabre-Jevanoff","Dur\u00e9e de lecture estim\u00e9e":"1 minute"},"schema":{"@context":"https:\/\/schema.org","@graph":[{"@type":"WebPage","@id":"https:\/\/theplayoffs.news\/fr\/actualite-nfl\/chargers-davante-adams-ne-digere-pas-laffront\/","url":"https:\/\/theplayoffs.news\/fr\/actualite-nfl\/chargers-davante-adams-ne-digere-pas-laffront\/","name":"Chargers : Davante Adams ne dig\u00e8re pas l\u2019affront - The Playoffs FR","isPartOf":{"@id":"https:\/\/theplayoffs.news\/fr\/#website"},"primaryImageOfPage":{"@id":"https:\/\/theplayoffs.news\/fr\/actualite-nfl\/chargers-davante-adams-ne-digere-pas-laffront\/#primaryimage"},"image":{"@id":"https:\/\/theplayoffs.news\/fr\/actualite-nfl\/chargers-davante-adams-ne-digere-pas-laffront\/#primaryimage"},"thumbnailUrl":"https:\/\/theplayoffs.news\/fr\/wp-content\/uploads\/2024\/07\/USATSI_22106029.jpg","datePublished":"2024-07-10T08:35:08+00:00","dateModified":"2024-07-10T08:35:08+00:00","author":{"@id":"https:\/\/theplayoffs.news\/fr\/#\/schema\/person\/1ea25b88e79fe4fabd657430b0013d3d"},"breadcrumb":{"@id":"https:\/\/theplayoffs.news\/fr\/actualite-nfl\/chargers-davante-adams-ne-digere-pas-laffront\/#breadcrumb"},"inLanguage":"fr-FR","potentialAction":[{"@type":"ReadAction","target":["https:\/\/theplayoffs.news\/fr\/actualite-nfl\/chargers-davante-adams-ne-digere-pas-laffront\/"]}]},{"@type":"ImageObject","inLanguage":"fr-FR","@id":"https:\/\/theplayoffs.news\/fr\/actualite-nfl\/chargers-davante-adams-ne-digere-pas-laffront\/#primaryimage","url":"https:\/\/theplayoffs.news\/fr\/wp-content\/uploads\/2024\/07\/USATSI_22106029.jpg","contentUrl":"https:\/\/theplayoffs.news\/fr\/wp-content\/uploads\/2024\/07\/USATSI_22106029.jpg","width":1920,"height":1280,"caption":"Dec 14, 2023; Paradise, Nevada, USA; Las Vegas Raiders wide receiver Davante Adams (17) runs against Los Angeles Chargers safety Alohi Gilman (32) and safety Derwin James Jr. (3) in the first quarter at Allegiant Stadium. Mandatory Credit: Stephen R. Sylvanie-USA TODAY Sports"},{"@type":"BreadcrumbList","@id":"https:\/\/theplayoffs.news\/fr\/actualite-nfl\/chargers-davante-adams-ne-digere-pas-laffront\/#breadcrumb","itemListElement":[{"@type":"ListItem","position":1,"name":"Accueil","item":"https:\/\/theplayoffs.news\/fr\/"},{"@type":"ListItem","position":2,"name":"Chargers : Davante Adams ne dig\u00e8re pas l\u2019affront"}]},{"@type":"WebSite","@id":"https:\/\/theplayoffs.news\/fr\/#website","url":"https:\/\/theplayoffs.news\/fr\/","name":"The Playoffs FR","description":"NBA-NFL-NHL-MLB","potentialAction":[{"@type":"SearchAction","target":{"@type":"EntryPoint","urlTemplate":"https:\/\/theplayoffs.news\/fr\/?s={search_term_string}"},"query-input":{"@type":"PropertyValueSpecification","valueRequired":true,"valueName":"search_term_string"}}],"inLanguage":"fr-FR"},{"@type":"Person","@id":"https:\/\/theplayoffs.news\/fr\/#\/schema\/person\/1ea25b88e79fe4fabd657430b0013d3d","name":"Jean Fabre-Jevanoff","image":{"@type":"ImageObject","inLanguage":"fr-FR","@id":"https:\/\/theplayoffs.news\/fr\/#\/schema\/person\/image\/","url":"https:\/\/secure.gravatar.com\/avatar\/18b28dab1159eebc6a17b9787eb8cbbe3242c3d0e8b53b89332f6dc1133aa361?s=96&d=mm&r=g","contentUrl":"https:\/\/secure.gravatar.com\/avatar\/18b28dab1159eebc6a17b9787eb8cbbe3242c3d0e8b53b89332f6dc1133aa361?s=96&d=mm&r=g","caption":"Jean Fabre-Jevanoff"},"description":"Journaliste polyvalent sur le football am\u00e9ricain, j\u2019\u00e9cris aussi des articles sur le basket. Commentateur sur Twitch et sur YouTube. Pass\u00e9 par Eurosport notamment. Un mix d\u2019Eminem et de OBJ, fan inconditionnel de Patrick Mahomes et Lebron James","sameAs":["https:\/\/www.instagram.com\/_juaniitooo_","https:\/\/www.linkedin.com\/in\/jean-fabre-jevanoff-84bb9b1a9\/","https:\/\/x.com\/the_jfj_42"],"url":"https:\/\/theplayoffs.news\/fr\/author\/jeanfj42gmail-com\/"}]}},"_links":{"self":[{"href":"https:\/\/theplayoffs.news\/fr\/wp-json\/wp\/v2\/posts\/1444141","targetHints":{"allow":["GET"]}}],"collection":[{"href":"https:\/\/theplayoffs.news\/fr\/wp-json\/wp\/v2\/posts"}],"about":[{"href":"https:\/\/theplayoffs.news\/fr\/wp-json\/wp\/v2\/types\/post"}],"author":[{"embeddable":true,"href":"https:\/\/theplayoffs.news\/fr\/wp-json\/wp\/v2\/users\/180310250"}],"replies":[{"embeddable":true,"href":"https:\/\/theplayoffs.news\/fr\/wp-json\/wp\/v2\/comments?post=1444141"}],"version-history":[{"count":3,"href":"https:\/\/theplayoffs.news\/fr\/wp-json\/wp\/v2\/posts\/1444141\/revisions"}],"predecessor-version":[{"id":1444149,"href":"https:\/\/theplayoffs.news\/fr\/wp-json\/wp\/v2\/posts\/1444141\/revisions\/1444149"}],"wp:featuredmedia":[{"embeddable":true,"href":"https:\/\/theplayoffs.news\/fr\/wp-json\/wp\/v2\/media\/1444145"}],"wp:attachment":[{"href":"https:\/\/theplayoffs.news\/fr\/wp-json\/wp\/v2\/media?parent=1444141"}],"wp:term":[{"taxonomy":"category","embeddable":true,"href":"https:\/\/theplayoffs.news\/fr\/wp-json\/wp\/v2\/categories?post=1444141"},{"taxonomy":"post_tag","embeddable":true,"href":"https:\/\/theplayoffs.news\/fr\/wp-json\/wp\/v2\/tags?post=1444141"},{"taxonomy":"sport","embeddable":true,"href":"https:\/\/theplayoffs.news\/fr\/wp-json\/wp\/v2\/sport?post=1444141"},{"taxonomy":"saison","embeddable":true,"href":"https:\/\/theplayoffs.news\/fr\/wp-json\/wp\/v2\/saison?post=1444141"}],"curies":[{"name":"wp","href":"https:\/\/api.w.org\/{rel}","templated":true}]}}