{"id":1444017,"date":"2024-07-09T17:37:16","date_gmt":"2024-07-09T15:37:16","guid":{"rendered":"https:\/\/theplayoffs.news\/fr\/?p=1444017"},"modified":"2024-07-09T17:37:16","modified_gmt":"2024-07-09T15:37:16","slug":"jaguars-devin-lloyd-ne-vise-que-le-super-bowl","status":"publish","type":"post","link":"https:\/\/theplayoffs.news\/fr\/actualite-nfl\/jaguars-devin-lloyd-ne-vise-que-le-super-bowl\/","title":{"rendered":"Jaguars : Devin Lloyd ne vise que le Super Bowl"},"content":{"rendered":"<h2>Apr&egrave;s une saison d&eacute;cevante l&rsquo;an dernier, Devin Lloyd reste ambitieux avec les Jaguars.<\/h2><p>Les <a href=\"https:\/\/theplayoffs.news\/fr\/nfl\/jaguars-shad-khan-veut-gagner-et-gagner-maintenant\/\" class=\"trk-cta-link\" data-cta-trk='{\"ctaType\":\"Link\",\"ctaSubType\":\"main\"}'>Jaguars<\/a> auraient pu atteindre les playoffs la saison pass&eacute;e, mais se sont finalement effondr&eacute;s en fin de saison, perdant ainsi le titre de la division et leur place en playoffs. Malgr&eacute; cette mauvaise exp&eacute;rience, Devin Lloyd et les Jaguars seront &agrave; nouveau pr&eacute;tendants au Super Bowl cette saison.<\/p><h3>Enfin la bonne saison pour les Jaguars ?<\/h3><p>Les Jaguars se sont renforc&eacute;s cet &eacute;t&eacute;, en plus d&rsquo;avoir s&eacute;curis&eacute; leur quarterback, Trevor Lawrence. Les Jaguars ont chang&eacute; de coordinateur d&eacute;fensif : Mike Caldwell est parti, et Ryan Nielsen est arriv&eacute;.<\/p><p>Ils ont &eacute;galement renforc&eacute; leur corps de receveurs avec Gabe Davis et le rookie Brian Thomas Jr., et leur ligne offensive avec Mitch Morse. De quoi permettre la qu&ecirc;te de Super Bowl voulue par Devin Lloyd, qui s&rsquo;est confi&eacute; &agrave; <a href=\"https:\/\/x.com\/JStCyrTV\/status\/1810385592938647947\" class=\"trk-cta-link\" data-cta-trk='{\"ctaType\":\"Link\",\"ctaSubType\":\"main\"}'>Jamal St. Cyr<\/a>.<\/p><blockquote><p>&laquo; Je pense que, &eacute;videmment, l&rsquo;ann&eacute;e derni&egrave;re, tout le monde parlait de commencer 8-3 et de finir 1-5. Pour nous, cela restera toujours dans un coin de notre esprit, mais nous n&rsquo;avons que les plus grandes attentes. Nous avons travaill&eacute; un peu diff&eacute;remment dans la mesure o&ugrave; nous ne suivons pas la philosophie de nous attendre &agrave; des r&eacute;sultats diff&eacute;rents en faisant la m&ecirc;me chose. Je m&rsquo;attends donc &agrave; des r&eacute;sultats diff&eacute;rents cette ann&eacute;e.<\/p>\n<p>Nous avons un peu chang&eacute; les choses pour le mieux. Je suis vraiment excit&eacute;. Nous avons tous les bons &eacute;l&eacute;ments en place. Les OTA se sont bien d&eacute;roul&eacute;s. Donc, vraiment, vous d&eacute;couvrez au camp d&rsquo;entra&icirc;nement quel type d&rsquo;&eacute;quipe vous &ecirc;tes, et j&rsquo;ai h&acirc;te d&rsquo;aller sur le terrain et de concourir, de concourir avec les gars, de m&rsquo;amuser beaucoup et de vraiment m&rsquo;am&eacute;liorer. &raquo;<\/p><\/blockquote><p>Les Jaguars auront fort &agrave; faire avec les Texans dans leur division notamment. Devin Lloyd et les Jags devront batailler comme chaque ann&eacute;e, bien que la saison &agrave; venir soit peut-&ecirc;tre plus difficile que les pr&eacute;c&eacute;dentes.<\/p><p>&nbsp;<\/p><p>Cr&eacute;dit photo : Ken Blaze-USA TODAY Sports<\/p>\n","protected":false},"excerpt":{"rendered":"","protected":false},"author":180310250,"featured_media":1444036,"comment_status":"open","ping_status":"closed","sticky":false,"template":"","format":"standard","meta":{"inline_featured_image":false,"kia_subtitle":"","_mux_skip_reasons":[],"proofreadBy":0,"footnotes":""},"categories":[118,40],"tags":[180,79],"sport":[2785],"saison":[6111,7475],"class_list":["post-1444017","post","type-post","status-publish","format-standard","has-post-thumbnail","hentry","category-actualite-nfl","category-nfl","tag-jaguars","tag-nfl","sport-nfl","saison-6111","saison-7475"],"acf":[],"yoast_head":"<!-- This site is optimized with the Yoast SEO plugin v24.2 - https:\/\/yoast.com\/wordpress\/plugins\/seo\/ -->\n<title>Jaguars : Devin Lloyd ne vise que le Super Bowl - The Playoffs FR<\/title>\n<meta name=\"robots\" content=\"index, follow, max-snippet:-1, max-image-preview:large, max-video-preview:-1\" \/>\n<link rel=\"canonical\" href=\"https:\/\/theplayoffs.news\/fr\/actualite-nfl\/jaguars-devin-lloyd-ne-vise-que-le-super-bowl\/\" \/>\n<meta property=\"og:locale\" content=\"fr_FR\" \/>\n<meta property=\"og:type\" content=\"article\" \/>\n<meta property=\"og:title\" content=\"Jaguars : Devin Lloyd ne vise que le Super Bowl - The Playoffs FR\" \/>\n<meta property=\"og:url\" content=\"https:\/\/theplayoffs.news\/fr\/actualite-nfl\/jaguars-devin-lloyd-ne-vise-que-le-super-bowl\/\" \/>\n<meta property=\"og:site_name\" content=\"The Playoffs FR\" \/>\n<meta property=\"article:publisher\" content=\"https:\/\/www.facebook.com\/TheFreeAgentFR\/\" \/>\n<meta property=\"article:modified_time\" content=\"2024-07-09T17:37:16+02:00\" \/>\n<meta property=\"og:image\" content=\"https:\/\/theplayoffs.news\/fr\/wp-content\/uploads\/2024\/07\/USATSI_22077553.jpg\" \/>\n\t<meta property=\"og:image:width\" content=\"1920\" \/>\n\t<meta property=\"og:image:height\" content=\"1280\" \/>\n\t<meta property=\"og:image:type\" content=\"image\/jpeg\" \/>\n<meta name=\"author\" content=\"Jean Fabre-Jevanoff\" \/>\n<meta name=\"twitter:card\" content=\"summary_large_image\" \/>\n<meta name=\"twitter:creator\" content=\"@the_jfj_42\" \/>\n<meta name=\"twitter:site\" content=\"@TheFreeAgentFR\" \/>\n<meta name=\"twitter:label1\" content=\"\u00c9crit par\" \/>\n\t<meta name=\"twitter:data1\" content=\"Jean Fabre-Jevanoff\" \/>\n\t<meta name=\"twitter:label2\" content=\"Dur\u00e9e de lecture estim\u00e9e\" \/>\n\t<meta name=\"twitter:data2\" content=\"2 minutes\" \/>\n<script type=\"application\/ld+json\" class=\"yoast-schema-graph\">{\"@context\":\"https:\/\/schema.org\",\"@graph\":[{\"@type\":\"WebPage\",\"@id\":\"https:\/\/theplayoffs.news\/fr\/actualite-nfl\/jaguars-devin-lloyd-ne-vise-que-le-super-bowl\/\",\"url\":\"https:\/\/theplayoffs.news\/fr\/actualite-nfl\/jaguars-devin-lloyd-ne-vise-que-le-super-bowl\/\",\"name\":\"Jaguars : Devin Lloyd ne vise que le Super Bowl - The Playoffs FR\",\"isPartOf\":{\"@id\":\"https:\/\/theplayoffs.news\/fr\/#website\"},\"primaryImageOfPage\":{\"@id\":\"https:\/\/theplayoffs.news\/fr\/actualite-nfl\/jaguars-devin-lloyd-ne-vise-que-le-super-bowl\/#primaryimage\"},\"image\":{\"@id\":\"https:\/\/theplayoffs.news\/fr\/actualite-nfl\/jaguars-devin-lloyd-ne-vise-que-le-super-bowl\/#primaryimage\"},\"thumbnailUrl\":\"https:\/\/theplayoffs.news\/fr\/wp-content\/uploads\/2024\/07\/USATSI_22077553.jpg\",\"datePublished\":\"2024-07-09T15:37:16+00:00\",\"dateModified\":\"2024-07-09T15:37:16+00:00\",\"author\":{\"@id\":\"https:\/\/theplayoffs.news\/fr\/#\/schema\/person\/1ea25b88e79fe4fabd657430b0013d3d\"},\"breadcrumb\":{\"@id\":\"https:\/\/theplayoffs.news\/fr\/actualite-nfl\/jaguars-devin-lloyd-ne-vise-que-le-super-bowl\/#breadcrumb\"},\"inLanguage\":\"fr-FR\",\"potentialAction\":[{\"@type\":\"ReadAction\",\"target\":[\"https:\/\/theplayoffs.news\/fr\/actualite-nfl\/jaguars-devin-lloyd-ne-vise-que-le-super-bowl\/\"]}]},{\"@type\":\"ImageObject\",\"inLanguage\":\"fr-FR\",\"@id\":\"https:\/\/theplayoffs.news\/fr\/actualite-nfl\/jaguars-devin-lloyd-ne-vise-que-le-super-bowl\/#primaryimage\",\"url\":\"https:\/\/theplayoffs.news\/fr\/wp-content\/uploads\/2024\/07\/USATSI_22077553.jpg\",\"contentUrl\":\"https:\/\/theplayoffs.news\/fr\/wp-content\/uploads\/2024\/07\/USATSI_22077553.jpg\",\"width\":1920,\"height\":1280,\"caption\":\"Dec 10, 2023; Cleveland, Ohio, USA; Jacksonville Jaguars linebacker Devin Lloyd (33) returns a fumble during the first half against the Cleveland Browns at Cleveland Browns Stadium. Mandatory Credit: Ken Blaze-USA TODAY Sports\"},{\"@type\":\"BreadcrumbList\",\"@id\":\"https:\/\/theplayoffs.news\/fr\/actualite-nfl\/jaguars-devin-lloyd-ne-vise-que-le-super-bowl\/#breadcrumb\",\"itemListElement\":[{\"@type\":\"ListItem\",\"position\":1,\"name\":\"Accueil\",\"item\":\"https:\/\/theplayoffs.news\/fr\/\"},{\"@type\":\"ListItem\",\"position\":2,\"name\":\"Jaguars : Devin Lloyd ne vise que le Super Bowl\"}]},{\"@type\":\"WebSite\",\"@id\":\"https:\/\/theplayoffs.news\/fr\/#website\",\"url\":\"https:\/\/theplayoffs.news\/fr\/\",\"name\":\"The Playoffs FR\",\"description\":\"NBA-NFL-NHL-MLB\",\"potentialAction\":[{\"@type\":\"SearchAction\",\"target\":{\"@type\":\"EntryPoint\",\"urlTemplate\":\"https:\/\/theplayoffs.news\/fr\/?s={search_term_string}\"},\"query-input\":{\"@type\":\"PropertyValueSpecification\",\"valueRequired\":true,\"valueName\":\"search_term_string\"}}],\"inLanguage\":\"fr-FR\"},{\"@type\":\"Person\",\"@id\":\"https:\/\/theplayoffs.news\/fr\/#\/schema\/person\/1ea25b88e79fe4fabd657430b0013d3d\",\"name\":\"Jean Fabre-Jevanoff\",\"image\":{\"@type\":\"ImageObject\",\"inLanguage\":\"fr-FR\",\"@id\":\"https:\/\/theplayoffs.news\/fr\/#\/schema\/person\/image\/\",\"url\":\"https:\/\/secure.gravatar.com\/avatar\/18b28dab1159eebc6a17b9787eb8cbbe3242c3d0e8b53b89332f6dc1133aa361?s=96&d=mm&r=g\",\"contentUrl\":\"https:\/\/secure.gravatar.com\/avatar\/18b28dab1159eebc6a17b9787eb8cbbe3242c3d0e8b53b89332f6dc1133aa361?s=96&d=mm&r=g\",\"caption\":\"Jean Fabre-Jevanoff\"},\"description\":\"Journaliste polyvalent sur le football am\u00e9ricain, j\u2019\u00e9cris aussi des articles sur le basket. Commentateur sur Twitch et sur YouTube. Pass\u00e9 par Eurosport notamment. Un mix d\u2019Eminem et de OBJ, fan inconditionnel de Patrick Mahomes et Lebron James\",\"sameAs\":[\"https:\/\/www.instagram.com\/_juaniitooo_\",\"https:\/\/www.linkedin.com\/in\/jean-fabre-jevanoff-84bb9b1a9\/\",\"https:\/\/x.com\/the_jfj_42\"],\"url\":\"https:\/\/theplayoffs.news\/fr\/author\/jeanfj42gmail-com\/\"}]}<\/script>\n<!-- \/ Yoast SEO plugin. -->","yoast_head_json":{"title":"Jaguars : Devin Lloyd ne vise que le Super Bowl - The Playoffs FR","robots":{"index":"index","follow":"follow","max-snippet":"max-snippet:-1","max-image-preview":"max-image-preview:large","max-video-preview":"max-video-preview:-1"},"canonical":"https:\/\/theplayoffs.news\/fr\/actualite-nfl\/jaguars-devin-lloyd-ne-vise-que-le-super-bowl\/","og_locale":"fr_FR","og_type":"article","og_title":"Jaguars : Devin Lloyd ne vise que le Super Bowl - The Playoffs FR","og_url":"https:\/\/theplayoffs.news\/fr\/actualite-nfl\/jaguars-devin-lloyd-ne-vise-que-le-super-bowl\/","og_site_name":"The Playoffs FR","article_publisher":"https:\/\/www.facebook.com\/TheFreeAgentFR\/","og_image":[{"width":1920,"height":1280,"url":"https:\/\/theplayoffs.news\/fr\/wp-content\/uploads\/2024\/07\/USATSI_22077553.jpg","type":"image\/jpeg"}],"author":"Jean Fabre-Jevanoff","twitter_card":"summary_large_image","twitter_creator":"@the_jfj_42","twitter_site":"@TheFreeAgentFR","twitter_misc":{"\u00c9crit par":"Jean Fabre-Jevanoff","Dur\u00e9e de lecture estim\u00e9e":"2 minutes"},"schema":{"@context":"https:\/\/schema.org","@graph":[{"@type":"WebPage","@id":"https:\/\/theplayoffs.news\/fr\/actualite-nfl\/jaguars-devin-lloyd-ne-vise-que-le-super-bowl\/","url":"https:\/\/theplayoffs.news\/fr\/actualite-nfl\/jaguars-devin-lloyd-ne-vise-que-le-super-bowl\/","name":"Jaguars : Devin Lloyd ne vise que le Super Bowl - The Playoffs FR","isPartOf":{"@id":"https:\/\/theplayoffs.news\/fr\/#website"},"primaryImageOfPage":{"@id":"https:\/\/theplayoffs.news\/fr\/actualite-nfl\/jaguars-devin-lloyd-ne-vise-que-le-super-bowl\/#primaryimage"},"image":{"@id":"https:\/\/theplayoffs.news\/fr\/actualite-nfl\/jaguars-devin-lloyd-ne-vise-que-le-super-bowl\/#primaryimage"},"thumbnailUrl":"https:\/\/theplayoffs.news\/fr\/wp-content\/uploads\/2024\/07\/USATSI_22077553.jpg","datePublished":"2024-07-09T15:37:16+00:00","dateModified":"2024-07-09T15:37:16+00:00","author":{"@id":"https:\/\/theplayoffs.news\/fr\/#\/schema\/person\/1ea25b88e79fe4fabd657430b0013d3d"},"breadcrumb":{"@id":"https:\/\/theplayoffs.news\/fr\/actualite-nfl\/jaguars-devin-lloyd-ne-vise-que-le-super-bowl\/#breadcrumb"},"inLanguage":"fr-FR","potentialAction":[{"@type":"ReadAction","target":["https:\/\/theplayoffs.news\/fr\/actualite-nfl\/jaguars-devin-lloyd-ne-vise-que-le-super-bowl\/"]}]},{"@type":"ImageObject","inLanguage":"fr-FR","@id":"https:\/\/theplayoffs.news\/fr\/actualite-nfl\/jaguars-devin-lloyd-ne-vise-que-le-super-bowl\/#primaryimage","url":"https:\/\/theplayoffs.news\/fr\/wp-content\/uploads\/2024\/07\/USATSI_22077553.jpg","contentUrl":"https:\/\/theplayoffs.news\/fr\/wp-content\/uploads\/2024\/07\/USATSI_22077553.jpg","width":1920,"height":1280,"caption":"Dec 10, 2023; Cleveland, Ohio, USA; Jacksonville Jaguars linebacker Devin Lloyd (33) returns a fumble during the first half against the Cleveland Browns at Cleveland Browns Stadium. Mandatory Credit: Ken Blaze-USA TODAY Sports"},{"@type":"BreadcrumbList","@id":"https:\/\/theplayoffs.news\/fr\/actualite-nfl\/jaguars-devin-lloyd-ne-vise-que-le-super-bowl\/#breadcrumb","itemListElement":[{"@type":"ListItem","position":1,"name":"Accueil","item":"https:\/\/theplayoffs.news\/fr\/"},{"@type":"ListItem","position":2,"name":"Jaguars : Devin Lloyd ne vise que le Super Bowl"}]},{"@type":"WebSite","@id":"https:\/\/theplayoffs.news\/fr\/#website","url":"https:\/\/theplayoffs.news\/fr\/","name":"The Playoffs FR","description":"NBA-NFL-NHL-MLB","potentialAction":[{"@type":"SearchAction","target":{"@type":"EntryPoint","urlTemplate":"https:\/\/theplayoffs.news\/fr\/?s={search_term_string}"},"query-input":{"@type":"PropertyValueSpecification","valueRequired":true,"valueName":"search_term_string"}}],"inLanguage":"fr-FR"},{"@type":"Person","@id":"https:\/\/theplayoffs.news\/fr\/#\/schema\/person\/1ea25b88e79fe4fabd657430b0013d3d","name":"Jean Fabre-Jevanoff","image":{"@type":"ImageObject","inLanguage":"fr-FR","@id":"https:\/\/theplayoffs.news\/fr\/#\/schema\/person\/image\/","url":"https:\/\/secure.gravatar.com\/avatar\/18b28dab1159eebc6a17b9787eb8cbbe3242c3d0e8b53b89332f6dc1133aa361?s=96&d=mm&r=g","contentUrl":"https:\/\/secure.gravatar.com\/avatar\/18b28dab1159eebc6a17b9787eb8cbbe3242c3d0e8b53b89332f6dc1133aa361?s=96&d=mm&r=g","caption":"Jean Fabre-Jevanoff"},"description":"Journaliste polyvalent sur le football am\u00e9ricain, j\u2019\u00e9cris aussi des articles sur le basket. Commentateur sur Twitch et sur YouTube. Pass\u00e9 par Eurosport notamment. Un mix d\u2019Eminem et de OBJ, fan inconditionnel de Patrick Mahomes et Lebron James","sameAs":["https:\/\/www.instagram.com\/_juaniitooo_","https:\/\/www.linkedin.com\/in\/jean-fabre-jevanoff-84bb9b1a9\/","https:\/\/x.com\/the_jfj_42"],"url":"https:\/\/theplayoffs.news\/fr\/author\/jeanfj42gmail-com\/"}]}},"_links":{"self":[{"href":"https:\/\/theplayoffs.news\/fr\/wp-json\/wp\/v2\/posts\/1444017","targetHints":{"allow":["GET"]}}],"collection":[{"href":"https:\/\/theplayoffs.news\/fr\/wp-json\/wp\/v2\/posts"}],"about":[{"href":"https:\/\/theplayoffs.news\/fr\/wp-json\/wp\/v2\/types\/post"}],"author":[{"embeddable":true,"href":"https:\/\/theplayoffs.news\/fr\/wp-json\/wp\/v2\/users\/180310250"}],"replies":[{"embeddable":true,"href":"https:\/\/theplayoffs.news\/fr\/wp-json\/wp\/v2\/comments?post=1444017"}],"version-history":[{"count":2,"href":"https:\/\/theplayoffs.news\/fr\/wp-json\/wp\/v2\/posts\/1444017\/revisions"}],"predecessor-version":[{"id":1444038,"href":"https:\/\/theplayoffs.news\/fr\/wp-json\/wp\/v2\/posts\/1444017\/revisions\/1444038"}],"wp:featuredmedia":[{"embeddable":true,"href":"https:\/\/theplayoffs.news\/fr\/wp-json\/wp\/v2\/media\/1444036"}],"wp:attachment":[{"href":"https:\/\/theplayoffs.news\/fr\/wp-json\/wp\/v2\/media?parent=1444017"}],"wp:term":[{"taxonomy":"category","embeddable":true,"href":"https:\/\/theplayoffs.news\/fr\/wp-json\/wp\/v2\/categories?post=1444017"},{"taxonomy":"post_tag","embeddable":true,"href":"https:\/\/theplayoffs.news\/fr\/wp-json\/wp\/v2\/tags?post=1444017"},{"taxonomy":"sport","embeddable":true,"href":"https:\/\/theplayoffs.news\/fr\/wp-json\/wp\/v2\/sport?post=1444017"},{"taxonomy":"saison","embeddable":true,"href":"https:\/\/theplayoffs.news\/fr\/wp-json\/wp\/v2\/saison?post=1444017"}],"curies":[{"name":"wp","href":"https:\/\/api.w.org\/{rel}","templated":true}]}}