{"id":1443963,"date":"2024-07-09T13:12:03","date_gmt":"2024-07-09T11:12:03","guid":{"rendered":"https:\/\/theplayoffs.news\/fr\/?p=1443963"},"modified":"2024-07-09T13:13:35","modified_gmt":"2024-07-09T11:13:35","slug":"basket-lequipe-de-france-privee-de-wembanyama-sincline-face-a-lallemagne","status":"publish","type":"post","link":"https:\/\/theplayoffs.news\/fr\/nba\/basket-lequipe-de-france-privee-de-wembanyama-sincline-face-a-lallemagne\/","title":{"rendered":"Basket: L\u2019\u00e9quipe de France, priv\u00e9e de Wembanyama, s\u2019incline face \u00e0 l\u2019Allemagne."},"content":{"rendered":"<h2 class=\"p1\"><span class=\"s1\">La france s&rsquo;incline face &agrave; l&rsquo;Allemagne championne du monde de Denis Schr&ouml;der en l&rsquo;absence de Victor Wembanyama sur un score de 65-70.<\/span><\/h2><p class=\"p1\"><span class=\"s1\">Hier soir, l&rsquo;&eacute;quipe de France de basket affrontait de nouveau l&rsquo;&eacute;quipe allemande en match amical. Victime d&rsquo;un syndrome viral, <a href=\"https:\/\/theplayoffs.news\/fr\/nba-basketball\/actualite-nba\/victor-wembanyama-impressionnant-avec-lequipe-de-france\/\" class=\"trk-cta-link\" data-cta-trk='{\"ctaType\":\"Link\",\"ctaSubType\":\"main\"}'>Victor Wembanyama<\/a> n&rsquo;&eacute;tait pas aux cot&eacute;s des Bleus lors de ce match, faisant de nombreux d&eacute;&ccedil;us.<\/span><\/p><p>&nbsp;<\/p><p class=\"p1\"><span class=\"s1\">Une absence que l&rsquo;&eacute;quipe de France a tent&eacute; de combler tout au cours du match. &Agrave; l&rsquo;image du dernier match les opposants, les fran&ccedil;ais d&eacute;collent d&egrave;s le d&eacute;but de la partie en prenant d&rsquo;assaut l&rsquo;Allemagne avec un score de 13-2.<\/span><\/p><p>\n<div id=\"attachment_1443962\" style=\"width: 310px\" class=\"wp-caption alignnone\"><img loading=\"lazy\" decoding=\"async\" aria-describedby=\"caption-attachment-1443962\" class=\"size-medium wp-image-1443962\" src=\"https:\/\/theplayoffs.news\/fr\/wp-content\/uploads\/2024\/07\/IMG_3008-300x169.jpeg\" alt=\"\" width=\"300\" height=\"169\" srcset=\"https:\/\/theplayoffs.news\/fr\/wp-content\/uploads\/2024\/07\/IMG_3008-300x169.jpeg 300w, https:\/\/theplayoffs.news\/fr\/wp-content\/uploads\/2024\/07\/IMG_3008-1030x579.jpeg 1030w, https:\/\/theplayoffs.news\/fr\/wp-content\/uploads\/2024\/07\/IMG_3008-768x432.jpeg 768w, https:\/\/theplayoffs.news\/fr\/wp-content\/uploads\/2024\/07\/IMG_3008-1320x743.jpeg 1320w, https:\/\/theplayoffs.news\/fr\/wp-content\/uploads\/2024\/07\/IMG_3008.jpeg 1328w\" sizes=\"auto, (max-width: 300px) 100vw, 300px\" \/><p id=\"caption-attachment-1443962\" class=\"wp-caption-text\">Cr&eacute;dit: MATTHIAS STICKEL \/ AFP<\/p><\/div>\n<\/p><p class=\"p1\"><span class=\"s1\">Matthew Strazel s&rsquo;attelle &agrave; d&eacute;fendre l&rsquo;insaisissable Denis Schr&ouml;der, le meneur des allemands. Impossible pour le meneur de d&eacute;velopper son jeu et l&rsquo;&eacute;quipe de France emp&ecirc;che les hommes de Gordon Herbert de marquer dans le d&eacute;but de cette rencontre. Strazel s&rsquo;illustre tr&egrave;s bien dans son r&ocirc;le de meneur tout au long du match. Distribuant le ballon et cr&eacute;ant des mouvements, il saura maintenir cette &eacute;quipe de France dans le match.<\/span><\/p><p>&nbsp;<\/p><p class=\"p1\"><span class=\"s1\">Des rotations rapides, des aides efficaces, une agressivit&eacute; constante sur le porteur de balle : les Bleus incarnaient parfaitement l&rsquo;identit&eacute; d&eacute;fensive tant souhait&eacute;e par Vincent Collet. Cependant, l&rsquo;absence de Victor Wembanyama se fera pourtant vite sentir sur le parquet de la Sud de France Arena de Montpellier. Le retour en s&eacute;lection des fr&egrave;res Wagner a fait mal &agrave; cette &eacute;quipe de France.<\/span><\/p><p>&nbsp;<\/p><p class=\"p1\"><span class=\"s1\"><a href=\"https:\/\/theplayoffs.news\/fr\/joueur\/franz-wagner-nba-9132868\/\" class=\"trk-cta-link\" data-cta-trk='{\"ctaType\":\"Link\",\"ctaSubType\":\"main\"}'>Franz Wagner<\/a>, ailier des Orlando Magics, d&eacute;marra la machine allemande du haut de ses 2,08m. Avec 13 points marqu&eacute;s dans le deuxi&egrave;me quart temps, l&rsquo;ailier &agrave; d&eacute;bloquer la Mannschaft et a permis &agrave; Denis Schr&ouml;der de se lancer. Lui qui avait eu un accrochage avec Evan Fournier lors du dernier match, &agrave; Cologne, il a mis la main sur la rencontre, dictant son tempo, alternant les prises de responsabilit&eacute;s et la cr&eacute;ation pour les autres.<\/span><\/p><blockquote class=\"twitter-tweet\" data-width=\"500\" data-dnt=\"true\">\n<p lang=\"fr\" dir=\"ltr\">&Eacute;galit&eacute; parfaite &agrave; la pause ! <a href=\"https:\/\/twitter.com\/hashtag\/TeamFranceBasket?src=hash&amp;ref_src=twsrc%5Etfw\" class=\"trk-cta-link\" data-cta-trk='{\"ctaType\":\"Link\",\"ctaSubType\":\"main\"}'>#TeamFranceBasket<\/a> | <a href=\"https:\/\/twitter.com\/hashtag\/Passionn%C3%A9mentBleu?src=hash&amp;ref_src=twsrc%5Etfw\" class=\"trk-cta-link\" data-cta-trk='{\"ctaType\":\"Link\",\"ctaSubType\":\"main\"}'>#Passionn&eacute;mentBleu<\/a> | <a href=\"https:\/\/twitter.com\/hashtag\/FRADEU?src=hash&amp;ref_src=twsrc%5Etfw\" class=\"trk-cta-link\" data-cta-trk='{\"ctaType\":\"Link\",\"ctaSubType\":\"main\"}'>#FRADEU<\/a> <a href=\"https:\/\/t.co\/HyOUVysPgl\" class=\"trk-cta-link\" data-cta-trk='{\"ctaType\":\"Link\",\"ctaSubType\":\"main\"}'>pic.twitter.com\/HyOUVysPgl<\/a><\/p>\n<p>&mdash; &Eacute;quipes de France de Basket (@FRABasketball) <a href=\"https:\/\/twitter.com\/FRABasketball\/status\/1810404424784732558?ref_src=twsrc%5Etfw\" class=\"trk-cta-link\" data-cta-trk='{\"ctaType\":\"Link\",\"ctaSubType\":\"main\"}'>July 8, 2024<\/a><\/p><\/blockquote><p><script async src=\"https:\/\/platform.twitter.com\/widgets.js\" charset=\"utf-8\"><\/script><\/p><p class=\"p1\"><span class=\"s1\">De retour apr&egrave;s la pause, les deux &eacute;quipes &eacute;taient aux coudes &agrave; coudes avec 39 points marqu&eacute;s chacun. La d&eacute;fense de Strazel s&rsquo;&eacute;tant rel&acirc;ch&eacute;, Vincent Collet le s&eacute;lectionneur, d&eacute;cide d&rsquo;envoyer Bilal Coulibaly au fourneau face au meneur des Nets. Cela ne suffira pas &agrave; arr&ecirc;ter l&rsquo;allemand qui d&eacute;roule son jeu dans la d&eacute;fense fran&ccedil;aise.<\/span><\/p><p>&nbsp;<\/p><p>&nbsp;<\/p><p class=\"p1\"><span class=\"s1\">En fin de match et devant les 9 132 spectateurs de la Sud Arena, l&rsquo;&eacute;quipe de France tente de rattraper leur retard et de profiter de l&rsquo;absence de Franz Wagner en fin de match. Malheureusement pour nos Bleus, ils n&rsquo;arriveront pas &agrave; concr&eacute;tiser et le manque de r&eacute;ussite aux lancers francs et le peu de points marquer sur les lignes ext&eacute;rieures portera pr&eacute;judice face &agrave; une allemagne et un Denis Schr&ouml;der en pleine forme.<\/span><\/p><p>&nbsp;<\/p><p>Hier soir, la France a subi sa premi&egrave;re d&eacute;faite, illustrant les difficult&eacute;s potentielles de jouer sans Wemby. Sans les nombreux tirs ouverts cr&eacute;&eacute;s par la jeune star fran&ccedil;aise, l&rsquo;&eacute;quipe a pein&eacute; offensivement. C&rsquo;est un point &agrave; am&eacute;liorer avant d&rsquo;affronter la <a href=\"https:\/\/www.olvallee.fr\/evenement\/france-serbie-lyon-2024\/\" class=\"trk-cta-link\" data-cta-trk='{\"ctaType\":\"Link\",\"ctaSubType\":\"main\"}'>Serbie<\/a> de Nikola Jokic, vendredi soir &agrave; Lyon.<\/p>\n","protected":false},"excerpt":{"rendered":"","protected":false},"author":180310252,"featured_media":1443967,"comment_status":"open","ping_status":"closed","sticky":false,"template":"","format":"standard","meta":{"inline_featured_image":false,"kia_subtitle":"","_mux_skip_reasons":[],"proofreadBy":0,"footnotes":""},"categories":[10],"tags":[],"sport":[2783],"saison":[7475],"class_list":["post-1443963","post","type-post","status-publish","format-standard","has-post-thumbnail","hentry","category-nba","sport-nba","saison-7475"],"acf":[],"yoast_head":"<!-- This site is optimized with the Yoast SEO plugin v24.2 - https:\/\/yoast.com\/wordpress\/plugins\/seo\/ -->\n<title>Basket: L&rsquo;&eacute;quipe de France, priv&eacute;e de Wembanyama, s&rsquo;incline face &agrave; l&rsquo;Allemagne. - The Playoffs FR<\/title>\n<meta name=\"robots\" content=\"index, follow, max-snippet:-1, max-image-preview:large, max-video-preview:-1\" \/>\n<link rel=\"canonical\" href=\"https:\/\/theplayoffs.news\/fr\/nba\/basket-lequipe-de-france-privee-de-wembanyama-sincline-face-a-lallemagne\/\" \/>\n<meta property=\"og:locale\" content=\"fr_FR\" \/>\n<meta property=\"og:type\" content=\"article\" \/>\n<meta property=\"og:title\" content=\"Basket: L&rsquo;&eacute;quipe de France, priv&eacute;e de Wembanyama, s&rsquo;incline face &agrave; l&rsquo;Allemagne. - The Playoffs FR\" \/>\n<meta property=\"og:url\" content=\"https:\/\/theplayoffs.news\/fr\/nba\/basket-lequipe-de-france-privee-de-wembanyama-sincline-face-a-lallemagne\/\" \/>\n<meta property=\"og:site_name\" content=\"The Playoffs FR\" \/>\n<meta property=\"article:publisher\" content=\"https:\/\/www.facebook.com\/TheFreeAgentFR\/\" \/>\n<meta property=\"article:modified_time\" content=\"2024-07-09T13:13:35+02:00\" \/>\n<meta property=\"og:image\" content=\"https:\/\/theplayoffs.news\/fr\/wp-content\/uploads\/2024\/07\/USATSI_16526050.jpg\" \/>\n\t<meta property=\"og:image:width\" content=\"1920\" \/>\n\t<meta property=\"og:image:height\" content=\"1280\" \/>\n\t<meta property=\"og:image:type\" content=\"image\/jpeg\" \/>\n<meta name=\"author\" content=\"Hugo Da Silva\" \/>\n<meta name=\"twitter:card\" content=\"summary_large_image\" \/>\n<meta name=\"twitter:creator\" content=\"@TheFreeAgentFR\" \/>\n<meta name=\"twitter:site\" content=\"@TheFreeAgentFR\" \/>\n<meta name=\"twitter:label1\" content=\"\u00c9crit par\" \/>\n\t<meta name=\"twitter:data1\" content=\"Hugo Da Silva\" \/>\n\t<meta name=\"twitter:label2\" content=\"Dur\u00e9e de lecture estim\u00e9e\" \/>\n\t<meta name=\"twitter:data2\" content=\"3 minutes\" \/>\n<script type=\"application\/ld+json\" class=\"yoast-schema-graph\">{\"@context\":\"https:\/\/schema.org\",\"@graph\":[{\"@type\":\"WebPage\",\"@id\":\"https:\/\/theplayoffs.news\/fr\/nba\/basket-lequipe-de-france-privee-de-wembanyama-sincline-face-a-lallemagne\/\",\"url\":\"https:\/\/theplayoffs.news\/fr\/nba\/basket-lequipe-de-france-privee-de-wembanyama-sincline-face-a-lallemagne\/\",\"name\":\"Basket: L\u2019\u00e9quipe de France, priv\u00e9e de Wembanyama, s\u2019incline face \u00e0 l\u2019Allemagne. - The Playoffs FR\",\"isPartOf\":{\"@id\":\"https:\/\/theplayoffs.news\/fr\/#website\"},\"primaryImageOfPage\":{\"@id\":\"https:\/\/theplayoffs.news\/fr\/nba\/basket-lequipe-de-france-privee-de-wembanyama-sincline-face-a-lallemagne\/#primaryimage\"},\"image\":{\"@id\":\"https:\/\/theplayoffs.news\/fr\/nba\/basket-lequipe-de-france-privee-de-wembanyama-sincline-face-a-lallemagne\/#primaryimage\"},\"thumbnailUrl\":\"https:\/\/theplayoffs.news\/fr\/wp-content\/uploads\/2024\/07\/USATSI_16526050.jpg\",\"datePublished\":\"2024-07-09T11:12:03+00:00\",\"dateModified\":\"2024-07-09T11:13:35+00:00\",\"author\":{\"@id\":\"https:\/\/theplayoffs.news\/fr\/#\/schema\/person\/6873025fdeeef5a5a119a678d88f9eb8\"},\"breadcrumb\":{\"@id\":\"https:\/\/theplayoffs.news\/fr\/nba\/basket-lequipe-de-france-privee-de-wembanyama-sincline-face-a-lallemagne\/#breadcrumb\"},\"inLanguage\":\"fr-FR\",\"potentialAction\":[{\"@type\":\"ReadAction\",\"target\":[\"https:\/\/theplayoffs.news\/fr\/nba\/basket-lequipe-de-france-privee-de-wembanyama-sincline-face-a-lallemagne\/\"]}]},{\"@type\":\"ImageObject\",\"inLanguage\":\"fr-FR\",\"@id\":\"https:\/\/theplayoffs.news\/fr\/nba\/basket-lequipe-de-france-privee-de-wembanyama-sincline-face-a-lallemagne\/#primaryimage\",\"url\":\"https:\/\/theplayoffs.news\/fr\/wp-content\/uploads\/2024\/07\/USATSI_16526050.jpg\",\"contentUrl\":\"https:\/\/theplayoffs.news\/fr\/wp-content\/uploads\/2024\/07\/USATSI_16526050.jpg\",\"width\":1920,\"height\":1280,\"caption\":\"Aug 7, 2021; Saitama, Japan; France head coach Vincent Collet on the sidelines as France plays USA in the gold medal game during the Tokyo 2020 Olympic Summer Games at Saitama Super Arena. Mandatory Credit: Kyle Terada-USA TODAY Sports\"},{\"@type\":\"BreadcrumbList\",\"@id\":\"https:\/\/theplayoffs.news\/fr\/nba\/basket-lequipe-de-france-privee-de-wembanyama-sincline-face-a-lallemagne\/#breadcrumb\",\"itemListElement\":[{\"@type\":\"ListItem\",\"position\":1,\"name\":\"Accueil\",\"item\":\"https:\/\/theplayoffs.news\/fr\/\"},{\"@type\":\"ListItem\",\"position\":2,\"name\":\"Basket: L\u2019\u00e9quipe de France, priv\u00e9e de Wembanyama, s\u2019incline face \u00e0 l\u2019Allemagne.\"}]},{\"@type\":\"WebSite\",\"@id\":\"https:\/\/theplayoffs.news\/fr\/#website\",\"url\":\"https:\/\/theplayoffs.news\/fr\/\",\"name\":\"The Playoffs FR\",\"description\":\"NBA-NFL-NHL-MLB\",\"potentialAction\":[{\"@type\":\"SearchAction\",\"target\":{\"@type\":\"EntryPoint\",\"urlTemplate\":\"https:\/\/theplayoffs.news\/fr\/?s={search_term_string}\"},\"query-input\":{\"@type\":\"PropertyValueSpecification\",\"valueRequired\":true,\"valueName\":\"search_term_string\"}}],\"inLanguage\":\"fr-FR\"},{\"@type\":\"Person\",\"@id\":\"https:\/\/theplayoffs.news\/fr\/#\/schema\/person\/6873025fdeeef5a5a119a678d88f9eb8\",\"name\":\"Hugo Da Silva\",\"image\":{\"@type\":\"ImageObject\",\"inLanguage\":\"fr-FR\",\"@id\":\"https:\/\/theplayoffs.news\/fr\/#\/schema\/person\/image\/\",\"url\":\"https:\/\/secure.gravatar.com\/avatar\/42645c167f2d0d025c99c89a9d5af905f285255ee846e7a777caaecca00b1837?s=96&d=mm&r=g\",\"contentUrl\":\"https:\/\/secure.gravatar.com\/avatar\/42645c167f2d0d025c99c89a9d5af905f285255ee846e7a777caaecca00b1837?s=96&d=mm&r=g\",\"caption\":\"Hugo Da Silva\"},\"url\":\"https:\/\/theplayoffs.news\/fr\/author\/hugodasilva0903gmail-com\/\"}]}<\/script>\n<!-- \/ Yoast SEO plugin. -->","yoast_head_json":{"title":"Basket: L&rsquo;&eacute;quipe de France, priv&eacute;e de Wembanyama, s&rsquo;incline face &agrave; l&rsquo;Allemagne. - The Playoffs FR","robots":{"index":"index","follow":"follow","max-snippet":"max-snippet:-1","max-image-preview":"max-image-preview:large","max-video-preview":"max-video-preview:-1"},"canonical":"https:\/\/theplayoffs.news\/fr\/nba\/basket-lequipe-de-france-privee-de-wembanyama-sincline-face-a-lallemagne\/","og_locale":"fr_FR","og_type":"article","og_title":"Basket: L&rsquo;&eacute;quipe de France, priv&eacute;e de Wembanyama, s&rsquo;incline face &agrave; l&rsquo;Allemagne. - The Playoffs FR","og_url":"https:\/\/theplayoffs.news\/fr\/nba\/basket-lequipe-de-france-privee-de-wembanyama-sincline-face-a-lallemagne\/","og_site_name":"The Playoffs FR","article_publisher":"https:\/\/www.facebook.com\/TheFreeAgentFR\/","article_modified_time":"2024-07-09T11:13:35+00:00","og_image":[{"width":1920,"height":1280,"url":"https:\/\/theplayoffs.news\/fr\/wp-content\/uploads\/2024\/07\/USATSI_16526050.jpg","type":"image\/jpeg"}],"author":"Hugo Da Silva","twitter_card":"summary_large_image","twitter_creator":"@TheFreeAgentFR","twitter_site":"@TheFreeAgentFR","twitter_misc":{"\u00c9crit par":"Hugo Da Silva","Dur\u00e9e de lecture estim\u00e9e":"3 minutes"},"schema":{"@context":"https:\/\/schema.org","@graph":[{"@type":"WebPage","@id":"https:\/\/theplayoffs.news\/fr\/nba\/basket-lequipe-de-france-privee-de-wembanyama-sincline-face-a-lallemagne\/","url":"https:\/\/theplayoffs.news\/fr\/nba\/basket-lequipe-de-france-privee-de-wembanyama-sincline-face-a-lallemagne\/","name":"Basket: L\u2019\u00e9quipe de France, priv\u00e9e de Wembanyama, s\u2019incline face \u00e0 l\u2019Allemagne. - The Playoffs FR","isPartOf":{"@id":"https:\/\/theplayoffs.news\/fr\/#website"},"primaryImageOfPage":{"@id":"https:\/\/theplayoffs.news\/fr\/nba\/basket-lequipe-de-france-privee-de-wembanyama-sincline-face-a-lallemagne\/#primaryimage"},"image":{"@id":"https:\/\/theplayoffs.news\/fr\/nba\/basket-lequipe-de-france-privee-de-wembanyama-sincline-face-a-lallemagne\/#primaryimage"},"thumbnailUrl":"https:\/\/theplayoffs.news\/fr\/wp-content\/uploads\/2024\/07\/USATSI_16526050.jpg","datePublished":"2024-07-09T11:12:03+00:00","dateModified":"2024-07-09T11:13:35+00:00","author":{"@id":"https:\/\/theplayoffs.news\/fr\/#\/schema\/person\/6873025fdeeef5a5a119a678d88f9eb8"},"breadcrumb":{"@id":"https:\/\/theplayoffs.news\/fr\/nba\/basket-lequipe-de-france-privee-de-wembanyama-sincline-face-a-lallemagne\/#breadcrumb"},"inLanguage":"fr-FR","potentialAction":[{"@type":"ReadAction","target":["https:\/\/theplayoffs.news\/fr\/nba\/basket-lequipe-de-france-privee-de-wembanyama-sincline-face-a-lallemagne\/"]}]},{"@type":"ImageObject","inLanguage":"fr-FR","@id":"https:\/\/theplayoffs.news\/fr\/nba\/basket-lequipe-de-france-privee-de-wembanyama-sincline-face-a-lallemagne\/#primaryimage","url":"https:\/\/theplayoffs.news\/fr\/wp-content\/uploads\/2024\/07\/USATSI_16526050.jpg","contentUrl":"https:\/\/theplayoffs.news\/fr\/wp-content\/uploads\/2024\/07\/USATSI_16526050.jpg","width":1920,"height":1280,"caption":"Aug 7, 2021; Saitama, Japan; France head coach Vincent Collet on the sidelines as France plays USA in the gold medal game during the Tokyo 2020 Olympic Summer Games at Saitama Super Arena. Mandatory Credit: Kyle Terada-USA TODAY Sports"},{"@type":"BreadcrumbList","@id":"https:\/\/theplayoffs.news\/fr\/nba\/basket-lequipe-de-france-privee-de-wembanyama-sincline-face-a-lallemagne\/#breadcrumb","itemListElement":[{"@type":"ListItem","position":1,"name":"Accueil","item":"https:\/\/theplayoffs.news\/fr\/"},{"@type":"ListItem","position":2,"name":"Basket: L\u2019\u00e9quipe de France, priv\u00e9e de Wembanyama, s\u2019incline face \u00e0 l\u2019Allemagne."}]},{"@type":"WebSite","@id":"https:\/\/theplayoffs.news\/fr\/#website","url":"https:\/\/theplayoffs.news\/fr\/","name":"The Playoffs FR","description":"NBA-NFL-NHL-MLB","potentialAction":[{"@type":"SearchAction","target":{"@type":"EntryPoint","urlTemplate":"https:\/\/theplayoffs.news\/fr\/?s={search_term_string}"},"query-input":{"@type":"PropertyValueSpecification","valueRequired":true,"valueName":"search_term_string"}}],"inLanguage":"fr-FR"},{"@type":"Person","@id":"https:\/\/theplayoffs.news\/fr\/#\/schema\/person\/6873025fdeeef5a5a119a678d88f9eb8","name":"Hugo Da Silva","image":{"@type":"ImageObject","inLanguage":"fr-FR","@id":"https:\/\/theplayoffs.news\/fr\/#\/schema\/person\/image\/","url":"https:\/\/secure.gravatar.com\/avatar\/42645c167f2d0d025c99c89a9d5af905f285255ee846e7a777caaecca00b1837?s=96&d=mm&r=g","contentUrl":"https:\/\/secure.gravatar.com\/avatar\/42645c167f2d0d025c99c89a9d5af905f285255ee846e7a777caaecca00b1837?s=96&d=mm&r=g","caption":"Hugo Da Silva"},"url":"https:\/\/theplayoffs.news\/fr\/author\/hugodasilva0903gmail-com\/"}]}},"_links":{"self":[{"href":"https:\/\/theplayoffs.news\/fr\/wp-json\/wp\/v2\/posts\/1443963","targetHints":{"allow":["GET"]}}],"collection":[{"href":"https:\/\/theplayoffs.news\/fr\/wp-json\/wp\/v2\/posts"}],"about":[{"href":"https:\/\/theplayoffs.news\/fr\/wp-json\/wp\/v2\/types\/post"}],"author":[{"embeddable":true,"href":"https:\/\/theplayoffs.news\/fr\/wp-json\/wp\/v2\/users\/180310252"}],"replies":[{"embeddable":true,"href":"https:\/\/theplayoffs.news\/fr\/wp-json\/wp\/v2\/comments?post=1443963"}],"version-history":[{"count":4,"href":"https:\/\/theplayoffs.news\/fr\/wp-json\/wp\/v2\/posts\/1443963\/revisions"}],"predecessor-version":[{"id":1443970,"href":"https:\/\/theplayoffs.news\/fr\/wp-json\/wp\/v2\/posts\/1443963\/revisions\/1443970"}],"wp:featuredmedia":[{"embeddable":true,"href":"https:\/\/theplayoffs.news\/fr\/wp-json\/wp\/v2\/media\/1443967"}],"wp:attachment":[{"href":"https:\/\/theplayoffs.news\/fr\/wp-json\/wp\/v2\/media?parent=1443963"}],"wp:term":[{"taxonomy":"category","embeddable":true,"href":"https:\/\/theplayoffs.news\/fr\/wp-json\/wp\/v2\/categories?post=1443963"},{"taxonomy":"post_tag","embeddable":true,"href":"https:\/\/theplayoffs.news\/fr\/wp-json\/wp\/v2\/tags?post=1443963"},{"taxonomy":"sport","embeddable":true,"href":"https:\/\/theplayoffs.news\/fr\/wp-json\/wp\/v2\/sport?post=1443963"},{"taxonomy":"saison","embeddable":true,"href":"https:\/\/theplayoffs.news\/fr\/wp-json\/wp\/v2\/saison?post=1443963"}],"curies":[{"name":"wp","href":"https:\/\/api.w.org\/{rel}","templated":true}]}}