{"id":1443934,"date":"2024-07-09T12:10:47","date_gmt":"2024-07-09T10:10:47","guid":{"rendered":"https:\/\/theplayoffs.news\/fr\/?p=1443934"},"modified":"2024-07-09T11:38:41","modified_gmt":"2024-07-09T09:38:41","slug":"brandon-ingram-en-discussion-avec-les-pelicans-pour-une-prolongation","status":"publish","type":"post","link":"https:\/\/theplayoffs.news\/fr\/actualite-nba\/brandon-ingram-en-discussion-avec-les-pelicans-pour-une-prolongation\/","title":{"rendered":"Brandon Ingram en discussion avec les Pelicans pour une prolongation"},"content":{"rendered":"<h2>Brandon Ingram pourrait rester plus longtemps avec les Pelicans. William Guillory, du site The Athletic, mentionne que les deux parties sont optimistes quant &agrave; une extension de contrat.<\/h2><p>Guillory pr&eacute;cise que les Pelicans veulent &eacute;viter de commencer la pr&eacute;-saison sans avoir s&eacute;curis&eacute; Ingram. Ils pr&eacute;f&egrave;rent obtenir un accord juste plut&ocirc;t que de risquer de le perdre pour peu lors de la prochaine intersaison sans un bon &eacute;change.<\/p><p>Ingram, qui est dans la derni&egrave;re ann&eacute;e de son contrat, demanderait une extension max, mais la franchise ne serait pas tr&egrave;s ambitieuse de donner autant.<\/p><p>Les Pelicans ont r&eacute;cemment acquis Dejounte Murray, ce qui rend la perspective de garder Ingram aux c&ocirc;t&eacute;s de Murray et Zion Williamson. La formation de ce big three pourrait enchanter Ingram &agrave; rester dans le projet pour enfin pourquoi pas faire quelque chose en play off.<\/p><p>&copy; Stephen Lew-USA TODAY Sports<\/p><p>&nbsp;<\/p>\n","protected":false},"excerpt":{"rendered":"","protected":false},"author":180310234,"featured_media":1443935,"comment_status":"open","ping_status":"closed","sticky":false,"template":"","format":"standard","meta":{"inline_featured_image":false,"kia_subtitle":"","_mux_skip_reasons":[],"proofreadBy":0,"footnotes":""},"categories":[110],"tags":[],"sport":[2783],"saison":[3453],"class_list":["post-1443934","post","type-post","status-publish","format-standard","has-post-thumbnail","hentry","category-actualite-nba","sport-nba","saison-3453"],"acf":[],"yoast_head":"<!-- This site is optimized with the Yoast SEO plugin v24.2 - https:\/\/yoast.com\/wordpress\/plugins\/seo\/ -->\n<title>Brandon Ingram en discussion avec les Pelicans pour une prolongation - The Playoffs FR<\/title>\n<meta name=\"robots\" content=\"index, follow, max-snippet:-1, max-image-preview:large, max-video-preview:-1\" \/>\n<link rel=\"canonical\" href=\"https:\/\/theplayoffs.news\/fr\/actualite-nba\/brandon-ingram-en-discussion-avec-les-pelicans-pour-une-prolongation\/\" \/>\n<meta property=\"og:locale\" content=\"fr_FR\" \/>\n<meta property=\"og:type\" content=\"article\" \/>\n<meta property=\"og:title\" content=\"Brandon Ingram en discussion avec les Pelicans pour une prolongation - The Playoffs FR\" \/>\n<meta property=\"og:url\" content=\"https:\/\/theplayoffs.news\/fr\/actualite-nba\/brandon-ingram-en-discussion-avec-les-pelicans-pour-une-prolongation\/\" \/>\n<meta property=\"og:site_name\" content=\"The Playoffs FR\" \/>\n<meta property=\"article:publisher\" content=\"https:\/\/www.facebook.com\/TheFreeAgentFR\/\" \/>\n<meta property=\"article:modified_time\" content=\"2024-07-09T12:10:47+02:00\" \/>\n<meta property=\"og:image\" content=\"https:\/\/theplayoffs.news\/fr\/wp-content\/uploads\/2024\/07\/USATSI_23147498.jpg\" \/>\n\t<meta property=\"og:image:width\" content=\"1920\" \/>\n\t<meta property=\"og:image:height\" content=\"1280\" \/>\n\t<meta property=\"og:image:type\" content=\"image\/jpeg\" \/>\n<meta name=\"author\" content=\"Alexandre Gomes\" \/>\n<meta name=\"twitter:card\" content=\"summary_large_image\" \/>\n<meta name=\"twitter:creator\" content=\"@TheFreeAgentFR\" \/>\n<meta name=\"twitter:site\" content=\"@TheFreeAgentFR\" \/>\n<meta name=\"twitter:label1\" content=\"\u00c9crit par\" \/>\n\t<meta name=\"twitter:data1\" content=\"Alexandre Gomes\" \/>\n\t<meta name=\"twitter:label2\" content=\"Dur\u00e9e de lecture estim\u00e9e\" \/>\n\t<meta name=\"twitter:data2\" content=\"1 minute\" \/>\n<script type=\"application\/ld+json\" class=\"yoast-schema-graph\">{\"@context\":\"https:\/\/schema.org\",\"@graph\":[{\"@type\":\"WebPage\",\"@id\":\"https:\/\/theplayoffs.news\/fr\/actualite-nba\/brandon-ingram-en-discussion-avec-les-pelicans-pour-une-prolongation\/\",\"url\":\"https:\/\/theplayoffs.news\/fr\/actualite-nba\/brandon-ingram-en-discussion-avec-les-pelicans-pour-une-prolongation\/\",\"name\":\"Brandon Ingram en discussion avec les Pelicans pour une prolongation - The Playoffs FR\",\"isPartOf\":{\"@id\":\"https:\/\/theplayoffs.news\/fr\/#website\"},\"primaryImageOfPage\":{\"@id\":\"https:\/\/theplayoffs.news\/fr\/actualite-nba\/brandon-ingram-en-discussion-avec-les-pelicans-pour-une-prolongation\/#primaryimage\"},\"image\":{\"@id\":\"https:\/\/theplayoffs.news\/fr\/actualite-nba\/brandon-ingram-en-discussion-avec-les-pelicans-pour-une-prolongation\/#primaryimage\"},\"thumbnailUrl\":\"https:\/\/theplayoffs.news\/fr\/wp-content\/uploads\/2024\/07\/USATSI_23147498.jpg\",\"datePublished\":\"2024-07-09T10:10:47+00:00\",\"dateModified\":\"2024-07-09T12:10:47+02:00\",\"author\":{\"@id\":\"https:\/\/theplayoffs.news\/fr\/#\/schema\/person\/8271870c7368fee2ff5b2ba615997fff\"},\"breadcrumb\":{\"@id\":\"https:\/\/theplayoffs.news\/fr\/actualite-nba\/brandon-ingram-en-discussion-avec-les-pelicans-pour-une-prolongation\/#breadcrumb\"},\"inLanguage\":\"fr-FR\",\"potentialAction\":[{\"@type\":\"ReadAction\",\"target\":[\"https:\/\/theplayoffs.news\/fr\/actualite-nba\/brandon-ingram-en-discussion-avec-les-pelicans-pour-une-prolongation\/\"]}]},{\"@type\":\"ImageObject\",\"inLanguage\":\"fr-FR\",\"@id\":\"https:\/\/theplayoffs.news\/fr\/actualite-nba\/brandon-ingram-en-discussion-avec-les-pelicans-pour-une-prolongation\/#primaryimage\",\"url\":\"https:\/\/theplayoffs.news\/fr\/wp-content\/uploads\/2024\/07\/USATSI_23147498.jpg\",\"contentUrl\":\"https:\/\/theplayoffs.news\/fr\/wp-content\/uploads\/2024\/07\/USATSI_23147498.jpg\",\"width\":1920,\"height\":1280,\"caption\":\"Apr 29, 2024; New Orleans, Louisiana, USA; New Orleans Pelicans forward Brandon Ingram (14) passes the ball against the Oklahoma City Thunder during game four of the first round for the 2024 NBA playoffs at Smoothie King Center. Mandatory Credit: Stephen Lew-USA TODAY Sports\"},{\"@type\":\"BreadcrumbList\",\"@id\":\"https:\/\/theplayoffs.news\/fr\/actualite-nba\/brandon-ingram-en-discussion-avec-les-pelicans-pour-une-prolongation\/#breadcrumb\",\"itemListElement\":[{\"@type\":\"ListItem\",\"position\":1,\"name\":\"Accueil\",\"item\":\"https:\/\/theplayoffs.news\/fr\/\"},{\"@type\":\"ListItem\",\"position\":2,\"name\":\"Brandon Ingram en discussion avec les Pelicans pour une prolongation\"}]},{\"@type\":\"WebSite\",\"@id\":\"https:\/\/theplayoffs.news\/fr\/#website\",\"url\":\"https:\/\/theplayoffs.news\/fr\/\",\"name\":\"The Playoffs FR\",\"description\":\"NBA-NFL-NHL-MLB\",\"potentialAction\":[{\"@type\":\"SearchAction\",\"target\":{\"@type\":\"EntryPoint\",\"urlTemplate\":\"https:\/\/theplayoffs.news\/fr\/?s={search_term_string}\"},\"query-input\":{\"@type\":\"PropertyValueSpecification\",\"valueRequired\":true,\"valueName\":\"search_term_string\"}}],\"inLanguage\":\"fr-FR\"},{\"@type\":\"Person\",\"@id\":\"https:\/\/theplayoffs.news\/fr\/#\/schema\/person\/8271870c7368fee2ff5b2ba615997fff\",\"name\":\"Alexandre Gomes\",\"image\":{\"@type\":\"ImageObject\",\"inLanguage\":\"fr-FR\",\"@id\":\"https:\/\/theplayoffs.news\/fr\/#\/schema\/person\/image\/\",\"url\":\"https:\/\/secure.gravatar.com\/avatar\/85734dd9d8139e75eb3558e9d1f8c28873597c2d782b41c9f078bed549b247e9?s=96&d=mm&r=g\",\"contentUrl\":\"https:\/\/secure.gravatar.com\/avatar\/85734dd9d8139e75eb3558e9d1f8c28873597c2d782b41c9f078bed549b247e9?s=96&d=mm&r=g\",\"caption\":\"Alexandre Gomes\"},\"url\":\"https:\/\/theplayoffs.news\/fr\/author\/agomespro93gmail-com\/\"}]}<\/script>\n<!-- \/ Yoast SEO plugin. -->","yoast_head_json":{"title":"Brandon Ingram en discussion avec les Pelicans pour une prolongation - The Playoffs FR","robots":{"index":"index","follow":"follow","max-snippet":"max-snippet:-1","max-image-preview":"max-image-preview:large","max-video-preview":"max-video-preview:-1"},"canonical":"https:\/\/theplayoffs.news\/fr\/actualite-nba\/brandon-ingram-en-discussion-avec-les-pelicans-pour-une-prolongation\/","og_locale":"fr_FR","og_type":"article","og_title":"Brandon Ingram en discussion avec les Pelicans pour une prolongation - The Playoffs FR","og_url":"https:\/\/theplayoffs.news\/fr\/actualite-nba\/brandon-ingram-en-discussion-avec-les-pelicans-pour-une-prolongation\/","og_site_name":"The Playoffs FR","article_publisher":"https:\/\/www.facebook.com\/TheFreeAgentFR\/","article_modified_time":"2024-07-09T09:38:41+00:00","og_image":[{"width":1920,"height":1280,"url":"https:\/\/theplayoffs.news\/fr\/wp-content\/uploads\/2024\/07\/USATSI_23147498.jpg","type":"image\/jpeg"}],"author":"Alexandre Gomes","twitter_card":"summary_large_image","twitter_creator":"@TheFreeAgentFR","twitter_site":"@TheFreeAgentFR","twitter_misc":{"\u00c9crit par":"Alexandre Gomes","Dur\u00e9e de lecture estim\u00e9e":"1 minute"},"schema":{"@context":"https:\/\/schema.org","@graph":[{"@type":"WebPage","@id":"https:\/\/theplayoffs.news\/fr\/actualite-nba\/brandon-ingram-en-discussion-avec-les-pelicans-pour-une-prolongation\/","url":"https:\/\/theplayoffs.news\/fr\/actualite-nba\/brandon-ingram-en-discussion-avec-les-pelicans-pour-une-prolongation\/","name":"Brandon Ingram en discussion avec les Pelicans pour une prolongation - The Playoffs FR","isPartOf":{"@id":"https:\/\/theplayoffs.news\/fr\/#website"},"primaryImageOfPage":{"@id":"https:\/\/theplayoffs.news\/fr\/actualite-nba\/brandon-ingram-en-discussion-avec-les-pelicans-pour-une-prolongation\/#primaryimage"},"image":{"@id":"https:\/\/theplayoffs.news\/fr\/actualite-nba\/brandon-ingram-en-discussion-avec-les-pelicans-pour-une-prolongation\/#primaryimage"},"thumbnailUrl":"https:\/\/theplayoffs.news\/fr\/wp-content\/uploads\/2024\/07\/USATSI_23147498.jpg","datePublished":"2024-07-09T10:10:47+00:00","dateModified":"2024-07-09T12:10:47+02:00","author":{"@id":"https:\/\/theplayoffs.news\/fr\/#\/schema\/person\/8271870c7368fee2ff5b2ba615997fff"},"breadcrumb":{"@id":"https:\/\/theplayoffs.news\/fr\/actualite-nba\/brandon-ingram-en-discussion-avec-les-pelicans-pour-une-prolongation\/#breadcrumb"},"inLanguage":"fr-FR","potentialAction":[{"@type":"ReadAction","target":["https:\/\/theplayoffs.news\/fr\/actualite-nba\/brandon-ingram-en-discussion-avec-les-pelicans-pour-une-prolongation\/"]}]},{"@type":"ImageObject","inLanguage":"fr-FR","@id":"https:\/\/theplayoffs.news\/fr\/actualite-nba\/brandon-ingram-en-discussion-avec-les-pelicans-pour-une-prolongation\/#primaryimage","url":"https:\/\/theplayoffs.news\/fr\/wp-content\/uploads\/2024\/07\/USATSI_23147498.jpg","contentUrl":"https:\/\/theplayoffs.news\/fr\/wp-content\/uploads\/2024\/07\/USATSI_23147498.jpg","width":1920,"height":1280,"caption":"Apr 29, 2024; New Orleans, Louisiana, USA; New Orleans Pelicans forward Brandon Ingram (14) passes the ball against the Oklahoma City Thunder during game four of the first round for the 2024 NBA playoffs at Smoothie King Center. Mandatory Credit: Stephen Lew-USA TODAY Sports"},{"@type":"BreadcrumbList","@id":"https:\/\/theplayoffs.news\/fr\/actualite-nba\/brandon-ingram-en-discussion-avec-les-pelicans-pour-une-prolongation\/#breadcrumb","itemListElement":[{"@type":"ListItem","position":1,"name":"Accueil","item":"https:\/\/theplayoffs.news\/fr\/"},{"@type":"ListItem","position":2,"name":"Brandon Ingram en discussion avec les Pelicans pour une prolongation"}]},{"@type":"WebSite","@id":"https:\/\/theplayoffs.news\/fr\/#website","url":"https:\/\/theplayoffs.news\/fr\/","name":"The Playoffs FR","description":"NBA-NFL-NHL-MLB","potentialAction":[{"@type":"SearchAction","target":{"@type":"EntryPoint","urlTemplate":"https:\/\/theplayoffs.news\/fr\/?s={search_term_string}"},"query-input":{"@type":"PropertyValueSpecification","valueRequired":true,"valueName":"search_term_string"}}],"inLanguage":"fr-FR"},{"@type":"Person","@id":"https:\/\/theplayoffs.news\/fr\/#\/schema\/person\/8271870c7368fee2ff5b2ba615997fff","name":"Alexandre Gomes","image":{"@type":"ImageObject","inLanguage":"fr-FR","@id":"https:\/\/theplayoffs.news\/fr\/#\/schema\/person\/image\/","url":"https:\/\/secure.gravatar.com\/avatar\/85734dd9d8139e75eb3558e9d1f8c28873597c2d782b41c9f078bed549b247e9?s=96&d=mm&r=g","contentUrl":"https:\/\/secure.gravatar.com\/avatar\/85734dd9d8139e75eb3558e9d1f8c28873597c2d782b41c9f078bed549b247e9?s=96&d=mm&r=g","caption":"Alexandre Gomes"},"url":"https:\/\/theplayoffs.news\/fr\/author\/agomespro93gmail-com\/"}]}},"_links":{"self":[{"href":"https:\/\/theplayoffs.news\/fr\/wp-json\/wp\/v2\/posts\/1443934","targetHints":{"allow":["GET"]}}],"collection":[{"href":"https:\/\/theplayoffs.news\/fr\/wp-json\/wp\/v2\/posts"}],"about":[{"href":"https:\/\/theplayoffs.news\/fr\/wp-json\/wp\/v2\/types\/post"}],"author":[{"embeddable":true,"href":"https:\/\/theplayoffs.news\/fr\/wp-json\/wp\/v2\/users\/180310234"}],"replies":[{"embeddable":true,"href":"https:\/\/theplayoffs.news\/fr\/wp-json\/wp\/v2\/comments?post=1443934"}],"version-history":[{"count":2,"href":"https:\/\/theplayoffs.news\/fr\/wp-json\/wp\/v2\/posts\/1443934\/revisions"}],"predecessor-version":[{"id":1443942,"href":"https:\/\/theplayoffs.news\/fr\/wp-json\/wp\/v2\/posts\/1443934\/revisions\/1443942"}],"wp:featuredmedia":[{"embeddable":true,"href":"https:\/\/theplayoffs.news\/fr\/wp-json\/wp\/v2\/media\/1443935"}],"wp:attachment":[{"href":"https:\/\/theplayoffs.news\/fr\/wp-json\/wp\/v2\/media?parent=1443934"}],"wp:term":[{"taxonomy":"category","embeddable":true,"href":"https:\/\/theplayoffs.news\/fr\/wp-json\/wp\/v2\/categories?post=1443934"},{"taxonomy":"post_tag","embeddable":true,"href":"https:\/\/theplayoffs.news\/fr\/wp-json\/wp\/v2\/tags?post=1443934"},{"taxonomy":"sport","embeddable":true,"href":"https:\/\/theplayoffs.news\/fr\/wp-json\/wp\/v2\/sport?post=1443934"},{"taxonomy":"saison","embeddable":true,"href":"https:\/\/theplayoffs.news\/fr\/wp-json\/wp\/v2\/saison?post=1443934"}],"curies":[{"name":"wp","href":"https:\/\/api.w.org\/{rel}","templated":true}]}}