{"id":1443672,"date":"2024-07-08T12:45:12","date_gmt":"2024-07-08T10:45:12","guid":{"rendered":"https:\/\/theplayoffs.news\/fr\/?p=1443672"},"modified":"2024-07-08T12:45:12","modified_gmt":"2024-07-08T10:45:12","slug":"dolphins-david-long-jr-confiant-pour-sa-defense-a-miami","status":"publish","type":"post","link":"https:\/\/theplayoffs.news\/fr\/actualite-nfl\/dolphins-david-long-jr-confiant-pour-sa-defense-a-miami\/","title":{"rendered":"Dolphins : David Long Jr. confiant pour sa d\u00e9fense \u00e0 Miami"},"content":{"rendered":"<h2>Les Dolphins ont vu leur d&eacute;fense bouger cet &eacute;t&eacute;, mais David Long Jr. reste confiant.<\/h2><p>Malgr&eacute; de bons &eacute;l&eacute;ments, les <a href=\"https:\/\/theplayoffs.news\/fr\/nfl\/dolphins-le-contrat-de-tua-tagovailoa-pose-encore-soucis\/\" class=\"trk-cta-link\" data-cta-trk='{\"ctaType\":\"Link\",\"ctaSubType\":\"main\"}'>Dolphins<\/a> n&rsquo;ont pas su passer le premier tour des playoffs la saison pass&eacute;e. Pour tenter de faire mieux cette saison, les Dolphins ont recrut&eacute; plusieurs nouveaux joueurs d&eacute;fensifs durant cette offseason.<\/p><h3>Les Dolphins ont r&eacute;g&eacute;n&eacute;r&eacute; leur d&eacute;fense<\/h3><p>Calais Campbell, Jordyn Brooks, Anthony Walker Jr. et Jordan Poyer sont arriv&eacute;s aux Dolphins. En revanche, Xavien Howard, Emmanuel Ogbah, Jerome Baker, Christian Wilkins et Raekwon Davis ont quitt&eacute; les Dolphins, tout comme Vic Fangio, le coordinateur d&eacute;fensif de la saison pr&eacute;c&eacute;dente.<\/p><p>Anthony Weaver est arriv&eacute; pour le remplacer, et le linebacker David Long Jr. semble pr&ecirc;t pour de grandes choses cette saison.<\/p><blockquote><p>&laquo; Nous avons beaucoup de morts de faim qui arrivent, certains morts de faim sont d&eacute;j&agrave; l&agrave;. Je pense que la chose la plus importante lorsqu&rsquo;il s&rsquo;agit de nouveaux joueurs et de nouveaux entra&icirc;neurs est l&rsquo;alchimie qui vient avec le temps. Nous avons construit quelque chose. La prochaine &eacute;tape est d&rsquo;aller au camp d&rsquo;entra&icirc;nement et de construire &agrave; partir de l&agrave; &raquo;, a d&eacute;clar&eacute; Long Jr. &agrave; <a href=\"https:\/\/www.click2houston.com\/sports\/2024\/07\/07\/dolphins-david-long-jr-on-defensive-changes-weve-got-a-lot-of-dogs-were-just-reloading-im-comfortable\/\" class=\"trk-cta-link\" data-cta-trk='{\"ctaType\":\"Link\",\"ctaSubType\":\"main\"}'>click2houston.com<\/a>.<\/p><\/blockquote><p>Les Dolphins ont su garder Jalen Ramsey, Jevon Holland, David Long Jr., Jaelan Phillips, Bradley Chubb et Zach Sieler.<\/p><p>Si l&rsquo;attaque &eacute;tait attendue la saison derni&egrave;re, c&rsquo;est au tour de la d&eacute;fense de l&rsquo;&ecirc;tre cette ann&eacute;e, apr&egrave;s une performance tr&egrave;s moyenne la saison pass&eacute;e&hellip;<\/p><p>&nbsp;<\/p><p>Cr&eacute;dit photo : Sam Navarro-USA TODAY Sports<\/p>\n","protected":false},"excerpt":{"rendered":"","protected":false},"author":180310250,"featured_media":1443673,"comment_status":"open","ping_status":"closed","sticky":false,"template":"","format":"standard","meta":{"inline_featured_image":false,"kia_subtitle":"","_mux_skip_reasons":[],"proofreadBy":0,"footnotes":""},"categories":[118,40],"tags":[400,79],"sport":[2785],"saison":[],"class_list":["post-1443672","post","type-post","status-publish","format-standard","has-post-thumbnail","hentry","category-actualite-nfl","category-nfl","tag-dolphins","tag-nfl","sport-nfl"],"acf":[],"yoast_head":"<!-- This site is optimized with the Yoast SEO plugin v24.2 - https:\/\/yoast.com\/wordpress\/plugins\/seo\/ -->\n<title>Dolphins : David Long Jr. confiant pour sa d&eacute;fense &agrave; Miami - The Playoffs FR<\/title>\n<meta name=\"robots\" content=\"index, follow, max-snippet:-1, max-image-preview:large, max-video-preview:-1\" \/>\n<link rel=\"canonical\" href=\"https:\/\/theplayoffs.news\/fr\/actualite-nfl\/dolphins-david-long-jr-confiant-pour-sa-defense-a-miami\/\" \/>\n<meta property=\"og:locale\" content=\"fr_FR\" \/>\n<meta property=\"og:type\" content=\"article\" \/>\n<meta property=\"og:title\" content=\"Dolphins : David Long Jr. confiant pour sa d&eacute;fense &agrave; Miami - The Playoffs FR\" \/>\n<meta property=\"og:url\" content=\"https:\/\/theplayoffs.news\/fr\/actualite-nfl\/dolphins-david-long-jr-confiant-pour-sa-defense-a-miami\/\" \/>\n<meta property=\"og:site_name\" content=\"The Playoffs FR\" \/>\n<meta property=\"article:publisher\" content=\"https:\/\/www.facebook.com\/TheFreeAgentFR\/\" \/>\n<meta property=\"article:modified_time\" content=\"2024-07-08T12:45:12+02:00\" \/>\n<meta property=\"og:image\" content=\"https:\/\/theplayoffs.news\/fr\/wp-content\/uploads\/2024\/07\/USATSI_23475628.jpg\" \/>\n\t<meta property=\"og:image:width\" content=\"1920\" \/>\n\t<meta property=\"og:image:height\" content=\"1281\" \/>\n\t<meta property=\"og:image:type\" content=\"image\/jpeg\" \/>\n<meta name=\"author\" content=\"Jean Fabre-Jevanoff\" \/>\n<meta name=\"twitter:card\" content=\"summary_large_image\" \/>\n<meta name=\"twitter:creator\" content=\"@the_jfj_42\" \/>\n<meta name=\"twitter:site\" content=\"@TheFreeAgentFR\" \/>\n<meta name=\"twitter:label1\" content=\"\u00c9crit par\" \/>\n\t<meta name=\"twitter:data1\" content=\"Jean Fabre-Jevanoff\" \/>\n\t<meta name=\"twitter:label2\" content=\"Dur\u00e9e de lecture estim\u00e9e\" \/>\n\t<meta name=\"twitter:data2\" content=\"1 minute\" \/>\n<script type=\"application\/ld+json\" class=\"yoast-schema-graph\">{\"@context\":\"https:\/\/schema.org\",\"@graph\":[{\"@type\":\"WebPage\",\"@id\":\"https:\/\/theplayoffs.news\/fr\/actualite-nfl\/dolphins-david-long-jr-confiant-pour-sa-defense-a-miami\/\",\"url\":\"https:\/\/theplayoffs.news\/fr\/actualite-nfl\/dolphins-david-long-jr-confiant-pour-sa-defense-a-miami\/\",\"name\":\"Dolphins : David Long Jr. confiant pour sa d\u00e9fense \u00e0 Miami - The Playoffs FR\",\"isPartOf\":{\"@id\":\"https:\/\/theplayoffs.news\/fr\/#website\"},\"primaryImageOfPage\":{\"@id\":\"https:\/\/theplayoffs.news\/fr\/actualite-nfl\/dolphins-david-long-jr-confiant-pour-sa-defense-a-miami\/#primaryimage\"},\"image\":{\"@id\":\"https:\/\/theplayoffs.news\/fr\/actualite-nfl\/dolphins-david-long-jr-confiant-pour-sa-defense-a-miami\/#primaryimage\"},\"thumbnailUrl\":\"https:\/\/theplayoffs.news\/fr\/wp-content\/uploads\/2024\/07\/USATSI_23475628.jpg\",\"datePublished\":\"2024-07-08T10:45:12+00:00\",\"dateModified\":\"2024-07-08T10:45:12+00:00\",\"author\":{\"@id\":\"https:\/\/theplayoffs.news\/fr\/#\/schema\/person\/1ea25b88e79fe4fabd657430b0013d3d\"},\"breadcrumb\":{\"@id\":\"https:\/\/theplayoffs.news\/fr\/actualite-nfl\/dolphins-david-long-jr-confiant-pour-sa-defense-a-miami\/#breadcrumb\"},\"inLanguage\":\"fr-FR\",\"potentialAction\":[{\"@type\":\"ReadAction\",\"target\":[\"https:\/\/theplayoffs.news\/fr\/actualite-nfl\/dolphins-david-long-jr-confiant-pour-sa-defense-a-miami\/\"]}]},{\"@type\":\"ImageObject\",\"inLanguage\":\"fr-FR\",\"@id\":\"https:\/\/theplayoffs.news\/fr\/actualite-nfl\/dolphins-david-long-jr-confiant-pour-sa-defense-a-miami\/#primaryimage\",\"url\":\"https:\/\/theplayoffs.news\/fr\/wp-content\/uploads\/2024\/07\/USATSI_23475628.jpg\",\"contentUrl\":\"https:\/\/theplayoffs.news\/fr\/wp-content\/uploads\/2024\/07\/USATSI_23475628.jpg\",\"width\":1920,\"height\":1281,\"caption\":\"Jun 5, 2024; Miami Gardens, FL, USA; Miami Dolphins linebacker Mohamed Kamara (50) works out with his teammates during mandatory minicamp at Baptist Health Training Complex. Mandatory Credit: Sam Navarro-USA TODAY Sports\"},{\"@type\":\"BreadcrumbList\",\"@id\":\"https:\/\/theplayoffs.news\/fr\/actualite-nfl\/dolphins-david-long-jr-confiant-pour-sa-defense-a-miami\/#breadcrumb\",\"itemListElement\":[{\"@type\":\"ListItem\",\"position\":1,\"name\":\"Accueil\",\"item\":\"https:\/\/theplayoffs.news\/fr\/\"},{\"@type\":\"ListItem\",\"position\":2,\"name\":\"Dolphins : David Long Jr. confiant pour sa d\u00e9fense \u00e0 Miami\"}]},{\"@type\":\"WebSite\",\"@id\":\"https:\/\/theplayoffs.news\/fr\/#website\",\"url\":\"https:\/\/theplayoffs.news\/fr\/\",\"name\":\"The Playoffs FR\",\"description\":\"NBA-NFL-NHL-MLB\",\"potentialAction\":[{\"@type\":\"SearchAction\",\"target\":{\"@type\":\"EntryPoint\",\"urlTemplate\":\"https:\/\/theplayoffs.news\/fr\/?s={search_term_string}\"},\"query-input\":{\"@type\":\"PropertyValueSpecification\",\"valueRequired\":true,\"valueName\":\"search_term_string\"}}],\"inLanguage\":\"fr-FR\"},{\"@type\":\"Person\",\"@id\":\"https:\/\/theplayoffs.news\/fr\/#\/schema\/person\/1ea25b88e79fe4fabd657430b0013d3d\",\"name\":\"Jean Fabre-Jevanoff\",\"image\":{\"@type\":\"ImageObject\",\"inLanguage\":\"fr-FR\",\"@id\":\"https:\/\/theplayoffs.news\/fr\/#\/schema\/person\/image\/\",\"url\":\"https:\/\/secure.gravatar.com\/avatar\/18b28dab1159eebc6a17b9787eb8cbbe3242c3d0e8b53b89332f6dc1133aa361?s=96&d=mm&r=g\",\"contentUrl\":\"https:\/\/secure.gravatar.com\/avatar\/18b28dab1159eebc6a17b9787eb8cbbe3242c3d0e8b53b89332f6dc1133aa361?s=96&d=mm&r=g\",\"caption\":\"Jean Fabre-Jevanoff\"},\"description\":\"Journaliste polyvalent sur le football am\u00e9ricain, j\u2019\u00e9cris aussi des articles sur le basket. Commentateur sur Twitch et sur YouTube. Pass\u00e9 par Eurosport notamment. Un mix d\u2019Eminem et de OBJ, fan inconditionnel de Patrick Mahomes et Lebron James\",\"sameAs\":[\"https:\/\/www.instagram.com\/_juaniitooo_\",\"https:\/\/www.linkedin.com\/in\/jean-fabre-jevanoff-84bb9b1a9\/\",\"https:\/\/x.com\/the_jfj_42\"],\"url\":\"https:\/\/theplayoffs.news\/fr\/author\/jeanfj42gmail-com\/\"}]}<\/script>\n<!-- \/ Yoast SEO plugin. -->","yoast_head_json":{"title":"Dolphins : David Long Jr. confiant pour sa d&eacute;fense &agrave; Miami - The Playoffs FR","robots":{"index":"index","follow":"follow","max-snippet":"max-snippet:-1","max-image-preview":"max-image-preview:large","max-video-preview":"max-video-preview:-1"},"canonical":"https:\/\/theplayoffs.news\/fr\/actualite-nfl\/dolphins-david-long-jr-confiant-pour-sa-defense-a-miami\/","og_locale":"fr_FR","og_type":"article","og_title":"Dolphins : David Long Jr. confiant pour sa d&eacute;fense &agrave; Miami - The Playoffs FR","og_url":"https:\/\/theplayoffs.news\/fr\/actualite-nfl\/dolphins-david-long-jr-confiant-pour-sa-defense-a-miami\/","og_site_name":"The Playoffs FR","article_publisher":"https:\/\/www.facebook.com\/TheFreeAgentFR\/","og_image":[{"width":1920,"height":1281,"url":"https:\/\/theplayoffs.news\/fr\/wp-content\/uploads\/2024\/07\/USATSI_23475628.jpg","type":"image\/jpeg"}],"author":"Jean Fabre-Jevanoff","twitter_card":"summary_large_image","twitter_creator":"@the_jfj_42","twitter_site":"@TheFreeAgentFR","twitter_misc":{"\u00c9crit par":"Jean Fabre-Jevanoff","Dur\u00e9e de lecture estim\u00e9e":"1 minute"},"schema":{"@context":"https:\/\/schema.org","@graph":[{"@type":"WebPage","@id":"https:\/\/theplayoffs.news\/fr\/actualite-nfl\/dolphins-david-long-jr-confiant-pour-sa-defense-a-miami\/","url":"https:\/\/theplayoffs.news\/fr\/actualite-nfl\/dolphins-david-long-jr-confiant-pour-sa-defense-a-miami\/","name":"Dolphins : David Long Jr. confiant pour sa d\u00e9fense \u00e0 Miami - The Playoffs FR","isPartOf":{"@id":"https:\/\/theplayoffs.news\/fr\/#website"},"primaryImageOfPage":{"@id":"https:\/\/theplayoffs.news\/fr\/actualite-nfl\/dolphins-david-long-jr-confiant-pour-sa-defense-a-miami\/#primaryimage"},"image":{"@id":"https:\/\/theplayoffs.news\/fr\/actualite-nfl\/dolphins-david-long-jr-confiant-pour-sa-defense-a-miami\/#primaryimage"},"thumbnailUrl":"https:\/\/theplayoffs.news\/fr\/wp-content\/uploads\/2024\/07\/USATSI_23475628.jpg","datePublished":"2024-07-08T10:45:12+00:00","dateModified":"2024-07-08T10:45:12+00:00","author":{"@id":"https:\/\/theplayoffs.news\/fr\/#\/schema\/person\/1ea25b88e79fe4fabd657430b0013d3d"},"breadcrumb":{"@id":"https:\/\/theplayoffs.news\/fr\/actualite-nfl\/dolphins-david-long-jr-confiant-pour-sa-defense-a-miami\/#breadcrumb"},"inLanguage":"fr-FR","potentialAction":[{"@type":"ReadAction","target":["https:\/\/theplayoffs.news\/fr\/actualite-nfl\/dolphins-david-long-jr-confiant-pour-sa-defense-a-miami\/"]}]},{"@type":"ImageObject","inLanguage":"fr-FR","@id":"https:\/\/theplayoffs.news\/fr\/actualite-nfl\/dolphins-david-long-jr-confiant-pour-sa-defense-a-miami\/#primaryimage","url":"https:\/\/theplayoffs.news\/fr\/wp-content\/uploads\/2024\/07\/USATSI_23475628.jpg","contentUrl":"https:\/\/theplayoffs.news\/fr\/wp-content\/uploads\/2024\/07\/USATSI_23475628.jpg","width":1920,"height":1281,"caption":"Jun 5, 2024; Miami Gardens, FL, USA; Miami Dolphins linebacker Mohamed Kamara (50) works out with his teammates during mandatory minicamp at Baptist Health Training Complex. Mandatory Credit: Sam Navarro-USA TODAY Sports"},{"@type":"BreadcrumbList","@id":"https:\/\/theplayoffs.news\/fr\/actualite-nfl\/dolphins-david-long-jr-confiant-pour-sa-defense-a-miami\/#breadcrumb","itemListElement":[{"@type":"ListItem","position":1,"name":"Accueil","item":"https:\/\/theplayoffs.news\/fr\/"},{"@type":"ListItem","position":2,"name":"Dolphins : David Long Jr. confiant pour sa d\u00e9fense \u00e0 Miami"}]},{"@type":"WebSite","@id":"https:\/\/theplayoffs.news\/fr\/#website","url":"https:\/\/theplayoffs.news\/fr\/","name":"The Playoffs FR","description":"NBA-NFL-NHL-MLB","potentialAction":[{"@type":"SearchAction","target":{"@type":"EntryPoint","urlTemplate":"https:\/\/theplayoffs.news\/fr\/?s={search_term_string}"},"query-input":{"@type":"PropertyValueSpecification","valueRequired":true,"valueName":"search_term_string"}}],"inLanguage":"fr-FR"},{"@type":"Person","@id":"https:\/\/theplayoffs.news\/fr\/#\/schema\/person\/1ea25b88e79fe4fabd657430b0013d3d","name":"Jean Fabre-Jevanoff","image":{"@type":"ImageObject","inLanguage":"fr-FR","@id":"https:\/\/theplayoffs.news\/fr\/#\/schema\/person\/image\/","url":"https:\/\/secure.gravatar.com\/avatar\/18b28dab1159eebc6a17b9787eb8cbbe3242c3d0e8b53b89332f6dc1133aa361?s=96&d=mm&r=g","contentUrl":"https:\/\/secure.gravatar.com\/avatar\/18b28dab1159eebc6a17b9787eb8cbbe3242c3d0e8b53b89332f6dc1133aa361?s=96&d=mm&r=g","caption":"Jean Fabre-Jevanoff"},"description":"Journaliste polyvalent sur le football am\u00e9ricain, j\u2019\u00e9cris aussi des articles sur le basket. Commentateur sur Twitch et sur YouTube. Pass\u00e9 par Eurosport notamment. Un mix d\u2019Eminem et de OBJ, fan inconditionnel de Patrick Mahomes et Lebron James","sameAs":["https:\/\/www.instagram.com\/_juaniitooo_","https:\/\/www.linkedin.com\/in\/jean-fabre-jevanoff-84bb9b1a9\/","https:\/\/x.com\/the_jfj_42"],"url":"https:\/\/theplayoffs.news\/fr\/author\/jeanfj42gmail-com\/"}]}},"_links":{"self":[{"href":"https:\/\/theplayoffs.news\/fr\/wp-json\/wp\/v2\/posts\/1443672","targetHints":{"allow":["GET"]}}],"collection":[{"href":"https:\/\/theplayoffs.news\/fr\/wp-json\/wp\/v2\/posts"}],"about":[{"href":"https:\/\/theplayoffs.news\/fr\/wp-json\/wp\/v2\/types\/post"}],"author":[{"embeddable":true,"href":"https:\/\/theplayoffs.news\/fr\/wp-json\/wp\/v2\/users\/180310250"}],"replies":[{"embeddable":true,"href":"https:\/\/theplayoffs.news\/fr\/wp-json\/wp\/v2\/comments?post=1443672"}],"version-history":[{"count":3,"href":"https:\/\/theplayoffs.news\/fr\/wp-json\/wp\/v2\/posts\/1443672\/revisions"}],"predecessor-version":[{"id":1443676,"href":"https:\/\/theplayoffs.news\/fr\/wp-json\/wp\/v2\/posts\/1443672\/revisions\/1443676"}],"wp:featuredmedia":[{"embeddable":true,"href":"https:\/\/theplayoffs.news\/fr\/wp-json\/wp\/v2\/media\/1443673"}],"wp:attachment":[{"href":"https:\/\/theplayoffs.news\/fr\/wp-json\/wp\/v2\/media?parent=1443672"}],"wp:term":[{"taxonomy":"category","embeddable":true,"href":"https:\/\/theplayoffs.news\/fr\/wp-json\/wp\/v2\/categories?post=1443672"},{"taxonomy":"post_tag","embeddable":true,"href":"https:\/\/theplayoffs.news\/fr\/wp-json\/wp\/v2\/tags?post=1443672"},{"taxonomy":"sport","embeddable":true,"href":"https:\/\/theplayoffs.news\/fr\/wp-json\/wp\/v2\/sport?post=1443672"},{"taxonomy":"saison","embeddable":true,"href":"https:\/\/theplayoffs.news\/fr\/wp-json\/wp\/v2\/saison?post=1443672"}],"curies":[{"name":"wp","href":"https:\/\/api.w.org\/{rel}","templated":true}]}}