{"id":1443496,"date":"2024-07-07T10:38:06","date_gmt":"2024-07-07T08:38:06","guid":{"rendered":"https:\/\/theplayoffs.news\/fr\/?p=1443496"},"modified":"2024-07-07T10:38:06","modified_gmt":"2024-07-07T08:38:06","slug":"lequipe-de-france-reduite-a-14","status":"publish","type":"post","link":"https:\/\/theplayoffs.news\/fr\/nba\/lequipe-de-france-reduite-a-14\/","title":{"rendered":"L&rsquo;\u00e9quipe de France r\u00e9duite \u00e0 14 !"},"content":{"rendered":"<h2>Nadir Hifi ainsi que Jaylen Hoard sont &eacute;cart&eacute;s du groupe France par Vincent Collet et son staff.<\/h2><p><strong><a href=\"https:\/\/www.teamfrancebasket.com\/voir-actualite\/86534\" class=\"trk-cta-link\" data-cta-trk='{\"ctaType\":\"Link\",\"ctaSubType\":\"main\"}'>L&rsquo;effectif de l&rsquo;&eacute;quipe de France pour les jeux olympiques se fera donc sans Hifi et Hoard<\/a><\/strong>. Pas de grande surprise vu la concurrence qu&rsquo;il y a pour gagner sa place.<\/p><p>L&rsquo;&eacute;quipe finale sera annonc&eacute;e quant &agrave; elle le lundi 8 juillet &agrave; 14h. 2 nouveaux joueurs vont donc dire adieu au r&ecirc;ve olympique.<\/p><p>On imagine que le choix du staff pourrait potentiellement se tourner vers Th&eacute;o Maledon vu les bonnes performance de Mathew Strazel et de Frank Ntilikina sur le poste de meneur.<\/p><p>Elie Okobo pourrait aussi faire partie des derniers joueurs &agrave; quitter le groupe. L&rsquo;exp&eacute;rience de Nando de Colo et la d&eacute;fense &eacute;lite de Isa&iuml;a Cordinier ne met pas le mon&eacute;gasque dans une position favorable pour participer aux jeux.<\/p><p>Le match de demain contre l&rsquo;Allemagne sera donc le premier avec les 12 qui iront aux JO.<a href=\"https:\/\/theplayoffs.news\/fr\/divers\/paris-2024-on-connait-les-adversaires-des-equipes-de-france-de-basket\/\" class=\"trk-cta-link\" data-cta-trk='{\"ctaType\":\"Link\",\"ctaSubType\":\"main\"}'><strong> Pour rappel l&rsquo;&eacute;quipe de France<\/strong> &nbsp;<strong>se trouve dans le groupe B<\/strong><\/a> et d&eacute;butera sa comp&eacute;tition le 27 juillet contre la Lettonie ou le Br&eacute;sil.<\/p>\n","protected":false},"excerpt":{"rendered":"","protected":false},"author":180310253,"featured_media":1443493,"comment_status":"open","ping_status":"closed","sticky":false,"template":"","format":"standard","meta":{"inline_featured_image":false,"kia_subtitle":"","_mux_skip_reasons":[],"proofreadBy":0,"footnotes":""},"categories":[10],"tags":[6454],"sport":[],"saison":[],"class_list":["post-1443496","post","type-post","status-publish","format-standard","has-post-thumbnail","hentry","category-nba","tag-jeux-olympique-2024"],"acf":[],"yoast_head":"<!-- This site is optimized with the Yoast SEO plugin v24.2 - https:\/\/yoast.com\/wordpress\/plugins\/seo\/ -->\n<title>L&#039;&eacute;quipe de France r&eacute;duite &agrave; 14 ! - The Playoffs FR<\/title>\n<meta name=\"robots\" content=\"index, follow, max-snippet:-1, max-image-preview:large, max-video-preview:-1\" \/>\n<link rel=\"canonical\" href=\"https:\/\/theplayoffs.news\/fr\/nba\/lequipe-de-france-reduite-a-14\/\" \/>\n<meta property=\"og:locale\" content=\"fr_FR\" \/>\n<meta property=\"og:type\" content=\"article\" \/>\n<meta property=\"og:title\" content=\"L&#039;&eacute;quipe de France r&eacute;duite &agrave; 14 ! - The Playoffs FR\" \/>\n<meta property=\"og:url\" content=\"https:\/\/theplayoffs.news\/fr\/nba\/lequipe-de-france-reduite-a-14\/\" \/>\n<meta property=\"og:site_name\" content=\"The Playoffs FR\" \/>\n<meta property=\"article:publisher\" content=\"https:\/\/www.facebook.com\/TheFreeAgentFR\/\" \/>\n<meta property=\"article:modified_time\" content=\"2024-07-07T10:38:06+02:00\" \/>\n<meta property=\"og:image\" content=\"https:\/\/theplayoffs.news\/fr\/wp-content\/uploads\/2024\/07\/USATSI_16526051.jpg\" \/>\n\t<meta property=\"og:image:width\" content=\"1920\" \/>\n\t<meta property=\"og:image:height\" content=\"1280\" \/>\n\t<meta property=\"og:image:type\" content=\"image\/jpeg\" \/>\n<meta name=\"author\" content=\"Jules Van den Berghe\" \/>\n<meta name=\"twitter:card\" content=\"summary_large_image\" \/>\n<meta name=\"twitter:creator\" content=\"@TheFreeAgentFR\" \/>\n<meta name=\"twitter:site\" content=\"@TheFreeAgentFR\" \/>\n<meta name=\"twitter:label1\" content=\"\u00c9crit par\" \/>\n\t<meta name=\"twitter:data1\" content=\"Jules Van den Berghe\" \/>\n\t<meta name=\"twitter:label2\" content=\"Dur\u00e9e de lecture estim\u00e9e\" \/>\n\t<meta name=\"twitter:data2\" content=\"1 minute\" \/>\n<script type=\"application\/ld+json\" class=\"yoast-schema-graph\">{\"@context\":\"https:\/\/schema.org\",\"@graph\":[{\"@type\":\"WebPage\",\"@id\":\"https:\/\/theplayoffs.news\/fr\/nba\/lequipe-de-france-reduite-a-14\/\",\"url\":\"https:\/\/theplayoffs.news\/fr\/nba\/lequipe-de-france-reduite-a-14\/\",\"name\":\"L\\\\'\u00e9quipe de France r\u00e9duite \u00e0 14 ! - The Playoffs FR\",\"isPartOf\":{\"@id\":\"https:\/\/theplayoffs.news\/fr\/#website\"},\"primaryImageOfPage\":{\"@id\":\"https:\/\/theplayoffs.news\/fr\/nba\/lequipe-de-france-reduite-a-14\/#primaryimage\"},\"image\":{\"@id\":\"https:\/\/theplayoffs.news\/fr\/nba\/lequipe-de-france-reduite-a-14\/#primaryimage\"},\"thumbnailUrl\":\"https:\/\/theplayoffs.news\/fr\/wp-content\/uploads\/2024\/07\/USATSI_16526051.jpg\",\"datePublished\":\"2024-07-07T08:38:06+00:00\",\"dateModified\":\"2024-07-07T08:38:06+00:00\",\"author\":{\"@id\":\"https:\/\/theplayoffs.news\/fr\/#\/schema\/person\/7a47ddbcccdd723a90ed19274b67dce0\"},\"breadcrumb\":{\"@id\":\"https:\/\/theplayoffs.news\/fr\/nba\/lequipe-de-france-reduite-a-14\/#breadcrumb\"},\"inLanguage\":\"fr-FR\",\"potentialAction\":[{\"@type\":\"ReadAction\",\"target\":[\"https:\/\/theplayoffs.news\/fr\/nba\/lequipe-de-france-reduite-a-14\/\"]}]},{\"@type\":\"ImageObject\",\"inLanguage\":\"fr-FR\",\"@id\":\"https:\/\/theplayoffs.news\/fr\/nba\/lequipe-de-france-reduite-a-14\/#primaryimage\",\"url\":\"https:\/\/theplayoffs.news\/fr\/wp-content\/uploads\/2024\/07\/USATSI_16526051.jpg\",\"contentUrl\":\"https:\/\/theplayoffs.news\/fr\/wp-content\/uploads\/2024\/07\/USATSI_16526051.jpg\",\"width\":1920,\"height\":1280,\"caption\":\"Aug 7, 2021; Saitama, Japan; France head coach Vincent Collet on the sidelines as France plays USA in the gold medal game during the Tokyo 2020 Olympic Summer Games at Saitama Super Arena. Mandatory Credit: Kyle Terada-USA TODAY Sports\"},{\"@type\":\"BreadcrumbList\",\"@id\":\"https:\/\/theplayoffs.news\/fr\/nba\/lequipe-de-france-reduite-a-14\/#breadcrumb\",\"itemListElement\":[{\"@type\":\"ListItem\",\"position\":1,\"name\":\"Accueil\",\"item\":\"https:\/\/theplayoffs.news\/fr\/\"},{\"@type\":\"ListItem\",\"position\":2,\"name\":\"L&rsquo;\u00e9quipe de France r\u00e9duite \u00e0 14 !\"}]},{\"@type\":\"WebSite\",\"@id\":\"https:\/\/theplayoffs.news\/fr\/#website\",\"url\":\"https:\/\/theplayoffs.news\/fr\/\",\"name\":\"The Playoffs FR\",\"description\":\"NBA-NFL-NHL-MLB\",\"potentialAction\":[{\"@type\":\"SearchAction\",\"target\":{\"@type\":\"EntryPoint\",\"urlTemplate\":\"https:\/\/theplayoffs.news\/fr\/?s={search_term_string}\"},\"query-input\":{\"@type\":\"PropertyValueSpecification\",\"valueRequired\":true,\"valueName\":\"search_term_string\"}}],\"inLanguage\":\"fr-FR\"},{\"@type\":\"Person\",\"@id\":\"https:\/\/theplayoffs.news\/fr\/#\/schema\/person\/7a47ddbcccdd723a90ed19274b67dce0\",\"name\":\"Jules Van den Berghe\",\"image\":{\"@type\":\"ImageObject\",\"inLanguage\":\"fr-FR\",\"@id\":\"https:\/\/theplayoffs.news\/fr\/#\/schema\/person\/image\/\",\"url\":\"https:\/\/secure.gravatar.com\/avatar\/47f08d5c5c8151c5136961ddc9524d5e8de5e4bf5666ca59b7dc5a74ededf256?s=96&d=mm&r=g\",\"contentUrl\":\"https:\/\/secure.gravatar.com\/avatar\/47f08d5c5c8151c5136961ddc9524d5e8de5e4bf5666ca59b7dc5a74ededf256?s=96&d=mm&r=g\",\"caption\":\"Jules Van den Berghe\"},\"url\":\"https:\/\/theplayoffs.news\/fr\/author\/julesvdb211gmail-com\/\"}]}<\/script>\n<!-- \/ Yoast SEO plugin. -->","yoast_head_json":{"title":"L&#039;&eacute;quipe de France r&eacute;duite &agrave; 14 ! - The Playoffs FR","robots":{"index":"index","follow":"follow","max-snippet":"max-snippet:-1","max-image-preview":"max-image-preview:large","max-video-preview":"max-video-preview:-1"},"canonical":"https:\/\/theplayoffs.news\/fr\/nba\/lequipe-de-france-reduite-a-14\/","og_locale":"fr_FR","og_type":"article","og_title":"L&#039;&eacute;quipe de France r&eacute;duite &agrave; 14 ! - The Playoffs FR","og_url":"https:\/\/theplayoffs.news\/fr\/nba\/lequipe-de-france-reduite-a-14\/","og_site_name":"The Playoffs FR","article_publisher":"https:\/\/www.facebook.com\/TheFreeAgentFR\/","og_image":[{"width":1920,"height":1280,"url":"https:\/\/theplayoffs.news\/fr\/wp-content\/uploads\/2024\/07\/USATSI_16526051.jpg","type":"image\/jpeg"}],"author":"Jules Van den Berghe","twitter_card":"summary_large_image","twitter_creator":"@TheFreeAgentFR","twitter_site":"@TheFreeAgentFR","twitter_misc":{"\u00c9crit par":"Jules Van den Berghe","Dur\u00e9e de lecture estim\u00e9e":"1 minute"},"schema":{"@context":"https:\/\/schema.org","@graph":[{"@type":"WebPage","@id":"https:\/\/theplayoffs.news\/fr\/nba\/lequipe-de-france-reduite-a-14\/","url":"https:\/\/theplayoffs.news\/fr\/nba\/lequipe-de-france-reduite-a-14\/","name":"L\\'\u00e9quipe de France r\u00e9duite \u00e0 14 ! - The Playoffs FR","isPartOf":{"@id":"https:\/\/theplayoffs.news\/fr\/#website"},"primaryImageOfPage":{"@id":"https:\/\/theplayoffs.news\/fr\/nba\/lequipe-de-france-reduite-a-14\/#primaryimage"},"image":{"@id":"https:\/\/theplayoffs.news\/fr\/nba\/lequipe-de-france-reduite-a-14\/#primaryimage"},"thumbnailUrl":"https:\/\/theplayoffs.news\/fr\/wp-content\/uploads\/2024\/07\/USATSI_16526051.jpg","datePublished":"2024-07-07T08:38:06+00:00","dateModified":"2024-07-07T08:38:06+00:00","author":{"@id":"https:\/\/theplayoffs.news\/fr\/#\/schema\/person\/7a47ddbcccdd723a90ed19274b67dce0"},"breadcrumb":{"@id":"https:\/\/theplayoffs.news\/fr\/nba\/lequipe-de-france-reduite-a-14\/#breadcrumb"},"inLanguage":"fr-FR","potentialAction":[{"@type":"ReadAction","target":["https:\/\/theplayoffs.news\/fr\/nba\/lequipe-de-france-reduite-a-14\/"]}]},{"@type":"ImageObject","inLanguage":"fr-FR","@id":"https:\/\/theplayoffs.news\/fr\/nba\/lequipe-de-france-reduite-a-14\/#primaryimage","url":"https:\/\/theplayoffs.news\/fr\/wp-content\/uploads\/2024\/07\/USATSI_16526051.jpg","contentUrl":"https:\/\/theplayoffs.news\/fr\/wp-content\/uploads\/2024\/07\/USATSI_16526051.jpg","width":1920,"height":1280,"caption":"Aug 7, 2021; Saitama, Japan; France head coach Vincent Collet on the sidelines as France plays USA in the gold medal game during the Tokyo 2020 Olympic Summer Games at Saitama Super Arena. Mandatory Credit: Kyle Terada-USA TODAY Sports"},{"@type":"BreadcrumbList","@id":"https:\/\/theplayoffs.news\/fr\/nba\/lequipe-de-france-reduite-a-14\/#breadcrumb","itemListElement":[{"@type":"ListItem","position":1,"name":"Accueil","item":"https:\/\/theplayoffs.news\/fr\/"},{"@type":"ListItem","position":2,"name":"L&rsquo;\u00e9quipe de France r\u00e9duite \u00e0 14 !"}]},{"@type":"WebSite","@id":"https:\/\/theplayoffs.news\/fr\/#website","url":"https:\/\/theplayoffs.news\/fr\/","name":"The Playoffs FR","description":"NBA-NFL-NHL-MLB","potentialAction":[{"@type":"SearchAction","target":{"@type":"EntryPoint","urlTemplate":"https:\/\/theplayoffs.news\/fr\/?s={search_term_string}"},"query-input":{"@type":"PropertyValueSpecification","valueRequired":true,"valueName":"search_term_string"}}],"inLanguage":"fr-FR"},{"@type":"Person","@id":"https:\/\/theplayoffs.news\/fr\/#\/schema\/person\/7a47ddbcccdd723a90ed19274b67dce0","name":"Jules Van den Berghe","image":{"@type":"ImageObject","inLanguage":"fr-FR","@id":"https:\/\/theplayoffs.news\/fr\/#\/schema\/person\/image\/","url":"https:\/\/secure.gravatar.com\/avatar\/47f08d5c5c8151c5136961ddc9524d5e8de5e4bf5666ca59b7dc5a74ededf256?s=96&d=mm&r=g","contentUrl":"https:\/\/secure.gravatar.com\/avatar\/47f08d5c5c8151c5136961ddc9524d5e8de5e4bf5666ca59b7dc5a74ededf256?s=96&d=mm&r=g","caption":"Jules Van den Berghe"},"url":"https:\/\/theplayoffs.news\/fr\/author\/julesvdb211gmail-com\/"}]}},"_links":{"self":[{"href":"https:\/\/theplayoffs.news\/fr\/wp-json\/wp\/v2\/posts\/1443496","targetHints":{"allow":["GET"]}}],"collection":[{"href":"https:\/\/theplayoffs.news\/fr\/wp-json\/wp\/v2\/posts"}],"about":[{"href":"https:\/\/theplayoffs.news\/fr\/wp-json\/wp\/v2\/types\/post"}],"author":[{"embeddable":true,"href":"https:\/\/theplayoffs.news\/fr\/wp-json\/wp\/v2\/users\/180310253"}],"replies":[{"embeddable":true,"href":"https:\/\/theplayoffs.news\/fr\/wp-json\/wp\/v2\/comments?post=1443496"}],"version-history":[{"count":2,"href":"https:\/\/theplayoffs.news\/fr\/wp-json\/wp\/v2\/posts\/1443496\/revisions"}],"predecessor-version":[{"id":1443504,"href":"https:\/\/theplayoffs.news\/fr\/wp-json\/wp\/v2\/posts\/1443496\/revisions\/1443504"}],"wp:featuredmedia":[{"embeddable":true,"href":"https:\/\/theplayoffs.news\/fr\/wp-json\/wp\/v2\/media\/1443493"}],"wp:attachment":[{"href":"https:\/\/theplayoffs.news\/fr\/wp-json\/wp\/v2\/media?parent=1443496"}],"wp:term":[{"taxonomy":"category","embeddable":true,"href":"https:\/\/theplayoffs.news\/fr\/wp-json\/wp\/v2\/categories?post=1443496"},{"taxonomy":"post_tag","embeddable":true,"href":"https:\/\/theplayoffs.news\/fr\/wp-json\/wp\/v2\/tags?post=1443496"},{"taxonomy":"sport","embeddable":true,"href":"https:\/\/theplayoffs.news\/fr\/wp-json\/wp\/v2\/sport?post=1443496"},{"taxonomy":"saison","embeddable":true,"href":"https:\/\/theplayoffs.news\/fr\/wp-json\/wp\/v2\/saison?post=1443496"}],"curies":[{"name":"wp","href":"https:\/\/api.w.org\/{rel}","templated":true}]}}