{"id":1443483,"date":"2024-07-07T11:56:33","date_gmt":"2024-07-07T09:56:33","guid":{"rendered":"https:\/\/theplayoffs.news\/fr\/?p=1443483"},"modified":"2024-07-07T12:03:37","modified_gmt":"2024-07-07T10:03:37","slug":"demar-derozan-senvole-vers-sacramento","status":"publish","type":"post","link":"https:\/\/theplayoffs.news\/fr\/actualite-nba\/demar-derozan-senvole-vers-sacramento\/","title":{"rendered":"DeMar DeRozan s\u2019envole vers Sacramento"},"content":{"rendered":"<h2 class=\"p1\"><span class=\"s1\">&Ccedil;a y est, c&rsquo;est fini, DeMar DeRozan n&rsquo;est officiellement plus un Bulls.<\/span><\/h2><p>&nbsp;<\/p><p class=\"p1\"><span class=\"s1\">L&rsquo;arri&egrave;re de Chicago a finalement trouv&eacute; sa place dans ce march&eacute; des transferts, aux profits de Sacramento. Les Kings re&ccedil;oivent <a href=\"https:\/\/theplayoffs.news\/fr\/nba-basketball\/actualite-nba\/discussion-entre-les-kings-et-les-bulls-pour-demar-derozan\/\" class=\"trk-cta-link\" data-cta-trk='{\"ctaType\":\"Link\",\"ctaSubType\":\"main\"}'>DeMar DeRozan<\/a> pour au moins 3 ans.<\/span><\/p><p>&nbsp;<\/p><p class=\"p1\"><span class=\"s1\">Le contrat s&rsquo;&eacute;l&egrave;ve &agrave; 74 millions de dollars selon <a href=\"https:\/\/x.com\/wojespn\/status\/1809774483256889466?s=46&amp;t=ZGxLohEAI--IIBna2HD0bA\" class=\"trk-cta-link\" data-cta-trk='{\"ctaType\":\"Link\",\"ctaSubType\":\"main\"}'>Adrian Wojnarowski<\/a>. Pour pouvoir faire venir DeRozan, les Kings ont op&eacute;r&eacute; minutieusement en envoyant Harrisson Barnes aux Spurs. Les Bulls quant &agrave; eux, re&ccedil;oivent de la part de Sacramento Chris Duarte, deux choix de deuxi&egrave;me tour de draft et de l&rsquo;argent.<\/span><\/p><blockquote class=\"twitter-tweet\" data-width=\"500\" data-dnt=\"true\">\n<p lang=\"en\" dir=\"ltr\">The Kings wanted to keep up with the Western Conference&rsquo;s offensive arms race and bring on DeMar DeRozan to join De&rsquo;Aaron Fox and Domantas Sabonis <a href=\"https:\/\/t.co\/AbSXLOB952\" class=\"trk-cta-link\" data-cta-trk='{\"ctaType\":\"Link\",\"ctaSubType\":\"main\"}'>pic.twitter.com\/AbSXLOB952<\/a><\/p>\n<p>&mdash; Adrian Wojnarowski (@wojespn) <a href=\"https:\/\/twitter.com\/wojespn\/status\/1809774662538207289?ref_src=twsrc%5Etfw\" class=\"trk-cta-link\" data-cta-trk='{\"ctaType\":\"Link\",\"ctaSubType\":\"main\"}'>July 7, 2024<\/a><\/p><\/blockquote><p><script async src=\"https:\/\/platform.twitter.com\/widgets.js\" charset=\"utf-8\"><\/script><\/p><p class=\"p1\"><span class=\"s1\">Le Deal &eacute;tant maintenant officiel, les Kings auront alors vraisemblablement un backcourt compos&eacute; de De&rsquo;Aaron Fox et DeMar DeRozan. De quoi ravir aussi Domantas Sabonis, l&rsquo;exp&eacute;rience de DeRozan fera de ce trio un groupe &agrave; surveiller et de pr&egrave;s.<\/span><\/p><p>&nbsp;<\/p><p class=\"p1\"><span class=\"s1\">Les deux hommes ne sont pas des sp&eacute;cialistes &agrave; 3 points (Fox en marquait 3 par match la saison derni&egrave;re &agrave; presque 37%, DeRozan moins d&rsquo;un par match), mais ils ont chacun leurs qualit&eacute;s. De&rsquo;Aaron ne manque pas d&rsquo;inspiration et DeMar DeRozan reste un assassin lorsqu&rsquo;il s&rsquo;agit de tirer &agrave; mi distance.<\/span><\/p><p>\n<div id=\"attachment_1443512\" style=\"width: 285px\" class=\"wp-caption alignnone\"><img loading=\"lazy\" decoding=\"async\" aria-describedby=\"caption-attachment-1443512\" class=\"size-medium wp-image-1443512\" src=\"https:\/\/theplayoffs.news\/fr\/wp-content\/uploads\/2024\/07\/USATSI_22695151-275x300.jpg\" alt=\"\" width=\"275\" height=\"300\" srcset=\"https:\/\/theplayoffs.news\/fr\/wp-content\/uploads\/2024\/07\/USATSI_22695151-275x300.jpg 275w, https:\/\/theplayoffs.news\/fr\/wp-content\/uploads\/2024\/07\/USATSI_22695151-945x1030.jpg 945w, https:\/\/theplayoffs.news\/fr\/wp-content\/uploads\/2024\/07\/USATSI_22695151-768x837.jpg 768w, https:\/\/theplayoffs.news\/fr\/wp-content\/uploads\/2024\/07\/USATSI_22695151-1320x1438.jpg 1320w, https:\/\/theplayoffs.news\/fr\/wp-content\/uploads\/2024\/07\/USATSI_22695151.jpg 1762w\" sizes=\"auto, (max-width: 275px) 100vw, 275px\" \/><p id=\"caption-attachment-1443512\" class=\"wp-caption-text\">Cr&eacute;dit: Ed Szczepanski-USA TODAY Sports<\/p><\/div>\n<\/p><p class=\"p1\">\n<\/p><p>&nbsp;<\/p><p class=\"p1\"><span class=\"s1\">Il semble donc que DeMar DeRozan retourne en Californie, non pas pour retourner &agrave; Los Angeles mais pour visiter la r&eacute;gion. Le natif de Compton fera sa place &agrave; Sacramento la saison prochaine. <\/span><\/p>\n","protected":false},"excerpt":{"rendered":"","protected":false},"author":180310252,"featured_media":1443507,"comment_status":"open","ping_status":"closed","sticky":false,"template":"","format":"standard","meta":{"inline_featured_image":false,"kia_subtitle":"","_mux_skip_reasons":[],"proofreadBy":0,"footnotes":""},"categories":[110,10],"tags":[],"sport":[2783],"saison":[7475],"class_list":["post-1443483","post","type-post","status-publish","format-standard","has-post-thumbnail","hentry","category-actualite-nba","category-nba","sport-nba","saison-7475"],"acf":[],"yoast_head":"<!-- This site is optimized with the Yoast SEO plugin v24.2 - https:\/\/yoast.com\/wordpress\/plugins\/seo\/ -->\n<title>DeMar DeRozan s&rsquo;envole vers Sacramento - The Playoffs FR<\/title>\n<meta name=\"robots\" content=\"index, follow, max-snippet:-1, max-image-preview:large, max-video-preview:-1\" \/>\n<link rel=\"canonical\" href=\"https:\/\/theplayoffs.news\/fr\/actualite-nba\/demar-derozan-senvole-vers-sacramento\/\" \/>\n<meta property=\"og:locale\" content=\"fr_FR\" \/>\n<meta property=\"og:type\" content=\"article\" \/>\n<meta property=\"og:title\" content=\"DeMar DeRozan s&rsquo;envole vers Sacramento - The Playoffs FR\" \/>\n<meta property=\"og:url\" content=\"https:\/\/theplayoffs.news\/fr\/actualite-nba\/demar-derozan-senvole-vers-sacramento\/\" \/>\n<meta property=\"og:site_name\" content=\"The Playoffs FR\" \/>\n<meta property=\"article:publisher\" content=\"https:\/\/www.facebook.com\/TheFreeAgentFR\/\" \/>\n<meta property=\"article:modified_time\" content=\"2024-07-07T12:03:37+02:00\" \/>\n<meta property=\"og:image\" content=\"https:\/\/theplayoffs.news\/fr\/wp-content\/uploads\/2024\/07\/USATSI_22867860.jpg\" \/>\n\t<meta property=\"og:image:width\" content=\"1920\" \/>\n\t<meta property=\"og:image:height\" content=\"1280\" \/>\n\t<meta property=\"og:image:type\" content=\"image\/jpeg\" \/>\n<meta name=\"author\" content=\"Hugo Da Silva\" \/>\n<meta name=\"twitter:card\" content=\"summary_large_image\" \/>\n<meta name=\"twitter:creator\" content=\"@TheFreeAgentFR\" \/>\n<meta name=\"twitter:site\" content=\"@TheFreeAgentFR\" \/>\n<meta name=\"twitter:label1\" content=\"\u00c9crit par\" \/>\n\t<meta name=\"twitter:data1\" content=\"Hugo Da Silva\" \/>\n\t<meta name=\"twitter:label2\" content=\"Dur\u00e9e de lecture estim\u00e9e\" \/>\n\t<meta name=\"twitter:data2\" content=\"1 minute\" \/>\n<script type=\"application\/ld+json\" class=\"yoast-schema-graph\">{\"@context\":\"https:\/\/schema.org\",\"@graph\":[{\"@type\":\"WebPage\",\"@id\":\"https:\/\/theplayoffs.news\/fr\/actualite-nba\/demar-derozan-senvole-vers-sacramento\/\",\"url\":\"https:\/\/theplayoffs.news\/fr\/actualite-nba\/demar-derozan-senvole-vers-sacramento\/\",\"name\":\"DeMar DeRozan s\u2019envole vers Sacramento - The Playoffs FR\",\"isPartOf\":{\"@id\":\"https:\/\/theplayoffs.news\/fr\/#website\"},\"primaryImageOfPage\":{\"@id\":\"https:\/\/theplayoffs.news\/fr\/actualite-nba\/demar-derozan-senvole-vers-sacramento\/#primaryimage\"},\"image\":{\"@id\":\"https:\/\/theplayoffs.news\/fr\/actualite-nba\/demar-derozan-senvole-vers-sacramento\/#primaryimage\"},\"thumbnailUrl\":\"https:\/\/theplayoffs.news\/fr\/wp-content\/uploads\/2024\/07\/USATSI_22867860.jpg\",\"datePublished\":\"2024-07-07T09:56:33+00:00\",\"dateModified\":\"2024-07-07T10:03:37+00:00\",\"author\":{\"@id\":\"https:\/\/theplayoffs.news\/fr\/#\/schema\/person\/6873025fdeeef5a5a119a678d88f9eb8\"},\"breadcrumb\":{\"@id\":\"https:\/\/theplayoffs.news\/fr\/actualite-nba\/demar-derozan-senvole-vers-sacramento\/#breadcrumb\"},\"inLanguage\":\"fr-FR\",\"potentialAction\":[{\"@type\":\"ReadAction\",\"target\":[\"https:\/\/theplayoffs.news\/fr\/actualite-nba\/demar-derozan-senvole-vers-sacramento\/\"]}]},{\"@type\":\"ImageObject\",\"inLanguage\":\"fr-FR\",\"@id\":\"https:\/\/theplayoffs.news\/fr\/actualite-nba\/demar-derozan-senvole-vers-sacramento\/#primaryimage\",\"url\":\"https:\/\/theplayoffs.news\/fr\/wp-content\/uploads\/2024\/07\/USATSI_22867860.jpg\",\"contentUrl\":\"https:\/\/theplayoffs.news\/fr\/wp-content\/uploads\/2024\/07\/USATSI_22867860.jpg\",\"width\":1920,\"height\":1280,\"caption\":\"Mar 25, 2024; Chicago, Illinois, USA; Chicago Bulls forward DeMar DeRozan (11) brings the ball up court against the Washington Wizards during the first half at United Center. Mandatory Credit: Kamil Krzaczynski-USA TODAY Sports\"},{\"@type\":\"BreadcrumbList\",\"@id\":\"https:\/\/theplayoffs.news\/fr\/actualite-nba\/demar-derozan-senvole-vers-sacramento\/#breadcrumb\",\"itemListElement\":[{\"@type\":\"ListItem\",\"position\":1,\"name\":\"Accueil\",\"item\":\"https:\/\/theplayoffs.news\/fr\/\"},{\"@type\":\"ListItem\",\"position\":2,\"name\":\"DeMar DeRozan s\u2019envole vers Sacramento\"}]},{\"@type\":\"WebSite\",\"@id\":\"https:\/\/theplayoffs.news\/fr\/#website\",\"url\":\"https:\/\/theplayoffs.news\/fr\/\",\"name\":\"The Playoffs FR\",\"description\":\"NBA-NFL-NHL-MLB\",\"potentialAction\":[{\"@type\":\"SearchAction\",\"target\":{\"@type\":\"EntryPoint\",\"urlTemplate\":\"https:\/\/theplayoffs.news\/fr\/?s={search_term_string}\"},\"query-input\":{\"@type\":\"PropertyValueSpecification\",\"valueRequired\":true,\"valueName\":\"search_term_string\"}}],\"inLanguage\":\"fr-FR\"},{\"@type\":\"Person\",\"@id\":\"https:\/\/theplayoffs.news\/fr\/#\/schema\/person\/6873025fdeeef5a5a119a678d88f9eb8\",\"name\":\"Hugo Da Silva\",\"image\":{\"@type\":\"ImageObject\",\"inLanguage\":\"fr-FR\",\"@id\":\"https:\/\/theplayoffs.news\/fr\/#\/schema\/person\/image\/\",\"url\":\"https:\/\/secure.gravatar.com\/avatar\/42645c167f2d0d025c99c89a9d5af905f285255ee846e7a777caaecca00b1837?s=96&d=mm&r=g\",\"contentUrl\":\"https:\/\/secure.gravatar.com\/avatar\/42645c167f2d0d025c99c89a9d5af905f285255ee846e7a777caaecca00b1837?s=96&d=mm&r=g\",\"caption\":\"Hugo Da Silva\"},\"url\":\"https:\/\/theplayoffs.news\/fr\/author\/hugodasilva0903gmail-com\/\"}]}<\/script>\n<!-- \/ Yoast SEO plugin. -->","yoast_head_json":{"title":"DeMar DeRozan s&rsquo;envole vers Sacramento - The Playoffs FR","robots":{"index":"index","follow":"follow","max-snippet":"max-snippet:-1","max-image-preview":"max-image-preview:large","max-video-preview":"max-video-preview:-1"},"canonical":"https:\/\/theplayoffs.news\/fr\/actualite-nba\/demar-derozan-senvole-vers-sacramento\/","og_locale":"fr_FR","og_type":"article","og_title":"DeMar DeRozan s&rsquo;envole vers Sacramento - The Playoffs FR","og_url":"https:\/\/theplayoffs.news\/fr\/actualite-nba\/demar-derozan-senvole-vers-sacramento\/","og_site_name":"The Playoffs FR","article_publisher":"https:\/\/www.facebook.com\/TheFreeAgentFR\/","article_modified_time":"2024-07-07T10:03:37+00:00","og_image":[{"width":1920,"height":1280,"url":"https:\/\/theplayoffs.news\/fr\/wp-content\/uploads\/2024\/07\/USATSI_22867860.jpg","type":"image\/jpeg"}],"author":"Hugo Da Silva","twitter_card":"summary_large_image","twitter_creator":"@TheFreeAgentFR","twitter_site":"@TheFreeAgentFR","twitter_misc":{"\u00c9crit par":"Hugo Da Silva","Dur\u00e9e de lecture estim\u00e9e":"1 minute"},"schema":{"@context":"https:\/\/schema.org","@graph":[{"@type":"WebPage","@id":"https:\/\/theplayoffs.news\/fr\/actualite-nba\/demar-derozan-senvole-vers-sacramento\/","url":"https:\/\/theplayoffs.news\/fr\/actualite-nba\/demar-derozan-senvole-vers-sacramento\/","name":"DeMar DeRozan s\u2019envole vers Sacramento - The Playoffs FR","isPartOf":{"@id":"https:\/\/theplayoffs.news\/fr\/#website"},"primaryImageOfPage":{"@id":"https:\/\/theplayoffs.news\/fr\/actualite-nba\/demar-derozan-senvole-vers-sacramento\/#primaryimage"},"image":{"@id":"https:\/\/theplayoffs.news\/fr\/actualite-nba\/demar-derozan-senvole-vers-sacramento\/#primaryimage"},"thumbnailUrl":"https:\/\/theplayoffs.news\/fr\/wp-content\/uploads\/2024\/07\/USATSI_22867860.jpg","datePublished":"2024-07-07T09:56:33+00:00","dateModified":"2024-07-07T10:03:37+00:00","author":{"@id":"https:\/\/theplayoffs.news\/fr\/#\/schema\/person\/6873025fdeeef5a5a119a678d88f9eb8"},"breadcrumb":{"@id":"https:\/\/theplayoffs.news\/fr\/actualite-nba\/demar-derozan-senvole-vers-sacramento\/#breadcrumb"},"inLanguage":"fr-FR","potentialAction":[{"@type":"ReadAction","target":["https:\/\/theplayoffs.news\/fr\/actualite-nba\/demar-derozan-senvole-vers-sacramento\/"]}]},{"@type":"ImageObject","inLanguage":"fr-FR","@id":"https:\/\/theplayoffs.news\/fr\/actualite-nba\/demar-derozan-senvole-vers-sacramento\/#primaryimage","url":"https:\/\/theplayoffs.news\/fr\/wp-content\/uploads\/2024\/07\/USATSI_22867860.jpg","contentUrl":"https:\/\/theplayoffs.news\/fr\/wp-content\/uploads\/2024\/07\/USATSI_22867860.jpg","width":1920,"height":1280,"caption":"Mar 25, 2024; Chicago, Illinois, USA; Chicago Bulls forward DeMar DeRozan (11) brings the ball up court against the Washington Wizards during the first half at United Center. Mandatory Credit: Kamil Krzaczynski-USA TODAY Sports"},{"@type":"BreadcrumbList","@id":"https:\/\/theplayoffs.news\/fr\/actualite-nba\/demar-derozan-senvole-vers-sacramento\/#breadcrumb","itemListElement":[{"@type":"ListItem","position":1,"name":"Accueil","item":"https:\/\/theplayoffs.news\/fr\/"},{"@type":"ListItem","position":2,"name":"DeMar DeRozan s\u2019envole vers Sacramento"}]},{"@type":"WebSite","@id":"https:\/\/theplayoffs.news\/fr\/#website","url":"https:\/\/theplayoffs.news\/fr\/","name":"The Playoffs FR","description":"NBA-NFL-NHL-MLB","potentialAction":[{"@type":"SearchAction","target":{"@type":"EntryPoint","urlTemplate":"https:\/\/theplayoffs.news\/fr\/?s={search_term_string}"},"query-input":{"@type":"PropertyValueSpecification","valueRequired":true,"valueName":"search_term_string"}}],"inLanguage":"fr-FR"},{"@type":"Person","@id":"https:\/\/theplayoffs.news\/fr\/#\/schema\/person\/6873025fdeeef5a5a119a678d88f9eb8","name":"Hugo Da Silva","image":{"@type":"ImageObject","inLanguage":"fr-FR","@id":"https:\/\/theplayoffs.news\/fr\/#\/schema\/person\/image\/","url":"https:\/\/secure.gravatar.com\/avatar\/42645c167f2d0d025c99c89a9d5af905f285255ee846e7a777caaecca00b1837?s=96&d=mm&r=g","contentUrl":"https:\/\/secure.gravatar.com\/avatar\/42645c167f2d0d025c99c89a9d5af905f285255ee846e7a777caaecca00b1837?s=96&d=mm&r=g","caption":"Hugo Da Silva"},"url":"https:\/\/theplayoffs.news\/fr\/author\/hugodasilva0903gmail-com\/"}]}},"_links":{"self":[{"href":"https:\/\/theplayoffs.news\/fr\/wp-json\/wp\/v2\/posts\/1443483","targetHints":{"allow":["GET"]}}],"collection":[{"href":"https:\/\/theplayoffs.news\/fr\/wp-json\/wp\/v2\/posts"}],"about":[{"href":"https:\/\/theplayoffs.news\/fr\/wp-json\/wp\/v2\/types\/post"}],"author":[{"embeddable":true,"href":"https:\/\/theplayoffs.news\/fr\/wp-json\/wp\/v2\/users\/180310252"}],"replies":[{"embeddable":true,"href":"https:\/\/theplayoffs.news\/fr\/wp-json\/wp\/v2\/comments?post=1443483"}],"version-history":[{"count":5,"href":"https:\/\/theplayoffs.news\/fr\/wp-json\/wp\/v2\/posts\/1443483\/revisions"}],"predecessor-version":[{"id":1443515,"href":"https:\/\/theplayoffs.news\/fr\/wp-json\/wp\/v2\/posts\/1443483\/revisions\/1443515"}],"wp:featuredmedia":[{"embeddable":true,"href":"https:\/\/theplayoffs.news\/fr\/wp-json\/wp\/v2\/media\/1443507"}],"wp:attachment":[{"href":"https:\/\/theplayoffs.news\/fr\/wp-json\/wp\/v2\/media?parent=1443483"}],"wp:term":[{"taxonomy":"category","embeddable":true,"href":"https:\/\/theplayoffs.news\/fr\/wp-json\/wp\/v2\/categories?post=1443483"},{"taxonomy":"post_tag","embeddable":true,"href":"https:\/\/theplayoffs.news\/fr\/wp-json\/wp\/v2\/tags?post=1443483"},{"taxonomy":"sport","embeddable":true,"href":"https:\/\/theplayoffs.news\/fr\/wp-json\/wp\/v2\/sport?post=1443483"},{"taxonomy":"saison","embeddable":true,"href":"https:\/\/theplayoffs.news\/fr\/wp-json\/wp\/v2\/saison?post=1443483"}],"curies":[{"name":"wp","href":"https:\/\/api.w.org\/{rel}","templated":true}]}}