{"id":1442663,"date":"2024-07-03T17:07:15","date_gmt":"2024-07-03T15:07:15","guid":{"rendered":"https:\/\/theplayoffs.news\/fr\/?p=1442663"},"modified":"2024-07-03T17:07:15","modified_gmt":"2024-07-03T15:07:15","slug":"3-questions-premier-match-lequipe-de-france","status":"publish","type":"post","link":"https:\/\/theplayoffs.news\/fr\/nba\/3-questions-premier-match-lequipe-de-france\/","title":{"rendered":"3 questions avant le premier match de pr\u00e9paration de l\u2019\u00e9quipe de France ce soir"},"content":{"rendered":"<h2><strong>&Eacute;quipe de France &ndash; L&rsquo;&Eacute;quipe de France de basket-ball lance officiellement ce soir sa campagne olympique avec un premier match de pr&eacute;paration face &agrave; la Turquie &agrave; Rouen (coup d&rsquo;envoi 21h05). L&rsquo;occasion de s&rsquo;interroger sur une &eacute;quipe qui nourrit de grandes ambitions.<\/strong><\/h2><p><strong>&nbsp;<\/strong><\/p><p>Le moment tant attendu est enfin arriv&eacute;. Ce soir, l&rsquo;&eacute;quipe de France de basket-ball entre dans le grand bain d&rsquo;un rendez-vous tant attendu depuis plus de 7 ans, cens&eacute; couronner la fulgurante progression du basket fran&ccedil;ais depuis une quinzaine d&rsquo;ann&eacute;es.<\/p><p>Entre certitudes et zones d&rsquo;ombre, cette pr&eacute;paration va livrer des enseignements int&eacute;ressants avant une comp&eacute;tition que cette &eacute;quipe n&rsquo;aura pas le droit de rater, vis-&agrave;-vis de ses supporters, mais aussi d&rsquo;elle-m&ecirc;me.<\/p><p>&nbsp;<\/p><h3><strong>Quelle place pour Victor Wembanyama dans sa premi&egrave;re grande comp&eacute;tition internationale&nbsp;?<\/strong><\/h3><p><strong>&nbsp;<\/strong><\/p><p>C&rsquo;est le facteur X qui permet &agrave; cette &eacute;quipe de r&ecirc;ver, <a href=\"https:\/\/theplayoffs.news\/fr\/nba-basketball\/victor-wembanyama-son-impact-en-chiffre\/\" class=\"trk-cta-link\" data-cta-trk='{\"ctaType\":\"Link\",\"ctaSubType\":\"main\"}'>Victor Wembanyama<\/a>. Le virtuose fran&ccedil;ais est attendu comme le patron d&rsquo;une &eacute;quipe qui ne veut pas se priver de r&ecirc;ver.<\/p><blockquote class=\"twitter-tweet\" data-width=\"500\" data-dnt=\"true\">\n<p lang=\"fr\" dir=\"ltr\">Ce maillot lui va si bien &#129321;<a href=\"https:\/\/twitter.com\/hashtag\/TeamFranceBasket?src=hash&amp;ref_src=twsrc%5Etfw\" class=\"trk-cta-link\" data-cta-trk='{\"ctaType\":\"Link\",\"ctaSubType\":\"main\"}'>#TeamFranceBasket<\/a> | <a href=\"https:\/\/twitter.com\/hashtag\/Passionn%C3%A9mentBleu?src=hash&amp;ref_src=twsrc%5Etfw\" class=\"trk-cta-link\" data-cta-trk='{\"ctaType\":\"Link\",\"ctaSubType\":\"main\"}'>#Passionn&eacute;mentBleu<\/a> <a href=\"https:\/\/t.co\/WDjtOMdxK0\" class=\"trk-cta-link\" data-cta-trk='{\"ctaType\":\"Link\",\"ctaSubType\":\"main\"}'>pic.twitter.com\/WDjtOMdxK0<\/a><\/p>\n<p>&mdash; &Eacute;quipes de France de Basket (@FRABasketball) <a href=\"https:\/\/twitter.com\/FRABasketball\/status\/1806307511856734442?ref_src=twsrc%5Etfw\" class=\"trk-cta-link\" data-cta-trk='{\"ctaType\":\"Link\",\"ctaSubType\":\"main\"}'>June 27, 2024<\/a><\/p><\/blockquote><p><script async src=\"https:\/\/platform.twitter.com\/widgets.js\" charset=\"utf-8\"><\/script><\/p><p>Pour autant, Wembanyama est jeune (20 ans) et n&rsquo;a jamais disput&eacute; la moindre comp&eacute;tition majeure avec les Bleus A. Si certaines choses entrevues dans sa premi&egrave;re saison NBA &agrave; San Antonio (21.4 points, 10.6 rebonds et 3.6 contres de moyenne en 71 matchs et une deuxi&egrave;me place au troph&eacute;e du meilleur d&eacute;fenseur de l&rsquo;ann&eacute;e) sous tr&egrave;s haute pression, tant dans le jeu que mentalement, am&egrave;nent plut&ocirc;t &agrave; de la s&eacute;r&eacute;nit&eacute;, un rendez-vous tel que des Jeux Olympiques &agrave; la maison est encore autre chose et assumer le statut de patron &agrave; cet &acirc;ge-l&agrave; en est encore une autre.<\/p><p>Il faudra d&rsquo;abord voir quel r&ocirc;le lui sera attribu&eacute; par son coach, Vincent Collet, qui pourrait d&eacute;cider de ne pas faire de Wembanyama le grand patron sportif de son &eacute;quipe. Cela passerait moins par un temps de jeu limit&eacute; (au vu notamment des garanties d&eacute;fensives solides propos&eacute;es par le g&eacute;ant de 2m24) que par des syst&egrave;mes de jeu qui ne ferait pas de &laquo; Wemby &raquo; l&rsquo;option num&eacute;ro un de cette &eacute;quipe en attaque. De ce point de vue-l&agrave;, la rencontre du jour pourrait livrer quelques pistes.<\/p><p>Si en revanche, Wembanyama dispose de toutes les cartes en mains en attaque, il faudra ensuite voir s&rsquo;il ne s&rsquo;effondrera pas sous le poids de la pression, face &agrave; une adversit&eacute; immens&eacute;ment relev&eacute;e qui l&rsquo;attendra de pied ferme, et enfin sous le poids de la fatigue. Sur ces questions-l&agrave;, difficile d&rsquo;obtenir des r&eacute;ponses ce soir, au vu de l&rsquo;adversit&eacute; moindre de l&rsquo;adversaire.<\/p><p>Enfin, ce qui semble sur est que, pour que la France r&eacute;alise de grands J.O, elle devra compter sur un grand (et pas par la taille) Wembanyama tant offensivement que d&eacute;fensivement (m&ecirc;me si nous n&rsquo;avons peu de doutes sur cette deuxi&egrave;me cat&eacute;gorie, notamment gr&acirc;ce aux r&egrave;gles FIBA).<\/p><blockquote class=\"twitter-tweet\" data-width=\"500\" data-dnt=\"true\">\n<p lang=\"en\" dir=\"ltr\">Cheat code &#128125;&#127467;&#127479;<a href=\"https:\/\/twitter.com\/hashtag\/TeamFranceBasket?src=hash&amp;ref_src=twsrc%5Etfw\" class=\"trk-cta-link\" data-cta-trk='{\"ctaType\":\"Link\",\"ctaSubType\":\"main\"}'>#TeamFranceBasket<\/a> | <a href=\"https:\/\/twitter.com\/hashtag\/Passionn%C3%A9mentBleu?src=hash&amp;ref_src=twsrc%5Etfw\" class=\"trk-cta-link\" data-cta-trk='{\"ctaType\":\"Link\",\"ctaSubType\":\"main\"}'>#Passionn&eacute;mentBleu<\/a> <a href=\"https:\/\/t.co\/782qbkvDZz\" class=\"trk-cta-link\" data-cta-trk='{\"ctaType\":\"Link\",\"ctaSubType\":\"main\"}'>pic.twitter.com\/782qbkvDZz<\/a><\/p>\n<p>&mdash; &Eacute;quipes de France de Basket (@FRABasketball) <a href=\"https:\/\/twitter.com\/FRABasketball\/status\/1808183358309986472?ref_src=twsrc%5Etfw\" class=\"trk-cta-link\" data-cta-trk='{\"ctaType\":\"Link\",\"ctaSubType\":\"main\"}'>July 2, 2024<\/a><\/p><\/blockquote><p><script async src=\"https:\/\/platform.twitter.com\/widgets.js\" charset=\"utf-8\"><\/script><\/p><p>Nous esp&eacute;rons tout de m&ecirc;me que le natif du Chesnay aura les &eacute;paules pour emmener cette &Eacute;quipe de France le plus loin possible &agrave; l&rsquo;instar d&rsquo;un Luka Don&#269;i&#263; en 2017 qui avait amen&eacute; la Slov&eacute;nie sur le toit de l&rsquo;Europe &agrave; 18 ans (14.3 points, 8.3 rebonds et 3.6 passes d&eacute;cisives de moyenne sur cet Euro).<\/p><p>&nbsp;<\/p><h3><strong>Quid des &laquo;&nbsp;dinosaures&nbsp;&raquo;&nbsp;?<\/strong><\/h3><p><strong>&nbsp;<\/strong><\/p><p>Nous l&rsquo;avons &eacute;voqu&eacute; plus t&ocirc;t, ces olympiades &agrave; la maison sont cens&eacute;es venir couronner le d&eacute;veloppement massif du basket fran&ccedil;ais depuis une grosse d&eacute;cennie maintenant et avec lui une g&eacute;n&eacute;ration qui l&rsquo;a permis.<\/p><p>Il s&rsquo;agit ici des &laquo;&nbsp;historiques&nbsp;&raquo; de cette s&eacute;lection 2024 tels que Nando de Colo (197 s&eacute;lections), Nicolas Batum (166 s&eacute;lections), Evan Fournier (106 s&eacute;lections) ou encore Andrew Albicy (92 s&eacute;lections) et dans une moindre mesure Rudy Gobert <a href=\"https:\/\/teamfrancebasket.com\/player\/68-rudy-gobert\/career\" class=\"trk-cta-link\" data-cta-trk='{\"ctaType\":\"Link\",\"ctaSubType\":\"main\"}'>(100 s&eacute;lections)<\/a> dans le cadre de la tournure cette question.<\/p><blockquote class=\"twitter-tweet\" data-width=\"500\" data-dnt=\"true\">\n<p lang=\"zxx\" dir=\"ltr\"><a href=\"https:\/\/t.co\/vij8GQ3UDr\" class=\"trk-cta-link\" data-cta-trk='{\"ctaType\":\"Link\",\"ctaSubType\":\"main\"}'>pic.twitter.com\/vij8GQ3UDr<\/a><\/p>\n<p>&mdash; &Eacute;quipes de France de Basket (@FRABasketball) <a href=\"https:\/\/twitter.com\/FRABasketball\/status\/1806697094767350151?ref_src=twsrc%5Etfw\" class=\"trk-cta-link\" data-cta-trk='{\"ctaType\":\"Link\",\"ctaSubType\":\"main\"}'>June 28, 2024<\/a><\/p><\/blockquote><p><script async src=\"https:\/\/platform.twitter.com\/widgets.js\" charset=\"utf-8\"><\/script><\/p><p>La pr&eacute;sence de tous ces joueurs pose une question aussi vieille que le monde et omnisport, comment dire au revoir &agrave; ses l&eacute;gendes&nbsp;? Effectivement, avec l&rsquo;essor que conna&icirc;t le basket fran&ccedil;ais depuis quelques ann&eacute;es, de nombreux profils ont &eacute;merg&eacute; et ont naturellement cr&eacute;&eacute; de la concurrence.<\/p><p>Ainsi, en s&eacute;lectionnant ces joueurs, plut&ocirc;t sur le d&eacute;clin, pour les Jeux Olympiques, l&rsquo;&eacute;quipe de France sera-t-elle plus forte que si ces joueurs n&rsquo;y avaient pas pris part au d&eacute;triment de jeunes &eacute;l&eacute;ments l&eacute;gitimes d&rsquo;&ecirc;tre pr&eacute;sents &agrave; Lille puis &agrave; Paris.<\/p><p>On pense ici &agrave; Sylvain Francisco, Killian Hayes (qui sera normalement &eacute;cart&eacute; durant la pr&eacute;paration), ou encore aux deux nouveaux ph&eacute;nom&egrave;nes Zaccharie Risacher et Alexandre Sarr, &eacute;cart&eacute;s pour manque d&rsquo;exp&eacute;rience.<\/p><p>&nbsp;<\/p><p>\n<div id=\"attachment_1442665\" style=\"width: 707px\" class=\"wp-caption aligncenter\"><img loading=\"lazy\" decoding=\"async\" aria-describedby=\"caption-attachment-1442665\" class=\" wp-image-1442665\" src=\"https:\/\/theplayoffs.news\/fr\/wp-content\/uploads\/2024\/07\/USATSI_23657134-300x200.jpg\" alt=\"\" width=\"697\" height=\"464\" srcset=\"https:\/\/theplayoffs.news\/fr\/wp-content\/uploads\/2024\/07\/USATSI_23657134-300x200.jpg 300w, https:\/\/theplayoffs.news\/fr\/wp-content\/uploads\/2024\/07\/USATSI_23657134-1030x687.jpg 1030w, https:\/\/theplayoffs.news\/fr\/wp-content\/uploads\/2024\/07\/USATSI_23657134-768x512.jpg 768w, https:\/\/theplayoffs.news\/fr\/wp-content\/uploads\/2024\/07\/USATSI_23657134-1320x880.jpg 1320w, https:\/\/theplayoffs.news\/fr\/wp-content\/uploads\/2024\/07\/USATSI_23657134.jpg 1920w\" sizes=\"auto, (max-width: 697px) 100vw, 697px\" \/><p id=\"caption-attachment-1442665\" class=\"wp-caption-text\">Zaccharie Risacher et Alexandre Sarr (de dos) auraient pu pr&eacute;tendre &agrave; une place aux J.O de Paris. Mandatory Credit: Brad Penner-USA TODAY Sports<\/p><\/div>\n<\/p><p>&nbsp;<\/p><p>S&rsquo;il reste difficile de mettre &agrave; la cave des l&eacute;gendes et tout ce qu&rsquo;elles repr&eacute;sentent pour la comp&eacute;tition d&rsquo;une vie, il faudra voir si ces statuts n&rsquo;affecteront pas le niveau sportif des Bleus.<\/p><p>On pense surtout et malheureusement ici &agrave; Evan Fournier, qui n&rsquo;a jou&eacute; que 32 matchs sur ses deux derni&egrave;res saisons de NBA (dont 29 &agrave; Detroit dans une &eacute;quipe absolument pas comp&eacute;titive) et &agrave; Nando de Colo, l&eacute;g&egrave;rement sur le d&eacute;clin (10.9 points, 4.1 passes d&eacute;cisives et 1.9 rebonds en moyenne par matchs cette saison en Betclic ELITE).<\/p><p>Bien qu&rsquo;il semble n&eacute;cessaire d&rsquo;avoir de l&rsquo;exp&eacute;rience pour un tel rendez-vous, il est toujours difficile de trouver le juste milieu entre exp&eacute;rience et jeunesse. Esp&eacute;rons que les choix de Vincent Collet seront les bons et qu&rsquo;ils se traduiront par des r&eacute;sultats positifs sur le parquet.<\/p><p>&nbsp;<\/p><h3><strong>La France a-t-elle une chance d&rsquo;&ecirc;tre en or le 11 Ao&ucirc;t&nbsp;?<\/strong><\/h3><p><strong>&nbsp;<\/strong><\/p><p>On aimerait r&eacute;pondre par oui ou par non &agrave; cette question, mais cela n&rsquo;est malheureusement pas possible.<\/p><p>Il est en revanche possible de constater l&rsquo;immense adversit&eacute; qui attend l&rsquo;&Eacute;quipe de France sur ces Jeux Olympiques.<\/p><p>Serbie, Gr&egrave;ce, Slov&eacute;nie (l&rsquo;une des deux derni&egrave;res s&eacute;lections cit&eacute;es ne verra pas Paris) Espagne (si qualification), Allemagne, Australie, Canada, Italie (si qualification) et bien s&ucirc;r &Eacute;tats-Unis, les pr&eacute;tendants ne manqueront pas.<\/p><p>Mauvaise nouvelle pour nos Bleus, toutes les grandes stars de ces s&eacute;lections ont r&eacute;pondu pr&eacute;sentes pour des Jeux attractifs, particuli&egrave;rement apr&egrave;s ceux de Tokyo, il y a trois ans, o&ugrave; le contexte Covid n&rsquo;avait pas attir&eacute; tous les plus grands. L&rsquo;exemple le plus criant &eacute;tant celui des am&eacute;ricains qui ont form&eacute; les Avengers (LeBron James, Stephen Curry, Kawhi Leonard n&rsquo;ont plus vu les J.O depuis 2012 au mieux) pour cette &eacute;dition 2024.<\/p><blockquote class=\"twitter-tweet\" data-width=\"500\" data-dnt=\"true\">\n<p lang=\"und\" dir=\"ltr\">&#127482;&#127480;&#128081;6&#65039;&#8419; x &#127482;&#127480;1&#65039;&#8419;4&#65039;&#8419; <a href=\"https:\/\/t.co\/hZNHyPmjsp\" class=\"trk-cta-link\" data-cta-trk='{\"ctaType\":\"Link\",\"ctaSubType\":\"main\"}'>https:\/\/t.co\/hZNHyPmjsp<\/a> <a href=\"https:\/\/t.co\/qozpFTkamS\" class=\"trk-cta-link\" data-cta-trk='{\"ctaType\":\"Link\",\"ctaSubType\":\"main\"}'>pic.twitter.com\/qozpFTkamS<\/a><\/p>\n<p>&mdash; USA Basketball (@usabasketball) <a href=\"https:\/\/twitter.com\/usabasketball\/status\/1780703073943634238?ref_src=twsrc%5Etfw\" class=\"trk-cta-link\" data-cta-trk='{\"ctaType\":\"Link\",\"ctaSubType\":\"main\"}'>April 17, 2024<\/a><\/p><\/blockquote><p><script async src=\"https:\/\/platform.twitter.com\/widgets.js\" charset=\"utf-8\"><\/script><\/p><p>Mais derri&egrave;re eux, il ne faudra pas oublier la Serbie, qui a ramen&eacute; dans ses valises Nikola Joki&#263; (lui aussi absent en 2021). Il ne faudra pas non plus oublier le Canada qui vient avec une &eacute;quipe particuli&egrave;rement s&eacute;duisante (Jamal Murray, Shai Gilgeous-Alexander, Andrew Wiggins, Lu Dort, Dillon Brooks&hellip;), l&rsquo;Allemagne championne du monde en titre, ou encore la Gr&egrave;ce o&ugrave; Giannis Antetokounmpo a r&eacute;pondu pr&eacute;sent (m&ecirc;me s&rsquo;il faudra se d&eacute;faire de la Slov&eacute;nie en qualification).<\/p><p>Face &agrave; un tel plateau, le chemin sera rude pour l&rsquo;&Eacute;quipe de France pour aller au bout, m&ecirc;me si cela ne rendrait la victoire que plus belle.<\/p><p>Mais cette &eacute;quipe nous a habitu&eacute; &agrave; de grands coups au fil des derni&egrave;res ann&eacute;es, comme les succ&egrave;s face &agrave; l&rsquo;Espagne en 2013 et surtout 2014, face &agrave; Team USA en 2019 et 2021 ou encore la victoire contre la Slov&eacute;nie en 2021, qui augurent de belles choses pour ces olympiades. Cette fois, il faudra tout mettre bout &agrave; bout pour d&eacute;crocher l&rsquo;un des plus beaux titres de l&rsquo;histoire du sport fran&ccedil;ais.<\/p><p>Mais surtout, il y a de quoi y croire en 2024. Les Bleus accueillent dans leurs rangs un diamant brut que le monde nous envie avec Victor Wembanyama et disposent d&rsquo;une profondeur d&rsquo;effectif presque in&eacute;dite dans l&rsquo;histoire du basket fran&ccedil;ais (Yabusele, Coulibaly, Lessort, Batum&hellip;) qui laisse place &agrave; de l&rsquo;optimisme.<\/p><p>&laquo;&nbsp;Il est battu par les flots mais ne sombre pas.&nbsp;&raquo;, on esp&egrave;re que les Bleus sauront s&rsquo;inspirer de la devise de la ville h&ocirc;te de ces Jeux Olympiques afin d&rsquo;aller plus vite, plus haut et plus fort que jamais auparavant.<\/p><blockquote class=\"twitter-tweet\" data-width=\"500\" data-dnt=\"true\">\n<p lang=\"fr\" dir=\"ltr\">Une fois dans une vie &#128558;&zwj;&#128168;<\/p>\n<p>Les Bleus version &#120814;&#120812;&#120814;&#120816; &#127467;&#127479;<a href=\"https:\/\/twitter.com\/hashtag\/TeamFranceBasket?src=hash&amp;ref_src=twsrc%5Etfw\" class=\"trk-cta-link\" data-cta-trk='{\"ctaType\":\"Link\",\"ctaSubType\":\"main\"}'>#TeamFranceBasket<\/a> | <a href=\"https:\/\/twitter.com\/hashtag\/Passionn%C3%A9mentBleu?src=hash&amp;ref_src=twsrc%5Etfw\" class=\"trk-cta-link\" data-cta-trk='{\"ctaType\":\"Link\",\"ctaSubType\":\"main\"}'>#Passionn&eacute;mentBleu<\/a> <a href=\"https:\/\/t.co\/Femc1HTbc9\" class=\"trk-cta-link\" data-cta-trk='{\"ctaType\":\"Link\",\"ctaSubType\":\"main\"}'>pic.twitter.com\/Femc1HTbc9<\/a><\/p>\n<p>&mdash; &Eacute;quipes de France de Basket (@FRABasketball) <a href=\"https:\/\/twitter.com\/FRABasketball\/status\/1808155388681781369?ref_src=twsrc%5Etfw\" class=\"trk-cta-link\" data-cta-trk='{\"ctaType\":\"Link\",\"ctaSubType\":\"main\"}'>July 2, 2024<\/a><\/p><\/blockquote><p><script async src=\"https:\/\/platform.twitter.com\/widgets.js\" charset=\"utf-8\"><\/script><\/p><p>Premier &eacute;l&eacute;ment de r&eacute;ponse ce soir &agrave; 21h05. Le match sera diffus&eacute; gratuitement sur la TNT sur <em>La Cha&icirc;ne l&rsquo;&Eacute;quipe. <\/em><\/p>\n","protected":false},"excerpt":{"rendered":"","protected":false},"author":180310210,"featured_media":390672,"comment_status":"open","ping_status":"closed","sticky":false,"template":"","format":"standard","meta":{"inline_featured_image":false,"kia_subtitle":"","_mux_skip_reasons":[],"proofreadBy":0,"footnotes":""},"categories":[10],"tags":[2774,7167],"sport":[2783],"saison":[6111],"class_list":["post-1442663","post","type-post","status-publish","format-standard","has-post-thumbnail","hentry","category-nba","tag-equipe-de-france-de-basket","tag-jeux-olympiques-2024","sport-nba","saison-6111"],"acf":[],"yoast_head":"<!-- This site is optimized with the Yoast SEO plugin v24.2 - https:\/\/yoast.com\/wordpress\/plugins\/seo\/ -->\n<title>3 questions avant le premier match de pr&eacute;paration de l&rsquo;&eacute;quipe de France ce soir - The Playoffs FR<\/title>\n<meta name=\"robots\" content=\"index, follow, max-snippet:-1, max-image-preview:large, max-video-preview:-1\" \/>\n<link rel=\"canonical\" href=\"https:\/\/theplayoffs.news\/fr\/nba\/3-questions-premier-match-lequipe-de-france\/\" \/>\n<meta property=\"og:locale\" content=\"fr_FR\" \/>\n<meta property=\"og:type\" content=\"article\" \/>\n<meta property=\"og:title\" content=\"3 questions avant le premier match de pr&eacute;paration de l&rsquo;&eacute;quipe de France ce soir - The Playoffs FR\" \/>\n<meta property=\"og:url\" content=\"https:\/\/theplayoffs.news\/fr\/nba\/3-questions-premier-match-lequipe-de-france\/\" \/>\n<meta property=\"og:site_name\" content=\"The Playoffs FR\" \/>\n<meta property=\"article:publisher\" content=\"https:\/\/www.facebook.com\/TheFreeAgentFR\/\" \/>\n<meta property=\"article:modified_time\" content=\"2024-07-03T17:07:15+02:00\" \/>\n<meta property=\"og:image\" content=\"https:\/\/theplayoffs.news\/fr\/wp-content\/uploads\/2022\/09\/FcokmqvXwAE2UXn.jpg\" \/>\n\t<meta property=\"og:image:width\" content=\"1920\" \/>\n\t<meta property=\"og:image:height\" content=\"1280\" \/>\n\t<meta property=\"og:image:type\" content=\"image\/jpeg\" \/>\n<meta name=\"author\" content=\"Romain Balle\" \/>\n<meta name=\"twitter:card\" content=\"summary_large_image\" \/>\n<meta name=\"twitter:creator\" content=\"@TheFreeAgentFR\" \/>\n<meta name=\"twitter:site\" content=\"@TheFreeAgentFR\" \/>\n<meta name=\"twitter:label1\" content=\"\u00c9crit par\" \/>\n\t<meta name=\"twitter:data1\" content=\"Romain Balle\" \/>\n\t<meta name=\"twitter:label2\" content=\"Dur\u00e9e de lecture estim\u00e9e\" \/>\n\t<meta name=\"twitter:data2\" content=\"7 minutes\" \/>\n<script type=\"application\/ld+json\" class=\"yoast-schema-graph\">{\"@context\":\"https:\/\/schema.org\",\"@graph\":[{\"@type\":\"WebPage\",\"@id\":\"https:\/\/theplayoffs.news\/fr\/nba\/3-questions-premier-match-lequipe-de-france\/\",\"url\":\"https:\/\/theplayoffs.news\/fr\/nba\/3-questions-premier-match-lequipe-de-france\/\",\"name\":\"3 questions avant le premier match de pr\u00e9paration de l\u2019\u00e9quipe de France ce soir - The Playoffs FR\",\"isPartOf\":{\"@id\":\"https:\/\/theplayoffs.news\/fr\/#website\"},\"primaryImageOfPage\":{\"@id\":\"https:\/\/theplayoffs.news\/fr\/nba\/3-questions-premier-match-lequipe-de-france\/#primaryimage\"},\"image\":{\"@id\":\"https:\/\/theplayoffs.news\/fr\/nba\/3-questions-premier-match-lequipe-de-france\/#primaryimage\"},\"thumbnailUrl\":\"https:\/\/theplayoffs.news\/fr\/wp-content\/uploads\/2022\/09\/FcokmqvXwAE2UXn.jpg\",\"datePublished\":\"2024-07-03T15:07:15+00:00\",\"dateModified\":\"2024-07-03T15:07:15+00:00\",\"author\":{\"@id\":\"https:\/\/theplayoffs.news\/fr\/#\/schema\/person\/6d5286c8c5dec1bbd3e6341f17a41111\"},\"breadcrumb\":{\"@id\":\"https:\/\/theplayoffs.news\/fr\/nba\/3-questions-premier-match-lequipe-de-france\/#breadcrumb\"},\"inLanguage\":\"fr-FR\",\"potentialAction\":[{\"@type\":\"ReadAction\",\"target\":[\"https:\/\/theplayoffs.news\/fr\/nba\/3-questions-premier-match-lequipe-de-france\/\"]}]},{\"@type\":\"ImageObject\",\"inLanguage\":\"fr-FR\",\"@id\":\"https:\/\/theplayoffs.news\/fr\/nba\/3-questions-premier-match-lequipe-de-france\/#primaryimage\",\"url\":\"https:\/\/theplayoffs.news\/fr\/wp-content\/uploads\/2022\/09\/FcokmqvXwAE2UXn.jpg\",\"contentUrl\":\"https:\/\/theplayoffs.news\/fr\/wp-content\/uploads\/2022\/09\/FcokmqvXwAE2UXn.jpg\",\"width\":1920,\"height\":1280,\"caption\":\"\u00e9quipe de France\"},{\"@type\":\"BreadcrumbList\",\"@id\":\"https:\/\/theplayoffs.news\/fr\/nba\/3-questions-premier-match-lequipe-de-france\/#breadcrumb\",\"itemListElement\":[{\"@type\":\"ListItem\",\"position\":1,\"name\":\"Accueil\",\"item\":\"https:\/\/theplayoffs.news\/fr\/\"},{\"@type\":\"ListItem\",\"position\":2,\"name\":\"3 questions avant le premier match de pr\u00e9paration de l\u2019\u00e9quipe de France ce soir\"}]},{\"@type\":\"WebSite\",\"@id\":\"https:\/\/theplayoffs.news\/fr\/#website\",\"url\":\"https:\/\/theplayoffs.news\/fr\/\",\"name\":\"The Playoffs FR\",\"description\":\"NBA-NFL-NHL-MLB\",\"potentialAction\":[{\"@type\":\"SearchAction\",\"target\":{\"@type\":\"EntryPoint\",\"urlTemplate\":\"https:\/\/theplayoffs.news\/fr\/?s={search_term_string}\"},\"query-input\":{\"@type\":\"PropertyValueSpecification\",\"valueRequired\":true,\"valueName\":\"search_term_string\"}}],\"inLanguage\":\"fr-FR\"},{\"@type\":\"Person\",\"@id\":\"https:\/\/theplayoffs.news\/fr\/#\/schema\/person\/6d5286c8c5dec1bbd3e6341f17a41111\",\"name\":\"Romain Balle\",\"image\":{\"@type\":\"ImageObject\",\"inLanguage\":\"fr-FR\",\"@id\":\"https:\/\/theplayoffs.news\/fr\/#\/schema\/person\/image\/\",\"url\":\"https:\/\/secure.gravatar.com\/avatar\/05ddb849264c48c5ab2084b8927e8da5ec4ccb05c2bd91acb1c3d4c2785ce057?s=96&d=mm&r=g\",\"contentUrl\":\"https:\/\/secure.gravatar.com\/avatar\/05ddb849264c48c5ab2084b8927e8da5ec4ccb05c2bd91acb1c3d4c2785ce057?s=96&d=mm&r=g\",\"caption\":\"Romain Balle\"},\"url\":\"https:\/\/theplayoffs.news\/fr\/author\/romainballe02gmail-com\/\"}]}<\/script>\n<!-- \/ Yoast SEO plugin. -->","yoast_head_json":{"title":"3 questions avant le premier match de pr&eacute;paration de l&rsquo;&eacute;quipe de France ce soir - The Playoffs FR","robots":{"index":"index","follow":"follow","max-snippet":"max-snippet:-1","max-image-preview":"max-image-preview:large","max-video-preview":"max-video-preview:-1"},"canonical":"https:\/\/theplayoffs.news\/fr\/nba\/3-questions-premier-match-lequipe-de-france\/","og_locale":"fr_FR","og_type":"article","og_title":"3 questions avant le premier match de pr&eacute;paration de l&rsquo;&eacute;quipe de France ce soir - The Playoffs FR","og_url":"https:\/\/theplayoffs.news\/fr\/nba\/3-questions-premier-match-lequipe-de-france\/","og_site_name":"The Playoffs FR","article_publisher":"https:\/\/www.facebook.com\/TheFreeAgentFR\/","og_image":[{"width":1920,"height":1280,"url":"https:\/\/theplayoffs.news\/fr\/wp-content\/uploads\/2022\/09\/FcokmqvXwAE2UXn.jpg","type":"image\/jpeg"}],"author":"Romain Balle","twitter_card":"summary_large_image","twitter_creator":"@TheFreeAgentFR","twitter_site":"@TheFreeAgentFR","twitter_misc":{"\u00c9crit par":"Romain Balle","Dur\u00e9e de lecture estim\u00e9e":"7 minutes"},"schema":{"@context":"https:\/\/schema.org","@graph":[{"@type":"WebPage","@id":"https:\/\/theplayoffs.news\/fr\/nba\/3-questions-premier-match-lequipe-de-france\/","url":"https:\/\/theplayoffs.news\/fr\/nba\/3-questions-premier-match-lequipe-de-france\/","name":"3 questions avant le premier match de pr\u00e9paration de l\u2019\u00e9quipe de France ce soir - The Playoffs FR","isPartOf":{"@id":"https:\/\/theplayoffs.news\/fr\/#website"},"primaryImageOfPage":{"@id":"https:\/\/theplayoffs.news\/fr\/nba\/3-questions-premier-match-lequipe-de-france\/#primaryimage"},"image":{"@id":"https:\/\/theplayoffs.news\/fr\/nba\/3-questions-premier-match-lequipe-de-france\/#primaryimage"},"thumbnailUrl":"https:\/\/theplayoffs.news\/fr\/wp-content\/uploads\/2022\/09\/FcokmqvXwAE2UXn.jpg","datePublished":"2024-07-03T15:07:15+00:00","dateModified":"2024-07-03T15:07:15+00:00","author":{"@id":"https:\/\/theplayoffs.news\/fr\/#\/schema\/person\/6d5286c8c5dec1bbd3e6341f17a41111"},"breadcrumb":{"@id":"https:\/\/theplayoffs.news\/fr\/nba\/3-questions-premier-match-lequipe-de-france\/#breadcrumb"},"inLanguage":"fr-FR","potentialAction":[{"@type":"ReadAction","target":["https:\/\/theplayoffs.news\/fr\/nba\/3-questions-premier-match-lequipe-de-france\/"]}]},{"@type":"ImageObject","inLanguage":"fr-FR","@id":"https:\/\/theplayoffs.news\/fr\/nba\/3-questions-premier-match-lequipe-de-france\/#primaryimage","url":"https:\/\/theplayoffs.news\/fr\/wp-content\/uploads\/2022\/09\/FcokmqvXwAE2UXn.jpg","contentUrl":"https:\/\/theplayoffs.news\/fr\/wp-content\/uploads\/2022\/09\/FcokmqvXwAE2UXn.jpg","width":1920,"height":1280,"caption":"\u00e9quipe de France"},{"@type":"BreadcrumbList","@id":"https:\/\/theplayoffs.news\/fr\/nba\/3-questions-premier-match-lequipe-de-france\/#breadcrumb","itemListElement":[{"@type":"ListItem","position":1,"name":"Accueil","item":"https:\/\/theplayoffs.news\/fr\/"},{"@type":"ListItem","position":2,"name":"3 questions avant le premier match de pr\u00e9paration de l\u2019\u00e9quipe de France ce soir"}]},{"@type":"WebSite","@id":"https:\/\/theplayoffs.news\/fr\/#website","url":"https:\/\/theplayoffs.news\/fr\/","name":"The Playoffs FR","description":"NBA-NFL-NHL-MLB","potentialAction":[{"@type":"SearchAction","target":{"@type":"EntryPoint","urlTemplate":"https:\/\/theplayoffs.news\/fr\/?s={search_term_string}"},"query-input":{"@type":"PropertyValueSpecification","valueRequired":true,"valueName":"search_term_string"}}],"inLanguage":"fr-FR"},{"@type":"Person","@id":"https:\/\/theplayoffs.news\/fr\/#\/schema\/person\/6d5286c8c5dec1bbd3e6341f17a41111","name":"Romain Balle","image":{"@type":"ImageObject","inLanguage":"fr-FR","@id":"https:\/\/theplayoffs.news\/fr\/#\/schema\/person\/image\/","url":"https:\/\/secure.gravatar.com\/avatar\/05ddb849264c48c5ab2084b8927e8da5ec4ccb05c2bd91acb1c3d4c2785ce057?s=96&d=mm&r=g","contentUrl":"https:\/\/secure.gravatar.com\/avatar\/05ddb849264c48c5ab2084b8927e8da5ec4ccb05c2bd91acb1c3d4c2785ce057?s=96&d=mm&r=g","caption":"Romain Balle"},"url":"https:\/\/theplayoffs.news\/fr\/author\/romainballe02gmail-com\/"}]}},"_links":{"self":[{"href":"https:\/\/theplayoffs.news\/fr\/wp-json\/wp\/v2\/posts\/1442663","targetHints":{"allow":["GET"]}}],"collection":[{"href":"https:\/\/theplayoffs.news\/fr\/wp-json\/wp\/v2\/posts"}],"about":[{"href":"https:\/\/theplayoffs.news\/fr\/wp-json\/wp\/v2\/types\/post"}],"author":[{"embeddable":true,"href":"https:\/\/theplayoffs.news\/fr\/wp-json\/wp\/v2\/users\/180310210"}],"replies":[{"embeddable":true,"href":"https:\/\/theplayoffs.news\/fr\/wp-json\/wp\/v2\/comments?post=1442663"}],"version-history":[{"count":2,"href":"https:\/\/theplayoffs.news\/fr\/wp-json\/wp\/v2\/posts\/1442663\/revisions"}],"predecessor-version":[{"id":1442684,"href":"https:\/\/theplayoffs.news\/fr\/wp-json\/wp\/v2\/posts\/1442663\/revisions\/1442684"}],"wp:featuredmedia":[{"embeddable":true,"href":"https:\/\/theplayoffs.news\/fr\/wp-json\/wp\/v2\/media\/390672"}],"wp:attachment":[{"href":"https:\/\/theplayoffs.news\/fr\/wp-json\/wp\/v2\/media?parent=1442663"}],"wp:term":[{"taxonomy":"category","embeddable":true,"href":"https:\/\/theplayoffs.news\/fr\/wp-json\/wp\/v2\/categories?post=1442663"},{"taxonomy":"post_tag","embeddable":true,"href":"https:\/\/theplayoffs.news\/fr\/wp-json\/wp\/v2\/tags?post=1442663"},{"taxonomy":"sport","embeddable":true,"href":"https:\/\/theplayoffs.news\/fr\/wp-json\/wp\/v2\/sport?post=1442663"},{"taxonomy":"saison","embeddable":true,"href":"https:\/\/theplayoffs.news\/fr\/wp-json\/wp\/v2\/saison?post=1442663"}],"curies":[{"name":"wp","href":"https:\/\/api.w.org\/{rel}","templated":true}]}}