{"id":1442602,"date":"2024-07-03T12:23:06","date_gmt":"2024-07-03T10:23:06","guid":{"rendered":"https:\/\/theplayoffs.news\/fr\/?p=1442602"},"modified":"2024-07-03T11:58:58","modified_gmt":"2024-07-03T09:58:58","slug":"angel-reese-emue-de-sa-premiere-selection-all-star","status":"publish","type":"post","link":"https:\/\/theplayoffs.news\/fr\/wnba\/angel-reese-emue-de-sa-premiere-selection-all-star\/","title":{"rendered":"Angel Reese \u00e9mue de sa premi\u00e8re s\u00e9lection All-Star"},"content":{"rendered":"<h2>&Agrave; l&rsquo;annonce des joueuses retenues pour le All-Star Game de la WNBA 2024, Angel Reese n&rsquo;a pas pu contenir son &eacute;motion.<\/h2><p>La rookie du Sky de Chicago a laiss&eacute; couler quelques larmes de joies en conf&eacute;rence de presse.<\/p><blockquote class=\"twitter-tweet\" data-width=\"500\" data-dnt=\"true\">\n<p lang=\"en\" dir=\"ltr\">Angel Reese was brought to tears after learning she made the All-Star Game &#129401; <a href=\"https:\/\/t.co\/Obwx3XhdhS\" class=\"trk-cta-link\" data-cta-trk='{\"ctaType\":\"Link\",\"ctaSubType\":\"main\"}'>pic.twitter.com\/Obwx3XhdhS<\/a><\/p>\n<p>&mdash; Yahoo Sports (@YahooSports) <a href=\"https:\/\/twitter.com\/YahooSports\/status\/1808311360830558239?ref_src=twsrc%5Etfw\" class=\"trk-cta-link\" data-cta-trk='{\"ctaType\":\"Link\",\"ctaSubType\":\"main\"}'>July 3, 2024<\/a><\/p><\/blockquote><p><script async src=\"https:\/\/platform.twitter.com\/widgets.js\" charset=\"utf-8\"><\/script><\/p><blockquote><p>&laquo;&nbsp;Ils viennent de me dire que j&rsquo;&eacute;tais un All-Star&nbsp;&raquo;, <a href=\"https:\/\/x.com\/YahooSports\/status\/1808311360830558239\" class=\"trk-cta-link\" data-cta-trk='{\"ctaType\":\"Link\",\"ctaSubType\":\"main\"}'>a d&eacute;clar&eacute; Reese<\/a>. &laquo;&nbsp;Je suis tellement heureux. Je suis conscient du travail que j&rsquo;ai accompli. En arrivant dans cette ligue, beaucoup de gens ont dout&eacute; de moi et ne pensaient pas que mon jeu se transposerait et que je ne serais pas le joueur que j&rsquo;&eacute;tais &agrave; l&rsquo;universit&eacute;, voire meilleur, ou pire, ou que je ne serais pas l&agrave; o&ugrave; je suis aujourd&rsquo;hui. Mais j&rsquo;ai fait confiance au processus et j&rsquo;y ai cru, et je suis reconnaissant d&rsquo;&ecirc;tre pass&eacute; &agrave; 7 et d&rsquo;avoir pu venir &agrave; Chicago.<\/p>\n<p>&laquo;&nbsp;C&rsquo;est une b&eacute;n&eacute;diction. Je ne remercierai jamais assez mes co&eacute;quipiers et mes entra&icirc;neurs d&rsquo;avoir cru en moi et de m&rsquo;avoir fait confiance. Je sais qu&rsquo;ils vont tous venir &agrave; Phoenix et me soutenir. Je suis vraiment heureux en ce moment&nbsp;&raquo;<\/p><\/blockquote><p>Avec 13.3 points et 11.4 rebonds de moyenne cette saison, Angel Reese m&eacute;rite amplement sa s&eacute;lection dans ce All-Star Game de la WNBA.<\/p><p><a href=\"https:\/\/theplayoffs.news\/fr\/wnba\/caitlin-clark-et-angel-reese-seront-au-all-star-game-wnba\/\" class=\"trk-cta-link\" data-cta-trk='{\"ctaType\":\"Link\",\"ctaSubType\":\"main\"}'>C&rsquo;est d&rsquo;ailleurs la premi&egrave;re fois<\/a> que deux rookies sont s&eacute;lectionn&eacute;es la m&ecirc;me ann&eacute;e pour un All-Star Game de la WNBA. Caitlin Clark a &eacute;galement re&ccedil;ue une s&eacute;lection.<\/p><p>Le 20 juillet prochain, Angel Reese rev&ecirc;tira donc le maillot de la s&eacute;lection All-Star qui affrontera Team USA &agrave; Phoenix.<\/p><p>&nbsp;<\/p><p>Credit Photo : Kamil Krzaczynski-USA TODAY Sports<\/p>\n","protected":false},"excerpt":{"rendered":"","protected":false},"author":13,"featured_media":1442603,"comment_status":"open","ping_status":"closed","sticky":false,"template":"","format":"standard","meta":{"inline_featured_image":false,"kia_subtitle":"","_mux_skip_reasons":[],"proofreadBy":0,"footnotes":""},"categories":[143],"tags":[7486,6234,2544],"sport":[],"saison":[],"class_list":["post-1442602","post","type-post","status-publish","format-standard","has-post-thumbnail","hentry","category-wnba","tag-all-star-game-wnba","tag-angel-reese","tag-chicago-sky"],"acf":[],"yoast_head":"<!-- This site is optimized with the Yoast SEO plugin v24.2 - https:\/\/yoast.com\/wordpress\/plugins\/seo\/ -->\n<title>Angel Reese &eacute;mue de sa premi&egrave;re s&eacute;lection All-Star - The Playoffs FR<\/title>\n<meta name=\"robots\" content=\"index, follow, max-snippet:-1, max-image-preview:large, max-video-preview:-1\" \/>\n<link rel=\"canonical\" href=\"https:\/\/theplayoffs.news\/fr\/wnba\/angel-reese-emue-de-sa-premiere-selection-all-star\/\" \/>\n<meta property=\"og:locale\" content=\"fr_FR\" \/>\n<meta property=\"og:type\" content=\"article\" \/>\n<meta property=\"og:title\" content=\"Angel Reese &eacute;mue de sa premi&egrave;re s&eacute;lection All-Star - The Playoffs FR\" \/>\n<meta property=\"og:url\" content=\"https:\/\/theplayoffs.news\/fr\/wnba\/angel-reese-emue-de-sa-premiere-selection-all-star\/\" \/>\n<meta property=\"og:site_name\" content=\"The Playoffs FR\" \/>\n<meta property=\"article:publisher\" content=\"https:\/\/www.facebook.com\/TheFreeAgentFR\/\" \/>\n<meta property=\"article:modified_time\" content=\"2024-07-03T12:23:06+02:00\" \/>\n<meta property=\"og:image\" content=\"https:\/\/theplayoffs.news\/fr\/wp-content\/uploads\/2024\/07\/USATSI_23608291.jpg\" \/>\n\t<meta property=\"og:image:width\" content=\"1920\" \/>\n\t<meta property=\"og:image:height\" content=\"1280\" \/>\n\t<meta property=\"og:image:type\" content=\"image\/jpeg\" \/>\n<meta name=\"author\" content=\"Charles Taudin\" \/>\n<meta name=\"twitter:card\" content=\"summary_large_image\" \/>\n<meta name=\"twitter:creator\" content=\"@TheFreeAgentFR\" \/>\n<meta name=\"twitter:site\" content=\"@TheFreeAgentFR\" \/>\n<meta name=\"twitter:label1\" content=\"\u00c9crit par\" \/>\n\t<meta name=\"twitter:data1\" content=\"Charles Taudin\" \/>\n\t<meta name=\"twitter:label2\" content=\"Dur\u00e9e de lecture estim\u00e9e\" \/>\n\t<meta name=\"twitter:data2\" content=\"1 minute\" \/>\n<script type=\"application\/ld+json\" class=\"yoast-schema-graph\">{\"@context\":\"https:\/\/schema.org\",\"@graph\":[{\"@type\":\"WebPage\",\"@id\":\"https:\/\/theplayoffs.news\/fr\/wnba\/angel-reese-emue-de-sa-premiere-selection-all-star\/\",\"url\":\"https:\/\/theplayoffs.news\/fr\/wnba\/angel-reese-emue-de-sa-premiere-selection-all-star\/\",\"name\":\"Angel Reese \u00e9mue de sa premi\u00e8re s\u00e9lection All-Star - The Playoffs FR\",\"isPartOf\":{\"@id\":\"https:\/\/theplayoffs.news\/fr\/#website\"},\"primaryImageOfPage\":{\"@id\":\"https:\/\/theplayoffs.news\/fr\/wnba\/angel-reese-emue-de-sa-premiere-selection-all-star\/#primaryimage\"},\"image\":{\"@id\":\"https:\/\/theplayoffs.news\/fr\/wnba\/angel-reese-emue-de-sa-premiere-selection-all-star\/#primaryimage\"},\"thumbnailUrl\":\"https:\/\/theplayoffs.news\/fr\/wp-content\/uploads\/2024\/07\/USATSI_23608291.jpg\",\"datePublished\":\"2024-07-03T10:23:06+00:00\",\"dateModified\":\"2024-07-03T12:23:06+02:00\",\"author\":{\"@id\":\"https:\/\/theplayoffs.news\/fr\/#\/schema\/person\/eee5b69ad5d3c51cabe881c839dbe133\"},\"breadcrumb\":{\"@id\":\"https:\/\/theplayoffs.news\/fr\/wnba\/angel-reese-emue-de-sa-premiere-selection-all-star\/#breadcrumb\"},\"inLanguage\":\"fr-FR\",\"potentialAction\":[{\"@type\":\"ReadAction\",\"target\":[\"https:\/\/theplayoffs.news\/fr\/wnba\/angel-reese-emue-de-sa-premiere-selection-all-star\/\"]}]},{\"@type\":\"ImageObject\",\"inLanguage\":\"fr-FR\",\"@id\":\"https:\/\/theplayoffs.news\/fr\/wnba\/angel-reese-emue-de-sa-premiere-selection-all-star\/#primaryimage\",\"url\":\"https:\/\/theplayoffs.news\/fr\/wp-content\/uploads\/2024\/07\/USATSI_23608291.jpg\",\"contentUrl\":\"https:\/\/theplayoffs.news\/fr\/wp-content\/uploads\/2024\/07\/USATSI_23608291.jpg\",\"width\":1920,\"height\":1280,\"caption\":\"Jun 23, 2024; Chicago, Illinois, USA; Chicago Sky forward Angel Reese (5) reacts after defeating the Indiana Fever at Wintrust Arena. Mandatory Credit: Kamil Krzaczynski-USA TODAY Sports\"},{\"@type\":\"BreadcrumbList\",\"@id\":\"https:\/\/theplayoffs.news\/fr\/wnba\/angel-reese-emue-de-sa-premiere-selection-all-star\/#breadcrumb\",\"itemListElement\":[{\"@type\":\"ListItem\",\"position\":1,\"name\":\"Accueil\",\"item\":\"https:\/\/theplayoffs.news\/fr\/\"},{\"@type\":\"ListItem\",\"position\":2,\"name\":\"Angel Reese \u00e9mue de sa premi\u00e8re s\u00e9lection All-Star\"}]},{\"@type\":\"WebSite\",\"@id\":\"https:\/\/theplayoffs.news\/fr\/#website\",\"url\":\"https:\/\/theplayoffs.news\/fr\/\",\"name\":\"The Playoffs FR\",\"description\":\"NBA-NFL-NHL-MLB\",\"potentialAction\":[{\"@type\":\"SearchAction\",\"target\":{\"@type\":\"EntryPoint\",\"urlTemplate\":\"https:\/\/theplayoffs.news\/fr\/?s={search_term_string}\"},\"query-input\":{\"@type\":\"PropertyValueSpecification\",\"valueRequired\":true,\"valueName\":\"search_term_string\"}}],\"inLanguage\":\"fr-FR\"},{\"@type\":\"Person\",\"@id\":\"https:\/\/theplayoffs.news\/fr\/#\/schema\/person\/eee5b69ad5d3c51cabe881c839dbe133\",\"name\":\"Charles Taudin\",\"image\":{\"@type\":\"ImageObject\",\"inLanguage\":\"fr-FR\",\"@id\":\"https:\/\/theplayoffs.news\/fr\/#\/schema\/person\/image\/\",\"url\":\"https:\/\/secure.gravatar.com\/avatar\/59a1e772205ce9fd255edfcafc93013736822e20261f294c5753b20c41ede9f2?s=96&d=mm&r=g\",\"contentUrl\":\"https:\/\/secure.gravatar.com\/avatar\/59a1e772205ce9fd255edfcafc93013736822e20261f294c5753b20c41ede9f2?s=96&d=mm&r=g\",\"caption\":\"Charles Taudin\"},\"description\":\"R\u00e9dacteur en chef global de The Playoffs, j\u2019ai cr\u00e9\u00e9 The Free Agent, devenu The Playoffs FR, en 2020 durant la pand\u00e9mie. Amoureux depuis des ann\u00e9es des 4 sports majeurs am\u00e9ricains, j\u2019organise maintenant la strat\u00e9gie \u00e9ditoriale et les r\u00e9seaux sociaux de l\u2019ensemble des versions de The Playoffs. Il m\u2019arrive encore d\u2019\u00e9crire sur certains sports que j\u2019affectionne particuli\u00e8rement comme la NFL ou la MLB. Si vous devez retenir qu\u2019une chose : Eli Manning est le vrai GOAT pour avoir battu deux fois Tom Brady.\",\"sameAs\":[\"https:\/\/www.instagram.com\/ctaudin_\/\"],\"url\":\"https:\/\/theplayoffs.news\/fr\/author\/charles-taudin\/\"}]}<\/script>\n<!-- \/ Yoast SEO plugin. -->","yoast_head_json":{"title":"Angel Reese &eacute;mue de sa premi&egrave;re s&eacute;lection All-Star - The Playoffs FR","robots":{"index":"index","follow":"follow","max-snippet":"max-snippet:-1","max-image-preview":"max-image-preview:large","max-video-preview":"max-video-preview:-1"},"canonical":"https:\/\/theplayoffs.news\/fr\/wnba\/angel-reese-emue-de-sa-premiere-selection-all-star\/","og_locale":"fr_FR","og_type":"article","og_title":"Angel Reese &eacute;mue de sa premi&egrave;re s&eacute;lection All-Star - The Playoffs FR","og_url":"https:\/\/theplayoffs.news\/fr\/wnba\/angel-reese-emue-de-sa-premiere-selection-all-star\/","og_site_name":"The Playoffs FR","article_publisher":"https:\/\/www.facebook.com\/TheFreeAgentFR\/","article_modified_time":"2024-07-03T09:58:58+00:00","og_image":[{"width":1920,"height":1280,"url":"https:\/\/theplayoffs.news\/fr\/wp-content\/uploads\/2024\/07\/USATSI_23608291.jpg","type":"image\/jpeg"}],"author":"Charles Taudin","twitter_card":"summary_large_image","twitter_creator":"@TheFreeAgentFR","twitter_site":"@TheFreeAgentFR","twitter_misc":{"\u00c9crit par":"Charles Taudin","Dur\u00e9e de lecture estim\u00e9e":"1 minute"},"schema":{"@context":"https:\/\/schema.org","@graph":[{"@type":"WebPage","@id":"https:\/\/theplayoffs.news\/fr\/wnba\/angel-reese-emue-de-sa-premiere-selection-all-star\/","url":"https:\/\/theplayoffs.news\/fr\/wnba\/angel-reese-emue-de-sa-premiere-selection-all-star\/","name":"Angel Reese \u00e9mue de sa premi\u00e8re s\u00e9lection All-Star - The Playoffs FR","isPartOf":{"@id":"https:\/\/theplayoffs.news\/fr\/#website"},"primaryImageOfPage":{"@id":"https:\/\/theplayoffs.news\/fr\/wnba\/angel-reese-emue-de-sa-premiere-selection-all-star\/#primaryimage"},"image":{"@id":"https:\/\/theplayoffs.news\/fr\/wnba\/angel-reese-emue-de-sa-premiere-selection-all-star\/#primaryimage"},"thumbnailUrl":"https:\/\/theplayoffs.news\/fr\/wp-content\/uploads\/2024\/07\/USATSI_23608291.jpg","datePublished":"2024-07-03T10:23:06+00:00","dateModified":"2024-07-03T12:23:06+02:00","author":{"@id":"https:\/\/theplayoffs.news\/fr\/#\/schema\/person\/eee5b69ad5d3c51cabe881c839dbe133"},"breadcrumb":{"@id":"https:\/\/theplayoffs.news\/fr\/wnba\/angel-reese-emue-de-sa-premiere-selection-all-star\/#breadcrumb"},"inLanguage":"fr-FR","potentialAction":[{"@type":"ReadAction","target":["https:\/\/theplayoffs.news\/fr\/wnba\/angel-reese-emue-de-sa-premiere-selection-all-star\/"]}]},{"@type":"ImageObject","inLanguage":"fr-FR","@id":"https:\/\/theplayoffs.news\/fr\/wnba\/angel-reese-emue-de-sa-premiere-selection-all-star\/#primaryimage","url":"https:\/\/theplayoffs.news\/fr\/wp-content\/uploads\/2024\/07\/USATSI_23608291.jpg","contentUrl":"https:\/\/theplayoffs.news\/fr\/wp-content\/uploads\/2024\/07\/USATSI_23608291.jpg","width":1920,"height":1280,"caption":"Jun 23, 2024; Chicago, Illinois, USA; Chicago Sky forward Angel Reese (5) reacts after defeating the Indiana Fever at Wintrust Arena. Mandatory Credit: Kamil Krzaczynski-USA TODAY Sports"},{"@type":"BreadcrumbList","@id":"https:\/\/theplayoffs.news\/fr\/wnba\/angel-reese-emue-de-sa-premiere-selection-all-star\/#breadcrumb","itemListElement":[{"@type":"ListItem","position":1,"name":"Accueil","item":"https:\/\/theplayoffs.news\/fr\/"},{"@type":"ListItem","position":2,"name":"Angel Reese \u00e9mue de sa premi\u00e8re s\u00e9lection All-Star"}]},{"@type":"WebSite","@id":"https:\/\/theplayoffs.news\/fr\/#website","url":"https:\/\/theplayoffs.news\/fr\/","name":"The Playoffs FR","description":"NBA-NFL-NHL-MLB","potentialAction":[{"@type":"SearchAction","target":{"@type":"EntryPoint","urlTemplate":"https:\/\/theplayoffs.news\/fr\/?s={search_term_string}"},"query-input":{"@type":"PropertyValueSpecification","valueRequired":true,"valueName":"search_term_string"}}],"inLanguage":"fr-FR"},{"@type":"Person","@id":"https:\/\/theplayoffs.news\/fr\/#\/schema\/person\/eee5b69ad5d3c51cabe881c839dbe133","name":"Charles Taudin","image":{"@type":"ImageObject","inLanguage":"fr-FR","@id":"https:\/\/theplayoffs.news\/fr\/#\/schema\/person\/image\/","url":"https:\/\/secure.gravatar.com\/avatar\/59a1e772205ce9fd255edfcafc93013736822e20261f294c5753b20c41ede9f2?s=96&d=mm&r=g","contentUrl":"https:\/\/secure.gravatar.com\/avatar\/59a1e772205ce9fd255edfcafc93013736822e20261f294c5753b20c41ede9f2?s=96&d=mm&r=g","caption":"Charles Taudin"},"description":"R\u00e9dacteur en chef global de The Playoffs, j\u2019ai cr\u00e9\u00e9 The Free Agent, devenu The Playoffs FR, en 2020 durant la pand\u00e9mie. Amoureux depuis des ann\u00e9es des 4 sports majeurs am\u00e9ricains, j\u2019organise maintenant la strat\u00e9gie \u00e9ditoriale et les r\u00e9seaux sociaux de l\u2019ensemble des versions de The Playoffs. Il m\u2019arrive encore d\u2019\u00e9crire sur certains sports que j\u2019affectionne particuli\u00e8rement comme la NFL ou la MLB. Si vous devez retenir qu\u2019une chose : Eli Manning est le vrai GOAT pour avoir battu deux fois Tom Brady.","sameAs":["https:\/\/www.instagram.com\/ctaudin_\/"],"url":"https:\/\/theplayoffs.news\/fr\/author\/charles-taudin\/"}]}},"_links":{"self":[{"href":"https:\/\/theplayoffs.news\/fr\/wp-json\/wp\/v2\/posts\/1442602","targetHints":{"allow":["GET"]}}],"collection":[{"href":"https:\/\/theplayoffs.news\/fr\/wp-json\/wp\/v2\/posts"}],"about":[{"href":"https:\/\/theplayoffs.news\/fr\/wp-json\/wp\/v2\/types\/post"}],"author":[{"embeddable":true,"href":"https:\/\/theplayoffs.news\/fr\/wp-json\/wp\/v2\/users\/13"}],"replies":[{"embeddable":true,"href":"https:\/\/theplayoffs.news\/fr\/wp-json\/wp\/v2\/comments?post=1442602"}],"version-history":[{"count":2,"href":"https:\/\/theplayoffs.news\/fr\/wp-json\/wp\/v2\/posts\/1442602\/revisions"}],"predecessor-version":[{"id":1442606,"href":"https:\/\/theplayoffs.news\/fr\/wp-json\/wp\/v2\/posts\/1442602\/revisions\/1442606"}],"wp:featuredmedia":[{"embeddable":true,"href":"https:\/\/theplayoffs.news\/fr\/wp-json\/wp\/v2\/media\/1442603"}],"wp:attachment":[{"href":"https:\/\/theplayoffs.news\/fr\/wp-json\/wp\/v2\/media?parent=1442602"}],"wp:term":[{"taxonomy":"category","embeddable":true,"href":"https:\/\/theplayoffs.news\/fr\/wp-json\/wp\/v2\/categories?post=1442602"},{"taxonomy":"post_tag","embeddable":true,"href":"https:\/\/theplayoffs.news\/fr\/wp-json\/wp\/v2\/tags?post=1442602"},{"taxonomy":"sport","embeddable":true,"href":"https:\/\/theplayoffs.news\/fr\/wp-json\/wp\/v2\/sport?post=1442602"},{"taxonomy":"saison","embeddable":true,"href":"https:\/\/theplayoffs.news\/fr\/wp-json\/wp\/v2\/saison?post=1442602"}],"curies":[{"name":"wp","href":"https:\/\/api.w.org\/{rel}","templated":true}]}}