{"id":1441321,"date":"2024-06-29T09:37:49","date_gmt":"2024-06-29T07:37:49","guid":{"rendered":"https:\/\/theplayoffs.news\/fr\/?p=1441321"},"modified":"2024-06-29T09:26:52","modified_gmt":"2024-06-29T07:26:52","slug":"evan-fournier-ne-reviendra-pas-a-detroit","status":"publish","type":"post","link":"https:\/\/theplayoffs.news\/fr\/actualite-nba\/evan-fournier-ne-reviendra-pas-a-detroit\/","title":{"rendered":"Evan Fournier ne reviendra pas \u00e0 Detroit"},"content":{"rendered":"<h2>Arriv&eacute; &agrave; la trade deadline en f&eacute;vrier dernier, Evan Fournier est de nouveau agent libre apr&egrave;s que les Pistons n&rsquo;aient pas activer l&rsquo;option de son contrat.<\/h2><blockquote class=\"twitter-tweet\" data-width=\"500\" data-dnt=\"true\">\n<p lang=\"en\" dir=\"ltr\">Sources: The Pistons will not pick up Evan Fournier&rsquo;s $19 million team option. The deadline for Fournier was tomorrow.<\/p>\n<p>Expected move.<\/p>\n<p>&mdash; James L. Edwards III (@JLEdwardsIII) <a href=\"https:\/\/twitter.com\/JLEdwardsIII\/status\/1806837067189526667?ref_src=twsrc%5Etfw\" class=\"trk-cta-link\" data-cta-trk='{\"ctaType\":\"Link\",\"ctaSubType\":\"main\"}'>June 28, 2024<\/a><\/p><\/blockquote><p><script async src=\"https:\/\/platform.twitter.com\/widgets.js\" charset=\"utf-8\"><\/script><\/p><p><a href=\"https:\/\/theplayoffs.news\/fr\/joueur\/evan-fournier-nba-13176\/\" class=\"trk-cta-link\" data-cta-trk='{\"ctaType\":\"Link\",\"ctaSubType\":\"main\"}'><strong>Evan Fournier<\/strong><\/a> avait une option &agrave; 19 millions de dollars pr&eacute;vue dans son contrat, mais cette option devait &ecirc;tre activ&eacute;e ou non par la franchise de Detroit.<\/p><p>Arriv&eacute; chez les Knicks lors de la saison 2021-22, Evan Fournier avait &eacute;t&eacute; excellent pour sa premi&egrave;re ann&eacute;e avant d&rsquo;&ecirc;tre totalement mis sur le banc d&egrave;s la deuxi&egrave;me moiti&eacute; de la saison suivante.<\/p><p>S&rsquo;en est suivi un long chemin de croix avec des bouts de matchs mais surtout une pr&eacute;sence prolong&eacute;e sur le banc de Tom Thibodeau qui ne voulait plus du fran&ccedil;ais.<\/p><p>&Eacute;chang&eacute; en f&eacute;vrier 2024 &agrave; Detroit, Fournier a retrouv&eacute; un peu de temps de jeu.<\/p><p>&Agrave; 31 ans, Fournier peut donc s&rsquo;engager dans l&rsquo;&eacute;quipe n&rsquo;importe quelle &eacute;quipe qui voudra s&rsquo;attacher ses services. <a href=\"https:\/\/www.basketusa.com\/news\/722761\/pas-de-retour-en-europe-envisage-par-evan-fournier\/\" class=\"trk-cta-link\" data-cta-trk='{\"ctaType\":\"Link\",\"ctaSubType\":\"main\"}'>Ses agents avaient pr&eacute;cis&eacute;<\/a> qu&rsquo;un retour en Europe n&rsquo;&eacute;tait pas envisageable pour le moment.<\/p><p>Evan Fournier devrait susciter l&rsquo;int&eacute;r&ecirc;t de certaine franchise en qu&ecirc;te d&rsquo;un &eacute;l&eacute;ment en sortie de banc pouvant &ecirc;tre impactant notamment gr&acirc;ce &agrave; son shoot ext&eacute;rieur.<\/p><p>&nbsp;<\/p><p>Credit Photo : Lon Horwedel-USA TODAY Sports<\/p>\n","protected":false},"excerpt":{"rendered":"","protected":false},"author":180309799,"featured_media":1441322,"comment_status":"open","ping_status":"closed","sticky":false,"template":"","format":"standard","meta":{"inline_featured_image":false,"kia_subtitle":"","_mux_skip_reasons":[],"proofreadBy":0,"footnotes":""},"categories":[110,10],"tags":[],"sport":[],"saison":[],"class_list":["post-1441321","post","type-post","status-publish","format-standard","has-post-thumbnail","hentry","category-actualite-nba","category-nba"],"acf":[],"yoast_head":"<!-- This site is optimized with the Yoast SEO plugin v24.2 - https:\/\/yoast.com\/wordpress\/plugins\/seo\/ -->\n<title>Evan Fournier ne reviendra pas &agrave; Detroit - The Playoffs FR<\/title>\n<meta name=\"robots\" content=\"index, follow, max-snippet:-1, max-image-preview:large, max-video-preview:-1\" \/>\n<link rel=\"canonical\" href=\"https:\/\/theplayoffs.news\/fr\/actualite-nba\/evan-fournier-ne-reviendra-pas-a-detroit\/\" \/>\n<meta property=\"og:locale\" content=\"fr_FR\" \/>\n<meta property=\"og:type\" content=\"article\" \/>\n<meta property=\"og:title\" content=\"Evan Fournier ne reviendra pas &agrave; Detroit - The Playoffs FR\" \/>\n<meta property=\"og:url\" content=\"https:\/\/theplayoffs.news\/fr\/actualite-nba\/evan-fournier-ne-reviendra-pas-a-detroit\/\" \/>\n<meta property=\"og:site_name\" content=\"The Playoffs FR\" \/>\n<meta property=\"article:publisher\" content=\"https:\/\/www.facebook.com\/TheFreeAgentFR\/\" \/>\n<meta property=\"article:modified_time\" content=\"2024-06-29T09:37:49+02:00\" \/>\n<meta property=\"og:image\" content=\"https:\/\/theplayoffs.news\/fr\/wp-content\/uploads\/2024\/06\/USATSI_22840283.jpg\" \/>\n\t<meta property=\"og:image:width\" content=\"1920\" \/>\n\t<meta property=\"og:image:height\" content=\"1280\" \/>\n\t<meta property=\"og:image:type\" content=\"image\/jpeg\" \/>\n<meta name=\"author\" content=\"La r\u00e9daction\" \/>\n<meta name=\"twitter:card\" content=\"summary_large_image\" \/>\n<meta name=\"twitter:creator\" content=\"@TheFreeAgentFR\" \/>\n<meta name=\"twitter:site\" content=\"@TheFreeAgentFR\" \/>\n<meta name=\"twitter:label1\" content=\"\u00c9crit par\" \/>\n\t<meta name=\"twitter:data1\" content=\"La r\u00e9daction\" \/>\n\t<meta name=\"twitter:label2\" content=\"Dur\u00e9e de lecture estim\u00e9e\" \/>\n\t<meta name=\"twitter:data2\" content=\"1 minute\" \/>\n<script type=\"application\/ld+json\" class=\"yoast-schema-graph\">{\"@context\":\"https:\/\/schema.org\",\"@graph\":[{\"@type\":\"WebPage\",\"@id\":\"https:\/\/theplayoffs.news\/fr\/actualite-nba\/evan-fournier-ne-reviendra-pas-a-detroit\/\",\"url\":\"https:\/\/theplayoffs.news\/fr\/actualite-nba\/evan-fournier-ne-reviendra-pas-a-detroit\/\",\"name\":\"Evan Fournier ne reviendra pas \u00e0 Detroit - The Playoffs FR\",\"isPartOf\":{\"@id\":\"https:\/\/theplayoffs.news\/fr\/#website\"},\"primaryImageOfPage\":{\"@id\":\"https:\/\/theplayoffs.news\/fr\/actualite-nba\/evan-fournier-ne-reviendra-pas-a-detroit\/#primaryimage\"},\"image\":{\"@id\":\"https:\/\/theplayoffs.news\/fr\/actualite-nba\/evan-fournier-ne-reviendra-pas-a-detroit\/#primaryimage\"},\"thumbnailUrl\":\"https:\/\/theplayoffs.news\/fr\/wp-content\/uploads\/2024\/06\/USATSI_22840283.jpg\",\"datePublished\":\"2024-06-29T07:37:49+00:00\",\"dateModified\":\"2024-06-29T09:37:49+02:00\",\"author\":{\"@id\":\"https:\/\/theplayoffs.news\/fr\/#\/schema\/person\/bb40426f4e478f9bd8cdbfeb4f2f9784\"},\"breadcrumb\":{\"@id\":\"https:\/\/theplayoffs.news\/fr\/actualite-nba\/evan-fournier-ne-reviendra-pas-a-detroit\/#breadcrumb\"},\"inLanguage\":\"fr-FR\",\"potentialAction\":[{\"@type\":\"ReadAction\",\"target\":[\"https:\/\/theplayoffs.news\/fr\/actualite-nba\/evan-fournier-ne-reviendra-pas-a-detroit\/\"]}]},{\"@type\":\"ImageObject\",\"inLanguage\":\"fr-FR\",\"@id\":\"https:\/\/theplayoffs.news\/fr\/actualite-nba\/evan-fournier-ne-reviendra-pas-a-detroit\/#primaryimage\",\"url\":\"https:\/\/theplayoffs.news\/fr\/wp-content\/uploads\/2024\/06\/USATSI_22840283.jpg\",\"contentUrl\":\"https:\/\/theplayoffs.news\/fr\/wp-content\/uploads\/2024\/06\/USATSI_22840283.jpg\",\"width\":1920,\"height\":1280,\"caption\":\"Mar 22, 2024; Detroit, Michigan, USA; Detroit Pistons guard Evan Fournier (31) looks to pass under the basket while being guarded by Boston Celtics forward Oshae Brissett (12) in the first quarter at Little Caesars Arena. Mandatory Credit: Lon Horwedel-USA TODAY Sports\"},{\"@type\":\"BreadcrumbList\",\"@id\":\"https:\/\/theplayoffs.news\/fr\/actualite-nba\/evan-fournier-ne-reviendra-pas-a-detroit\/#breadcrumb\",\"itemListElement\":[{\"@type\":\"ListItem\",\"position\":1,\"name\":\"Accueil\",\"item\":\"https:\/\/theplayoffs.news\/fr\/\"},{\"@type\":\"ListItem\",\"position\":2,\"name\":\"Evan Fournier ne reviendra pas \u00e0 Detroit\"}]},{\"@type\":\"WebSite\",\"@id\":\"https:\/\/theplayoffs.news\/fr\/#website\",\"url\":\"https:\/\/theplayoffs.news\/fr\/\",\"name\":\"The Playoffs FR\",\"description\":\"NBA-NFL-NHL-MLB\",\"potentialAction\":[{\"@type\":\"SearchAction\",\"target\":{\"@type\":\"EntryPoint\",\"urlTemplate\":\"https:\/\/theplayoffs.news\/fr\/?s={search_term_string}\"},\"query-input\":{\"@type\":\"PropertyValueSpecification\",\"valueRequired\":true,\"valueName\":\"search_term_string\"}}],\"inLanguage\":\"fr-FR\"},{\"@type\":\"Person\",\"@id\":\"https:\/\/theplayoffs.news\/fr\/#\/schema\/person\/bb40426f4e478f9bd8cdbfeb4f2f9784\",\"name\":\"La r\u00e9daction\",\"image\":{\"@type\":\"ImageObject\",\"inLanguage\":\"fr-FR\",\"@id\":\"https:\/\/theplayoffs.news\/fr\/#\/schema\/person\/image\/\",\"url\":\"https:\/\/secure.gravatar.com\/avatar\/7e69b41460ab2c17d61c8c364b6a0ee006f957a70191383ef42be1f4733d6515?s=96&d=mm&r=g\",\"contentUrl\":\"https:\/\/secure.gravatar.com\/avatar\/7e69b41460ab2c17d61c8c364b6a0ee006f957a70191383ef42be1f4733d6515?s=96&d=mm&r=g\",\"caption\":\"La r\u00e9daction\"},\"description\":\"On dit qu\\\\'il faut un village pour s\\\\'occuper d\\\\'un enfant. Et bien c\\\\'est exactement ce dont il s\\\\'agit ici pour The Playoffs. La r\u00e9daction, ce sont vos r\u00e9dacteurs pr\u00e9f\u00e9r\u00e9s qui collaborent sur ces articles que vous lisez au quotidien.\u00a0\",\"url\":\"https:\/\/theplayoffs.news\/fr\/author\/freeagentfr\/\"}]}<\/script>\n<!-- \/ Yoast SEO plugin. -->","yoast_head_json":{"title":"Evan Fournier ne reviendra pas &agrave; Detroit - The Playoffs FR","robots":{"index":"index","follow":"follow","max-snippet":"max-snippet:-1","max-image-preview":"max-image-preview:large","max-video-preview":"max-video-preview:-1"},"canonical":"https:\/\/theplayoffs.news\/fr\/actualite-nba\/evan-fournier-ne-reviendra-pas-a-detroit\/","og_locale":"fr_FR","og_type":"article","og_title":"Evan Fournier ne reviendra pas &agrave; Detroit - The Playoffs FR","og_url":"https:\/\/theplayoffs.news\/fr\/actualite-nba\/evan-fournier-ne-reviendra-pas-a-detroit\/","og_site_name":"The Playoffs FR","article_publisher":"https:\/\/www.facebook.com\/TheFreeAgentFR\/","article_modified_time":"2024-06-29T07:26:52+00:00","og_image":[{"width":1920,"height":1280,"url":"https:\/\/theplayoffs.news\/fr\/wp-content\/uploads\/2024\/06\/USATSI_22840283.jpg","type":"image\/jpeg"}],"author":"La r\u00e9daction","twitter_card":"summary_large_image","twitter_creator":"@TheFreeAgentFR","twitter_site":"@TheFreeAgentFR","twitter_misc":{"\u00c9crit par":"La r\u00e9daction","Dur\u00e9e de lecture estim\u00e9e":"1 minute"},"schema":{"@context":"https:\/\/schema.org","@graph":[{"@type":"WebPage","@id":"https:\/\/theplayoffs.news\/fr\/actualite-nba\/evan-fournier-ne-reviendra-pas-a-detroit\/","url":"https:\/\/theplayoffs.news\/fr\/actualite-nba\/evan-fournier-ne-reviendra-pas-a-detroit\/","name":"Evan Fournier ne reviendra pas \u00e0 Detroit - The Playoffs FR","isPartOf":{"@id":"https:\/\/theplayoffs.news\/fr\/#website"},"primaryImageOfPage":{"@id":"https:\/\/theplayoffs.news\/fr\/actualite-nba\/evan-fournier-ne-reviendra-pas-a-detroit\/#primaryimage"},"image":{"@id":"https:\/\/theplayoffs.news\/fr\/actualite-nba\/evan-fournier-ne-reviendra-pas-a-detroit\/#primaryimage"},"thumbnailUrl":"https:\/\/theplayoffs.news\/fr\/wp-content\/uploads\/2024\/06\/USATSI_22840283.jpg","datePublished":"2024-06-29T07:37:49+00:00","dateModified":"2024-06-29T09:37:49+02:00","author":{"@id":"https:\/\/theplayoffs.news\/fr\/#\/schema\/person\/bb40426f4e478f9bd8cdbfeb4f2f9784"},"breadcrumb":{"@id":"https:\/\/theplayoffs.news\/fr\/actualite-nba\/evan-fournier-ne-reviendra-pas-a-detroit\/#breadcrumb"},"inLanguage":"fr-FR","potentialAction":[{"@type":"ReadAction","target":["https:\/\/theplayoffs.news\/fr\/actualite-nba\/evan-fournier-ne-reviendra-pas-a-detroit\/"]}]},{"@type":"ImageObject","inLanguage":"fr-FR","@id":"https:\/\/theplayoffs.news\/fr\/actualite-nba\/evan-fournier-ne-reviendra-pas-a-detroit\/#primaryimage","url":"https:\/\/theplayoffs.news\/fr\/wp-content\/uploads\/2024\/06\/USATSI_22840283.jpg","contentUrl":"https:\/\/theplayoffs.news\/fr\/wp-content\/uploads\/2024\/06\/USATSI_22840283.jpg","width":1920,"height":1280,"caption":"Mar 22, 2024; Detroit, Michigan, USA; Detroit Pistons guard Evan Fournier (31) looks to pass under the basket while being guarded by Boston Celtics forward Oshae Brissett (12) in the first quarter at Little Caesars Arena. Mandatory Credit: Lon Horwedel-USA TODAY Sports"},{"@type":"BreadcrumbList","@id":"https:\/\/theplayoffs.news\/fr\/actualite-nba\/evan-fournier-ne-reviendra-pas-a-detroit\/#breadcrumb","itemListElement":[{"@type":"ListItem","position":1,"name":"Accueil","item":"https:\/\/theplayoffs.news\/fr\/"},{"@type":"ListItem","position":2,"name":"Evan Fournier ne reviendra pas \u00e0 Detroit"}]},{"@type":"WebSite","@id":"https:\/\/theplayoffs.news\/fr\/#website","url":"https:\/\/theplayoffs.news\/fr\/","name":"The Playoffs FR","description":"NBA-NFL-NHL-MLB","potentialAction":[{"@type":"SearchAction","target":{"@type":"EntryPoint","urlTemplate":"https:\/\/theplayoffs.news\/fr\/?s={search_term_string}"},"query-input":{"@type":"PropertyValueSpecification","valueRequired":true,"valueName":"search_term_string"}}],"inLanguage":"fr-FR"},{"@type":"Person","@id":"https:\/\/theplayoffs.news\/fr\/#\/schema\/person\/bb40426f4e478f9bd8cdbfeb4f2f9784","name":"La r\u00e9daction","image":{"@type":"ImageObject","inLanguage":"fr-FR","@id":"https:\/\/theplayoffs.news\/fr\/#\/schema\/person\/image\/","url":"https:\/\/secure.gravatar.com\/avatar\/7e69b41460ab2c17d61c8c364b6a0ee006f957a70191383ef42be1f4733d6515?s=96&d=mm&r=g","contentUrl":"https:\/\/secure.gravatar.com\/avatar\/7e69b41460ab2c17d61c8c364b6a0ee006f957a70191383ef42be1f4733d6515?s=96&d=mm&r=g","caption":"La r\u00e9daction"},"description":"On dit qu\\'il faut un village pour s\\'occuper d\\'un enfant. Et bien c\\'est exactement ce dont il s\\'agit ici pour The Playoffs. La r\u00e9daction, ce sont vos r\u00e9dacteurs pr\u00e9f\u00e9r\u00e9s qui collaborent sur ces articles que vous lisez au quotidien.\u00a0","url":"https:\/\/theplayoffs.news\/fr\/author\/freeagentfr\/"}]}},"_links":{"self":[{"href":"https:\/\/theplayoffs.news\/fr\/wp-json\/wp\/v2\/posts\/1441321","targetHints":{"allow":["GET"]}}],"collection":[{"href":"https:\/\/theplayoffs.news\/fr\/wp-json\/wp\/v2\/posts"}],"about":[{"href":"https:\/\/theplayoffs.news\/fr\/wp-json\/wp\/v2\/types\/post"}],"author":[{"embeddable":true,"href":"https:\/\/theplayoffs.news\/fr\/wp-json\/wp\/v2\/users\/180309799"}],"replies":[{"embeddable":true,"href":"https:\/\/theplayoffs.news\/fr\/wp-json\/wp\/v2\/comments?post=1441321"}],"version-history":[{"count":3,"href":"https:\/\/theplayoffs.news\/fr\/wp-json\/wp\/v2\/posts\/1441321\/revisions"}],"predecessor-version":[{"id":1441326,"href":"https:\/\/theplayoffs.news\/fr\/wp-json\/wp\/v2\/posts\/1441321\/revisions\/1441326"}],"wp:featuredmedia":[{"embeddable":true,"href":"https:\/\/theplayoffs.news\/fr\/wp-json\/wp\/v2\/media\/1441322"}],"wp:attachment":[{"href":"https:\/\/theplayoffs.news\/fr\/wp-json\/wp\/v2\/media?parent=1441321"}],"wp:term":[{"taxonomy":"category","embeddable":true,"href":"https:\/\/theplayoffs.news\/fr\/wp-json\/wp\/v2\/categories?post=1441321"},{"taxonomy":"post_tag","embeddable":true,"href":"https:\/\/theplayoffs.news\/fr\/wp-json\/wp\/v2\/tags?post=1441321"},{"taxonomy":"sport","embeddable":true,"href":"https:\/\/theplayoffs.news\/fr\/wp-json\/wp\/v2\/sport?post=1441321"},{"taxonomy":"saison","embeddable":true,"href":"https:\/\/theplayoffs.news\/fr\/wp-json\/wp\/v2\/saison?post=1441321"}],"curies":[{"name":"wp","href":"https:\/\/api.w.org\/{rel}","templated":true}]}}