{"id":1441210,"date":"2024-06-28T19:13:28","date_gmt":"2024-06-28T17:13:28","guid":{"rendered":"https:\/\/theplayoffs.news\/fr\/?p=1441210"},"modified":"2024-06-28T19:13:28","modified_gmt":"2024-06-28T17:13:28","slug":"summer-league-la-nba-devoile-le-calendrier-officiel","status":"publish","type":"post","link":"https:\/\/theplayoffs.news\/fr\/actualite-nba\/summer-league-la-nba-devoile-le-calendrier-officiel\/","title":{"rendered":"Summer League : La NBA d\u00e9voile le calendrier officiel !"},"content":{"rendered":"<h2>La draft 2024 de la NBA vient de se finir et il est d&eacute;sormais temps de voir les nouvelles recrues sur le terrain.<\/h2><p>&nbsp;<\/p><p>Cette ann&eacute;e, c&rsquo;est Las Vegas qui accueille les rookies dans la <a href=\"https:\/\/www.nba.com\/summer-league\/2024\" class=\"trk-cta-link\" data-cta-trk='{\"ctaType\":\"Link\",\"ctaSubType\":\"main\"}'>Summer League<\/a>. Les &eacute;quipes vont pouvoir voir leurs jeunes joueurs s&rsquo;affronter pendant une semaine de matchs. La comp&eacute;tition d&eacute;marrera le samedi 6 juillet prochain et se finira le vendredi 12 juillet.<\/p><p>&nbsp;<\/p><p>C&rsquo;est l&rsquo;occasion r&ecirc;v&eacute;e pour ces nouveaux venus de s&rsquo;accommoder &agrave; leurs nouveaux co&eacute;quipiers. Et l&rsquo;occasion pour nous de voir nos jeunes fran&ccedil;ais tout fraichement sortit de la draft. Le choix n&deg;1,<a href=\"https:\/\/theplayoffs.news\/fr\/joueur\/zaccharie-risacher-nba-10422350\/\" class=\"trk-cta-link\" data-cta-trk='{\"ctaType\":\"Link\",\"ctaSubType\":\"main\"}'> Zaccharie Risacher<\/a>, s&rsquo;adaptera aux Hawks d&rsquo;Atlanta pour la premi&egrave;re fois, tandis que le n&deg;2, <a href=\"https:\/\/theplayoffs.news\/fr\/joueur\/alex-sarr-nba-10321984\/\" class=\"trk-cta-link\" data-cta-trk='{\"ctaType\":\"Link\",\"ctaSubType\":\"main\"}'>Alex Sarr<\/a>, le fera pour les Wizards de Washington.<\/p><p>\n<div id=\"attachment_1441213\" style=\"width: 310px\" class=\"wp-caption alignnone\"><img loading=\"lazy\" decoding=\"async\" aria-describedby=\"caption-attachment-1441213\" class=\"size-medium wp-image-1441213\" src=\"https:\/\/theplayoffs.news\/fr\/wp-content\/uploads\/2024\/06\/USATSI_23640779-300x200.jpg\" alt=\"\" width=\"300\" height=\"200\" srcset=\"https:\/\/theplayoffs.news\/fr\/wp-content\/uploads\/2024\/06\/USATSI_23640779-300x200.jpg 300w, https:\/\/theplayoffs.news\/fr\/wp-content\/uploads\/2024\/06\/USATSI_23640779-1030x687.jpg 1030w, https:\/\/theplayoffs.news\/fr\/wp-content\/uploads\/2024\/06\/USATSI_23640779-768x512.jpg 768w, https:\/\/theplayoffs.news\/fr\/wp-content\/uploads\/2024\/06\/USATSI_23640779-1320x880.jpg 1320w, https:\/\/theplayoffs.news\/fr\/wp-content\/uploads\/2024\/06\/USATSI_23640779.jpg 1920w\" sizes=\"auto, (max-width: 300px) 100vw, 300px\" \/><p id=\"caption-attachment-1441213\" class=\"wp-caption-text\">Credit: Brett Davis-USA TODAY Sports<\/p><\/div>\n<\/p><p>Sans oublier la dynastie James o&ugrave; tout les regards seront riv&eacute;s. Bronny James va faire ses d&eacute;buts en tant que Lakers aux c&ocirc;t&eacute;s de son p&egrave;re, Lebron James. Ces d&eacute;buts &nbsp;en NBA auront lieu le 6 juillet lorsque les Lakers affronteront les Sacramento Kings dans le cadre de la <a href=\"https:\/\/www.nba.com\/summer-league\/2023\/sacramento\/schedule\" class=\"trk-cta-link\" data-cta-trk='{\"ctaType\":\"Link\",\"ctaSubType\":\"main\"}'>California Classic Summer League<\/a> &agrave; San Francisco.<\/p><p>&nbsp;<\/p><p>La calendrier complet de la Summer League est disponible sur <a href=\"https:\/\/www.espn.com\/nba-summer-league\/schedule\" class=\"trk-cta-link\" data-cta-trk='{\"ctaType\":\"Link\",\"ctaSubType\":\"main\"}'>ESPN<\/a> et il sera possible de regarder les matchs en totalit&eacute; sur ESPN et quelques uns seront disponibles sur <a href=\"https:\/\/www.nba.com\/watch\/nba-tv\" class=\"trk-cta-link\" data-cta-trk='{\"ctaType\":\"Link\",\"ctaSubType\":\"main\"}'>NBA TV<\/a>.<\/p>\n","protected":false},"excerpt":{"rendered":"","protected":false},"author":180310252,"featured_media":1441215,"comment_status":"open","ping_status":"closed","sticky":false,"template":"","format":"standard","meta":{"inline_featured_image":false,"kia_subtitle":"","_mux_skip_reasons":[],"proofreadBy":0,"footnotes":""},"categories":[110,10],"tags":[],"sport":[2783],"saison":[6111],"class_list":["post-1441210","post","type-post","status-publish","format-standard","has-post-thumbnail","hentry","category-actualite-nba","category-nba","sport-nba","saison-6111"],"acf":[],"yoast_head":"<!-- This site is optimized with the Yoast SEO plugin v24.2 - https:\/\/yoast.com\/wordpress\/plugins\/seo\/ -->\n<title>Summer League : La NBA d&eacute;voile le calendrier officiel ! - The Playoffs FR<\/title>\n<meta name=\"robots\" content=\"index, follow, max-snippet:-1, max-image-preview:large, max-video-preview:-1\" \/>\n<link rel=\"canonical\" href=\"https:\/\/theplayoffs.news\/fr\/actualite-nba\/summer-league-la-nba-devoile-le-calendrier-officiel\/\" \/>\n<meta property=\"og:locale\" content=\"fr_FR\" \/>\n<meta property=\"og:type\" content=\"article\" \/>\n<meta property=\"og:title\" content=\"Summer League : La NBA d&eacute;voile le calendrier officiel ! - The Playoffs FR\" \/>\n<meta property=\"og:url\" content=\"https:\/\/theplayoffs.news\/fr\/actualite-nba\/summer-league-la-nba-devoile-le-calendrier-officiel\/\" \/>\n<meta property=\"og:site_name\" content=\"The Playoffs FR\" \/>\n<meta property=\"article:publisher\" content=\"https:\/\/www.facebook.com\/TheFreeAgentFR\/\" \/>\n<meta property=\"article:modified_time\" content=\"2024-06-28T19:13:28+02:00\" \/>\n<meta property=\"og:image\" content=\"https:\/\/theplayoffs.news\/fr\/wp-content\/uploads\/2024\/06\/USATSI_23282233.jpg\" \/>\n\t<meta property=\"og:image:width\" content=\"1920\" \/>\n\t<meta property=\"og:image:height\" content=\"1216\" \/>\n\t<meta property=\"og:image:type\" content=\"image\/jpeg\" \/>\n<meta name=\"author\" content=\"Hugo Da Silva\" \/>\n<meta name=\"twitter:card\" content=\"summary_large_image\" \/>\n<meta name=\"twitter:creator\" content=\"@TheFreeAgentFR\" \/>\n<meta name=\"twitter:site\" content=\"@TheFreeAgentFR\" \/>\n<meta name=\"twitter:label1\" content=\"\u00c9crit par\" \/>\n\t<meta name=\"twitter:data1\" content=\"Hugo Da Silva\" \/>\n\t<meta name=\"twitter:label2\" content=\"Dur\u00e9e de lecture estim\u00e9e\" \/>\n\t<meta name=\"twitter:data2\" content=\"1 minute\" \/>\n<script type=\"application\/ld+json\" class=\"yoast-schema-graph\">{\"@context\":\"https:\/\/schema.org\",\"@graph\":[{\"@type\":\"WebPage\",\"@id\":\"https:\/\/theplayoffs.news\/fr\/actualite-nba\/summer-league-la-nba-devoile-le-calendrier-officiel\/\",\"url\":\"https:\/\/theplayoffs.news\/fr\/actualite-nba\/summer-league-la-nba-devoile-le-calendrier-officiel\/\",\"name\":\"Summer League : La NBA d\u00e9voile le calendrier officiel ! - The Playoffs FR\",\"isPartOf\":{\"@id\":\"https:\/\/theplayoffs.news\/fr\/#website\"},\"primaryImageOfPage\":{\"@id\":\"https:\/\/theplayoffs.news\/fr\/actualite-nba\/summer-league-la-nba-devoile-le-calendrier-officiel\/#primaryimage\"},\"image\":{\"@id\":\"https:\/\/theplayoffs.news\/fr\/actualite-nba\/summer-league-la-nba-devoile-le-calendrier-officiel\/#primaryimage\"},\"thumbnailUrl\":\"https:\/\/theplayoffs.news\/fr\/wp-content\/uploads\/2024\/06\/USATSI_23282233.jpg\",\"datePublished\":\"2024-06-28T17:13:28+00:00\",\"dateModified\":\"2024-06-28T17:13:28+00:00\",\"author\":{\"@id\":\"https:\/\/theplayoffs.news\/fr\/#\/schema\/person\/6873025fdeeef5a5a119a678d88f9eb8\"},\"breadcrumb\":{\"@id\":\"https:\/\/theplayoffs.news\/fr\/actualite-nba\/summer-league-la-nba-devoile-le-calendrier-officiel\/#breadcrumb\"},\"inLanguage\":\"fr-FR\",\"potentialAction\":[{\"@type\":\"ReadAction\",\"target\":[\"https:\/\/theplayoffs.news\/fr\/actualite-nba\/summer-league-la-nba-devoile-le-calendrier-officiel\/\"]}]},{\"@type\":\"ImageObject\",\"inLanguage\":\"fr-FR\",\"@id\":\"https:\/\/theplayoffs.news\/fr\/actualite-nba\/summer-league-la-nba-devoile-le-calendrier-officiel\/#primaryimage\",\"url\":\"https:\/\/theplayoffs.news\/fr\/wp-content\/uploads\/2024\/06\/USATSI_23282233.jpg\",\"contentUrl\":\"https:\/\/theplayoffs.news\/fr\/wp-content\/uploads\/2024\/06\/USATSI_23282233.jpg\",\"width\":1920,\"height\":1216,\"caption\":\"Credit: David Banks-USA TODAY Sports\"},{\"@type\":\"BreadcrumbList\",\"@id\":\"https:\/\/theplayoffs.news\/fr\/actualite-nba\/summer-league-la-nba-devoile-le-calendrier-officiel\/#breadcrumb\",\"itemListElement\":[{\"@type\":\"ListItem\",\"position\":1,\"name\":\"Accueil\",\"item\":\"https:\/\/theplayoffs.news\/fr\/\"},{\"@type\":\"ListItem\",\"position\":2,\"name\":\"Summer League : La NBA d\u00e9voile le calendrier officiel !\"}]},{\"@type\":\"WebSite\",\"@id\":\"https:\/\/theplayoffs.news\/fr\/#website\",\"url\":\"https:\/\/theplayoffs.news\/fr\/\",\"name\":\"The Playoffs FR\",\"description\":\"NBA-NFL-NHL-MLB\",\"potentialAction\":[{\"@type\":\"SearchAction\",\"target\":{\"@type\":\"EntryPoint\",\"urlTemplate\":\"https:\/\/theplayoffs.news\/fr\/?s={search_term_string}\"},\"query-input\":{\"@type\":\"PropertyValueSpecification\",\"valueRequired\":true,\"valueName\":\"search_term_string\"}}],\"inLanguage\":\"fr-FR\"},{\"@type\":\"Person\",\"@id\":\"https:\/\/theplayoffs.news\/fr\/#\/schema\/person\/6873025fdeeef5a5a119a678d88f9eb8\",\"name\":\"Hugo Da Silva\",\"image\":{\"@type\":\"ImageObject\",\"inLanguage\":\"fr-FR\",\"@id\":\"https:\/\/theplayoffs.news\/fr\/#\/schema\/person\/image\/\",\"url\":\"https:\/\/secure.gravatar.com\/avatar\/42645c167f2d0d025c99c89a9d5af905f285255ee846e7a777caaecca00b1837?s=96&d=mm&r=g\",\"contentUrl\":\"https:\/\/secure.gravatar.com\/avatar\/42645c167f2d0d025c99c89a9d5af905f285255ee846e7a777caaecca00b1837?s=96&d=mm&r=g\",\"caption\":\"Hugo Da Silva\"},\"url\":\"https:\/\/theplayoffs.news\/fr\/author\/hugodasilva0903gmail-com\/\"}]}<\/script>\n<!-- \/ Yoast SEO plugin. -->","yoast_head_json":{"title":"Summer League : La NBA d&eacute;voile le calendrier officiel ! - The Playoffs FR","robots":{"index":"index","follow":"follow","max-snippet":"max-snippet:-1","max-image-preview":"max-image-preview:large","max-video-preview":"max-video-preview:-1"},"canonical":"https:\/\/theplayoffs.news\/fr\/actualite-nba\/summer-league-la-nba-devoile-le-calendrier-officiel\/","og_locale":"fr_FR","og_type":"article","og_title":"Summer League : La NBA d&eacute;voile le calendrier officiel ! - The Playoffs FR","og_url":"https:\/\/theplayoffs.news\/fr\/actualite-nba\/summer-league-la-nba-devoile-le-calendrier-officiel\/","og_site_name":"The Playoffs FR","article_publisher":"https:\/\/www.facebook.com\/TheFreeAgentFR\/","og_image":[{"width":1920,"height":1216,"url":"https:\/\/theplayoffs.news\/fr\/wp-content\/uploads\/2024\/06\/USATSI_23282233.jpg","type":"image\/jpeg"}],"author":"Hugo Da Silva","twitter_card":"summary_large_image","twitter_creator":"@TheFreeAgentFR","twitter_site":"@TheFreeAgentFR","twitter_misc":{"\u00c9crit par":"Hugo Da Silva","Dur\u00e9e de lecture estim\u00e9e":"1 minute"},"schema":{"@context":"https:\/\/schema.org","@graph":[{"@type":"WebPage","@id":"https:\/\/theplayoffs.news\/fr\/actualite-nba\/summer-league-la-nba-devoile-le-calendrier-officiel\/","url":"https:\/\/theplayoffs.news\/fr\/actualite-nba\/summer-league-la-nba-devoile-le-calendrier-officiel\/","name":"Summer League : La NBA d\u00e9voile le calendrier officiel ! - The Playoffs FR","isPartOf":{"@id":"https:\/\/theplayoffs.news\/fr\/#website"},"primaryImageOfPage":{"@id":"https:\/\/theplayoffs.news\/fr\/actualite-nba\/summer-league-la-nba-devoile-le-calendrier-officiel\/#primaryimage"},"image":{"@id":"https:\/\/theplayoffs.news\/fr\/actualite-nba\/summer-league-la-nba-devoile-le-calendrier-officiel\/#primaryimage"},"thumbnailUrl":"https:\/\/theplayoffs.news\/fr\/wp-content\/uploads\/2024\/06\/USATSI_23282233.jpg","datePublished":"2024-06-28T17:13:28+00:00","dateModified":"2024-06-28T17:13:28+00:00","author":{"@id":"https:\/\/theplayoffs.news\/fr\/#\/schema\/person\/6873025fdeeef5a5a119a678d88f9eb8"},"breadcrumb":{"@id":"https:\/\/theplayoffs.news\/fr\/actualite-nba\/summer-league-la-nba-devoile-le-calendrier-officiel\/#breadcrumb"},"inLanguage":"fr-FR","potentialAction":[{"@type":"ReadAction","target":["https:\/\/theplayoffs.news\/fr\/actualite-nba\/summer-league-la-nba-devoile-le-calendrier-officiel\/"]}]},{"@type":"ImageObject","inLanguage":"fr-FR","@id":"https:\/\/theplayoffs.news\/fr\/actualite-nba\/summer-league-la-nba-devoile-le-calendrier-officiel\/#primaryimage","url":"https:\/\/theplayoffs.news\/fr\/wp-content\/uploads\/2024\/06\/USATSI_23282233.jpg","contentUrl":"https:\/\/theplayoffs.news\/fr\/wp-content\/uploads\/2024\/06\/USATSI_23282233.jpg","width":1920,"height":1216,"caption":"Credit: David Banks-USA TODAY Sports"},{"@type":"BreadcrumbList","@id":"https:\/\/theplayoffs.news\/fr\/actualite-nba\/summer-league-la-nba-devoile-le-calendrier-officiel\/#breadcrumb","itemListElement":[{"@type":"ListItem","position":1,"name":"Accueil","item":"https:\/\/theplayoffs.news\/fr\/"},{"@type":"ListItem","position":2,"name":"Summer League : La NBA d\u00e9voile le calendrier officiel !"}]},{"@type":"WebSite","@id":"https:\/\/theplayoffs.news\/fr\/#website","url":"https:\/\/theplayoffs.news\/fr\/","name":"The Playoffs FR","description":"NBA-NFL-NHL-MLB","potentialAction":[{"@type":"SearchAction","target":{"@type":"EntryPoint","urlTemplate":"https:\/\/theplayoffs.news\/fr\/?s={search_term_string}"},"query-input":{"@type":"PropertyValueSpecification","valueRequired":true,"valueName":"search_term_string"}}],"inLanguage":"fr-FR"},{"@type":"Person","@id":"https:\/\/theplayoffs.news\/fr\/#\/schema\/person\/6873025fdeeef5a5a119a678d88f9eb8","name":"Hugo Da Silva","image":{"@type":"ImageObject","inLanguage":"fr-FR","@id":"https:\/\/theplayoffs.news\/fr\/#\/schema\/person\/image\/","url":"https:\/\/secure.gravatar.com\/avatar\/42645c167f2d0d025c99c89a9d5af905f285255ee846e7a777caaecca00b1837?s=96&d=mm&r=g","contentUrl":"https:\/\/secure.gravatar.com\/avatar\/42645c167f2d0d025c99c89a9d5af905f285255ee846e7a777caaecca00b1837?s=96&d=mm&r=g","caption":"Hugo Da Silva"},"url":"https:\/\/theplayoffs.news\/fr\/author\/hugodasilva0903gmail-com\/"}]}},"_links":{"self":[{"href":"https:\/\/theplayoffs.news\/fr\/wp-json\/wp\/v2\/posts\/1441210","targetHints":{"allow":["GET"]}}],"collection":[{"href":"https:\/\/theplayoffs.news\/fr\/wp-json\/wp\/v2\/posts"}],"about":[{"href":"https:\/\/theplayoffs.news\/fr\/wp-json\/wp\/v2\/types\/post"}],"author":[{"embeddable":true,"href":"https:\/\/theplayoffs.news\/fr\/wp-json\/wp\/v2\/users\/180310252"}],"replies":[{"embeddable":true,"href":"https:\/\/theplayoffs.news\/fr\/wp-json\/wp\/v2\/comments?post=1441210"}],"version-history":[{"count":2,"href":"https:\/\/theplayoffs.news\/fr\/wp-json\/wp\/v2\/posts\/1441210\/revisions"}],"predecessor-version":[{"id":1441219,"href":"https:\/\/theplayoffs.news\/fr\/wp-json\/wp\/v2\/posts\/1441210\/revisions\/1441219"}],"wp:featuredmedia":[{"embeddable":true,"href":"https:\/\/theplayoffs.news\/fr\/wp-json\/wp\/v2\/media\/1441215"}],"wp:attachment":[{"href":"https:\/\/theplayoffs.news\/fr\/wp-json\/wp\/v2\/media?parent=1441210"}],"wp:term":[{"taxonomy":"category","embeddable":true,"href":"https:\/\/theplayoffs.news\/fr\/wp-json\/wp\/v2\/categories?post=1441210"},{"taxonomy":"post_tag","embeddable":true,"href":"https:\/\/theplayoffs.news\/fr\/wp-json\/wp\/v2\/tags?post=1441210"},{"taxonomy":"sport","embeddable":true,"href":"https:\/\/theplayoffs.news\/fr\/wp-json\/wp\/v2\/sport?post=1441210"},{"taxonomy":"saison","embeddable":true,"href":"https:\/\/theplayoffs.news\/fr\/wp-json\/wp\/v2\/saison?post=1441210"}],"curies":[{"name":"wp","href":"https:\/\/api.w.org\/{rel}","templated":true}]}}