{"id":1441066,"date":"2024-06-28T10:15:57","date_gmt":"2024-06-28T08:15:57","guid":{"rendered":"https:\/\/theplayoffs.news\/fr\/?p=1441066"},"modified":"2024-06-28T12:52:34","modified_gmt":"2024-06-28T10:52:34","slug":"bronny-james-selectionne-en-55eme-position-par-les-lakers","status":"publish","type":"post","link":"https:\/\/theplayoffs.news\/fr\/actualite-nba\/bronny-james-selectionne-en-55eme-position-par-les-lakers\/","title":{"rendered":"Bronny James s\u00e9lectionn\u00e9 en 55\u00e8me position par les Lakers"},"content":{"rendered":"<h2>C&rsquo;&eacute;tait sans doute le moment le plus attendu de ce second tour. Bronny James, le fils de Lebron, rejoint donc les Lakers apr&egrave;s avoir &eacute;t&eacute; appel&eacute; par Mark Tatum en 55&egrave;me position.<\/h2><p>Cela fait des ann&eacute;es que <a href=\"https:\/\/theplayoffs.news\/fr\/joueur\/lebron-james-nba-3932\/\" class=\"trk-cta-link\" data-cta-trk='{\"ctaType\":\"Link\",\"ctaSubType\":\"main\"}'><strong>Lebron James<\/strong><\/a> &eacute;voquait sa volont&eacute; de vouloir jouer avec son fils Bronny. C&rsquo;est fait ! On a donc la confirmation que l&rsquo;aventure en Californie va continuer pour le &laquo;&nbsp;King&nbsp;&raquo;. Mais des questions peuvent se poser sur la r&eacute;elle motivation des Lakers sur ce choix de Draft<\/p><p>Il faut d&rsquo;abord commencer par dire que Bronny reste un bon joueur de basket.<\/p><p>Ses qualit&eacute;s d&eacute;fensives et de tir font de lui un joueur utile dans une &eacute;quipe, n&eacute;anmoins son ann&eacute;e &agrave; USC reste tr&egrave;s compliqu&eacute;e avec de faibles statistiques et avec un impact qui n&rsquo;&eacute;tait pas celui attendu expliqu&eacute; notamment par son probl&egrave;me cardiaque l&rsquo;&eacute;t&eacute; dernier. D&rsquo;un point de vu objectif Bronny n&rsquo;aurait pas &eacute;t&eacute; draft&eacute; cette ann&eacute;e si son nom de famille n&rsquo;&eacute;tait pas James<\/p><p>Ce choix de draft des Lakers apparait donc plus comme un coup de communication en plus de s&rsquo;assurer la re-signature de Lebron. Une deuxi&egrave;me ann&eacute;e en NCAA pour Bronny aurait &eacute;t&eacute; b&eacute;n&eacute;fique afin de continuer &agrave; se d&eacute;velopper avant de tenter l&rsquo;aventure dans la grande ligue<\/p><p>Mais comme &eacute;voqu&eacute; pr&eacute;c&eacute;demment ses qualit&eacute;s restent r&eacute;elles puisqu&rsquo; il &eacute;tait quand m&ecirc;me dans le <a href=\"https:\/\/www.espn.com\/nba\/insider\/story\/_\/id\/35707557\/2024-nba-mock-draft-why-bronny-james-projected-top-10-pick\" class=\"trk-cta-link\" data-cta-trk='{\"ctaType\":\"Link\",\"ctaSubType\":\"main\"}'><strong>top 10 de la &laquo;&nbsp;mock draft&nbsp;&raquo; d&rsquo;ESPN<\/strong><\/a> avant son probl&egrave;me de c&oelig;ur. Avec du travail Bronny James pourra donc potentiellement se faire une place en NBA au fil des ann&eacute;es.<\/p><p>&nbsp;<\/p><p>Credit photo: David Banks-USA TODAY Sports<\/p><p>&nbsp;<\/p><p>&nbsp;<\/p>\n","protected":false},"excerpt":{"rendered":"","protected":false},"author":180310253,"featured_media":1432325,"comment_status":"open","ping_status":"closed","sticky":false,"template":"","format":"standard","meta":{"inline_featured_image":false,"kia_subtitle":"","_mux_skip_reasons":[],"proofreadBy":0,"footnotes":""},"categories":[110,10],"tags":[4614,6801],"sport":[],"saison":[],"class_list":["post-1441066","post","type-post","status-publish","format-standard","has-post-thumbnail","hentry","category-actualite-nba","category-nba","tag-bronny-james","tag-draft-nba-2024"],"acf":[],"yoast_head":"<!-- This site is optimized with the Yoast SEO plugin v24.2 - https:\/\/yoast.com\/wordpress\/plugins\/seo\/ -->\n<title>Bronny James s&eacute;lectionn&eacute; en 55&egrave;me position par les Lakers - The Playoffs FR<\/title>\n<meta name=\"robots\" content=\"index, follow, max-snippet:-1, max-image-preview:large, max-video-preview:-1\" \/>\n<link rel=\"canonical\" href=\"https:\/\/theplayoffs.news\/fr\/actualite-nba\/bronny-james-selectionne-en-55eme-position-par-les-lakers\/\" \/>\n<meta property=\"og:locale\" content=\"fr_FR\" \/>\n<meta property=\"og:type\" content=\"article\" \/>\n<meta property=\"og:title\" content=\"Bronny James s&eacute;lectionn&eacute; en 55&egrave;me position par les Lakers - The Playoffs FR\" \/>\n<meta property=\"og:url\" content=\"https:\/\/theplayoffs.news\/fr\/actualite-nba\/bronny-james-selectionne-en-55eme-position-par-les-lakers\/\" \/>\n<meta property=\"og:site_name\" content=\"The Playoffs FR\" \/>\n<meta property=\"article:publisher\" content=\"https:\/\/www.facebook.com\/TheFreeAgentFR\/\" \/>\n<meta property=\"article:modified_time\" content=\"2024-06-28T12:52:34+02:00\" \/>\n<meta property=\"og:image\" content=\"https:\/\/theplayoffs.news\/fr\/wp-content\/uploads\/2024\/05\/USATSI_23273749.jpg\" \/>\n\t<meta property=\"og:image:width\" content=\"1920\" \/>\n\t<meta property=\"og:image:height\" content=\"1235\" \/>\n\t<meta property=\"og:image:type\" content=\"image\/jpeg\" \/>\n<meta name=\"author\" content=\"Jules Van den Berghe\" \/>\n<meta name=\"twitter:card\" content=\"summary_large_image\" \/>\n<meta name=\"twitter:creator\" content=\"@TheFreeAgentFR\" \/>\n<meta name=\"twitter:site\" content=\"@TheFreeAgentFR\" \/>\n<meta name=\"twitter:label1\" content=\"\u00c9crit par\" \/>\n\t<meta name=\"twitter:data1\" content=\"Jules Van den Berghe\" \/>\n\t<meta name=\"twitter:label2\" content=\"Dur\u00e9e de lecture estim\u00e9e\" \/>\n\t<meta name=\"twitter:data2\" content=\"1 minute\" \/>\n<script type=\"application\/ld+json\" class=\"yoast-schema-graph\">{\"@context\":\"https:\/\/schema.org\",\"@graph\":[{\"@type\":\"WebPage\",\"@id\":\"https:\/\/theplayoffs.news\/fr\/actualite-nba\/bronny-james-selectionne-en-55eme-position-par-les-lakers\/\",\"url\":\"https:\/\/theplayoffs.news\/fr\/actualite-nba\/bronny-james-selectionne-en-55eme-position-par-les-lakers\/\",\"name\":\"Bronny James s\u00e9lectionn\u00e9 en 55\u00e8me position par les Lakers - The Playoffs FR\",\"isPartOf\":{\"@id\":\"https:\/\/theplayoffs.news\/fr\/#website\"},\"primaryImageOfPage\":{\"@id\":\"https:\/\/theplayoffs.news\/fr\/actualite-nba\/bronny-james-selectionne-en-55eme-position-par-les-lakers\/#primaryimage\"},\"image\":{\"@id\":\"https:\/\/theplayoffs.news\/fr\/actualite-nba\/bronny-james-selectionne-en-55eme-position-par-les-lakers\/#primaryimage\"},\"thumbnailUrl\":\"https:\/\/theplayoffs.news\/fr\/wp-content\/uploads\/2024\/05\/USATSI_23273749.jpg\",\"datePublished\":\"2024-06-28T08:15:57+00:00\",\"dateModified\":\"2024-06-28T10:52:34+00:00\",\"author\":{\"@id\":\"https:\/\/theplayoffs.news\/fr\/#\/schema\/person\/7a47ddbcccdd723a90ed19274b67dce0\"},\"breadcrumb\":{\"@id\":\"https:\/\/theplayoffs.news\/fr\/actualite-nba\/bronny-james-selectionne-en-55eme-position-par-les-lakers\/#breadcrumb\"},\"inLanguage\":\"fr-FR\",\"potentialAction\":[{\"@type\":\"ReadAction\",\"target\":[\"https:\/\/theplayoffs.news\/fr\/actualite-nba\/bronny-james-selectionne-en-55eme-position-par-les-lakers\/\"]}]},{\"@type\":\"ImageObject\",\"inLanguage\":\"fr-FR\",\"@id\":\"https:\/\/theplayoffs.news\/fr\/actualite-nba\/bronny-james-selectionne-en-55eme-position-par-les-lakers\/#primaryimage\",\"url\":\"https:\/\/theplayoffs.news\/fr\/wp-content\/uploads\/2024\/05\/USATSI_23273749.jpg\",\"contentUrl\":\"https:\/\/theplayoffs.news\/fr\/wp-content\/uploads\/2024\/05\/USATSI_23273749.jpg\",\"width\":1920,\"height\":1235,\"caption\":\"May 14, 2024; Chicago, IL, USA; Bronny James talks to the media during the 2024 NBA Draft Combine at Wintrust Arena. Mandatory Credit: David Banks-USA TODAY Sports\"},{\"@type\":\"BreadcrumbList\",\"@id\":\"https:\/\/theplayoffs.news\/fr\/actualite-nba\/bronny-james-selectionne-en-55eme-position-par-les-lakers\/#breadcrumb\",\"itemListElement\":[{\"@type\":\"ListItem\",\"position\":1,\"name\":\"Accueil\",\"item\":\"https:\/\/theplayoffs.news\/fr\/\"},{\"@type\":\"ListItem\",\"position\":2,\"name\":\"Bronny James s\u00e9lectionn\u00e9 en 55\u00e8me position par les Lakers\"}]},{\"@type\":\"WebSite\",\"@id\":\"https:\/\/theplayoffs.news\/fr\/#website\",\"url\":\"https:\/\/theplayoffs.news\/fr\/\",\"name\":\"The Playoffs FR\",\"description\":\"NBA-NFL-NHL-MLB\",\"potentialAction\":[{\"@type\":\"SearchAction\",\"target\":{\"@type\":\"EntryPoint\",\"urlTemplate\":\"https:\/\/theplayoffs.news\/fr\/?s={search_term_string}\"},\"query-input\":{\"@type\":\"PropertyValueSpecification\",\"valueRequired\":true,\"valueName\":\"search_term_string\"}}],\"inLanguage\":\"fr-FR\"},{\"@type\":\"Person\",\"@id\":\"https:\/\/theplayoffs.news\/fr\/#\/schema\/person\/7a47ddbcccdd723a90ed19274b67dce0\",\"name\":\"Jules Van den Berghe\",\"image\":{\"@type\":\"ImageObject\",\"inLanguage\":\"fr-FR\",\"@id\":\"https:\/\/theplayoffs.news\/fr\/#\/schema\/person\/image\/\",\"url\":\"https:\/\/secure.gravatar.com\/avatar\/47f08d5c5c8151c5136961ddc9524d5e8de5e4bf5666ca59b7dc5a74ededf256?s=96&d=mm&r=g\",\"contentUrl\":\"https:\/\/secure.gravatar.com\/avatar\/47f08d5c5c8151c5136961ddc9524d5e8de5e4bf5666ca59b7dc5a74ededf256?s=96&d=mm&r=g\",\"caption\":\"Jules Van den Berghe\"},\"url\":\"https:\/\/theplayoffs.news\/fr\/author\/julesvdb211gmail-com\/\"}]}<\/script>\n<!-- \/ Yoast SEO plugin. -->","yoast_head_json":{"title":"Bronny James s&eacute;lectionn&eacute; en 55&egrave;me position par les Lakers - The Playoffs FR","robots":{"index":"index","follow":"follow","max-snippet":"max-snippet:-1","max-image-preview":"max-image-preview:large","max-video-preview":"max-video-preview:-1"},"canonical":"https:\/\/theplayoffs.news\/fr\/actualite-nba\/bronny-james-selectionne-en-55eme-position-par-les-lakers\/","og_locale":"fr_FR","og_type":"article","og_title":"Bronny James s&eacute;lectionn&eacute; en 55&egrave;me position par les Lakers - The Playoffs FR","og_url":"https:\/\/theplayoffs.news\/fr\/actualite-nba\/bronny-james-selectionne-en-55eme-position-par-les-lakers\/","og_site_name":"The Playoffs FR","article_publisher":"https:\/\/www.facebook.com\/TheFreeAgentFR\/","article_modified_time":"2024-06-28T10:52:34+00:00","og_image":[{"width":1920,"height":1235,"url":"https:\/\/theplayoffs.news\/fr\/wp-content\/uploads\/2024\/05\/USATSI_23273749.jpg","type":"image\/jpeg"}],"author":"Jules Van den Berghe","twitter_card":"summary_large_image","twitter_creator":"@TheFreeAgentFR","twitter_site":"@TheFreeAgentFR","twitter_misc":{"\u00c9crit par":"Jules Van den Berghe","Dur\u00e9e de lecture estim\u00e9e":"1 minute"},"schema":{"@context":"https:\/\/schema.org","@graph":[{"@type":"WebPage","@id":"https:\/\/theplayoffs.news\/fr\/actualite-nba\/bronny-james-selectionne-en-55eme-position-par-les-lakers\/","url":"https:\/\/theplayoffs.news\/fr\/actualite-nba\/bronny-james-selectionne-en-55eme-position-par-les-lakers\/","name":"Bronny James s\u00e9lectionn\u00e9 en 55\u00e8me position par les Lakers - The Playoffs FR","isPartOf":{"@id":"https:\/\/theplayoffs.news\/fr\/#website"},"primaryImageOfPage":{"@id":"https:\/\/theplayoffs.news\/fr\/actualite-nba\/bronny-james-selectionne-en-55eme-position-par-les-lakers\/#primaryimage"},"image":{"@id":"https:\/\/theplayoffs.news\/fr\/actualite-nba\/bronny-james-selectionne-en-55eme-position-par-les-lakers\/#primaryimage"},"thumbnailUrl":"https:\/\/theplayoffs.news\/fr\/wp-content\/uploads\/2024\/05\/USATSI_23273749.jpg","datePublished":"2024-06-28T08:15:57+00:00","dateModified":"2024-06-28T10:52:34+00:00","author":{"@id":"https:\/\/theplayoffs.news\/fr\/#\/schema\/person\/7a47ddbcccdd723a90ed19274b67dce0"},"breadcrumb":{"@id":"https:\/\/theplayoffs.news\/fr\/actualite-nba\/bronny-james-selectionne-en-55eme-position-par-les-lakers\/#breadcrumb"},"inLanguage":"fr-FR","potentialAction":[{"@type":"ReadAction","target":["https:\/\/theplayoffs.news\/fr\/actualite-nba\/bronny-james-selectionne-en-55eme-position-par-les-lakers\/"]}]},{"@type":"ImageObject","inLanguage":"fr-FR","@id":"https:\/\/theplayoffs.news\/fr\/actualite-nba\/bronny-james-selectionne-en-55eme-position-par-les-lakers\/#primaryimage","url":"https:\/\/theplayoffs.news\/fr\/wp-content\/uploads\/2024\/05\/USATSI_23273749.jpg","contentUrl":"https:\/\/theplayoffs.news\/fr\/wp-content\/uploads\/2024\/05\/USATSI_23273749.jpg","width":1920,"height":1235,"caption":"May 14, 2024; Chicago, IL, USA; Bronny James talks to the media during the 2024 NBA Draft Combine at Wintrust Arena. Mandatory Credit: David Banks-USA TODAY Sports"},{"@type":"BreadcrumbList","@id":"https:\/\/theplayoffs.news\/fr\/actualite-nba\/bronny-james-selectionne-en-55eme-position-par-les-lakers\/#breadcrumb","itemListElement":[{"@type":"ListItem","position":1,"name":"Accueil","item":"https:\/\/theplayoffs.news\/fr\/"},{"@type":"ListItem","position":2,"name":"Bronny James s\u00e9lectionn\u00e9 en 55\u00e8me position par les Lakers"}]},{"@type":"WebSite","@id":"https:\/\/theplayoffs.news\/fr\/#website","url":"https:\/\/theplayoffs.news\/fr\/","name":"The Playoffs FR","description":"NBA-NFL-NHL-MLB","potentialAction":[{"@type":"SearchAction","target":{"@type":"EntryPoint","urlTemplate":"https:\/\/theplayoffs.news\/fr\/?s={search_term_string}"},"query-input":{"@type":"PropertyValueSpecification","valueRequired":true,"valueName":"search_term_string"}}],"inLanguage":"fr-FR"},{"@type":"Person","@id":"https:\/\/theplayoffs.news\/fr\/#\/schema\/person\/7a47ddbcccdd723a90ed19274b67dce0","name":"Jules Van den Berghe","image":{"@type":"ImageObject","inLanguage":"fr-FR","@id":"https:\/\/theplayoffs.news\/fr\/#\/schema\/person\/image\/","url":"https:\/\/secure.gravatar.com\/avatar\/47f08d5c5c8151c5136961ddc9524d5e8de5e4bf5666ca59b7dc5a74ededf256?s=96&d=mm&r=g","contentUrl":"https:\/\/secure.gravatar.com\/avatar\/47f08d5c5c8151c5136961ddc9524d5e8de5e4bf5666ca59b7dc5a74ededf256?s=96&d=mm&r=g","caption":"Jules Van den Berghe"},"url":"https:\/\/theplayoffs.news\/fr\/author\/julesvdb211gmail-com\/"}]}},"_links":{"self":[{"href":"https:\/\/theplayoffs.news\/fr\/wp-json\/wp\/v2\/posts\/1441066","targetHints":{"allow":["GET"]}}],"collection":[{"href":"https:\/\/theplayoffs.news\/fr\/wp-json\/wp\/v2\/posts"}],"about":[{"href":"https:\/\/theplayoffs.news\/fr\/wp-json\/wp\/v2\/types\/post"}],"author":[{"embeddable":true,"href":"https:\/\/theplayoffs.news\/fr\/wp-json\/wp\/v2\/users\/180310253"}],"replies":[{"embeddable":true,"href":"https:\/\/theplayoffs.news\/fr\/wp-json\/wp\/v2\/comments?post=1441066"}],"version-history":[{"count":6,"href":"https:\/\/theplayoffs.news\/fr\/wp-json\/wp\/v2\/posts\/1441066\/revisions"}],"predecessor-version":[{"id":1441112,"href":"https:\/\/theplayoffs.news\/fr\/wp-json\/wp\/v2\/posts\/1441066\/revisions\/1441112"}],"wp:featuredmedia":[{"embeddable":true,"href":"https:\/\/theplayoffs.news\/fr\/wp-json\/wp\/v2\/media\/1432325"}],"wp:attachment":[{"href":"https:\/\/theplayoffs.news\/fr\/wp-json\/wp\/v2\/media?parent=1441066"}],"wp:term":[{"taxonomy":"category","embeddable":true,"href":"https:\/\/theplayoffs.news\/fr\/wp-json\/wp\/v2\/categories?post=1441066"},{"taxonomy":"post_tag","embeddable":true,"href":"https:\/\/theplayoffs.news\/fr\/wp-json\/wp\/v2\/tags?post=1441066"},{"taxonomy":"sport","embeddable":true,"href":"https:\/\/theplayoffs.news\/fr\/wp-json\/wp\/v2\/sport?post=1441066"},{"taxonomy":"saison","embeddable":true,"href":"https:\/\/theplayoffs.news\/fr\/wp-json\/wp\/v2\/saison?post=1441066"}],"curies":[{"name":"wp","href":"https:\/\/api.w.org\/{rel}","templated":true}]}}