{"id":1440857,"date":"2024-06-27T16:03:07","date_gmt":"2024-06-27T14:03:07","guid":{"rendered":"https:\/\/theplayoffs.news\/fr\/?p=1440857"},"modified":"2024-06-27T16:03:07","modified_gmt":"2024-06-27T14:03:07","slug":"draft-2024-isaiah-collier-rejoint-le-jazz-en-29e-position","status":"publish","type":"post","link":"https:\/\/theplayoffs.news\/fr\/actualite-nba\/draft-2024-isaiah-collier-rejoint-le-jazz-en-29e-position\/","title":{"rendered":"Draft 2024 : Isaiah Collier rejoint le Jazz en 29e position"},"content":{"rendered":"<h2>Le 30 novembre 2023, Jonathan Givony et Jeremy Woo d&rsquo;ESPN ont publi&eacute; une mock draft o&ugrave; Isaiah Collier &eacute;tait pr&eacute;sent&eacute; comme le premier choix. Cependant, lors de la draft r&eacute;elle, Collier n&rsquo;a &eacute;t&eacute; s&eacute;lectionn&eacute; qu&rsquo;en 29&#7497; position par le Jazz.<\/h2><blockquote class=\"twitter-tweet\" data-width=\"500\" data-dnt=\"true\">\n<p lang=\"en\" dir=\"ltr\">With the 29th pick of the 2024 NBA Draft, the Jazz select Isaiah Collier &#8252;&#65039;&#8252;&#65039; <a href=\"https:\/\/t.co\/7Nw9XG9GA1\" class=\"trk-cta-link\" data-cta-trk='{\"ctaType\":\"Link\",\"ctaSubType\":\"main\"}'>pic.twitter.com\/7Nw9XG9GA1<\/a><\/p>\n<p>&mdash; Utah Jazz (@utahjazz) <a href=\"https:\/\/twitter.com\/utahjazz\/status\/1806165580359086467?ref_src=twsrc%5Etfw\" class=\"trk-cta-link\" data-cta-trk='{\"ctaType\":\"Link\",\"ctaSubType\":\"main\"}'>June 27, 2024<\/a><\/p><\/blockquote><p><script async src=\"https:\/\/platform.twitter.com\/widgets.js\" charset=\"utf-8\"><\/script><\/p><p>Ancien co&eacute;quipier de Bronny James &agrave; l&rsquo;universit&eacute;, Collier &eacute;tait vu comme un des meilleurs espoirs. Des critiques sur son jeu d&rsquo;&eacute;quipe et son tir &agrave; trois points, ainsi qu&rsquo;une blessure &agrave; la main plus t&ocirc;t dans l&rsquo;ann&eacute;e, ont probablement jou&eacute; contre lui. Malgr&eacute; cela, ses statistiques restent solides avec une moyenne de 16,5 points, 4,2 passes et 1,6 interception sur 25 matchs.<\/p><p>Avec ses capacit&eacute;s offensives et d&eacute;fensives, Collier pourrait &ecirc;tre la bonne affaire de cette draft pour le Jazz. Le choisir en 29&egrave;me position pourrait s&rsquo;av&eacute;rer &ecirc;tre un excellent coup pour l&rsquo;&eacute;quipe.<\/p><p>&copy; Brad Penner-USA TODAY Sports<\/p>\n","protected":false},"excerpt":{"rendered":"","protected":false},"author":180310234,"featured_media":1440858,"comment_status":"open","ping_status":"closed","sticky":false,"template":"","format":"standard","meta":{"inline_featured_image":false,"kia_subtitle":"","_mux_skip_reasons":[],"proofreadBy":0,"footnotes":""},"categories":[110],"tags":[7461],"sport":[2783],"saison":[6111],"class_list":["post-1440857","post","type-post","status-publish","format-standard","has-post-thumbnail","hentry","category-actualite-nba","tag-collier","sport-nba","saison-6111"],"acf":[],"yoast_head":"<!-- This site is optimized with the Yoast SEO plugin v24.2 - https:\/\/yoast.com\/wordpress\/plugins\/seo\/ -->\n<title>Draft 2024 : Isaiah Collier rejoint le Jazz en 29e position - The Playoffs FR<\/title>\n<meta name=\"robots\" content=\"index, follow, max-snippet:-1, max-image-preview:large, max-video-preview:-1\" \/>\n<link rel=\"canonical\" href=\"https:\/\/theplayoffs.news\/fr\/actualite-nba\/draft-2024-isaiah-collier-rejoint-le-jazz-en-29e-position\/\" \/>\n<meta property=\"og:locale\" content=\"fr_FR\" \/>\n<meta property=\"og:type\" content=\"article\" \/>\n<meta property=\"og:title\" content=\"Draft 2024 : Isaiah Collier rejoint le Jazz en 29e position - The Playoffs FR\" \/>\n<meta property=\"og:url\" content=\"https:\/\/theplayoffs.news\/fr\/actualite-nba\/draft-2024-isaiah-collier-rejoint-le-jazz-en-29e-position\/\" \/>\n<meta property=\"og:site_name\" content=\"The Playoffs FR\" \/>\n<meta property=\"article:publisher\" content=\"https:\/\/www.facebook.com\/TheFreeAgentFR\/\" \/>\n<meta property=\"article:modified_time\" content=\"2024-06-27T16:03:07+02:00\" \/>\n<meta property=\"og:image\" content=\"https:\/\/theplayoffs.news\/fr\/wp-content\/uploads\/2024\/06\/USATSI_23630819.jpg\" \/>\n\t<meta property=\"og:image:width\" content=\"1920\" \/>\n\t<meta property=\"og:image:height\" content=\"1280\" \/>\n\t<meta property=\"og:image:type\" content=\"image\/jpeg\" \/>\n<meta name=\"author\" content=\"Alexandre Gomes\" \/>\n<meta name=\"twitter:card\" content=\"summary_large_image\" \/>\n<meta name=\"twitter:creator\" content=\"@TheFreeAgentFR\" \/>\n<meta name=\"twitter:site\" content=\"@TheFreeAgentFR\" \/>\n<meta name=\"twitter:label1\" content=\"\u00c9crit par\" \/>\n\t<meta name=\"twitter:data1\" content=\"Alexandre Gomes\" \/>\n\t<meta name=\"twitter:label2\" content=\"Dur\u00e9e de lecture estim\u00e9e\" \/>\n\t<meta name=\"twitter:data2\" content=\"1 minute\" \/>\n<script type=\"application\/ld+json\" class=\"yoast-schema-graph\">{\"@context\":\"https:\/\/schema.org\",\"@graph\":[{\"@type\":\"WebPage\",\"@id\":\"https:\/\/theplayoffs.news\/fr\/actualite-nba\/draft-2024-isaiah-collier-rejoint-le-jazz-en-29e-position\/\",\"url\":\"https:\/\/theplayoffs.news\/fr\/actualite-nba\/draft-2024-isaiah-collier-rejoint-le-jazz-en-29e-position\/\",\"name\":\"Draft 2024 : Isaiah Collier rejoint le Jazz en 29e position - The Playoffs FR\",\"isPartOf\":{\"@id\":\"https:\/\/theplayoffs.news\/fr\/#website\"},\"primaryImageOfPage\":{\"@id\":\"https:\/\/theplayoffs.news\/fr\/actualite-nba\/draft-2024-isaiah-collier-rejoint-le-jazz-en-29e-position\/#primaryimage\"},\"image\":{\"@id\":\"https:\/\/theplayoffs.news\/fr\/actualite-nba\/draft-2024-isaiah-collier-rejoint-le-jazz-en-29e-position\/#primaryimage\"},\"thumbnailUrl\":\"https:\/\/theplayoffs.news\/fr\/wp-content\/uploads\/2024\/06\/USATSI_23630819.jpg\",\"datePublished\":\"2024-06-27T14:03:07+00:00\",\"dateModified\":\"2024-06-27T14:03:07+00:00\",\"author\":{\"@id\":\"https:\/\/theplayoffs.news\/fr\/#\/schema\/person\/8271870c7368fee2ff5b2ba615997fff\"},\"breadcrumb\":{\"@id\":\"https:\/\/theplayoffs.news\/fr\/actualite-nba\/draft-2024-isaiah-collier-rejoint-le-jazz-en-29e-position\/#breadcrumb\"},\"inLanguage\":\"fr-FR\",\"potentialAction\":[{\"@type\":\"ReadAction\",\"target\":[\"https:\/\/theplayoffs.news\/fr\/actualite-nba\/draft-2024-isaiah-collier-rejoint-le-jazz-en-29e-position\/\"]}]},{\"@type\":\"ImageObject\",\"inLanguage\":\"fr-FR\",\"@id\":\"https:\/\/theplayoffs.news\/fr\/actualite-nba\/draft-2024-isaiah-collier-rejoint-le-jazz-en-29e-position\/#primaryimage\",\"url\":\"https:\/\/theplayoffs.news\/fr\/wp-content\/uploads\/2024\/06\/USATSI_23630819.jpg\",\"contentUrl\":\"https:\/\/theplayoffs.news\/fr\/wp-content\/uploads\/2024\/06\/USATSI_23630819.jpg\",\"width\":1920,\"height\":1280,\"caption\":\"Jun 26, 2024; Brooklyn, NY, USA; Isaiah Collier poses for photos with NBA commissioner Adam Silver after being selected in the first round by the Utah Jazz in the 2024 NBA Draft at Barclays Center. Mandatory Credit: Brad Penner-USA TODAY Sports\"},{\"@type\":\"BreadcrumbList\",\"@id\":\"https:\/\/theplayoffs.news\/fr\/actualite-nba\/draft-2024-isaiah-collier-rejoint-le-jazz-en-29e-position\/#breadcrumb\",\"itemListElement\":[{\"@type\":\"ListItem\",\"position\":1,\"name\":\"Accueil\",\"item\":\"https:\/\/theplayoffs.news\/fr\/\"},{\"@type\":\"ListItem\",\"position\":2,\"name\":\"Draft 2024 : Isaiah Collier rejoint le Jazz en 29e position\"}]},{\"@type\":\"WebSite\",\"@id\":\"https:\/\/theplayoffs.news\/fr\/#website\",\"url\":\"https:\/\/theplayoffs.news\/fr\/\",\"name\":\"The Playoffs FR\",\"description\":\"NBA-NFL-NHL-MLB\",\"potentialAction\":[{\"@type\":\"SearchAction\",\"target\":{\"@type\":\"EntryPoint\",\"urlTemplate\":\"https:\/\/theplayoffs.news\/fr\/?s={search_term_string}\"},\"query-input\":{\"@type\":\"PropertyValueSpecification\",\"valueRequired\":true,\"valueName\":\"search_term_string\"}}],\"inLanguage\":\"fr-FR\"},{\"@type\":\"Person\",\"@id\":\"https:\/\/theplayoffs.news\/fr\/#\/schema\/person\/8271870c7368fee2ff5b2ba615997fff\",\"name\":\"Alexandre Gomes\",\"image\":{\"@type\":\"ImageObject\",\"inLanguage\":\"fr-FR\",\"@id\":\"https:\/\/theplayoffs.news\/fr\/#\/schema\/person\/image\/\",\"url\":\"https:\/\/secure.gravatar.com\/avatar\/85734dd9d8139e75eb3558e9d1f8c28873597c2d782b41c9f078bed549b247e9?s=96&d=mm&r=g\",\"contentUrl\":\"https:\/\/secure.gravatar.com\/avatar\/85734dd9d8139e75eb3558e9d1f8c28873597c2d782b41c9f078bed549b247e9?s=96&d=mm&r=g\",\"caption\":\"Alexandre Gomes\"},\"url\":\"https:\/\/theplayoffs.news\/fr\/author\/agomespro93gmail-com\/\"}]}<\/script>\n<!-- \/ Yoast SEO plugin. -->","yoast_head_json":{"title":"Draft 2024 : Isaiah Collier rejoint le Jazz en 29e position - The Playoffs FR","robots":{"index":"index","follow":"follow","max-snippet":"max-snippet:-1","max-image-preview":"max-image-preview:large","max-video-preview":"max-video-preview:-1"},"canonical":"https:\/\/theplayoffs.news\/fr\/actualite-nba\/draft-2024-isaiah-collier-rejoint-le-jazz-en-29e-position\/","og_locale":"fr_FR","og_type":"article","og_title":"Draft 2024 : Isaiah Collier rejoint le Jazz en 29e position - The Playoffs FR","og_url":"https:\/\/theplayoffs.news\/fr\/actualite-nba\/draft-2024-isaiah-collier-rejoint-le-jazz-en-29e-position\/","og_site_name":"The Playoffs FR","article_publisher":"https:\/\/www.facebook.com\/TheFreeAgentFR\/","og_image":[{"width":1920,"height":1280,"url":"https:\/\/theplayoffs.news\/fr\/wp-content\/uploads\/2024\/06\/USATSI_23630819.jpg","type":"image\/jpeg"}],"author":"Alexandre Gomes","twitter_card":"summary_large_image","twitter_creator":"@TheFreeAgentFR","twitter_site":"@TheFreeAgentFR","twitter_misc":{"\u00c9crit par":"Alexandre Gomes","Dur\u00e9e de lecture estim\u00e9e":"1 minute"},"schema":{"@context":"https:\/\/schema.org","@graph":[{"@type":"WebPage","@id":"https:\/\/theplayoffs.news\/fr\/actualite-nba\/draft-2024-isaiah-collier-rejoint-le-jazz-en-29e-position\/","url":"https:\/\/theplayoffs.news\/fr\/actualite-nba\/draft-2024-isaiah-collier-rejoint-le-jazz-en-29e-position\/","name":"Draft 2024 : Isaiah Collier rejoint le Jazz en 29e position - The Playoffs FR","isPartOf":{"@id":"https:\/\/theplayoffs.news\/fr\/#website"},"primaryImageOfPage":{"@id":"https:\/\/theplayoffs.news\/fr\/actualite-nba\/draft-2024-isaiah-collier-rejoint-le-jazz-en-29e-position\/#primaryimage"},"image":{"@id":"https:\/\/theplayoffs.news\/fr\/actualite-nba\/draft-2024-isaiah-collier-rejoint-le-jazz-en-29e-position\/#primaryimage"},"thumbnailUrl":"https:\/\/theplayoffs.news\/fr\/wp-content\/uploads\/2024\/06\/USATSI_23630819.jpg","datePublished":"2024-06-27T14:03:07+00:00","dateModified":"2024-06-27T14:03:07+00:00","author":{"@id":"https:\/\/theplayoffs.news\/fr\/#\/schema\/person\/8271870c7368fee2ff5b2ba615997fff"},"breadcrumb":{"@id":"https:\/\/theplayoffs.news\/fr\/actualite-nba\/draft-2024-isaiah-collier-rejoint-le-jazz-en-29e-position\/#breadcrumb"},"inLanguage":"fr-FR","potentialAction":[{"@type":"ReadAction","target":["https:\/\/theplayoffs.news\/fr\/actualite-nba\/draft-2024-isaiah-collier-rejoint-le-jazz-en-29e-position\/"]}]},{"@type":"ImageObject","inLanguage":"fr-FR","@id":"https:\/\/theplayoffs.news\/fr\/actualite-nba\/draft-2024-isaiah-collier-rejoint-le-jazz-en-29e-position\/#primaryimage","url":"https:\/\/theplayoffs.news\/fr\/wp-content\/uploads\/2024\/06\/USATSI_23630819.jpg","contentUrl":"https:\/\/theplayoffs.news\/fr\/wp-content\/uploads\/2024\/06\/USATSI_23630819.jpg","width":1920,"height":1280,"caption":"Jun 26, 2024; Brooklyn, NY, USA; Isaiah Collier poses for photos with NBA commissioner Adam Silver after being selected in the first round by the Utah Jazz in the 2024 NBA Draft at Barclays Center. Mandatory Credit: Brad Penner-USA TODAY Sports"},{"@type":"BreadcrumbList","@id":"https:\/\/theplayoffs.news\/fr\/actualite-nba\/draft-2024-isaiah-collier-rejoint-le-jazz-en-29e-position\/#breadcrumb","itemListElement":[{"@type":"ListItem","position":1,"name":"Accueil","item":"https:\/\/theplayoffs.news\/fr\/"},{"@type":"ListItem","position":2,"name":"Draft 2024 : Isaiah Collier rejoint le Jazz en 29e position"}]},{"@type":"WebSite","@id":"https:\/\/theplayoffs.news\/fr\/#website","url":"https:\/\/theplayoffs.news\/fr\/","name":"The Playoffs FR","description":"NBA-NFL-NHL-MLB","potentialAction":[{"@type":"SearchAction","target":{"@type":"EntryPoint","urlTemplate":"https:\/\/theplayoffs.news\/fr\/?s={search_term_string}"},"query-input":{"@type":"PropertyValueSpecification","valueRequired":true,"valueName":"search_term_string"}}],"inLanguage":"fr-FR"},{"@type":"Person","@id":"https:\/\/theplayoffs.news\/fr\/#\/schema\/person\/8271870c7368fee2ff5b2ba615997fff","name":"Alexandre Gomes","image":{"@type":"ImageObject","inLanguage":"fr-FR","@id":"https:\/\/theplayoffs.news\/fr\/#\/schema\/person\/image\/","url":"https:\/\/secure.gravatar.com\/avatar\/85734dd9d8139e75eb3558e9d1f8c28873597c2d782b41c9f078bed549b247e9?s=96&d=mm&r=g","contentUrl":"https:\/\/secure.gravatar.com\/avatar\/85734dd9d8139e75eb3558e9d1f8c28873597c2d782b41c9f078bed549b247e9?s=96&d=mm&r=g","caption":"Alexandre Gomes"},"url":"https:\/\/theplayoffs.news\/fr\/author\/agomespro93gmail-com\/"}]}},"_links":{"self":[{"href":"https:\/\/theplayoffs.news\/fr\/wp-json\/wp\/v2\/posts\/1440857","targetHints":{"allow":["GET"]}}],"collection":[{"href":"https:\/\/theplayoffs.news\/fr\/wp-json\/wp\/v2\/posts"}],"about":[{"href":"https:\/\/theplayoffs.news\/fr\/wp-json\/wp\/v2\/types\/post"}],"author":[{"embeddable":true,"href":"https:\/\/theplayoffs.news\/fr\/wp-json\/wp\/v2\/users\/180310234"}],"replies":[{"embeddable":true,"href":"https:\/\/theplayoffs.news\/fr\/wp-json\/wp\/v2\/comments?post=1440857"}],"version-history":[{"count":3,"href":"https:\/\/theplayoffs.news\/fr\/wp-json\/wp\/v2\/posts\/1440857\/revisions"}],"predecessor-version":[{"id":1440862,"href":"https:\/\/theplayoffs.news\/fr\/wp-json\/wp\/v2\/posts\/1440857\/revisions\/1440862"}],"wp:featuredmedia":[{"embeddable":true,"href":"https:\/\/theplayoffs.news\/fr\/wp-json\/wp\/v2\/media\/1440858"}],"wp:attachment":[{"href":"https:\/\/theplayoffs.news\/fr\/wp-json\/wp\/v2\/media?parent=1440857"}],"wp:term":[{"taxonomy":"category","embeddable":true,"href":"https:\/\/theplayoffs.news\/fr\/wp-json\/wp\/v2\/categories?post=1440857"},{"taxonomy":"post_tag","embeddable":true,"href":"https:\/\/theplayoffs.news\/fr\/wp-json\/wp\/v2\/tags?post=1440857"},{"taxonomy":"sport","embeddable":true,"href":"https:\/\/theplayoffs.news\/fr\/wp-json\/wp\/v2\/sport?post=1440857"},{"taxonomy":"saison","embeddable":true,"href":"https:\/\/theplayoffs.news\/fr\/wp-json\/wp\/v2\/saison?post=1440857"}],"curies":[{"name":"wp","href":"https:\/\/api.w.org\/{rel}","templated":true}]}}