{"id":1440850,"date":"2024-06-27T17:41:56","date_gmt":"2024-06-27T15:41:56","guid":{"rendered":"https:\/\/theplayoffs.news\/fr\/?p=1440850"},"modified":"2024-06-27T17:38:08","modified_gmt":"2024-06-27T15:38:08","slug":"devondre-campbell-aux-portes-des-49ers","status":"publish","type":"post","link":"https:\/\/theplayoffs.news\/fr\/actualite-nfl\/devondre-campbell-aux-portes-des-49ers\/","title":{"rendered":"De&rsquo;Vondre Campbell aux portes des 49ers"},"content":{"rendered":"<h2>De&rsquo;Vondre Campbell, ancien linebacker des Packers, se dit pr&ecirc;t &agrave; impressionner les 49ers.<\/h2><p>&nbsp;<\/p><p>Apr&egrave;s avoir tent&eacute; de recruter Eric Kendricks, les 49ers ont d&eacute;cid&eacute; de recruter le linebacker <a href=\"https:\/\/theplayoffs.news\/fr\/joueur\/devondre-campbell-nfl-6080360\/\" class=\"trk-cta-link\" data-cta-trk='{\"ctaType\":\"Link\",\"ctaSubType\":\"main\"}'>De&rsquo;Vondre Campbell<\/a>. Un recrutement qui fait suite &agrave; la blessure de Dre Greenlaw, actuel joueur des 49ers. Le joueur de San Francisco a subi, lors d&rsquo;un match de saison r&eacute;guli&egrave;re, une rupture du tendon d&rsquo;Achille. Rupture qui lui fera manquer les playoffs &nbsp;et le Super Bowl.<\/p><p>\n<div id=\"attachment_1440885\" style=\"width: 310px\" class=\"wp-caption alignnone\"><img loading=\"lazy\" decoding=\"async\" aria-describedby=\"caption-attachment-1440885\" class=\"size-medium wp-image-1440885\" src=\"https:\/\/theplayoffs.news\/fr\/wp-content\/uploads\/2024\/06\/USATSI_22030988-300x231.jpg\" alt=\"\" width=\"300\" height=\"231\" srcset=\"https:\/\/theplayoffs.news\/fr\/wp-content\/uploads\/2024\/06\/USATSI_22030988-300x231.jpg 300w, https:\/\/theplayoffs.news\/fr\/wp-content\/uploads\/2024\/06\/USATSI_22030988-1030x792.jpg 1030w, https:\/\/theplayoffs.news\/fr\/wp-content\/uploads\/2024\/06\/USATSI_22030988-768x590.jpg 768w, https:\/\/theplayoffs.news\/fr\/wp-content\/uploads\/2024\/06\/USATSI_22030988-1320x1015.jpg 1320w, https:\/\/theplayoffs.news\/fr\/wp-content\/uploads\/2024\/06\/USATSI_22030988.jpg 1920w\" sizes=\"auto, (max-width: 300px) 100vw, 300px\" \/><p id=\"caption-attachment-1440885\" class=\"wp-caption-text\">Cr&eacute;dit: Tork Mason \/ USA TODAY NETWORK<\/p><\/div>\n<\/p><p>&nbsp;<\/p><p>Campbell se dit pr&ecirc;t &agrave; apporter toute son exp&eacute;rience apr&egrave;s ses 8 saisons en NFL. De&rsquo;Vondre rejoint les San Francisco 49ers et signe un contrat de un an, apr&egrave;s avoir &eacute;t&eacute; r&eacute;cemment nomm&eacute; 19&egrave; meilleur Linebacker de la ligue en 2023 selon<a href=\"https:\/\/www.pff.com\/nfl\/grades\/position\/lb\" class=\"trk-cta-link\" data-cta-trk='{\"ctaType\":\"Link\",\"ctaSubType\":\"main\"}'> le classement PFF.<\/a><\/p><p>&nbsp;<\/p><p>De&rsquo;Vondre sera sera donc aux c&ocirc;t&eacute;s de <a href=\"https:\/\/theplayoffs.news\/fr\/joueur\/fred-warner-san-francisco-49ers-nfl\/\" class=\"trk-cta-link\" data-cta-trk='{\"ctaType\":\"Link\",\"ctaSubType\":\"main\"}'>Fred Warner<\/a>, tout deux excellent dans la couverture de passes. Un duo que Campbell &agrave; h&acirc;te de voir sur le terrain en attendant de voir revenir Dre Greenlaw, un joueur qu&rsquo;il appr&eacute;cie tout autant.<\/p><blockquote><p>&laquo;&nbsp;Personnellement, j&rsquo;ai l&rsquo;impression que Dre Greenlaw n&rsquo;a pas le respect qu&rsquo;il m&eacute;rite. C&rsquo;est l&rsquo;un des meilleurs linebackers de cette ligue. J&rsquo;ai toujours &eacute;t&eacute; un grand fan des deux. Ce sont tous les deux de grands joueurs.&nbsp;&raquo; a-t-il d&eacute;clar&eacute; au micro de <a href=\"https:\/\/www.49erswebzone.com\/articles\/181502-exclusive-devondre-campbell-contender-greenlaw\/\" class=\"trk-cta-link\" data-cta-trk='{\"ctaType\":\"Link\",\"ctaSubType\":\"main\"}'>Webzone<\/a>.<\/p><\/blockquote><p>\n<div id=\"attachment_1440887\" style=\"width: 310px\" class=\"wp-caption alignnone\"><img loading=\"lazy\" decoding=\"async\" aria-describedby=\"caption-attachment-1440887\" class=\"size-medium wp-image-1440887\" src=\"https:\/\/theplayoffs.news\/fr\/wp-content\/uploads\/2024\/06\/USATSI_19136820-300x200.jpg\" alt=\"\" width=\"300\" height=\"200\" srcset=\"https:\/\/theplayoffs.news\/fr\/wp-content\/uploads\/2024\/06\/USATSI_19136820-300x200.jpg 300w, https:\/\/theplayoffs.news\/fr\/wp-content\/uploads\/2024\/06\/USATSI_19136820-1030x687.jpg 1030w, https:\/\/theplayoffs.news\/fr\/wp-content\/uploads\/2024\/06\/USATSI_19136820-768x512.jpg 768w, https:\/\/theplayoffs.news\/fr\/wp-content\/uploads\/2024\/06\/USATSI_19136820-1320x880.jpg 1320w, https:\/\/theplayoffs.news\/fr\/wp-content\/uploads\/2024\/06\/USATSI_19136820.jpg 1920w\" sizes=\"auto, (max-width: 300px) 100vw, 300px\" \/><p id=\"caption-attachment-1440887\" class=\"wp-caption-text\">Credit: Kyle Terada-USA TODAY Sports<\/p><\/div>\n<\/p><p>&nbsp;<\/p><p>Le v&eacute;t&eacute;ran sait que ce transfert fait office d&rsquo;assurance dans le cas o&ugrave; Greenlaw ne serait pas remis sur pied pour la saison prochaine. Il se dit quand m&ecirc;me pr&ecirc;t &agrave; montrer ce qu&rsquo;il vaut et impressionner l&rsquo;ensemble des coachs de San Francisco.<\/p><blockquote><p><a href=\"https:\/\/www.49erswebzone.com\/articles\/181502-exclusive-devondre-campbell-contender-greenlaw\/\" class=\"trk-cta-link\" data-cta-trk='{\"ctaType\":\"Link\",\"ctaSubType\":\"main\"}'>&laquo;&nbsp;Je veux &ecirc;tre sur le terrain parce que je sais que rien n&rsquo;est promis ou garanti. Ils m&rsquo;ont appel&eacute; et m&rsquo;ont dit qu&rsquo;ils me voulaient.&nbsp;&raquo;<\/a><\/p><\/blockquote><p>De&rsquo;Vondre n&rsquo;en perds pas son amour pour le sport et montrera ses aptitudes &agrave; l&rsquo;ancien joueur et nouveau coordinateur d&eacute;fensifs des 49ers, Nick Sorensen. Une personne qu&rsquo;il respecte et dont il aime la fa&ccedil;on de coacher.<\/p><p>L&rsquo;&eacute;quipe de San Francisco se pr&eacute;pare donc avec un seul objectif, le championnat, et ils esp&egrave;rent que la pr&eacute;sence de De&rsquo;Vondre Campbell les aidera dans ce d&eacute;fi.<\/p><p>&nbsp;<\/p><p>&nbsp;<\/p>\n","protected":false},"excerpt":{"rendered":"","protected":false},"author":180310252,"featured_media":1440887,"comment_status":"open","ping_status":"closed","sticky":false,"template":"","format":"standard","meta":{"inline_featured_image":false,"kia_subtitle":"","_mux_skip_reasons":[],"proofreadBy":0,"footnotes":""},"categories":[118,40],"tags":[939],"sport":[],"saison":[],"class_list":["post-1440850","post","type-post","status-publish","format-standard","has-post-thumbnail","hentry","category-actualite-nfl","category-nfl","tag-san-francisco-49ers"],"acf":[],"yoast_head":"<!-- This site is optimized with the Yoast SEO plugin v24.2 - https:\/\/yoast.com\/wordpress\/plugins\/seo\/ -->\n<title>De&#039;Vondre Campbell aux portes des 49ers - The Playoffs FR<\/title>\n<meta name=\"robots\" content=\"index, follow, max-snippet:-1, max-image-preview:large, max-video-preview:-1\" \/>\n<link rel=\"canonical\" href=\"https:\/\/theplayoffs.news\/fr\/actualite-nfl\/devondre-campbell-aux-portes-des-49ers\/\" \/>\n<meta property=\"og:locale\" content=\"fr_FR\" \/>\n<meta property=\"og:type\" content=\"article\" \/>\n<meta property=\"og:title\" content=\"De&#039;Vondre Campbell aux portes des 49ers - The Playoffs FR\" \/>\n<meta property=\"og:url\" content=\"https:\/\/theplayoffs.news\/fr\/actualite-nfl\/devondre-campbell-aux-portes-des-49ers\/\" \/>\n<meta property=\"og:site_name\" content=\"The Playoffs FR\" \/>\n<meta property=\"article:publisher\" content=\"https:\/\/www.facebook.com\/TheFreeAgentFR\/\" \/>\n<meta property=\"article:modified_time\" content=\"2024-06-27T17:41:56+02:00\" \/>\n<meta property=\"og:image\" content=\"https:\/\/theplayoffs.news\/fr\/wp-content\/uploads\/2024\/06\/USATSI_19136820.jpg\" \/>\n\t<meta property=\"og:image:width\" content=\"1920\" \/>\n\t<meta property=\"og:image:height\" content=\"1280\" \/>\n\t<meta property=\"og:image:type\" content=\"image\/jpeg\" \/>\n<meta name=\"author\" content=\"Hugo Da Silva\" \/>\n<meta name=\"twitter:card\" content=\"summary_large_image\" \/>\n<meta name=\"twitter:creator\" content=\"@TheFreeAgentFR\" \/>\n<meta name=\"twitter:site\" content=\"@TheFreeAgentFR\" \/>\n<meta name=\"twitter:label1\" content=\"\u00c9crit par\" \/>\n\t<meta name=\"twitter:data1\" content=\"Hugo Da Silva\" \/>\n\t<meta name=\"twitter:label2\" content=\"Dur\u00e9e de lecture estim\u00e9e\" \/>\n\t<meta name=\"twitter:data2\" content=\"2 minutes\" \/>\n<script type=\"application\/ld+json\" class=\"yoast-schema-graph\">{\"@context\":\"https:\/\/schema.org\",\"@graph\":[{\"@type\":\"WebPage\",\"@id\":\"https:\/\/theplayoffs.news\/fr\/actualite-nfl\/devondre-campbell-aux-portes-des-49ers\/\",\"url\":\"https:\/\/theplayoffs.news\/fr\/actualite-nfl\/devondre-campbell-aux-portes-des-49ers\/\",\"name\":\"De\\\\'Vondre Campbell aux portes des 49ers - The Playoffs FR\",\"isPartOf\":{\"@id\":\"https:\/\/theplayoffs.news\/fr\/#website\"},\"primaryImageOfPage\":{\"@id\":\"https:\/\/theplayoffs.news\/fr\/actualite-nfl\/devondre-campbell-aux-portes-des-49ers\/#primaryimage\"},\"image\":{\"@id\":\"https:\/\/theplayoffs.news\/fr\/actualite-nfl\/devondre-campbell-aux-portes-des-49ers\/#primaryimage\"},\"thumbnailUrl\":\"https:\/\/theplayoffs.news\/fr\/wp-content\/uploads\/2024\/06\/USATSI_19136820.jpg\",\"datePublished\":\"2024-06-27T15:41:56+00:00\",\"dateModified\":\"2024-06-27T17:41:56+02:00\",\"author\":{\"@id\":\"https:\/\/theplayoffs.news\/fr\/#\/schema\/person\/6873025fdeeef5a5a119a678d88f9eb8\"},\"breadcrumb\":{\"@id\":\"https:\/\/theplayoffs.news\/fr\/actualite-nfl\/devondre-campbell-aux-portes-des-49ers\/#breadcrumb\"},\"inLanguage\":\"fr-FR\",\"potentialAction\":[{\"@type\":\"ReadAction\",\"target\":[\"https:\/\/theplayoffs.news\/fr\/actualite-nfl\/devondre-campbell-aux-portes-des-49ers\/\"]}]},{\"@type\":\"ImageObject\",\"inLanguage\":\"fr-FR\",\"@id\":\"https:\/\/theplayoffs.news\/fr\/actualite-nfl\/devondre-campbell-aux-portes-des-49ers\/#primaryimage\",\"url\":\"https:\/\/theplayoffs.news\/fr\/wp-content\/uploads\/2024\/06\/USATSI_19136820.jpg\",\"contentUrl\":\"https:\/\/theplayoffs.news\/fr\/wp-content\/uploads\/2024\/06\/USATSI_19136820.jpg\",\"width\":1920,\"height\":1280,\"caption\":\"Credit: Kyle Terada-USA TODAY Sports\"},{\"@type\":\"BreadcrumbList\",\"@id\":\"https:\/\/theplayoffs.news\/fr\/actualite-nfl\/devondre-campbell-aux-portes-des-49ers\/#breadcrumb\",\"itemListElement\":[{\"@type\":\"ListItem\",\"position\":1,\"name\":\"Accueil\",\"item\":\"https:\/\/theplayoffs.news\/fr\/\"},{\"@type\":\"ListItem\",\"position\":2,\"name\":\"De&rsquo;Vondre Campbell aux portes des 49ers\"}]},{\"@type\":\"WebSite\",\"@id\":\"https:\/\/theplayoffs.news\/fr\/#website\",\"url\":\"https:\/\/theplayoffs.news\/fr\/\",\"name\":\"The Playoffs FR\",\"description\":\"NBA-NFL-NHL-MLB\",\"potentialAction\":[{\"@type\":\"SearchAction\",\"target\":{\"@type\":\"EntryPoint\",\"urlTemplate\":\"https:\/\/theplayoffs.news\/fr\/?s={search_term_string}\"},\"query-input\":{\"@type\":\"PropertyValueSpecification\",\"valueRequired\":true,\"valueName\":\"search_term_string\"}}],\"inLanguage\":\"fr-FR\"},{\"@type\":\"Person\",\"@id\":\"https:\/\/theplayoffs.news\/fr\/#\/schema\/person\/6873025fdeeef5a5a119a678d88f9eb8\",\"name\":\"Hugo Da Silva\",\"image\":{\"@type\":\"ImageObject\",\"inLanguage\":\"fr-FR\",\"@id\":\"https:\/\/theplayoffs.news\/fr\/#\/schema\/person\/image\/\",\"url\":\"https:\/\/secure.gravatar.com\/avatar\/42645c167f2d0d025c99c89a9d5af905f285255ee846e7a777caaecca00b1837?s=96&d=mm&r=g\",\"contentUrl\":\"https:\/\/secure.gravatar.com\/avatar\/42645c167f2d0d025c99c89a9d5af905f285255ee846e7a777caaecca00b1837?s=96&d=mm&r=g\",\"caption\":\"Hugo Da Silva\"},\"url\":\"https:\/\/theplayoffs.news\/fr\/author\/hugodasilva0903gmail-com\/\"}]}<\/script>\n<!-- \/ Yoast SEO plugin. -->","yoast_head_json":{"title":"De&#039;Vondre Campbell aux portes des 49ers - The Playoffs FR","robots":{"index":"index","follow":"follow","max-snippet":"max-snippet:-1","max-image-preview":"max-image-preview:large","max-video-preview":"max-video-preview:-1"},"canonical":"https:\/\/theplayoffs.news\/fr\/actualite-nfl\/devondre-campbell-aux-portes-des-49ers\/","og_locale":"fr_FR","og_type":"article","og_title":"De&#039;Vondre Campbell aux portes des 49ers - The Playoffs FR","og_url":"https:\/\/theplayoffs.news\/fr\/actualite-nfl\/devondre-campbell-aux-portes-des-49ers\/","og_site_name":"The Playoffs FR","article_publisher":"https:\/\/www.facebook.com\/TheFreeAgentFR\/","article_modified_time":"2024-06-27T15:38:08+00:00","og_image":[{"width":1920,"height":1280,"url":"https:\/\/theplayoffs.news\/fr\/wp-content\/uploads\/2024\/06\/USATSI_19136820.jpg","type":"image\/jpeg"}],"author":"Hugo Da Silva","twitter_card":"summary_large_image","twitter_creator":"@TheFreeAgentFR","twitter_site":"@TheFreeAgentFR","twitter_misc":{"\u00c9crit par":"Hugo Da Silva","Dur\u00e9e de lecture estim\u00e9e":"2 minutes"},"schema":{"@context":"https:\/\/schema.org","@graph":[{"@type":"WebPage","@id":"https:\/\/theplayoffs.news\/fr\/actualite-nfl\/devondre-campbell-aux-portes-des-49ers\/","url":"https:\/\/theplayoffs.news\/fr\/actualite-nfl\/devondre-campbell-aux-portes-des-49ers\/","name":"De\\'Vondre Campbell aux portes des 49ers - The Playoffs FR","isPartOf":{"@id":"https:\/\/theplayoffs.news\/fr\/#website"},"primaryImageOfPage":{"@id":"https:\/\/theplayoffs.news\/fr\/actualite-nfl\/devondre-campbell-aux-portes-des-49ers\/#primaryimage"},"image":{"@id":"https:\/\/theplayoffs.news\/fr\/actualite-nfl\/devondre-campbell-aux-portes-des-49ers\/#primaryimage"},"thumbnailUrl":"https:\/\/theplayoffs.news\/fr\/wp-content\/uploads\/2024\/06\/USATSI_19136820.jpg","datePublished":"2024-06-27T15:41:56+00:00","dateModified":"2024-06-27T17:41:56+02:00","author":{"@id":"https:\/\/theplayoffs.news\/fr\/#\/schema\/person\/6873025fdeeef5a5a119a678d88f9eb8"},"breadcrumb":{"@id":"https:\/\/theplayoffs.news\/fr\/actualite-nfl\/devondre-campbell-aux-portes-des-49ers\/#breadcrumb"},"inLanguage":"fr-FR","potentialAction":[{"@type":"ReadAction","target":["https:\/\/theplayoffs.news\/fr\/actualite-nfl\/devondre-campbell-aux-portes-des-49ers\/"]}]},{"@type":"ImageObject","inLanguage":"fr-FR","@id":"https:\/\/theplayoffs.news\/fr\/actualite-nfl\/devondre-campbell-aux-portes-des-49ers\/#primaryimage","url":"https:\/\/theplayoffs.news\/fr\/wp-content\/uploads\/2024\/06\/USATSI_19136820.jpg","contentUrl":"https:\/\/theplayoffs.news\/fr\/wp-content\/uploads\/2024\/06\/USATSI_19136820.jpg","width":1920,"height":1280,"caption":"Credit: Kyle Terada-USA TODAY Sports"},{"@type":"BreadcrumbList","@id":"https:\/\/theplayoffs.news\/fr\/actualite-nfl\/devondre-campbell-aux-portes-des-49ers\/#breadcrumb","itemListElement":[{"@type":"ListItem","position":1,"name":"Accueil","item":"https:\/\/theplayoffs.news\/fr\/"},{"@type":"ListItem","position":2,"name":"De&rsquo;Vondre Campbell aux portes des 49ers"}]},{"@type":"WebSite","@id":"https:\/\/theplayoffs.news\/fr\/#website","url":"https:\/\/theplayoffs.news\/fr\/","name":"The Playoffs FR","description":"NBA-NFL-NHL-MLB","potentialAction":[{"@type":"SearchAction","target":{"@type":"EntryPoint","urlTemplate":"https:\/\/theplayoffs.news\/fr\/?s={search_term_string}"},"query-input":{"@type":"PropertyValueSpecification","valueRequired":true,"valueName":"search_term_string"}}],"inLanguage":"fr-FR"},{"@type":"Person","@id":"https:\/\/theplayoffs.news\/fr\/#\/schema\/person\/6873025fdeeef5a5a119a678d88f9eb8","name":"Hugo Da Silva","image":{"@type":"ImageObject","inLanguage":"fr-FR","@id":"https:\/\/theplayoffs.news\/fr\/#\/schema\/person\/image\/","url":"https:\/\/secure.gravatar.com\/avatar\/42645c167f2d0d025c99c89a9d5af905f285255ee846e7a777caaecca00b1837?s=96&d=mm&r=g","contentUrl":"https:\/\/secure.gravatar.com\/avatar\/42645c167f2d0d025c99c89a9d5af905f285255ee846e7a777caaecca00b1837?s=96&d=mm&r=g","caption":"Hugo Da Silva"},"url":"https:\/\/theplayoffs.news\/fr\/author\/hugodasilva0903gmail-com\/"}]}},"_links":{"self":[{"href":"https:\/\/theplayoffs.news\/fr\/wp-json\/wp\/v2\/posts\/1440850","targetHints":{"allow":["GET"]}}],"collection":[{"href":"https:\/\/theplayoffs.news\/fr\/wp-json\/wp\/v2\/posts"}],"about":[{"href":"https:\/\/theplayoffs.news\/fr\/wp-json\/wp\/v2\/types\/post"}],"author":[{"embeddable":true,"href":"https:\/\/theplayoffs.news\/fr\/wp-json\/wp\/v2\/users\/180310252"}],"replies":[{"embeddable":true,"href":"https:\/\/theplayoffs.news\/fr\/wp-json\/wp\/v2\/comments?post=1440850"}],"version-history":[{"count":4,"href":"https:\/\/theplayoffs.news\/fr\/wp-json\/wp\/v2\/posts\/1440850\/revisions"}],"predecessor-version":[{"id":1440890,"href":"https:\/\/theplayoffs.news\/fr\/wp-json\/wp\/v2\/posts\/1440850\/revisions\/1440890"}],"wp:featuredmedia":[{"embeddable":true,"href":"https:\/\/theplayoffs.news\/fr\/wp-json\/wp\/v2\/media\/1440887"}],"wp:attachment":[{"href":"https:\/\/theplayoffs.news\/fr\/wp-json\/wp\/v2\/media?parent=1440850"}],"wp:term":[{"taxonomy":"category","embeddable":true,"href":"https:\/\/theplayoffs.news\/fr\/wp-json\/wp\/v2\/categories?post=1440850"},{"taxonomy":"post_tag","embeddable":true,"href":"https:\/\/theplayoffs.news\/fr\/wp-json\/wp\/v2\/tags?post=1440850"},{"taxonomy":"sport","embeddable":true,"href":"https:\/\/theplayoffs.news\/fr\/wp-json\/wp\/v2\/sport?post=1440850"},{"taxonomy":"saison","embeddable":true,"href":"https:\/\/theplayoffs.news\/fr\/wp-json\/wp\/v2\/saison?post=1440850"}],"curies":[{"name":"wp","href":"https:\/\/api.w.org\/{rel}","templated":true}]}}