{"id":1440836,"date":"2024-06-27T15:33:46","date_gmt":"2024-06-27T13:33:46","guid":{"rendered":"https:\/\/theplayoffs.news\/fr\/?p=1440836"},"modified":"2024-06-27T15:34:14","modified_gmt":"2024-06-27T13:34:14","slug":"les-lakers-surpris-par-la-disponibilite-de-dalton-knecht","status":"publish","type":"post","link":"https:\/\/theplayoffs.news\/fr\/actualite-nba\/les-lakers-surpris-par-la-disponibilite-de-dalton-knecht\/","title":{"rendered":"Les Lakers surpris par la disponibilit\u00e9 de Dalton Knecht"},"content":{"rendered":"<h2 class=\"p1\">Les Los Angeles Lakers ont s&eacute;lectionn&eacute; Dalton Knecht du Tennessee avec le choix num&eacute;ro 17.<\/h2><p class=\"p1\">Rob Pelinka, vice-pr&eacute;sident des op&eacute;rations de basketball et directeur g&eacute;n&eacute;ral des Lakers, a exprim&eacute; son &eacute;tonnement et sa satisfaction concernant cette s&eacute;lection, indiquant que la franchise n&rsquo;avait pas pr&eacute;vu que Knecht soit disponible &agrave; ce stade du rep&ecirc;chage.<\/p><blockquote><p>&laquo;&nbsp;Dans mon esprit, il n&rsquo;y a aucune chance qu&rsquo;un joueur comme lui soit disponible pour nous le soir de la draft&nbsp;&raquo;, a d&eacute;clar&eacute; le vice-pr&eacute;sident des op&eacute;rations basket et manager g&eacute;n&eacute;ral des Lakers, <a href=\"https:\/\/www.espn.com\/nba\/story\/_\/id\/40441805\/lakers-thrilled-dalton-knecht-pick-extraordinary-value\" class=\"trk-cta-link\" data-cta-trk='{\"ctaType\":\"Link\",\"ctaSubType\":\"main\"}'>Rob Pelinka.<\/a> &laquo;&nbsp;Dans l&rsquo;ensemble, on ne peut pas &ecirc;tre plus heureux.&nbsp;&raquo;<\/p><\/blockquote><p class=\"p1\">&Agrave; 23 ans, <a href=\"https:\/\/theplayoffs.news\/fr\/nba-basketball\/draft-nba-2024-tous-les-choix-du-premier-tour\/\" class=\"trk-cta-link\" data-cta-trk='{\"ctaType\":\"Link\",\"ctaSubType\":\"main\"}'><strong>Dalton Knecht<\/strong><\/a> a eu une saison impressionnante avec les Volunteers, affichant une moyenne de 21,7 points avec un pourcentage de r&eacute;ussite de 49,9%, dont 39,7% &agrave; trois points. Knecht a jou&eacute; un r&ocirc;le cl&eacute; en menant Tennessee au Elite Eight du tournoi NCAA, o&ugrave; il a marqu&eacute; 37 points lors d&rsquo;un match &eacute;liminatoire contre Purdue, t&ecirc;te de s&eacute;rie num&eacute;ro 1.<\/p><p class=\"p1\">Bien qu&rsquo;il ait &eacute;t&eacute; projet&eacute; en sixi&egrave;me position par les Charlotte Hornets dans le mock draft d&rsquo;ESPN, Knecht est tomb&eacute; aux Lakers au 17e rang. Pelinka a r&eacute;v&eacute;l&eacute; que leur tableau de bord interne pla&ccedil;ait Knecht dans le top 10, rendant sa disponibilit&eacute; au 17e rang surprenante et chanceuse pour l&rsquo;&eacute;quipe.<\/p><blockquote>\n<p class=\"p1\">&ldquo;Si nous avions eu le dixi&egrave;me choix du rep&ecirc;chage, nous l&rsquo;aurions pris,&rdquo; a not&eacute; Pelinka.<\/p>\n<\/blockquote><p class=\"p1\">Sa s&eacute;lection repr&eacute;sente &eacute;galement la premi&egrave;re d&eacute;cision importante pour les Lakers sous la direction de leur nouvel entra&icirc;neur, JJ Redick, qui a d&eacute;j&agrave; commenc&eacute; &agrave; envisager des strat&eacute;gies pour Dalton Knecht, &eacute;tablissant des comparaisons entre les capacit&eacute;s de tir de Knecht et son propre style de jeu.<\/p><p class=\"p1\">LeBron James avait pr&eacute;c&eacute;demment salu&eacute; Dalton Knecht, que le jeune joueur a d&eacute;crit comme surr&eacute;aliste et motivant.<\/p><p>&nbsp;<\/p><p>Credit Photo : Brad Penner-USA TODAY Sports<\/p>\n","protected":false},"excerpt":{"rendered":"","protected":false},"author":13,"featured_media":1440837,"comment_status":"open","ping_status":"closed","sticky":false,"template":"","format":"standard","meta":{"inline_featured_image":false,"kia_subtitle":"","_mux_skip_reasons":[],"proofreadBy":0,"footnotes":""},"categories":[110,10],"tags":[7458,117],"sport":[],"saison":[],"class_list":["post-1440836","post","type-post","status-publish","format-standard","has-post-thumbnail","hentry","category-actualite-nba","category-nba","tag-dalton-knecht","tag-los-angeles-lakers"],"acf":[],"yoast_head":"<!-- This site is optimized with the Yoast SEO plugin v24.2 - https:\/\/yoast.com\/wordpress\/plugins\/seo\/ -->\n<title>Les Lakers surpris par la disponibilit&eacute; de Dalton Knecht - The Playoffs FR<\/title>\n<meta name=\"robots\" content=\"index, follow, max-snippet:-1, max-image-preview:large, max-video-preview:-1\" \/>\n<link rel=\"canonical\" href=\"https:\/\/theplayoffs.news\/fr\/actualite-nba\/les-lakers-surpris-par-la-disponibilite-de-dalton-knecht\/\" \/>\n<meta property=\"og:locale\" content=\"fr_FR\" \/>\n<meta property=\"og:type\" content=\"article\" \/>\n<meta property=\"og:title\" content=\"Les Lakers surpris par la disponibilit&eacute; de Dalton Knecht - The Playoffs FR\" \/>\n<meta property=\"og:url\" content=\"https:\/\/theplayoffs.news\/fr\/actualite-nba\/les-lakers-surpris-par-la-disponibilite-de-dalton-knecht\/\" \/>\n<meta property=\"og:site_name\" content=\"The Playoffs FR\" \/>\n<meta property=\"article:publisher\" content=\"https:\/\/www.facebook.com\/TheFreeAgentFR\/\" \/>\n<meta property=\"article:modified_time\" content=\"2024-06-27T15:34:14+02:00\" \/>\n<meta property=\"og:image\" content=\"https:\/\/theplayoffs.news\/fr\/wp-content\/uploads\/2024\/06\/USATSI_23630527.jpg\" \/>\n\t<meta property=\"og:image:width\" content=\"1920\" \/>\n\t<meta property=\"og:image:height\" content=\"1280\" \/>\n\t<meta property=\"og:image:type\" content=\"image\/jpeg\" \/>\n<meta name=\"author\" content=\"Charles Taudin\" \/>\n<meta name=\"twitter:card\" content=\"summary_large_image\" \/>\n<meta name=\"twitter:creator\" content=\"@TheFreeAgentFR\" \/>\n<meta name=\"twitter:site\" content=\"@TheFreeAgentFR\" \/>\n<meta name=\"twitter:label1\" content=\"\u00c9crit par\" \/>\n\t<meta name=\"twitter:data1\" content=\"Charles Taudin\" \/>\n\t<meta name=\"twitter:label2\" content=\"Dur\u00e9e de lecture estim\u00e9e\" \/>\n\t<meta name=\"twitter:data2\" content=\"2 minutes\" \/>\n<script type=\"application\/ld+json\" class=\"yoast-schema-graph\">{\"@context\":\"https:\/\/schema.org\",\"@graph\":[{\"@type\":\"WebPage\",\"@id\":\"https:\/\/theplayoffs.news\/fr\/actualite-nba\/les-lakers-surpris-par-la-disponibilite-de-dalton-knecht\/\",\"url\":\"https:\/\/theplayoffs.news\/fr\/actualite-nba\/les-lakers-surpris-par-la-disponibilite-de-dalton-knecht\/\",\"name\":\"Les Lakers surpris par la disponibilit\u00e9 de Dalton Knecht - The Playoffs FR\",\"isPartOf\":{\"@id\":\"https:\/\/theplayoffs.news\/fr\/#website\"},\"primaryImageOfPage\":{\"@id\":\"https:\/\/theplayoffs.news\/fr\/actualite-nba\/les-lakers-surpris-par-la-disponibilite-de-dalton-knecht\/#primaryimage\"},\"image\":{\"@id\":\"https:\/\/theplayoffs.news\/fr\/actualite-nba\/les-lakers-surpris-par-la-disponibilite-de-dalton-knecht\/#primaryimage\"},\"thumbnailUrl\":\"https:\/\/theplayoffs.news\/fr\/wp-content\/uploads\/2024\/06\/USATSI_23630527.jpg\",\"datePublished\":\"2024-06-27T13:33:46+00:00\",\"dateModified\":\"2024-06-27T13:34:14+00:00\",\"author\":{\"@id\":\"https:\/\/theplayoffs.news\/fr\/#\/schema\/person\/eee5b69ad5d3c51cabe881c839dbe133\"},\"breadcrumb\":{\"@id\":\"https:\/\/theplayoffs.news\/fr\/actualite-nba\/les-lakers-surpris-par-la-disponibilite-de-dalton-knecht\/#breadcrumb\"},\"inLanguage\":\"fr-FR\",\"potentialAction\":[{\"@type\":\"ReadAction\",\"target\":[\"https:\/\/theplayoffs.news\/fr\/actualite-nba\/les-lakers-surpris-par-la-disponibilite-de-dalton-knecht\/\"]}]},{\"@type\":\"ImageObject\",\"inLanguage\":\"fr-FR\",\"@id\":\"https:\/\/theplayoffs.news\/fr\/actualite-nba\/les-lakers-surpris-par-la-disponibilite-de-dalton-knecht\/#primaryimage\",\"url\":\"https:\/\/theplayoffs.news\/fr\/wp-content\/uploads\/2024\/06\/USATSI_23630527.jpg\",\"contentUrl\":\"https:\/\/theplayoffs.news\/fr\/wp-content\/uploads\/2024\/06\/USATSI_23630527.jpg\",\"width\":1920,\"height\":1280,\"caption\":\"Jun 26, 2024; Brooklyn, NY, USA; Dalton Knecht poses for photos with NBA commissioner Adam Silver after being selected in the first round by the Los Angeles Lakers in the 2024 NBA Draft at Barclays Center. Mandatory Credit: Brad Penner-USA TODAY Sports\"},{\"@type\":\"BreadcrumbList\",\"@id\":\"https:\/\/theplayoffs.news\/fr\/actualite-nba\/les-lakers-surpris-par-la-disponibilite-de-dalton-knecht\/#breadcrumb\",\"itemListElement\":[{\"@type\":\"ListItem\",\"position\":1,\"name\":\"Accueil\",\"item\":\"https:\/\/theplayoffs.news\/fr\/\"},{\"@type\":\"ListItem\",\"position\":2,\"name\":\"Les Lakers surpris par la disponibilit\u00e9 de Dalton Knecht\"}]},{\"@type\":\"WebSite\",\"@id\":\"https:\/\/theplayoffs.news\/fr\/#website\",\"url\":\"https:\/\/theplayoffs.news\/fr\/\",\"name\":\"The Playoffs FR\",\"description\":\"NBA-NFL-NHL-MLB\",\"potentialAction\":[{\"@type\":\"SearchAction\",\"target\":{\"@type\":\"EntryPoint\",\"urlTemplate\":\"https:\/\/theplayoffs.news\/fr\/?s={search_term_string}\"},\"query-input\":{\"@type\":\"PropertyValueSpecification\",\"valueRequired\":true,\"valueName\":\"search_term_string\"}}],\"inLanguage\":\"fr-FR\"},{\"@type\":\"Person\",\"@id\":\"https:\/\/theplayoffs.news\/fr\/#\/schema\/person\/eee5b69ad5d3c51cabe881c839dbe133\",\"name\":\"Charles Taudin\",\"image\":{\"@type\":\"ImageObject\",\"inLanguage\":\"fr-FR\",\"@id\":\"https:\/\/theplayoffs.news\/fr\/#\/schema\/person\/image\/\",\"url\":\"https:\/\/secure.gravatar.com\/avatar\/59a1e772205ce9fd255edfcafc93013736822e20261f294c5753b20c41ede9f2?s=96&d=mm&r=g\",\"contentUrl\":\"https:\/\/secure.gravatar.com\/avatar\/59a1e772205ce9fd255edfcafc93013736822e20261f294c5753b20c41ede9f2?s=96&d=mm&r=g\",\"caption\":\"Charles Taudin\"},\"description\":\"R\u00e9dacteur en chef global de The Playoffs, j\u2019ai cr\u00e9\u00e9 The Free Agent, devenu The Playoffs FR, en 2020 durant la pand\u00e9mie. Amoureux depuis des ann\u00e9es des 4 sports majeurs am\u00e9ricains, j\u2019organise maintenant la strat\u00e9gie \u00e9ditoriale et les r\u00e9seaux sociaux de l\u2019ensemble des versions de The Playoffs. Il m\u2019arrive encore d\u2019\u00e9crire sur certains sports que j\u2019affectionne particuli\u00e8rement comme la NFL ou la MLB. Si vous devez retenir qu\u2019une chose : Eli Manning est le vrai GOAT pour avoir battu deux fois Tom Brady.\",\"sameAs\":[\"https:\/\/www.instagram.com\/ctaudin_\/\"],\"url\":\"https:\/\/theplayoffs.news\/fr\/author\/charles-taudin\/\"}]}<\/script>\n<!-- \/ Yoast SEO plugin. -->","yoast_head_json":{"title":"Les Lakers surpris par la disponibilit&eacute; de Dalton Knecht - The Playoffs FR","robots":{"index":"index","follow":"follow","max-snippet":"max-snippet:-1","max-image-preview":"max-image-preview:large","max-video-preview":"max-video-preview:-1"},"canonical":"https:\/\/theplayoffs.news\/fr\/actualite-nba\/les-lakers-surpris-par-la-disponibilite-de-dalton-knecht\/","og_locale":"fr_FR","og_type":"article","og_title":"Les Lakers surpris par la disponibilit&eacute; de Dalton Knecht - The Playoffs FR","og_url":"https:\/\/theplayoffs.news\/fr\/actualite-nba\/les-lakers-surpris-par-la-disponibilite-de-dalton-knecht\/","og_site_name":"The Playoffs FR","article_publisher":"https:\/\/www.facebook.com\/TheFreeAgentFR\/","article_modified_time":"2024-06-27T13:34:14+00:00","og_image":[{"width":1920,"height":1280,"url":"https:\/\/theplayoffs.news\/fr\/wp-content\/uploads\/2024\/06\/USATSI_23630527.jpg","type":"image\/jpeg"}],"author":"Charles Taudin","twitter_card":"summary_large_image","twitter_creator":"@TheFreeAgentFR","twitter_site":"@TheFreeAgentFR","twitter_misc":{"\u00c9crit par":"Charles Taudin","Dur\u00e9e de lecture estim\u00e9e":"2 minutes"},"schema":{"@context":"https:\/\/schema.org","@graph":[{"@type":"WebPage","@id":"https:\/\/theplayoffs.news\/fr\/actualite-nba\/les-lakers-surpris-par-la-disponibilite-de-dalton-knecht\/","url":"https:\/\/theplayoffs.news\/fr\/actualite-nba\/les-lakers-surpris-par-la-disponibilite-de-dalton-knecht\/","name":"Les Lakers surpris par la disponibilit\u00e9 de Dalton Knecht - The Playoffs FR","isPartOf":{"@id":"https:\/\/theplayoffs.news\/fr\/#website"},"primaryImageOfPage":{"@id":"https:\/\/theplayoffs.news\/fr\/actualite-nba\/les-lakers-surpris-par-la-disponibilite-de-dalton-knecht\/#primaryimage"},"image":{"@id":"https:\/\/theplayoffs.news\/fr\/actualite-nba\/les-lakers-surpris-par-la-disponibilite-de-dalton-knecht\/#primaryimage"},"thumbnailUrl":"https:\/\/theplayoffs.news\/fr\/wp-content\/uploads\/2024\/06\/USATSI_23630527.jpg","datePublished":"2024-06-27T13:33:46+00:00","dateModified":"2024-06-27T13:34:14+00:00","author":{"@id":"https:\/\/theplayoffs.news\/fr\/#\/schema\/person\/eee5b69ad5d3c51cabe881c839dbe133"},"breadcrumb":{"@id":"https:\/\/theplayoffs.news\/fr\/actualite-nba\/les-lakers-surpris-par-la-disponibilite-de-dalton-knecht\/#breadcrumb"},"inLanguage":"fr-FR","potentialAction":[{"@type":"ReadAction","target":["https:\/\/theplayoffs.news\/fr\/actualite-nba\/les-lakers-surpris-par-la-disponibilite-de-dalton-knecht\/"]}]},{"@type":"ImageObject","inLanguage":"fr-FR","@id":"https:\/\/theplayoffs.news\/fr\/actualite-nba\/les-lakers-surpris-par-la-disponibilite-de-dalton-knecht\/#primaryimage","url":"https:\/\/theplayoffs.news\/fr\/wp-content\/uploads\/2024\/06\/USATSI_23630527.jpg","contentUrl":"https:\/\/theplayoffs.news\/fr\/wp-content\/uploads\/2024\/06\/USATSI_23630527.jpg","width":1920,"height":1280,"caption":"Jun 26, 2024; Brooklyn, NY, USA; Dalton Knecht poses for photos with NBA commissioner Adam Silver after being selected in the first round by the Los Angeles Lakers in the 2024 NBA Draft at Barclays Center. Mandatory Credit: Brad Penner-USA TODAY Sports"},{"@type":"BreadcrumbList","@id":"https:\/\/theplayoffs.news\/fr\/actualite-nba\/les-lakers-surpris-par-la-disponibilite-de-dalton-knecht\/#breadcrumb","itemListElement":[{"@type":"ListItem","position":1,"name":"Accueil","item":"https:\/\/theplayoffs.news\/fr\/"},{"@type":"ListItem","position":2,"name":"Les Lakers surpris par la disponibilit\u00e9 de Dalton Knecht"}]},{"@type":"WebSite","@id":"https:\/\/theplayoffs.news\/fr\/#website","url":"https:\/\/theplayoffs.news\/fr\/","name":"The Playoffs FR","description":"NBA-NFL-NHL-MLB","potentialAction":[{"@type":"SearchAction","target":{"@type":"EntryPoint","urlTemplate":"https:\/\/theplayoffs.news\/fr\/?s={search_term_string}"},"query-input":{"@type":"PropertyValueSpecification","valueRequired":true,"valueName":"search_term_string"}}],"inLanguage":"fr-FR"},{"@type":"Person","@id":"https:\/\/theplayoffs.news\/fr\/#\/schema\/person\/eee5b69ad5d3c51cabe881c839dbe133","name":"Charles Taudin","image":{"@type":"ImageObject","inLanguage":"fr-FR","@id":"https:\/\/theplayoffs.news\/fr\/#\/schema\/person\/image\/","url":"https:\/\/secure.gravatar.com\/avatar\/59a1e772205ce9fd255edfcafc93013736822e20261f294c5753b20c41ede9f2?s=96&d=mm&r=g","contentUrl":"https:\/\/secure.gravatar.com\/avatar\/59a1e772205ce9fd255edfcafc93013736822e20261f294c5753b20c41ede9f2?s=96&d=mm&r=g","caption":"Charles Taudin"},"description":"R\u00e9dacteur en chef global de The Playoffs, j\u2019ai cr\u00e9\u00e9 The Free Agent, devenu The Playoffs FR, en 2020 durant la pand\u00e9mie. Amoureux depuis des ann\u00e9es des 4 sports majeurs am\u00e9ricains, j\u2019organise maintenant la strat\u00e9gie \u00e9ditoriale et les r\u00e9seaux sociaux de l\u2019ensemble des versions de The Playoffs. Il m\u2019arrive encore d\u2019\u00e9crire sur certains sports que j\u2019affectionne particuli\u00e8rement comme la NFL ou la MLB. Si vous devez retenir qu\u2019une chose : Eli Manning est le vrai GOAT pour avoir battu deux fois Tom Brady.","sameAs":["https:\/\/www.instagram.com\/ctaudin_\/"],"url":"https:\/\/theplayoffs.news\/fr\/author\/charles-taudin\/"}]}},"_links":{"self":[{"href":"https:\/\/theplayoffs.news\/fr\/wp-json\/wp\/v2\/posts\/1440836","targetHints":{"allow":["GET"]}}],"collection":[{"href":"https:\/\/theplayoffs.news\/fr\/wp-json\/wp\/v2\/posts"}],"about":[{"href":"https:\/\/theplayoffs.news\/fr\/wp-json\/wp\/v2\/types\/post"}],"author":[{"embeddable":true,"href":"https:\/\/theplayoffs.news\/fr\/wp-json\/wp\/v2\/users\/13"}],"replies":[{"embeddable":true,"href":"https:\/\/theplayoffs.news\/fr\/wp-json\/wp\/v2\/comments?post=1440836"}],"version-history":[{"count":3,"href":"https:\/\/theplayoffs.news\/fr\/wp-json\/wp\/v2\/posts\/1440836\/revisions"}],"predecessor-version":[{"id":1440840,"href":"https:\/\/theplayoffs.news\/fr\/wp-json\/wp\/v2\/posts\/1440836\/revisions\/1440840"}],"wp:featuredmedia":[{"embeddable":true,"href":"https:\/\/theplayoffs.news\/fr\/wp-json\/wp\/v2\/media\/1440837"}],"wp:attachment":[{"href":"https:\/\/theplayoffs.news\/fr\/wp-json\/wp\/v2\/media?parent=1440836"}],"wp:term":[{"taxonomy":"category","embeddable":true,"href":"https:\/\/theplayoffs.news\/fr\/wp-json\/wp\/v2\/categories?post=1440836"},{"taxonomy":"post_tag","embeddable":true,"href":"https:\/\/theplayoffs.news\/fr\/wp-json\/wp\/v2\/tags?post=1440836"},{"taxonomy":"sport","embeddable":true,"href":"https:\/\/theplayoffs.news\/fr\/wp-json\/wp\/v2\/sport?post=1440836"},{"taxonomy":"saison","embeddable":true,"href":"https:\/\/theplayoffs.news\/fr\/wp-json\/wp\/v2\/saison?post=1440836"}],"curies":[{"name":"wp","href":"https:\/\/api.w.org\/{rel}","templated":true}]}}