{"id":1440824,"date":"2024-06-27T14:35:01","date_gmt":"2024-06-27T12:35:01","guid":{"rendered":"https:\/\/theplayoffs.news\/fr\/?p=1440824"},"modified":"2024-06-27T14:35:01","modified_gmt":"2024-06-27T12:35:01","slug":"damiris-dantas-rejoint-le-fever","status":"publish","type":"post","link":"https:\/\/theplayoffs.news\/fr\/wnba\/damiris-dantas-rejoint-le-fever\/","title":{"rendered":"Damiris Dantas rejoint le Fever"},"content":{"rendered":"<h2 class=\"p1\">Quatre mois apr&egrave;s une grave blessure au LCM de son genou droit, l&rsquo;aili&egrave;re de l&rsquo;Indiana Fever, Damiris Dantas, est de retour sur le terrain.<\/h2><p class=\"p1\">Avec neuf ans d&rsquo;exp&eacute;rience en WNBA, Damiris Dantas sera importante au Fever.<\/p><p class=\"p1\">Elle a pass&eacute; six ans avec le Lynx du Minnesota et trois ans avec le Dream d&rsquo;Atlanta. Sa saison la plus remarquable a &eacute;t&eacute; en 2020 avec Minnesota, o&ugrave; elle a enregistr&eacute; en moyenne 12,9 points et 6,1 rebonds par match pendant la saison raccourcie en raison du COVID-19. Lors de sa derni&egrave;re saison en WNBA en 2022, elle a disput&eacute; 15 matchs pour le Lynx, avec une moyenne de 5,1 points, 3,8 rebonds et 1,9 passes d&eacute;cisives par match.<\/p><p class=\"p1\">Damiris Dantas a rencontr&eacute; des d&eacute;fis au d&eacute;but de cette saison, manquant la premi&egrave;re semaine de camp d&rsquo;entra&icirc;nement en raison de probl&egrave;mes de visa et d&rsquo;un deuil familial, en plus de se remettre d&rsquo;une blessure au genou subie en jouant &agrave; l&rsquo;&eacute;tranger en Turquie. Le Fever a temporairement suspendu son contrat pour lui permettre de se r&eacute;tablir, le r&eacute;activant ce mardi.<\/p><blockquote>\n<p class=\"p1\">&ldquo;Je suis tellement excit&eacute;e,&rdquo; <a href=\"https:\/\/sports.yahoo.com\/damiris-dantas-rejoins-fever-return-195127719.html\" class=\"trk-cta-link\" data-cta-trk='{\"ctaType\":\"Link\",\"ctaSubType\":\"main\"}'>a d&eacute;clar&eacute; Dantas<\/a>. &ldquo;Je ne pouvais pas attendre ce moment. J&rsquo;ai travaill&eacute; dur pour &ecirc;tre pr&ecirc;te, pour aider mes co&eacute;quipi&egrave;res, aider l&rsquo;&eacute;quipe, donc maintenant c&rsquo;est juste la meilleure partie, en profiter.&rdquo;<\/p>\n<\/blockquote><p class=\"p1\">L&rsquo;entra&icirc;neuse Sides a indiqu&eacute; que Damiris Dantas jouerait principalement aux positions 4 et 5, en soutien &agrave; Aliyah Boston et NaLyssa Smith.<\/p><blockquote>\n<p class=\"p1\">&ldquo;Elle est une pr&eacute;sence dans la raquette, elle peut aussi bien tirer &agrave; l&rsquo;ext&eacute;rieur de la ligne des 3 points,&rdquo; a d&eacute;clar&eacute; Sides. &ldquo;Elle peut &eacute;tirer le terrain, ou travailler dans la raquette.&rdquo;<\/p>\n<\/blockquote><p class=\"p1\">Le retour de Dantas co&iuml;ncide avec la gu&eacute;rison de Fagbenle d&rsquo;une blessure au pied, qui l&rsquo;a &eacute;cart&eacute;e pendant 11 matchs. Les deux joueuses devraient apporter une profondeur n&eacute;cessaire au secteur int&eacute;rieur.<\/p><p class=\"p1\">L&rsquo;entra&icirc;neuse Sides est encore en train de d&eacute;terminer comment distribuer les minutes entre Dantas, Fagbenle, Boston et Smith.<\/p><p>&nbsp;<\/p><p>&nbsp;<\/p><p>Credit Photo : John E. Sokolowski-USA TODAY Sports<\/p>\n","protected":false},"excerpt":{"rendered":"","protected":false},"author":13,"featured_media":1440825,"comment_status":"open","ping_status":"closed","sticky":false,"template":"","format":"standard","meta":{"inline_featured_image":false,"kia_subtitle":"","_mux_skip_reasons":[],"proofreadBy":0,"footnotes":""},"categories":[143],"tags":[7457,2531],"sport":[],"saison":[],"class_list":["post-1440824","post","type-post","status-publish","format-standard","has-post-thumbnail","hentry","category-wnba","tag-damiris-dantas","tag-indiana-fever"],"acf":[],"yoast_head":"<!-- This site is optimized with the Yoast SEO plugin v24.2 - https:\/\/yoast.com\/wordpress\/plugins\/seo\/ -->\n<title>Damiris Dantas rejoint le Fever - The Playoffs FR<\/title>\n<meta name=\"robots\" content=\"index, follow, max-snippet:-1, max-image-preview:large, max-video-preview:-1\" \/>\n<link rel=\"canonical\" href=\"https:\/\/theplayoffs.news\/fr\/wnba\/damiris-dantas-rejoint-le-fever\/\" \/>\n<meta property=\"og:locale\" content=\"fr_FR\" \/>\n<meta property=\"og:type\" content=\"article\" \/>\n<meta property=\"og:title\" content=\"Damiris Dantas rejoint le Fever - The Playoffs FR\" \/>\n<meta property=\"og:url\" content=\"https:\/\/theplayoffs.news\/fr\/wnba\/damiris-dantas-rejoint-le-fever\/\" \/>\n<meta property=\"og:site_name\" content=\"The Playoffs FR\" \/>\n<meta property=\"article:publisher\" content=\"https:\/\/www.facebook.com\/TheFreeAgentFR\/\" \/>\n<meta property=\"article:modified_time\" content=\"2024-06-27T14:35:01+02:00\" \/>\n<meta property=\"og:image\" content=\"https:\/\/theplayoffs.news\/fr\/wp-content\/uploads\/2024\/06\/USATSI_20662798.jpg\" \/>\n\t<meta property=\"og:image:width\" content=\"1920\" \/>\n\t<meta property=\"og:image:height\" content=\"1280\" \/>\n\t<meta property=\"og:image:type\" content=\"image\/jpeg\" \/>\n<meta name=\"author\" content=\"Charles Taudin\" \/>\n<meta name=\"twitter:card\" content=\"summary_large_image\" \/>\n<meta name=\"twitter:creator\" content=\"@TheFreeAgentFR\" \/>\n<meta name=\"twitter:site\" content=\"@TheFreeAgentFR\" \/>\n<meta name=\"twitter:label1\" content=\"\u00c9crit par\" \/>\n\t<meta name=\"twitter:data1\" content=\"Charles Taudin\" \/>\n\t<meta name=\"twitter:label2\" content=\"Dur\u00e9e de lecture estim\u00e9e\" \/>\n\t<meta name=\"twitter:data2\" content=\"2 minutes\" \/>\n<script type=\"application\/ld+json\" class=\"yoast-schema-graph\">{\"@context\":\"https:\/\/schema.org\",\"@graph\":[{\"@type\":\"WebPage\",\"@id\":\"https:\/\/theplayoffs.news\/fr\/wnba\/damiris-dantas-rejoint-le-fever\/\",\"url\":\"https:\/\/theplayoffs.news\/fr\/wnba\/damiris-dantas-rejoint-le-fever\/\",\"name\":\"Damiris Dantas rejoint le Fever - The Playoffs FR\",\"isPartOf\":{\"@id\":\"https:\/\/theplayoffs.news\/fr\/#website\"},\"primaryImageOfPage\":{\"@id\":\"https:\/\/theplayoffs.news\/fr\/wnba\/damiris-dantas-rejoint-le-fever\/#primaryimage\"},\"image\":{\"@id\":\"https:\/\/theplayoffs.news\/fr\/wnba\/damiris-dantas-rejoint-le-fever\/#primaryimage\"},\"thumbnailUrl\":\"https:\/\/theplayoffs.news\/fr\/wp-content\/uploads\/2024\/06\/USATSI_20662798.jpg\",\"datePublished\":\"2024-06-27T12:35:01+00:00\",\"dateModified\":\"2024-06-27T12:35:01+00:00\",\"author\":{\"@id\":\"https:\/\/theplayoffs.news\/fr\/#\/schema\/person\/eee5b69ad5d3c51cabe881c839dbe133\"},\"breadcrumb\":{\"@id\":\"https:\/\/theplayoffs.news\/fr\/wnba\/damiris-dantas-rejoint-le-fever\/#breadcrumb\"},\"inLanguage\":\"fr-FR\",\"potentialAction\":[{\"@type\":\"ReadAction\",\"target\":[\"https:\/\/theplayoffs.news\/fr\/wnba\/damiris-dantas-rejoint-le-fever\/\"]}]},{\"@type\":\"ImageObject\",\"inLanguage\":\"fr-FR\",\"@id\":\"https:\/\/theplayoffs.news\/fr\/wnba\/damiris-dantas-rejoint-le-fever\/#primaryimage\",\"url\":\"https:\/\/theplayoffs.news\/fr\/wp-content\/uploads\/2024\/06\/USATSI_20662798.jpg\",\"contentUrl\":\"https:\/\/theplayoffs.news\/fr\/wp-content\/uploads\/2024\/06\/USATSI_20662798.jpg\",\"width\":1920,\"height\":1280,\"caption\":\"May 13, 2023; Toronto, Ontario, Canada; Minnesota Lynx head coach Cheryl Reeve talks to forward Damiris Dantas (12) during a timeout against the Chicago Sky during the first half at Scotiabank Arena. Mandatory Credit: John E. Sokolowski-USA TODAY Sports\"},{\"@type\":\"BreadcrumbList\",\"@id\":\"https:\/\/theplayoffs.news\/fr\/wnba\/damiris-dantas-rejoint-le-fever\/#breadcrumb\",\"itemListElement\":[{\"@type\":\"ListItem\",\"position\":1,\"name\":\"Accueil\",\"item\":\"https:\/\/theplayoffs.news\/fr\/\"},{\"@type\":\"ListItem\",\"position\":2,\"name\":\"Damiris Dantas rejoint le Fever\"}]},{\"@type\":\"WebSite\",\"@id\":\"https:\/\/theplayoffs.news\/fr\/#website\",\"url\":\"https:\/\/theplayoffs.news\/fr\/\",\"name\":\"The Playoffs FR\",\"description\":\"NBA-NFL-NHL-MLB\",\"potentialAction\":[{\"@type\":\"SearchAction\",\"target\":{\"@type\":\"EntryPoint\",\"urlTemplate\":\"https:\/\/theplayoffs.news\/fr\/?s={search_term_string}\"},\"query-input\":{\"@type\":\"PropertyValueSpecification\",\"valueRequired\":true,\"valueName\":\"search_term_string\"}}],\"inLanguage\":\"fr-FR\"},{\"@type\":\"Person\",\"@id\":\"https:\/\/theplayoffs.news\/fr\/#\/schema\/person\/eee5b69ad5d3c51cabe881c839dbe133\",\"name\":\"Charles Taudin\",\"image\":{\"@type\":\"ImageObject\",\"inLanguage\":\"fr-FR\",\"@id\":\"https:\/\/theplayoffs.news\/fr\/#\/schema\/person\/image\/\",\"url\":\"https:\/\/secure.gravatar.com\/avatar\/59a1e772205ce9fd255edfcafc93013736822e20261f294c5753b20c41ede9f2?s=96&d=mm&r=g\",\"contentUrl\":\"https:\/\/secure.gravatar.com\/avatar\/59a1e772205ce9fd255edfcafc93013736822e20261f294c5753b20c41ede9f2?s=96&d=mm&r=g\",\"caption\":\"Charles Taudin\"},\"description\":\"R\u00e9dacteur en chef global de The Playoffs, j\u2019ai cr\u00e9\u00e9 The Free Agent, devenu The Playoffs FR, en 2020 durant la pand\u00e9mie. Amoureux depuis des ann\u00e9es des 4 sports majeurs am\u00e9ricains, j\u2019organise maintenant la strat\u00e9gie \u00e9ditoriale et les r\u00e9seaux sociaux de l\u2019ensemble des versions de The Playoffs. Il m\u2019arrive encore d\u2019\u00e9crire sur certains sports que j\u2019affectionne particuli\u00e8rement comme la NFL ou la MLB. Si vous devez retenir qu\u2019une chose : Eli Manning est le vrai GOAT pour avoir battu deux fois Tom Brady.\",\"sameAs\":[\"https:\/\/www.instagram.com\/ctaudin_\/\"],\"url\":\"https:\/\/theplayoffs.news\/fr\/author\/charles-taudin\/\"}]}<\/script>\n<!-- \/ Yoast SEO plugin. -->","yoast_head_json":{"title":"Damiris Dantas rejoint le Fever - The Playoffs FR","robots":{"index":"index","follow":"follow","max-snippet":"max-snippet:-1","max-image-preview":"max-image-preview:large","max-video-preview":"max-video-preview:-1"},"canonical":"https:\/\/theplayoffs.news\/fr\/wnba\/damiris-dantas-rejoint-le-fever\/","og_locale":"fr_FR","og_type":"article","og_title":"Damiris Dantas rejoint le Fever - The Playoffs FR","og_url":"https:\/\/theplayoffs.news\/fr\/wnba\/damiris-dantas-rejoint-le-fever\/","og_site_name":"The Playoffs FR","article_publisher":"https:\/\/www.facebook.com\/TheFreeAgentFR\/","og_image":[{"width":1920,"height":1280,"url":"https:\/\/theplayoffs.news\/fr\/wp-content\/uploads\/2024\/06\/USATSI_20662798.jpg","type":"image\/jpeg"}],"author":"Charles Taudin","twitter_card":"summary_large_image","twitter_creator":"@TheFreeAgentFR","twitter_site":"@TheFreeAgentFR","twitter_misc":{"\u00c9crit par":"Charles Taudin","Dur\u00e9e de lecture estim\u00e9e":"2 minutes"},"schema":{"@context":"https:\/\/schema.org","@graph":[{"@type":"WebPage","@id":"https:\/\/theplayoffs.news\/fr\/wnba\/damiris-dantas-rejoint-le-fever\/","url":"https:\/\/theplayoffs.news\/fr\/wnba\/damiris-dantas-rejoint-le-fever\/","name":"Damiris Dantas rejoint le Fever - The Playoffs FR","isPartOf":{"@id":"https:\/\/theplayoffs.news\/fr\/#website"},"primaryImageOfPage":{"@id":"https:\/\/theplayoffs.news\/fr\/wnba\/damiris-dantas-rejoint-le-fever\/#primaryimage"},"image":{"@id":"https:\/\/theplayoffs.news\/fr\/wnba\/damiris-dantas-rejoint-le-fever\/#primaryimage"},"thumbnailUrl":"https:\/\/theplayoffs.news\/fr\/wp-content\/uploads\/2024\/06\/USATSI_20662798.jpg","datePublished":"2024-06-27T12:35:01+00:00","dateModified":"2024-06-27T12:35:01+00:00","author":{"@id":"https:\/\/theplayoffs.news\/fr\/#\/schema\/person\/eee5b69ad5d3c51cabe881c839dbe133"},"breadcrumb":{"@id":"https:\/\/theplayoffs.news\/fr\/wnba\/damiris-dantas-rejoint-le-fever\/#breadcrumb"},"inLanguage":"fr-FR","potentialAction":[{"@type":"ReadAction","target":["https:\/\/theplayoffs.news\/fr\/wnba\/damiris-dantas-rejoint-le-fever\/"]}]},{"@type":"ImageObject","inLanguage":"fr-FR","@id":"https:\/\/theplayoffs.news\/fr\/wnba\/damiris-dantas-rejoint-le-fever\/#primaryimage","url":"https:\/\/theplayoffs.news\/fr\/wp-content\/uploads\/2024\/06\/USATSI_20662798.jpg","contentUrl":"https:\/\/theplayoffs.news\/fr\/wp-content\/uploads\/2024\/06\/USATSI_20662798.jpg","width":1920,"height":1280,"caption":"May 13, 2023; Toronto, Ontario, Canada; Minnesota Lynx head coach Cheryl Reeve talks to forward Damiris Dantas (12) during a timeout against the Chicago Sky during the first half at Scotiabank Arena. Mandatory Credit: John E. Sokolowski-USA TODAY Sports"},{"@type":"BreadcrumbList","@id":"https:\/\/theplayoffs.news\/fr\/wnba\/damiris-dantas-rejoint-le-fever\/#breadcrumb","itemListElement":[{"@type":"ListItem","position":1,"name":"Accueil","item":"https:\/\/theplayoffs.news\/fr\/"},{"@type":"ListItem","position":2,"name":"Damiris Dantas rejoint le Fever"}]},{"@type":"WebSite","@id":"https:\/\/theplayoffs.news\/fr\/#website","url":"https:\/\/theplayoffs.news\/fr\/","name":"The Playoffs FR","description":"NBA-NFL-NHL-MLB","potentialAction":[{"@type":"SearchAction","target":{"@type":"EntryPoint","urlTemplate":"https:\/\/theplayoffs.news\/fr\/?s={search_term_string}"},"query-input":{"@type":"PropertyValueSpecification","valueRequired":true,"valueName":"search_term_string"}}],"inLanguage":"fr-FR"},{"@type":"Person","@id":"https:\/\/theplayoffs.news\/fr\/#\/schema\/person\/eee5b69ad5d3c51cabe881c839dbe133","name":"Charles Taudin","image":{"@type":"ImageObject","inLanguage":"fr-FR","@id":"https:\/\/theplayoffs.news\/fr\/#\/schema\/person\/image\/","url":"https:\/\/secure.gravatar.com\/avatar\/59a1e772205ce9fd255edfcafc93013736822e20261f294c5753b20c41ede9f2?s=96&d=mm&r=g","contentUrl":"https:\/\/secure.gravatar.com\/avatar\/59a1e772205ce9fd255edfcafc93013736822e20261f294c5753b20c41ede9f2?s=96&d=mm&r=g","caption":"Charles Taudin"},"description":"R\u00e9dacteur en chef global de The Playoffs, j\u2019ai cr\u00e9\u00e9 The Free Agent, devenu The Playoffs FR, en 2020 durant la pand\u00e9mie. Amoureux depuis des ann\u00e9es des 4 sports majeurs am\u00e9ricains, j\u2019organise maintenant la strat\u00e9gie \u00e9ditoriale et les r\u00e9seaux sociaux de l\u2019ensemble des versions de The Playoffs. Il m\u2019arrive encore d\u2019\u00e9crire sur certains sports que j\u2019affectionne particuli\u00e8rement comme la NFL ou la MLB. Si vous devez retenir qu\u2019une chose : Eli Manning est le vrai GOAT pour avoir battu deux fois Tom Brady.","sameAs":["https:\/\/www.instagram.com\/ctaudin_\/"],"url":"https:\/\/theplayoffs.news\/fr\/author\/charles-taudin\/"}]}},"_links":{"self":[{"href":"https:\/\/theplayoffs.news\/fr\/wp-json\/wp\/v2\/posts\/1440824","targetHints":{"allow":["GET"]}}],"collection":[{"href":"https:\/\/theplayoffs.news\/fr\/wp-json\/wp\/v2\/posts"}],"about":[{"href":"https:\/\/theplayoffs.news\/fr\/wp-json\/wp\/v2\/types\/post"}],"author":[{"embeddable":true,"href":"https:\/\/theplayoffs.news\/fr\/wp-json\/wp\/v2\/users\/13"}],"replies":[{"embeddable":true,"href":"https:\/\/theplayoffs.news\/fr\/wp-json\/wp\/v2\/comments?post=1440824"}],"version-history":[{"count":2,"href":"https:\/\/theplayoffs.news\/fr\/wp-json\/wp\/v2\/posts\/1440824\/revisions"}],"predecessor-version":[{"id":1440827,"href":"https:\/\/theplayoffs.news\/fr\/wp-json\/wp\/v2\/posts\/1440824\/revisions\/1440827"}],"wp:featuredmedia":[{"embeddable":true,"href":"https:\/\/theplayoffs.news\/fr\/wp-json\/wp\/v2\/media\/1440825"}],"wp:attachment":[{"href":"https:\/\/theplayoffs.news\/fr\/wp-json\/wp\/v2\/media?parent=1440824"}],"wp:term":[{"taxonomy":"category","embeddable":true,"href":"https:\/\/theplayoffs.news\/fr\/wp-json\/wp\/v2\/categories?post=1440824"},{"taxonomy":"post_tag","embeddable":true,"href":"https:\/\/theplayoffs.news\/fr\/wp-json\/wp\/v2\/tags?post=1440824"},{"taxonomy":"sport","embeddable":true,"href":"https:\/\/theplayoffs.news\/fr\/wp-json\/wp\/v2\/sport?post=1440824"},{"taxonomy":"saison","embeddable":true,"href":"https:\/\/theplayoffs.news\/fr\/wp-json\/wp\/v2\/saison?post=1440824"}],"curies":[{"name":"wp","href":"https:\/\/api.w.org\/{rel}","templated":true}]}}