{"id":1440687,"date":"2024-06-27T03:32:29","date_gmt":"2024-06-27T01:32:29","guid":{"rendered":"https:\/\/theplayoffs.news\/fr\/?p=1440687"},"modified":"2024-06-27T03:32:29","modified_gmt":"2024-06-27T01:32:29","slug":"alexandre-sarr-est-le-deuxieme-choix-de-la-draft-2024","status":"publish","type":"post","link":"https:\/\/theplayoffs.news\/fr\/actualite-nba\/alexandre-sarr-est-le-deuxieme-choix-de-la-draft-2024\/","title":{"rendered":"Alexandre Sarr est le deuxi\u00e8me choix de la Draft 2024"},"content":{"rendered":"<h2>Les Washington Wizards ont donc s&eacute;lectionn&eacute; logiquement Alexandre Sarr, avec le deuxi&egrave;me choix de la Draft NBA 2024. Le Fran&ccedil;ais qui sort d&rsquo;une saison en NBL, a convaincu les Wizards de l&rsquo;ajouter &agrave; leur effectif.<\/h2><blockquote class=\"twitter-tweet\" data-width=\"500\" data-dnt=\"true\">\n<p lang=\"fr\" dir=\"ltr\">Soir&eacute;e l&eacute;gendaire pour le basketball Fran&ccedil;ais 2 Fran&ccedil;ais 1er et 2nd de la Draft. <a href=\"https:\/\/t.co\/KgkknDx5PI\" class=\"trk-cta-link\" data-cta-trk='{\"ctaType\":\"Link\",\"ctaSubType\":\"main\"}'>https:\/\/t.co\/KgkknDx5PI<\/a><\/p>\n<p>&mdash; The Playoffs FR (@ThePlayoffsFR) <a href=\"https:\/\/twitter.com\/ThePlayoffsFR\/status\/1806120310594265297?ref_src=twsrc%5Etfw\" class=\"trk-cta-link\" data-cta-trk='{\"ctaType\":\"Link\",\"ctaSubType\":\"main\"}'>June 27, 2024<\/a><\/p><\/blockquote><p><script async src=\"https:\/\/platform.twitter.com\/widgets.js\" charset=\"utf-8\"><\/script><\/p><p>Sarr, mesure 2 m&egrave;tres 16 et apporte une pr&eacute;sence intimidante sous le panier. Ses comp&eacute;tences en protection de cercle et sa capacit&eacute; &agrave; contrer les adversaires font de lui un atout d&eacute;fensif de premier plan. Cependant, Sarr ne se contente pas de d&eacute;fendre, il a &eacute;galement d&eacute;montr&eacute; une capacit&eacute; &agrave; contribuer offensivement, surtout dans les transitions rapides et les jeux pr&egrave;s du panier. Les Wizards esp&egrave;rent que Sarr pourra d&eacute;velopper son tir &agrave; distance, ce qui le rendrait encore plus pr&eacute;cieux en tant que menace offensive.<\/p><p>Sarr esp&egrave;re &eacute;voluer au poste 4 dans la grande ligue ce qui lui a fait refuser des WorkOuts avec les Hawks qui avait le premier pick de la draft.<\/p><p>&copy; Brad Penner-USA TODAY Sports<\/p>\n","protected":false},"excerpt":{"rendered":"","protected":false},"author":180310234,"featured_media":1440688,"comment_status":"open","ping_status":"closed","sticky":false,"template":"","format":"standard","meta":{"inline_featured_image":false,"kia_subtitle":"","_mux_skip_reasons":[],"proofreadBy":0,"footnotes":""},"categories":[110],"tags":[6800],"sport":[2783],"saison":[3453],"class_list":["post-1440687","post","type-post","status-publish","format-standard","has-post-thumbnail","hentry","category-actualite-nba","tag-alexandre-sarr","sport-nba","saison-3453"],"acf":[],"yoast_head":"<!-- This site is optimized with the Yoast SEO plugin v24.2 - https:\/\/yoast.com\/wordpress\/plugins\/seo\/ -->\n<title>Alexandre Sarr est le deuxi&egrave;me choix de la Draft 2024 - The Playoffs FR<\/title>\n<meta name=\"robots\" content=\"index, follow, max-snippet:-1, max-image-preview:large, max-video-preview:-1\" \/>\n<link rel=\"canonical\" href=\"https:\/\/theplayoffs.news\/fr\/actualite-nba\/alexandre-sarr-est-le-deuxieme-choix-de-la-draft-2024\/\" \/>\n<meta property=\"og:locale\" content=\"fr_FR\" \/>\n<meta property=\"og:type\" content=\"article\" \/>\n<meta property=\"og:title\" content=\"Alexandre Sarr est le deuxi&egrave;me choix de la Draft 2024 - The Playoffs FR\" \/>\n<meta property=\"og:url\" content=\"https:\/\/theplayoffs.news\/fr\/actualite-nba\/alexandre-sarr-est-le-deuxieme-choix-de-la-draft-2024\/\" \/>\n<meta property=\"og:site_name\" content=\"The Playoffs FR\" \/>\n<meta property=\"article:publisher\" content=\"https:\/\/www.facebook.com\/TheFreeAgentFR\/\" \/>\n<meta property=\"article:modified_time\" content=\"2024-06-27T03:32:29+02:00\" \/>\n<meta property=\"og:image\" content=\"https:\/\/theplayoffs.news\/fr\/wp-content\/uploads\/2024\/06\/USATSI_23630084.jpg\" \/>\n\t<meta property=\"og:image:width\" content=\"1920\" \/>\n\t<meta property=\"og:image:height\" content=\"1280\" \/>\n\t<meta property=\"og:image:type\" content=\"image\/jpeg\" \/>\n<meta name=\"author\" content=\"Alexandre Gomes\" \/>\n<meta name=\"twitter:card\" content=\"summary_large_image\" \/>\n<meta name=\"twitter:creator\" content=\"@TheFreeAgentFR\" \/>\n<meta name=\"twitter:site\" content=\"@TheFreeAgentFR\" \/>\n<meta name=\"twitter:label1\" content=\"\u00c9crit par\" \/>\n\t<meta name=\"twitter:data1\" content=\"Alexandre Gomes\" \/>\n\t<meta name=\"twitter:label2\" content=\"Dur\u00e9e de lecture estim\u00e9e\" \/>\n\t<meta name=\"twitter:data2\" content=\"1 minute\" \/>\n<script type=\"application\/ld+json\" class=\"yoast-schema-graph\">{\"@context\":\"https:\/\/schema.org\",\"@graph\":[{\"@type\":\"WebPage\",\"@id\":\"https:\/\/theplayoffs.news\/fr\/actualite-nba\/alexandre-sarr-est-le-deuxieme-choix-de-la-draft-2024\/\",\"url\":\"https:\/\/theplayoffs.news\/fr\/actualite-nba\/alexandre-sarr-est-le-deuxieme-choix-de-la-draft-2024\/\",\"name\":\"Alexandre Sarr est le deuxi\u00e8me choix de la Draft 2024 - The Playoffs FR\",\"isPartOf\":{\"@id\":\"https:\/\/theplayoffs.news\/fr\/#website\"},\"primaryImageOfPage\":{\"@id\":\"https:\/\/theplayoffs.news\/fr\/actualite-nba\/alexandre-sarr-est-le-deuxieme-choix-de-la-draft-2024\/#primaryimage\"},\"image\":{\"@id\":\"https:\/\/theplayoffs.news\/fr\/actualite-nba\/alexandre-sarr-est-le-deuxieme-choix-de-la-draft-2024\/#primaryimage\"},\"thumbnailUrl\":\"https:\/\/theplayoffs.news\/fr\/wp-content\/uploads\/2024\/06\/USATSI_23630084.jpg\",\"datePublished\":\"2024-06-27T01:32:29+00:00\",\"dateModified\":\"2024-06-27T01:32:29+00:00\",\"author\":{\"@id\":\"https:\/\/theplayoffs.news\/fr\/#\/schema\/person\/8271870c7368fee2ff5b2ba615997fff\"},\"breadcrumb\":{\"@id\":\"https:\/\/theplayoffs.news\/fr\/actualite-nba\/alexandre-sarr-est-le-deuxieme-choix-de-la-draft-2024\/#breadcrumb\"},\"inLanguage\":\"fr-FR\",\"potentialAction\":[{\"@type\":\"ReadAction\",\"target\":[\"https:\/\/theplayoffs.news\/fr\/actualite-nba\/alexandre-sarr-est-le-deuxieme-choix-de-la-draft-2024\/\"]}]},{\"@type\":\"ImageObject\",\"inLanguage\":\"fr-FR\",\"@id\":\"https:\/\/theplayoffs.news\/fr\/actualite-nba\/alexandre-sarr-est-le-deuxieme-choix-de-la-draft-2024\/#primaryimage\",\"url\":\"https:\/\/theplayoffs.news\/fr\/wp-content\/uploads\/2024\/06\/USATSI_23630084.jpg\",\"contentUrl\":\"https:\/\/theplayoffs.news\/fr\/wp-content\/uploads\/2024\/06\/USATSI_23630084.jpg\",\"width\":1920,\"height\":1280,\"caption\":\"Jun 26, 2024; Brooklyn, NY, USA; Alexander Sarr poses for photos with NBA commissioner Adam Silver after being selected in the first round by the Washington Wizards in the 2024 NBA Draft at Barclays Center. Mandatory Credit: Brad Penner-USA TODAY Sports\"},{\"@type\":\"BreadcrumbList\",\"@id\":\"https:\/\/theplayoffs.news\/fr\/actualite-nba\/alexandre-sarr-est-le-deuxieme-choix-de-la-draft-2024\/#breadcrumb\",\"itemListElement\":[{\"@type\":\"ListItem\",\"position\":1,\"name\":\"Accueil\",\"item\":\"https:\/\/theplayoffs.news\/fr\/\"},{\"@type\":\"ListItem\",\"position\":2,\"name\":\"Alexandre Sarr est le deuxi\u00e8me choix de la Draft 2024\"}]},{\"@type\":\"WebSite\",\"@id\":\"https:\/\/theplayoffs.news\/fr\/#website\",\"url\":\"https:\/\/theplayoffs.news\/fr\/\",\"name\":\"The Playoffs FR\",\"description\":\"NBA-NFL-NHL-MLB\",\"potentialAction\":[{\"@type\":\"SearchAction\",\"target\":{\"@type\":\"EntryPoint\",\"urlTemplate\":\"https:\/\/theplayoffs.news\/fr\/?s={search_term_string}\"},\"query-input\":{\"@type\":\"PropertyValueSpecification\",\"valueRequired\":true,\"valueName\":\"search_term_string\"}}],\"inLanguage\":\"fr-FR\"},{\"@type\":\"Person\",\"@id\":\"https:\/\/theplayoffs.news\/fr\/#\/schema\/person\/8271870c7368fee2ff5b2ba615997fff\",\"name\":\"Alexandre Gomes\",\"image\":{\"@type\":\"ImageObject\",\"inLanguage\":\"fr-FR\",\"@id\":\"https:\/\/theplayoffs.news\/fr\/#\/schema\/person\/image\/\",\"url\":\"https:\/\/secure.gravatar.com\/avatar\/85734dd9d8139e75eb3558e9d1f8c28873597c2d782b41c9f078bed549b247e9?s=96&d=mm&r=g\",\"contentUrl\":\"https:\/\/secure.gravatar.com\/avatar\/85734dd9d8139e75eb3558e9d1f8c28873597c2d782b41c9f078bed549b247e9?s=96&d=mm&r=g\",\"caption\":\"Alexandre Gomes\"},\"url\":\"https:\/\/theplayoffs.news\/fr\/author\/agomespro93gmail-com\/\"}]}<\/script>\n<!-- \/ Yoast SEO plugin. -->","yoast_head_json":{"title":"Alexandre Sarr est le deuxi&egrave;me choix de la Draft 2024 - The Playoffs FR","robots":{"index":"index","follow":"follow","max-snippet":"max-snippet:-1","max-image-preview":"max-image-preview:large","max-video-preview":"max-video-preview:-1"},"canonical":"https:\/\/theplayoffs.news\/fr\/actualite-nba\/alexandre-sarr-est-le-deuxieme-choix-de-la-draft-2024\/","og_locale":"fr_FR","og_type":"article","og_title":"Alexandre Sarr est le deuxi&egrave;me choix de la Draft 2024 - The Playoffs FR","og_url":"https:\/\/theplayoffs.news\/fr\/actualite-nba\/alexandre-sarr-est-le-deuxieme-choix-de-la-draft-2024\/","og_site_name":"The Playoffs FR","article_publisher":"https:\/\/www.facebook.com\/TheFreeAgentFR\/","og_image":[{"width":1920,"height":1280,"url":"https:\/\/theplayoffs.news\/fr\/wp-content\/uploads\/2024\/06\/USATSI_23630084.jpg","type":"image\/jpeg"}],"author":"Alexandre Gomes","twitter_card":"summary_large_image","twitter_creator":"@TheFreeAgentFR","twitter_site":"@TheFreeAgentFR","twitter_misc":{"\u00c9crit par":"Alexandre Gomes","Dur\u00e9e de lecture estim\u00e9e":"1 minute"},"schema":{"@context":"https:\/\/schema.org","@graph":[{"@type":"WebPage","@id":"https:\/\/theplayoffs.news\/fr\/actualite-nba\/alexandre-sarr-est-le-deuxieme-choix-de-la-draft-2024\/","url":"https:\/\/theplayoffs.news\/fr\/actualite-nba\/alexandre-sarr-est-le-deuxieme-choix-de-la-draft-2024\/","name":"Alexandre Sarr est le deuxi\u00e8me choix de la Draft 2024 - The Playoffs FR","isPartOf":{"@id":"https:\/\/theplayoffs.news\/fr\/#website"},"primaryImageOfPage":{"@id":"https:\/\/theplayoffs.news\/fr\/actualite-nba\/alexandre-sarr-est-le-deuxieme-choix-de-la-draft-2024\/#primaryimage"},"image":{"@id":"https:\/\/theplayoffs.news\/fr\/actualite-nba\/alexandre-sarr-est-le-deuxieme-choix-de-la-draft-2024\/#primaryimage"},"thumbnailUrl":"https:\/\/theplayoffs.news\/fr\/wp-content\/uploads\/2024\/06\/USATSI_23630084.jpg","datePublished":"2024-06-27T01:32:29+00:00","dateModified":"2024-06-27T01:32:29+00:00","author":{"@id":"https:\/\/theplayoffs.news\/fr\/#\/schema\/person\/8271870c7368fee2ff5b2ba615997fff"},"breadcrumb":{"@id":"https:\/\/theplayoffs.news\/fr\/actualite-nba\/alexandre-sarr-est-le-deuxieme-choix-de-la-draft-2024\/#breadcrumb"},"inLanguage":"fr-FR","potentialAction":[{"@type":"ReadAction","target":["https:\/\/theplayoffs.news\/fr\/actualite-nba\/alexandre-sarr-est-le-deuxieme-choix-de-la-draft-2024\/"]}]},{"@type":"ImageObject","inLanguage":"fr-FR","@id":"https:\/\/theplayoffs.news\/fr\/actualite-nba\/alexandre-sarr-est-le-deuxieme-choix-de-la-draft-2024\/#primaryimage","url":"https:\/\/theplayoffs.news\/fr\/wp-content\/uploads\/2024\/06\/USATSI_23630084.jpg","contentUrl":"https:\/\/theplayoffs.news\/fr\/wp-content\/uploads\/2024\/06\/USATSI_23630084.jpg","width":1920,"height":1280,"caption":"Jun 26, 2024; Brooklyn, NY, USA; Alexander Sarr poses for photos with NBA commissioner Adam Silver after being selected in the first round by the Washington Wizards in the 2024 NBA Draft at Barclays Center. Mandatory Credit: Brad Penner-USA TODAY Sports"},{"@type":"BreadcrumbList","@id":"https:\/\/theplayoffs.news\/fr\/actualite-nba\/alexandre-sarr-est-le-deuxieme-choix-de-la-draft-2024\/#breadcrumb","itemListElement":[{"@type":"ListItem","position":1,"name":"Accueil","item":"https:\/\/theplayoffs.news\/fr\/"},{"@type":"ListItem","position":2,"name":"Alexandre Sarr est le deuxi\u00e8me choix de la Draft 2024"}]},{"@type":"WebSite","@id":"https:\/\/theplayoffs.news\/fr\/#website","url":"https:\/\/theplayoffs.news\/fr\/","name":"The Playoffs FR","description":"NBA-NFL-NHL-MLB","potentialAction":[{"@type":"SearchAction","target":{"@type":"EntryPoint","urlTemplate":"https:\/\/theplayoffs.news\/fr\/?s={search_term_string}"},"query-input":{"@type":"PropertyValueSpecification","valueRequired":true,"valueName":"search_term_string"}}],"inLanguage":"fr-FR"},{"@type":"Person","@id":"https:\/\/theplayoffs.news\/fr\/#\/schema\/person\/8271870c7368fee2ff5b2ba615997fff","name":"Alexandre Gomes","image":{"@type":"ImageObject","inLanguage":"fr-FR","@id":"https:\/\/theplayoffs.news\/fr\/#\/schema\/person\/image\/","url":"https:\/\/secure.gravatar.com\/avatar\/85734dd9d8139e75eb3558e9d1f8c28873597c2d782b41c9f078bed549b247e9?s=96&d=mm&r=g","contentUrl":"https:\/\/secure.gravatar.com\/avatar\/85734dd9d8139e75eb3558e9d1f8c28873597c2d782b41c9f078bed549b247e9?s=96&d=mm&r=g","caption":"Alexandre Gomes"},"url":"https:\/\/theplayoffs.news\/fr\/author\/agomespro93gmail-com\/"}]}},"_links":{"self":[{"href":"https:\/\/theplayoffs.news\/fr\/wp-json\/wp\/v2\/posts\/1440687","targetHints":{"allow":["GET"]}}],"collection":[{"href":"https:\/\/theplayoffs.news\/fr\/wp-json\/wp\/v2\/posts"}],"about":[{"href":"https:\/\/theplayoffs.news\/fr\/wp-json\/wp\/v2\/types\/post"}],"author":[{"embeddable":true,"href":"https:\/\/theplayoffs.news\/fr\/wp-json\/wp\/v2\/users\/180310234"}],"replies":[{"embeddable":true,"href":"https:\/\/theplayoffs.news\/fr\/wp-json\/wp\/v2\/comments?post=1440687"}],"version-history":[{"count":2,"href":"https:\/\/theplayoffs.news\/fr\/wp-json\/wp\/v2\/posts\/1440687\/revisions"}],"predecessor-version":[{"id":1440691,"href":"https:\/\/theplayoffs.news\/fr\/wp-json\/wp\/v2\/posts\/1440687\/revisions\/1440691"}],"wp:featuredmedia":[{"embeddable":true,"href":"https:\/\/theplayoffs.news\/fr\/wp-json\/wp\/v2\/media\/1440688"}],"wp:attachment":[{"href":"https:\/\/theplayoffs.news\/fr\/wp-json\/wp\/v2\/media?parent=1440687"}],"wp:term":[{"taxonomy":"category","embeddable":true,"href":"https:\/\/theplayoffs.news\/fr\/wp-json\/wp\/v2\/categories?post=1440687"},{"taxonomy":"post_tag","embeddable":true,"href":"https:\/\/theplayoffs.news\/fr\/wp-json\/wp\/v2\/tags?post=1440687"},{"taxonomy":"sport","embeddable":true,"href":"https:\/\/theplayoffs.news\/fr\/wp-json\/wp\/v2\/sport?post=1440687"},{"taxonomy":"saison","embeddable":true,"href":"https:\/\/theplayoffs.news\/fr\/wp-json\/wp\/v2\/saison?post=1440687"}],"curies":[{"name":"wp","href":"https:\/\/api.w.org\/{rel}","templated":true}]}}