{"id":1440357,"date":"2024-06-25T14:40:23","date_gmt":"2024-06-25T12:40:23","guid":{"rendered":"https:\/\/theplayoffs.news\/fr\/?p=1440357"},"modified":"2024-06-25T14:31:54","modified_gmt":"2024-06-25T12:31:54","slug":"ravens-isaiah-likely-pourrait-etre-associe-a-mark-andrews","status":"publish","type":"post","link":"https:\/\/theplayoffs.news\/fr\/nfl\/ravens-isaiah-likely-pourrait-etre-associe-a-mark-andrews\/","title":{"rendered":"Ravens : Isaiah Likely pourrait \u00eatre associ\u00e9 \u00e0 Mark Andrews"},"content":{"rendered":"<h2>Auteur d&rsquo;une bonne fin de saison, Isaiah Likely devrait gagner du temps de jeu cette saison.<\/h2><p><a href=\"https:\/\/theplayoffs.news\/fr\/joueur\/isaiah-likely-nfl-8722100\/\" class=\"trk-cta-link\" data-cta-trk='{\"ctaType\":\"Link\",\"ctaSubType\":\"main\"}'>Isaiah Likely<\/a> a brillamment su remplacer Mark Andrews en fin de saison derni&egrave;re. Likely a d&ucirc; remplacer Andrews sur les six derniers matchs de la saison, inscrivant cinq touchdowns sur cette p&eacute;riode et cumulant 30 r&eacute;ceptions et 411 yards sur la saison.<\/p><p>Fort de ces prestations, Isaiah Likely ne devrait pas redevenir backup avec le retour de Mark Andrews.<\/p><h3>Vers des formations avec deux tight ends ?<\/h3><p>Pro Football Talk r&eacute;v&egrave;le que Todd Monken, le coordinateur offensif des Ravens, a beaucoup travaill&eacute; avec Isaiah Likely durant l&rsquo;offseason pour trouver de nouvelles fa&ccedil;ons d&rsquo;utiliser Likely.<\/p><p>Ainsi, nous pourrions voir Isaiah Likely comme second TE, comme bloqueur, comme running back et comme receveur.<\/p><blockquote><p>&laquo; Je dois &ecirc;tre une pi&egrave;ce d&rsquo;&eacute;checs, &ecirc;tre n&rsquo;importe o&ugrave; &lsquo;Monk&rsquo; a besoin de moi dans cette attaque &ndash; que ce soit en slot, dans la ligne, dans le backfield ou &eacute;cart&eacute; &raquo;, a d&eacute;clar&eacute; Likely sur <a href=\"https:\/\/www.baltimoreravens.com\/news\/isaiah-likely-baltimore-ravens-offense-receiving-position-tight-end-mark-andrews\" class=\"trk-cta-link\" data-cta-trk='{\"ctaType\":\"Link\",\"ctaSubType\":\"main\"}'>le site Web des Ravens<\/a>.<\/p><\/blockquote><p>L&rsquo;attaque des Ravens &eacute;tait d&eacute;j&agrave; spectaculaire l&rsquo;ann&eacute;e derni&egrave;re. Elle promettait de l&rsquo;&ecirc;tre cette ann&eacute;e avec Derrick Henry. Mais elle pourrait l&rsquo;&ecirc;tre encore plus avec Isaiah Likely jouant le r&ocirc;le de couteau suisse !<\/p><p>&nbsp;<\/p><p>Cr&eacute;dit photo : Mitch Stringer-USA TODAY Sports<\/p>\n","protected":false},"excerpt":{"rendered":"","protected":false},"author":180310250,"featured_media":1440358,"comment_status":"open","ping_status":"closed","sticky":false,"template":"","format":"standard","meta":{"inline_featured_image":false,"kia_subtitle":"","_mux_skip_reasons":[],"proofreadBy":0,"footnotes":""},"categories":[40],"tags":[79,213],"sport":[2785],"saison":[],"class_list":["post-1440357","post","type-post","status-publish","format-standard","has-post-thumbnail","hentry","category-nfl","tag-nfl","tag-ravens","sport-nfl"],"acf":[],"yoast_head":"<!-- This site is optimized with the Yoast SEO plugin v24.2 - https:\/\/yoast.com\/wordpress\/plugins\/seo\/ -->\n<title>Ravens : Isaiah Likely pourrait &ecirc;tre associ&eacute; &agrave; Mark Andrews - The Playoffs FR<\/title>\n<meta name=\"robots\" content=\"index, follow, max-snippet:-1, max-image-preview:large, max-video-preview:-1\" \/>\n<link rel=\"canonical\" href=\"https:\/\/theplayoffs.news\/fr\/nfl\/ravens-isaiah-likely-pourrait-etre-associe-a-mark-andrews\/\" \/>\n<meta property=\"og:locale\" content=\"fr_FR\" \/>\n<meta property=\"og:type\" content=\"article\" \/>\n<meta property=\"og:title\" content=\"Ravens : Isaiah Likely pourrait &ecirc;tre associ&eacute; &agrave; Mark Andrews - The Playoffs FR\" \/>\n<meta property=\"og:url\" content=\"https:\/\/theplayoffs.news\/fr\/nfl\/ravens-isaiah-likely-pourrait-etre-associe-a-mark-andrews\/\" \/>\n<meta property=\"og:site_name\" content=\"The Playoffs FR\" \/>\n<meta property=\"article:publisher\" content=\"https:\/\/www.facebook.com\/TheFreeAgentFR\/\" \/>\n<meta property=\"article:modified_time\" content=\"2024-06-25T14:40:23+02:00\" \/>\n<meta property=\"og:image\" content=\"https:\/\/theplayoffs.news\/fr\/wp-content\/uploads\/2024\/06\/USATSI_22338373.jpg\" \/>\n\t<meta property=\"og:image:width\" content=\"1920\" \/>\n\t<meta property=\"og:image:height\" content=\"1280\" \/>\n\t<meta property=\"og:image:type\" content=\"image\/jpeg\" \/>\n<meta name=\"author\" content=\"Jean Fabre-Jevanoff\" \/>\n<meta name=\"twitter:card\" content=\"summary_large_image\" \/>\n<meta name=\"twitter:creator\" content=\"@the_jfj_42\" \/>\n<meta name=\"twitter:site\" content=\"@TheFreeAgentFR\" \/>\n<meta name=\"twitter:label1\" content=\"\u00c9crit par\" \/>\n\t<meta name=\"twitter:data1\" content=\"Jean Fabre-Jevanoff\" \/>\n\t<meta name=\"twitter:label2\" content=\"Dur\u00e9e de lecture estim\u00e9e\" \/>\n\t<meta name=\"twitter:data2\" content=\"1 minute\" \/>\n<script type=\"application\/ld+json\" class=\"yoast-schema-graph\">{\"@context\":\"https:\/\/schema.org\",\"@graph\":[{\"@type\":\"WebPage\",\"@id\":\"https:\/\/theplayoffs.news\/fr\/nfl\/ravens-isaiah-likely-pourrait-etre-associe-a-mark-andrews\/\",\"url\":\"https:\/\/theplayoffs.news\/fr\/nfl\/ravens-isaiah-likely-pourrait-etre-associe-a-mark-andrews\/\",\"name\":\"Ravens : Isaiah Likely pourrait \u00eatre associ\u00e9 \u00e0 Mark Andrews - The Playoffs FR\",\"isPartOf\":{\"@id\":\"https:\/\/theplayoffs.news\/fr\/#website\"},\"primaryImageOfPage\":{\"@id\":\"https:\/\/theplayoffs.news\/fr\/nfl\/ravens-isaiah-likely-pourrait-etre-associe-a-mark-andrews\/#primaryimage\"},\"image\":{\"@id\":\"https:\/\/theplayoffs.news\/fr\/nfl\/ravens-isaiah-likely-pourrait-etre-associe-a-mark-andrews\/#primaryimage\"},\"thumbnailUrl\":\"https:\/\/theplayoffs.news\/fr\/wp-content\/uploads\/2024\/06\/USATSI_22338373.jpg\",\"datePublished\":\"2024-06-25T12:40:23+00:00\",\"dateModified\":\"2024-06-25T14:40:23+02:00\",\"author\":{\"@id\":\"https:\/\/theplayoffs.news\/fr\/#\/schema\/person\/1ea25b88e79fe4fabd657430b0013d3d\"},\"breadcrumb\":{\"@id\":\"https:\/\/theplayoffs.news\/fr\/nfl\/ravens-isaiah-likely-pourrait-etre-associe-a-mark-andrews\/#breadcrumb\"},\"inLanguage\":\"fr-FR\",\"potentialAction\":[{\"@type\":\"ReadAction\",\"target\":[\"https:\/\/theplayoffs.news\/fr\/nfl\/ravens-isaiah-likely-pourrait-etre-associe-a-mark-andrews\/\"]}]},{\"@type\":\"ImageObject\",\"inLanguage\":\"fr-FR\",\"@id\":\"https:\/\/theplayoffs.news\/fr\/nfl\/ravens-isaiah-likely-pourrait-etre-associe-a-mark-andrews\/#primaryimage\",\"url\":\"https:\/\/theplayoffs.news\/fr\/wp-content\/uploads\/2024\/06\/USATSI_22338373.jpg\",\"contentUrl\":\"https:\/\/theplayoffs.news\/fr\/wp-content\/uploads\/2024\/06\/USATSI_22338373.jpg\",\"width\":1920,\"height\":1280,\"caption\":\"Jan 20, 2024; Baltimore, MD, USA; Baltimore Ravens tight end Isaiah Likely (80) runs the ball against Houston Texans cornerback Desmond King II (25) during the third quarter of a 2024 AFC divisional round game at M&amp;T Bank Stadium. Mandatory Credit: Mitch Stringer-USA TODAY Sports\"},{\"@type\":\"BreadcrumbList\",\"@id\":\"https:\/\/theplayoffs.news\/fr\/nfl\/ravens-isaiah-likely-pourrait-etre-associe-a-mark-andrews\/#breadcrumb\",\"itemListElement\":[{\"@type\":\"ListItem\",\"position\":1,\"name\":\"Accueil\",\"item\":\"https:\/\/theplayoffs.news\/fr\/\"},{\"@type\":\"ListItem\",\"position\":2,\"name\":\"Ravens : Isaiah Likely pourrait \u00eatre associ\u00e9 \u00e0 Mark Andrews\"}]},{\"@type\":\"WebSite\",\"@id\":\"https:\/\/theplayoffs.news\/fr\/#website\",\"url\":\"https:\/\/theplayoffs.news\/fr\/\",\"name\":\"The Playoffs FR\",\"description\":\"NBA-NFL-NHL-MLB\",\"potentialAction\":[{\"@type\":\"SearchAction\",\"target\":{\"@type\":\"EntryPoint\",\"urlTemplate\":\"https:\/\/theplayoffs.news\/fr\/?s={search_term_string}\"},\"query-input\":{\"@type\":\"PropertyValueSpecification\",\"valueRequired\":true,\"valueName\":\"search_term_string\"}}],\"inLanguage\":\"fr-FR\"},{\"@type\":\"Person\",\"@id\":\"https:\/\/theplayoffs.news\/fr\/#\/schema\/person\/1ea25b88e79fe4fabd657430b0013d3d\",\"name\":\"Jean Fabre-Jevanoff\",\"image\":{\"@type\":\"ImageObject\",\"inLanguage\":\"fr-FR\",\"@id\":\"https:\/\/theplayoffs.news\/fr\/#\/schema\/person\/image\/\",\"url\":\"https:\/\/secure.gravatar.com\/avatar\/18b28dab1159eebc6a17b9787eb8cbbe3242c3d0e8b53b89332f6dc1133aa361?s=96&d=mm&r=g\",\"contentUrl\":\"https:\/\/secure.gravatar.com\/avatar\/18b28dab1159eebc6a17b9787eb8cbbe3242c3d0e8b53b89332f6dc1133aa361?s=96&d=mm&r=g\",\"caption\":\"Jean Fabre-Jevanoff\"},\"description\":\"Journaliste polyvalent sur le football am\u00e9ricain, j\u2019\u00e9cris aussi des articles sur le basket. Commentateur sur Twitch et sur YouTube. Pass\u00e9 par Eurosport notamment. Un mix d\u2019Eminem et de OBJ, fan inconditionnel de Patrick Mahomes et Lebron James\",\"sameAs\":[\"https:\/\/www.instagram.com\/_juaniitooo_\",\"https:\/\/www.linkedin.com\/in\/jean-fabre-jevanoff-84bb9b1a9\/\",\"https:\/\/x.com\/the_jfj_42\"],\"url\":\"https:\/\/theplayoffs.news\/fr\/author\/jeanfj42gmail-com\/\"}]}<\/script>\n<!-- \/ Yoast SEO plugin. -->","yoast_head_json":{"title":"Ravens : Isaiah Likely pourrait &ecirc;tre associ&eacute; &agrave; Mark Andrews - The Playoffs FR","robots":{"index":"index","follow":"follow","max-snippet":"max-snippet:-1","max-image-preview":"max-image-preview:large","max-video-preview":"max-video-preview:-1"},"canonical":"https:\/\/theplayoffs.news\/fr\/nfl\/ravens-isaiah-likely-pourrait-etre-associe-a-mark-andrews\/","og_locale":"fr_FR","og_type":"article","og_title":"Ravens : Isaiah Likely pourrait &ecirc;tre associ&eacute; &agrave; Mark Andrews - The Playoffs FR","og_url":"https:\/\/theplayoffs.news\/fr\/nfl\/ravens-isaiah-likely-pourrait-etre-associe-a-mark-andrews\/","og_site_name":"The Playoffs FR","article_publisher":"https:\/\/www.facebook.com\/TheFreeAgentFR\/","article_modified_time":"2024-06-25T12:31:54+00:00","og_image":[{"width":1920,"height":1280,"url":"https:\/\/theplayoffs.news\/fr\/wp-content\/uploads\/2024\/06\/USATSI_22338373.jpg","type":"image\/jpeg"}],"author":"Jean Fabre-Jevanoff","twitter_card":"summary_large_image","twitter_creator":"@the_jfj_42","twitter_site":"@TheFreeAgentFR","twitter_misc":{"\u00c9crit par":"Jean Fabre-Jevanoff","Dur\u00e9e de lecture estim\u00e9e":"1 minute"},"schema":{"@context":"https:\/\/schema.org","@graph":[{"@type":"WebPage","@id":"https:\/\/theplayoffs.news\/fr\/nfl\/ravens-isaiah-likely-pourrait-etre-associe-a-mark-andrews\/","url":"https:\/\/theplayoffs.news\/fr\/nfl\/ravens-isaiah-likely-pourrait-etre-associe-a-mark-andrews\/","name":"Ravens : Isaiah Likely pourrait \u00eatre associ\u00e9 \u00e0 Mark Andrews - The Playoffs FR","isPartOf":{"@id":"https:\/\/theplayoffs.news\/fr\/#website"},"primaryImageOfPage":{"@id":"https:\/\/theplayoffs.news\/fr\/nfl\/ravens-isaiah-likely-pourrait-etre-associe-a-mark-andrews\/#primaryimage"},"image":{"@id":"https:\/\/theplayoffs.news\/fr\/nfl\/ravens-isaiah-likely-pourrait-etre-associe-a-mark-andrews\/#primaryimage"},"thumbnailUrl":"https:\/\/theplayoffs.news\/fr\/wp-content\/uploads\/2024\/06\/USATSI_22338373.jpg","datePublished":"2024-06-25T12:40:23+00:00","dateModified":"2024-06-25T14:40:23+02:00","author":{"@id":"https:\/\/theplayoffs.news\/fr\/#\/schema\/person\/1ea25b88e79fe4fabd657430b0013d3d"},"breadcrumb":{"@id":"https:\/\/theplayoffs.news\/fr\/nfl\/ravens-isaiah-likely-pourrait-etre-associe-a-mark-andrews\/#breadcrumb"},"inLanguage":"fr-FR","potentialAction":[{"@type":"ReadAction","target":["https:\/\/theplayoffs.news\/fr\/nfl\/ravens-isaiah-likely-pourrait-etre-associe-a-mark-andrews\/"]}]},{"@type":"ImageObject","inLanguage":"fr-FR","@id":"https:\/\/theplayoffs.news\/fr\/nfl\/ravens-isaiah-likely-pourrait-etre-associe-a-mark-andrews\/#primaryimage","url":"https:\/\/theplayoffs.news\/fr\/wp-content\/uploads\/2024\/06\/USATSI_22338373.jpg","contentUrl":"https:\/\/theplayoffs.news\/fr\/wp-content\/uploads\/2024\/06\/USATSI_22338373.jpg","width":1920,"height":1280,"caption":"Jan 20, 2024; Baltimore, MD, USA; Baltimore Ravens tight end Isaiah Likely (80) runs the ball against Houston Texans cornerback Desmond King II (25) during the third quarter of a 2024 AFC divisional round game at M&amp;T Bank Stadium. Mandatory Credit: Mitch Stringer-USA TODAY Sports"},{"@type":"BreadcrumbList","@id":"https:\/\/theplayoffs.news\/fr\/nfl\/ravens-isaiah-likely-pourrait-etre-associe-a-mark-andrews\/#breadcrumb","itemListElement":[{"@type":"ListItem","position":1,"name":"Accueil","item":"https:\/\/theplayoffs.news\/fr\/"},{"@type":"ListItem","position":2,"name":"Ravens : Isaiah Likely pourrait \u00eatre associ\u00e9 \u00e0 Mark Andrews"}]},{"@type":"WebSite","@id":"https:\/\/theplayoffs.news\/fr\/#website","url":"https:\/\/theplayoffs.news\/fr\/","name":"The Playoffs FR","description":"NBA-NFL-NHL-MLB","potentialAction":[{"@type":"SearchAction","target":{"@type":"EntryPoint","urlTemplate":"https:\/\/theplayoffs.news\/fr\/?s={search_term_string}"},"query-input":{"@type":"PropertyValueSpecification","valueRequired":true,"valueName":"search_term_string"}}],"inLanguage":"fr-FR"},{"@type":"Person","@id":"https:\/\/theplayoffs.news\/fr\/#\/schema\/person\/1ea25b88e79fe4fabd657430b0013d3d","name":"Jean Fabre-Jevanoff","image":{"@type":"ImageObject","inLanguage":"fr-FR","@id":"https:\/\/theplayoffs.news\/fr\/#\/schema\/person\/image\/","url":"https:\/\/secure.gravatar.com\/avatar\/18b28dab1159eebc6a17b9787eb8cbbe3242c3d0e8b53b89332f6dc1133aa361?s=96&d=mm&r=g","contentUrl":"https:\/\/secure.gravatar.com\/avatar\/18b28dab1159eebc6a17b9787eb8cbbe3242c3d0e8b53b89332f6dc1133aa361?s=96&d=mm&r=g","caption":"Jean Fabre-Jevanoff"},"description":"Journaliste polyvalent sur le football am\u00e9ricain, j\u2019\u00e9cris aussi des articles sur le basket. Commentateur sur Twitch et sur YouTube. Pass\u00e9 par Eurosport notamment. Un mix d\u2019Eminem et de OBJ, fan inconditionnel de Patrick Mahomes et Lebron James","sameAs":["https:\/\/www.instagram.com\/_juaniitooo_","https:\/\/www.linkedin.com\/in\/jean-fabre-jevanoff-84bb9b1a9\/","https:\/\/x.com\/the_jfj_42"],"url":"https:\/\/theplayoffs.news\/fr\/author\/jeanfj42gmail-com\/"}]}},"_links":{"self":[{"href":"https:\/\/theplayoffs.news\/fr\/wp-json\/wp\/v2\/posts\/1440357","targetHints":{"allow":["GET"]}}],"collection":[{"href":"https:\/\/theplayoffs.news\/fr\/wp-json\/wp\/v2\/posts"}],"about":[{"href":"https:\/\/theplayoffs.news\/fr\/wp-json\/wp\/v2\/types\/post"}],"author":[{"embeddable":true,"href":"https:\/\/theplayoffs.news\/fr\/wp-json\/wp\/v2\/users\/180310250"}],"replies":[{"embeddable":true,"href":"https:\/\/theplayoffs.news\/fr\/wp-json\/wp\/v2\/comments?post=1440357"}],"version-history":[{"count":2,"href":"https:\/\/theplayoffs.news\/fr\/wp-json\/wp\/v2\/posts\/1440357\/revisions"}],"predecessor-version":[{"id":1440360,"href":"https:\/\/theplayoffs.news\/fr\/wp-json\/wp\/v2\/posts\/1440357\/revisions\/1440360"}],"wp:featuredmedia":[{"embeddable":true,"href":"https:\/\/theplayoffs.news\/fr\/wp-json\/wp\/v2\/media\/1440358"}],"wp:attachment":[{"href":"https:\/\/theplayoffs.news\/fr\/wp-json\/wp\/v2\/media?parent=1440357"}],"wp:term":[{"taxonomy":"category","embeddable":true,"href":"https:\/\/theplayoffs.news\/fr\/wp-json\/wp\/v2\/categories?post=1440357"},{"taxonomy":"post_tag","embeddable":true,"href":"https:\/\/theplayoffs.news\/fr\/wp-json\/wp\/v2\/tags?post=1440357"},{"taxonomy":"sport","embeddable":true,"href":"https:\/\/theplayoffs.news\/fr\/wp-json\/wp\/v2\/sport?post=1440357"},{"taxonomy":"saison","embeddable":true,"href":"https:\/\/theplayoffs.news\/fr\/wp-json\/wp\/v2\/saison?post=1440357"}],"curies":[{"name":"wp","href":"https:\/\/api.w.org\/{rel}","templated":true}]}}