{"id":1440331,"date":"2024-06-25T12:59:10","date_gmt":"2024-06-25T10:59:10","guid":{"rendered":"https:\/\/theplayoffs.news\/fr\/?p=1440331"},"modified":"2024-06-25T12:59:10","modified_gmt":"2024-06-25T10:59:10","slug":"fernando-tatis-jr-place-sur-la-liste-des-blesses","status":"publish","type":"post","link":"https:\/\/theplayoffs.news\/fr\/actualite-mlb\/fernando-tatis-jr-place-sur-la-liste-des-blesses\/","title":{"rendered":"Fernando Tatis Jr plac\u00e9 sur la liste des bless\u00e9s"},"content":{"rendered":"<h2 class=\"p1\">Le joueur vedette des Padres de San Diego, Fernando Tatis Jr., est confront&eacute; &agrave; un revers significatif alors qu&rsquo;il souffre d&rsquo;une r&eacute;action de stress dans son os de la cuisse droite.<\/h2><p class=\"p1\">La blessure, qui l&rsquo;a tourment&eacute; tout au long de la saison, l&rsquo;a maintenant plac&eacute; sur la liste des bless&eacute;s de 10 jours, et son retour est incertain, pouvant potentiellement s&rsquo;&eacute;tendre au-del&agrave; du All-Star Game.<\/p><p class=\"p1\">Fernando Tatis Jr, qui a &eacute;t&eacute; un joueur essentiel pour les Padres, menant l&rsquo;&eacute;quipe avec 14 home run, a exprim&eacute; ses inqui&eacute;tudes quant &agrave; la gravit&eacute; de la blessure.<\/p><blockquote>\n<p class=\"p1\">&ldquo;C&rsquo;est un grand foss&eacute;,&rdquo; <a href=\"https:\/\/www.espn.com\/mlb\/story\/_\/id\/40424506\/padres-place-outfielder-fernando-tatis-jr-10-day-il\" class=\"trk-cta-link\" data-cta-trk='{\"ctaType\":\"Link\",\"ctaSubType\":\"main\"}'>a d&eacute;clar&eacute; Tatis en parlant de l&rsquo;incertitude quant &agrave; son retour<\/a>. &ldquo;Je ne veux pas mettre une date parce que les gens vont attendre des choses. Mais &ccedil;a va prendre du temps. Nous savons qu&rsquo;avec les bons soins, nous visons apr&egrave;s le Match des &eacute;toiles, mais nous parlons de quelque chose de s&eacute;rieux dans mon os, dans ma jambe droite.&rdquo;<\/p>\n<\/blockquote><p class=\"p1\">La d&eacute;cision de placer <a href=\"https:\/\/theplayoffs.news\/fr\/joueur\/fernando-tatis-jr-mlb-71966\/\" class=\"trk-cta-link\" data-cta-trk='{\"ctaType\":\"Link\",\"ctaSubType\":\"main\"}'><strong>Fernando Tatis Jr<\/strong><\/a> sur la liste des bless&eacute;s est survenue apr&egrave;s que des images ont r&eacute;v&eacute;l&eacute; la r&eacute;action de stress dans son f&eacute;mur, une d&eacute;couverte faite il y a seulement quelques jours. Malgr&eacute; le fait qu&rsquo;il ait initialement jou&eacute; malgr&eacute; la douleur, Tatis et le personnel m&eacute;dical de l&rsquo;&eacute;quipe ont conclu que le repos &eacute;tait essentiel pour &eacute;viter d&rsquo;autres dommages.<\/p><blockquote>\n<p class=\"p1\">&ldquo;&Ccedil;a peut empirer, et nous ne voulons pas &ccedil;a,&rdquo; a soulign&eacute; Tatis. &ldquo;Les m&eacute;decins ont recommand&eacute; de gu&eacute;rir maintenant pour que &ccedil;a ne s&rsquo;aggrave pas. C&rsquo;est tout simplement mieux ainsi.&rdquo;<\/p>\n<\/blockquote><p class=\"p1\">L&rsquo;&eacute;quipe a &eacute;galement subi un autre coup dur puisque le lanceur Yu Darvish souffre d&rsquo;une inflammation du coude et ne d&eacute;butera pas le prochain match contre les Nationals. &Agrave; sa place, le recrue Adam Mazur a &eacute;t&eacute; rappel&eacute; de Triple-A&nbsp; &agrave; El Paso.<\/p><p>&nbsp;<\/p><p>Credit Photo : Orlando Ramirez-USA TODAY Sports<\/p>\n","protected":false},"excerpt":{"rendered":"","protected":false},"author":13,"featured_media":1440332,"comment_status":"open","ping_status":"closed","sticky":false,"template":"","format":"standard","meta":{"inline_featured_image":false,"kia_subtitle":"","_mux_skip_reasons":[],"proofreadBy":0,"footnotes":""},"categories":[188,9],"tags":[853,465],"sport":[],"saison":[],"class_list":["post-1440331","post","type-post","status-publish","format-standard","has-post-thumbnail","hentry","category-actualite-mlb","category-mlb","tag-fernando-tatis-jr","tag-san-diego-padres"],"acf":[],"yoast_head":"<!-- This site is optimized with the Yoast SEO plugin v24.2 - https:\/\/yoast.com\/wordpress\/plugins\/seo\/ -->\n<title>Fernando Tatis Jr plac&eacute; sur la liste des bless&eacute;s - The Playoffs FR<\/title>\n<meta name=\"robots\" content=\"index, follow, max-snippet:-1, max-image-preview:large, max-video-preview:-1\" \/>\n<link rel=\"canonical\" href=\"https:\/\/theplayoffs.news\/fr\/actualite-mlb\/fernando-tatis-jr-place-sur-la-liste-des-blesses\/\" \/>\n<meta property=\"og:locale\" content=\"fr_FR\" \/>\n<meta property=\"og:type\" content=\"article\" \/>\n<meta property=\"og:title\" content=\"Fernando Tatis Jr plac&eacute; sur la liste des bless&eacute;s - The Playoffs FR\" \/>\n<meta property=\"og:url\" content=\"https:\/\/theplayoffs.news\/fr\/actualite-mlb\/fernando-tatis-jr-place-sur-la-liste-des-blesses\/\" \/>\n<meta property=\"og:site_name\" content=\"The Playoffs FR\" \/>\n<meta property=\"article:publisher\" content=\"https:\/\/www.facebook.com\/TheFreeAgentFR\/\" \/>\n<meta property=\"article:modified_time\" content=\"2024-06-25T12:59:10+02:00\" \/>\n<meta property=\"og:image\" content=\"https:\/\/theplayoffs.news\/fr\/wp-content\/uploads\/2024\/06\/USATSI_23597151.jpg\" \/>\n\t<meta property=\"og:image:width\" content=\"1920\" \/>\n\t<meta property=\"og:image:height\" content=\"1280\" \/>\n\t<meta property=\"og:image:type\" content=\"image\/jpeg\" \/>\n<meta name=\"author\" content=\"Charles Taudin\" \/>\n<meta name=\"twitter:card\" content=\"summary_large_image\" \/>\n<meta name=\"twitter:creator\" content=\"@TheFreeAgentFR\" \/>\n<meta name=\"twitter:site\" content=\"@TheFreeAgentFR\" \/>\n<meta name=\"twitter:label1\" content=\"\u00c9crit par\" \/>\n\t<meta name=\"twitter:data1\" content=\"Charles Taudin\" \/>\n\t<meta name=\"twitter:label2\" content=\"Dur\u00e9e de lecture estim\u00e9e\" \/>\n\t<meta name=\"twitter:data2\" content=\"2 minutes\" \/>\n<script type=\"application\/ld+json\" class=\"yoast-schema-graph\">{\"@context\":\"https:\/\/schema.org\",\"@graph\":[{\"@type\":\"WebPage\",\"@id\":\"https:\/\/theplayoffs.news\/fr\/actualite-mlb\/fernando-tatis-jr-place-sur-la-liste-des-blesses\/\",\"url\":\"https:\/\/theplayoffs.news\/fr\/actualite-mlb\/fernando-tatis-jr-place-sur-la-liste-des-blesses\/\",\"name\":\"Fernando Tatis Jr plac\u00e9 sur la liste des bless\u00e9s - The Playoffs FR\",\"isPartOf\":{\"@id\":\"https:\/\/theplayoffs.news\/fr\/#website\"},\"primaryImageOfPage\":{\"@id\":\"https:\/\/theplayoffs.news\/fr\/actualite-mlb\/fernando-tatis-jr-place-sur-la-liste-des-blesses\/#primaryimage\"},\"image\":{\"@id\":\"https:\/\/theplayoffs.news\/fr\/actualite-mlb\/fernando-tatis-jr-place-sur-la-liste-des-blesses\/#primaryimage\"},\"thumbnailUrl\":\"https:\/\/theplayoffs.news\/fr\/wp-content\/uploads\/2024\/06\/USATSI_23597151.jpg\",\"datePublished\":\"2024-06-25T10:59:10+00:00\",\"dateModified\":\"2024-06-25T10:59:10+00:00\",\"author\":{\"@id\":\"https:\/\/theplayoffs.news\/fr\/#\/schema\/person\/eee5b69ad5d3c51cabe881c839dbe133\"},\"breadcrumb\":{\"@id\":\"https:\/\/theplayoffs.news\/fr\/actualite-mlb\/fernando-tatis-jr-place-sur-la-liste-des-blesses\/#breadcrumb\"},\"inLanguage\":\"fr-FR\",\"potentialAction\":[{\"@type\":\"ReadAction\",\"target\":[\"https:\/\/theplayoffs.news\/fr\/actualite-mlb\/fernando-tatis-jr-place-sur-la-liste-des-blesses\/\"]}]},{\"@type\":\"ImageObject\",\"inLanguage\":\"fr-FR\",\"@id\":\"https:\/\/theplayoffs.news\/fr\/actualite-mlb\/fernando-tatis-jr-place-sur-la-liste-des-blesses\/#primaryimage\",\"url\":\"https:\/\/theplayoffs.news\/fr\/wp-content\/uploads\/2024\/06\/USATSI_23597151.jpg\",\"contentUrl\":\"https:\/\/theplayoffs.news\/fr\/wp-content\/uploads\/2024\/06\/USATSI_23597151.jpg\",\"width\":1920,\"height\":1280,\"caption\":\"Jun 21, 2024; San Diego, California, USA; San Diego Padres right fielder Fernando Tatis Jr. (23) jogs to first base after being hit by a pitch during the third inning against the Milwaukee Brewers at Petco Park. Mandatory Credit: Orlando Ramirez-USA TODAY Sports\"},{\"@type\":\"BreadcrumbList\",\"@id\":\"https:\/\/theplayoffs.news\/fr\/actualite-mlb\/fernando-tatis-jr-place-sur-la-liste-des-blesses\/#breadcrumb\",\"itemListElement\":[{\"@type\":\"ListItem\",\"position\":1,\"name\":\"Accueil\",\"item\":\"https:\/\/theplayoffs.news\/fr\/\"},{\"@type\":\"ListItem\",\"position\":2,\"name\":\"Fernando Tatis Jr plac\u00e9 sur la liste des bless\u00e9s\"}]},{\"@type\":\"WebSite\",\"@id\":\"https:\/\/theplayoffs.news\/fr\/#website\",\"url\":\"https:\/\/theplayoffs.news\/fr\/\",\"name\":\"The Playoffs FR\",\"description\":\"NBA-NFL-NHL-MLB\",\"potentialAction\":[{\"@type\":\"SearchAction\",\"target\":{\"@type\":\"EntryPoint\",\"urlTemplate\":\"https:\/\/theplayoffs.news\/fr\/?s={search_term_string}\"},\"query-input\":{\"@type\":\"PropertyValueSpecification\",\"valueRequired\":true,\"valueName\":\"search_term_string\"}}],\"inLanguage\":\"fr-FR\"},{\"@type\":\"Person\",\"@id\":\"https:\/\/theplayoffs.news\/fr\/#\/schema\/person\/eee5b69ad5d3c51cabe881c839dbe133\",\"name\":\"Charles Taudin\",\"image\":{\"@type\":\"ImageObject\",\"inLanguage\":\"fr-FR\",\"@id\":\"https:\/\/theplayoffs.news\/fr\/#\/schema\/person\/image\/\",\"url\":\"https:\/\/secure.gravatar.com\/avatar\/59a1e772205ce9fd255edfcafc93013736822e20261f294c5753b20c41ede9f2?s=96&d=mm&r=g\",\"contentUrl\":\"https:\/\/secure.gravatar.com\/avatar\/59a1e772205ce9fd255edfcafc93013736822e20261f294c5753b20c41ede9f2?s=96&d=mm&r=g\",\"caption\":\"Charles Taudin\"},\"description\":\"R\u00e9dacteur en chef global de The Playoffs, j\u2019ai cr\u00e9\u00e9 The Free Agent, devenu The Playoffs FR, en 2020 durant la pand\u00e9mie. Amoureux depuis des ann\u00e9es des 4 sports majeurs am\u00e9ricains, j\u2019organise maintenant la strat\u00e9gie \u00e9ditoriale et les r\u00e9seaux sociaux de l\u2019ensemble des versions de The Playoffs. Il m\u2019arrive encore d\u2019\u00e9crire sur certains sports que j\u2019affectionne particuli\u00e8rement comme la NFL ou la MLB. Si vous devez retenir qu\u2019une chose : Eli Manning est le vrai GOAT pour avoir battu deux fois Tom Brady.\",\"sameAs\":[\"https:\/\/www.instagram.com\/ctaudin_\/\"],\"url\":\"https:\/\/theplayoffs.news\/fr\/author\/charles-taudin\/\"}]}<\/script>\n<!-- \/ Yoast SEO plugin. -->","yoast_head_json":{"title":"Fernando Tatis Jr plac&eacute; sur la liste des bless&eacute;s - The Playoffs FR","robots":{"index":"index","follow":"follow","max-snippet":"max-snippet:-1","max-image-preview":"max-image-preview:large","max-video-preview":"max-video-preview:-1"},"canonical":"https:\/\/theplayoffs.news\/fr\/actualite-mlb\/fernando-tatis-jr-place-sur-la-liste-des-blesses\/","og_locale":"fr_FR","og_type":"article","og_title":"Fernando Tatis Jr plac&eacute; sur la liste des bless&eacute;s - The Playoffs FR","og_url":"https:\/\/theplayoffs.news\/fr\/actualite-mlb\/fernando-tatis-jr-place-sur-la-liste-des-blesses\/","og_site_name":"The Playoffs FR","article_publisher":"https:\/\/www.facebook.com\/TheFreeAgentFR\/","og_image":[{"width":1920,"height":1280,"url":"https:\/\/theplayoffs.news\/fr\/wp-content\/uploads\/2024\/06\/USATSI_23597151.jpg","type":"image\/jpeg"}],"author":"Charles Taudin","twitter_card":"summary_large_image","twitter_creator":"@TheFreeAgentFR","twitter_site":"@TheFreeAgentFR","twitter_misc":{"\u00c9crit par":"Charles Taudin","Dur\u00e9e de lecture estim\u00e9e":"2 minutes"},"schema":{"@context":"https:\/\/schema.org","@graph":[{"@type":"WebPage","@id":"https:\/\/theplayoffs.news\/fr\/actualite-mlb\/fernando-tatis-jr-place-sur-la-liste-des-blesses\/","url":"https:\/\/theplayoffs.news\/fr\/actualite-mlb\/fernando-tatis-jr-place-sur-la-liste-des-blesses\/","name":"Fernando Tatis Jr plac\u00e9 sur la liste des bless\u00e9s - The Playoffs FR","isPartOf":{"@id":"https:\/\/theplayoffs.news\/fr\/#website"},"primaryImageOfPage":{"@id":"https:\/\/theplayoffs.news\/fr\/actualite-mlb\/fernando-tatis-jr-place-sur-la-liste-des-blesses\/#primaryimage"},"image":{"@id":"https:\/\/theplayoffs.news\/fr\/actualite-mlb\/fernando-tatis-jr-place-sur-la-liste-des-blesses\/#primaryimage"},"thumbnailUrl":"https:\/\/theplayoffs.news\/fr\/wp-content\/uploads\/2024\/06\/USATSI_23597151.jpg","datePublished":"2024-06-25T10:59:10+00:00","dateModified":"2024-06-25T10:59:10+00:00","author":{"@id":"https:\/\/theplayoffs.news\/fr\/#\/schema\/person\/eee5b69ad5d3c51cabe881c839dbe133"},"breadcrumb":{"@id":"https:\/\/theplayoffs.news\/fr\/actualite-mlb\/fernando-tatis-jr-place-sur-la-liste-des-blesses\/#breadcrumb"},"inLanguage":"fr-FR","potentialAction":[{"@type":"ReadAction","target":["https:\/\/theplayoffs.news\/fr\/actualite-mlb\/fernando-tatis-jr-place-sur-la-liste-des-blesses\/"]}]},{"@type":"ImageObject","inLanguage":"fr-FR","@id":"https:\/\/theplayoffs.news\/fr\/actualite-mlb\/fernando-tatis-jr-place-sur-la-liste-des-blesses\/#primaryimage","url":"https:\/\/theplayoffs.news\/fr\/wp-content\/uploads\/2024\/06\/USATSI_23597151.jpg","contentUrl":"https:\/\/theplayoffs.news\/fr\/wp-content\/uploads\/2024\/06\/USATSI_23597151.jpg","width":1920,"height":1280,"caption":"Jun 21, 2024; San Diego, California, USA; San Diego Padres right fielder Fernando Tatis Jr. (23) jogs to first base after being hit by a pitch during the third inning against the Milwaukee Brewers at Petco Park. Mandatory Credit: Orlando Ramirez-USA TODAY Sports"},{"@type":"BreadcrumbList","@id":"https:\/\/theplayoffs.news\/fr\/actualite-mlb\/fernando-tatis-jr-place-sur-la-liste-des-blesses\/#breadcrumb","itemListElement":[{"@type":"ListItem","position":1,"name":"Accueil","item":"https:\/\/theplayoffs.news\/fr\/"},{"@type":"ListItem","position":2,"name":"Fernando Tatis Jr plac\u00e9 sur la liste des bless\u00e9s"}]},{"@type":"WebSite","@id":"https:\/\/theplayoffs.news\/fr\/#website","url":"https:\/\/theplayoffs.news\/fr\/","name":"The Playoffs FR","description":"NBA-NFL-NHL-MLB","potentialAction":[{"@type":"SearchAction","target":{"@type":"EntryPoint","urlTemplate":"https:\/\/theplayoffs.news\/fr\/?s={search_term_string}"},"query-input":{"@type":"PropertyValueSpecification","valueRequired":true,"valueName":"search_term_string"}}],"inLanguage":"fr-FR"},{"@type":"Person","@id":"https:\/\/theplayoffs.news\/fr\/#\/schema\/person\/eee5b69ad5d3c51cabe881c839dbe133","name":"Charles Taudin","image":{"@type":"ImageObject","inLanguage":"fr-FR","@id":"https:\/\/theplayoffs.news\/fr\/#\/schema\/person\/image\/","url":"https:\/\/secure.gravatar.com\/avatar\/59a1e772205ce9fd255edfcafc93013736822e20261f294c5753b20c41ede9f2?s=96&d=mm&r=g","contentUrl":"https:\/\/secure.gravatar.com\/avatar\/59a1e772205ce9fd255edfcafc93013736822e20261f294c5753b20c41ede9f2?s=96&d=mm&r=g","caption":"Charles Taudin"},"description":"R\u00e9dacteur en chef global de The Playoffs, j\u2019ai cr\u00e9\u00e9 The Free Agent, devenu The Playoffs FR, en 2020 durant la pand\u00e9mie. Amoureux depuis des ann\u00e9es des 4 sports majeurs am\u00e9ricains, j\u2019organise maintenant la strat\u00e9gie \u00e9ditoriale et les r\u00e9seaux sociaux de l\u2019ensemble des versions de The Playoffs. Il m\u2019arrive encore d\u2019\u00e9crire sur certains sports que j\u2019affectionne particuli\u00e8rement comme la NFL ou la MLB. Si vous devez retenir qu\u2019une chose : Eli Manning est le vrai GOAT pour avoir battu deux fois Tom Brady.","sameAs":["https:\/\/www.instagram.com\/ctaudin_\/"],"url":"https:\/\/theplayoffs.news\/fr\/author\/charles-taudin\/"}]}},"_links":{"self":[{"href":"https:\/\/theplayoffs.news\/fr\/wp-json\/wp\/v2\/posts\/1440331","targetHints":{"allow":["GET"]}}],"collection":[{"href":"https:\/\/theplayoffs.news\/fr\/wp-json\/wp\/v2\/posts"}],"about":[{"href":"https:\/\/theplayoffs.news\/fr\/wp-json\/wp\/v2\/types\/post"}],"author":[{"embeddable":true,"href":"https:\/\/theplayoffs.news\/fr\/wp-json\/wp\/v2\/users\/13"}],"replies":[{"embeddable":true,"href":"https:\/\/theplayoffs.news\/fr\/wp-json\/wp\/v2\/comments?post=1440331"}],"version-history":[{"count":3,"href":"https:\/\/theplayoffs.news\/fr\/wp-json\/wp\/v2\/posts\/1440331\/revisions"}],"predecessor-version":[{"id":1440335,"href":"https:\/\/theplayoffs.news\/fr\/wp-json\/wp\/v2\/posts\/1440331\/revisions\/1440335"}],"wp:featuredmedia":[{"embeddable":true,"href":"https:\/\/theplayoffs.news\/fr\/wp-json\/wp\/v2\/media\/1440332"}],"wp:attachment":[{"href":"https:\/\/theplayoffs.news\/fr\/wp-json\/wp\/v2\/media?parent=1440331"}],"wp:term":[{"taxonomy":"category","embeddable":true,"href":"https:\/\/theplayoffs.news\/fr\/wp-json\/wp\/v2\/categories?post=1440331"},{"taxonomy":"post_tag","embeddable":true,"href":"https:\/\/theplayoffs.news\/fr\/wp-json\/wp\/v2\/tags?post=1440331"},{"taxonomy":"sport","embeddable":true,"href":"https:\/\/theplayoffs.news\/fr\/wp-json\/wp\/v2\/sport?post=1440331"},{"taxonomy":"saison","embeddable":true,"href":"https:\/\/theplayoffs.news\/fr\/wp-json\/wp\/v2\/saison?post=1440331"}],"curies":[{"name":"wp","href":"https:\/\/api.w.org\/{rel}","templated":true}]}}