{"id":1439876,"date":"2024-06-22T19:25:33","date_gmt":"2024-06-22T17:25:33","guid":{"rendered":"https:\/\/theplayoffs.news\/fr\/?p=1439876"},"modified":"2024-06-22T19:25:33","modified_gmt":"2024-06-22T17:25:33","slug":"josh-giddey-ne-voulait-pas-sortir-du-banc","status":"publish","type":"post","link":"https:\/\/theplayoffs.news\/fr\/actualite-nba\/josh-giddey-ne-voulait-pas-sortir-du-banc\/","title":{"rendered":"Josh Giddey ne voulait pas sortir du banc"},"content":{"rendered":"<h2>&Eacute;chang&eacute; aux Bulls, Josh Giddey ne semblait pas accepter son nouveau r&ocirc;le pour la saison 2024-25 selon Sam Presti.<\/h2><p>En effet, le directeur g&eacute;n&eacute;ral du Thunder a confi&eacute; que le r&ocirc;le du jeune australien allait &eacute;voluer la saison prochaine mais que ce dernier ne voulait pas de ce changement et avait donc logiquement demand&eacute; son &eacute;change.<\/p><blockquote><p>&laquo;&nbsp;Lorsque nous avons recrut&eacute; Josh en 2021, il repr&eacute;sentait un aspect essentiel de notre vision de la prochaine it&eacute;ration du Thunder. Depuis, notre &eacute;quipe a &eacute;volu&eacute; rapidement et dynamiquement d&rsquo;une mani&egrave;re que nous n&rsquo;aurions jamais pu anticiper&nbsp;&raquo;, <a href=\"https:\/\/www.nba.com\/thunder\/news\/release-caruso-240621\" class=\"trk-cta-link\" data-cta-trk='{\"ctaType\":\"Link\",\"ctaSubType\":\"main\"}'>a &eacute;crit Presti<\/a>. &laquo;&nbsp;C&rsquo;est pourquoi, lorsque nous avons entam&eacute; nos discussions internes &agrave; l&rsquo;intersaison, il a &eacute;t&eacute; d&eacute;cid&eacute; que faire sortir Josh du banc la saison prochaine &eacute;tait notre meilleure option pour maximiser ses nombreux talents et d&eacute;ployer notre &eacute;quipe de mani&egrave;re plus efficace sur 48 minutes.&nbsp;&raquo;<\/p>\n<p>&laquo;&nbsp;Lorsque nous avons expliqu&eacute; &agrave; Josh comment il pourrait exploiter ses points forts et optimiser notre effectif et nos talents actuels, il a eu du mal &agrave; l&rsquo;envisager et les conversations se sont orient&eacute;es sur les possibilit&eacute;s qui s&rsquo;offraient &agrave; lui ailleurs. Comme toujours, Josh a fait preuve du plus grand professionnalisme tout au long des discussions. Josh a le potentiel d&rsquo;un All-Star, mais y acc&eacute;der dans la structure actuelle du Thunder ne serait pas optimal pour le collectif. Sur la base de ces discussions, nous avons d&eacute;cid&eacute; d&rsquo;aller de l&rsquo;avant et de donner la priorit&eacute; &agrave; ce qui &eacute;tait le mieux pour l&rsquo;organisation.&nbsp;&raquo;<\/p><\/blockquote><p>Entrant dans la derni&egrave;re ann&eacute;e de son contrat, <a href=\"https:\/\/theplayoffs.news\/fr\/joueur\/josh-giddey-nba-9742290\/\" class=\"trk-cta-link\" data-cta-trk='{\"ctaType\":\"Link\",\"ctaSubType\":\"main\"}'><strong>Josh Giddey<\/strong><\/a> ne voulait pas d&rsquo;un r&ocirc;le r&eacute;duit avant potentiellement de signe rune prolongation de contrat. Avec son arriv&eacute;e &agrave; Chicago, il aura sans doute l&rsquo;opportunit&eacute; d&rsquo;avoir un temps de jeu plus important afin de montrer ses qualit&eacute;s.<\/p><p>Lors des derni&egrave;res playoffs, Giddey n&rsquo;a pas eu le niveau escompt&eacute; dans cette &eacute;quipe du thunder dont les objectifs &eacute;taient &eacute;lev&eacute;s.<\/p><p>Mais face &agrave; Dallas, Giddey s&rsquo;est retrouv&eacute; musel&eacute; et le Thunder battu par les futurs finalistes.<\/p><p>&nbsp;<\/p><p>Credit Photo : Kevin Jairaj-USA TODAY Sports<\/p>\n","protected":false},"excerpt":{"rendered":"","protected":false},"author":13,"featured_media":1439877,"comment_status":"open","ping_status":"closed","sticky":false,"template":"","format":"standard","meta":{"inline_featured_image":false,"kia_subtitle":"","_mux_skip_reasons":[],"proofreadBy":0,"footnotes":""},"categories":[110,10],"tags":[2510,915],"sport":[],"saison":[],"class_list":["post-1439876","post","type-post","status-publish","format-standard","has-post-thumbnail","hentry","category-actualite-nba","category-nba","tag-josh-giddey","tag-okc-thunder"],"acf":[],"yoast_head":"<!-- This site is optimized with the Yoast SEO plugin v24.2 - https:\/\/yoast.com\/wordpress\/plugins\/seo\/ -->\n<title>Josh Giddey ne voulait pas sortir du banc - The Playoffs FR<\/title>\n<meta name=\"robots\" content=\"index, follow, max-snippet:-1, max-image-preview:large, max-video-preview:-1\" \/>\n<link rel=\"canonical\" href=\"https:\/\/theplayoffs.news\/fr\/actualite-nba\/josh-giddey-ne-voulait-pas-sortir-du-banc\/\" \/>\n<meta property=\"og:locale\" content=\"fr_FR\" \/>\n<meta property=\"og:type\" content=\"article\" \/>\n<meta property=\"og:title\" content=\"Josh Giddey ne voulait pas sortir du banc - The Playoffs FR\" \/>\n<meta property=\"og:url\" content=\"https:\/\/theplayoffs.news\/fr\/actualite-nba\/josh-giddey-ne-voulait-pas-sortir-du-banc\/\" \/>\n<meta property=\"og:site_name\" content=\"The Playoffs FR\" \/>\n<meta property=\"article:publisher\" content=\"https:\/\/www.facebook.com\/TheFreeAgentFR\/\" \/>\n<meta property=\"article:modified_time\" content=\"2024-06-22T19:25:33+02:00\" \/>\n<meta property=\"og:image\" content=\"https:\/\/theplayoffs.news\/fr\/wp-content\/uploads\/2024\/06\/USATSI_23315376.jpg\" \/>\n\t<meta property=\"og:image:width\" content=\"1920\" \/>\n\t<meta property=\"og:image:height\" content=\"1274\" \/>\n\t<meta property=\"og:image:type\" content=\"image\/jpeg\" \/>\n<meta name=\"author\" content=\"Charles Taudin\" \/>\n<meta name=\"twitter:card\" content=\"summary_large_image\" \/>\n<meta name=\"twitter:creator\" content=\"@TheFreeAgentFR\" \/>\n<meta name=\"twitter:site\" content=\"@TheFreeAgentFR\" \/>\n<meta name=\"twitter:label1\" content=\"\u00c9crit par\" \/>\n\t<meta name=\"twitter:data1\" content=\"Charles Taudin\" \/>\n\t<meta name=\"twitter:label2\" content=\"Dur\u00e9e de lecture estim\u00e9e\" \/>\n\t<meta name=\"twitter:data2\" content=\"2 minutes\" \/>\n<script type=\"application\/ld+json\" class=\"yoast-schema-graph\">{\"@context\":\"https:\/\/schema.org\",\"@graph\":[{\"@type\":\"WebPage\",\"@id\":\"https:\/\/theplayoffs.news\/fr\/actualite-nba\/josh-giddey-ne-voulait-pas-sortir-du-banc\/\",\"url\":\"https:\/\/theplayoffs.news\/fr\/actualite-nba\/josh-giddey-ne-voulait-pas-sortir-du-banc\/\",\"name\":\"Josh Giddey ne voulait pas sortir du banc - The Playoffs FR\",\"isPartOf\":{\"@id\":\"https:\/\/theplayoffs.news\/fr\/#website\"},\"primaryImageOfPage\":{\"@id\":\"https:\/\/theplayoffs.news\/fr\/actualite-nba\/josh-giddey-ne-voulait-pas-sortir-du-banc\/#primaryimage\"},\"image\":{\"@id\":\"https:\/\/theplayoffs.news\/fr\/actualite-nba\/josh-giddey-ne-voulait-pas-sortir-du-banc\/#primaryimage\"},\"thumbnailUrl\":\"https:\/\/theplayoffs.news\/fr\/wp-content\/uploads\/2024\/06\/USATSI_23315376.jpg\",\"datePublished\":\"2024-06-22T17:25:33+00:00\",\"dateModified\":\"2024-06-22T17:25:33+00:00\",\"author\":{\"@id\":\"https:\/\/theplayoffs.news\/fr\/#\/schema\/person\/eee5b69ad5d3c51cabe881c839dbe133\"},\"breadcrumb\":{\"@id\":\"https:\/\/theplayoffs.news\/fr\/actualite-nba\/josh-giddey-ne-voulait-pas-sortir-du-banc\/#breadcrumb\"},\"inLanguage\":\"fr-FR\",\"potentialAction\":[{\"@type\":\"ReadAction\",\"target\":[\"https:\/\/theplayoffs.news\/fr\/actualite-nba\/josh-giddey-ne-voulait-pas-sortir-du-banc\/\"]}]},{\"@type\":\"ImageObject\",\"inLanguage\":\"fr-FR\",\"@id\":\"https:\/\/theplayoffs.news\/fr\/actualite-nba\/josh-giddey-ne-voulait-pas-sortir-du-banc\/#primaryimage\",\"url\":\"https:\/\/theplayoffs.news\/fr\/wp-content\/uploads\/2024\/06\/USATSI_23315376.jpg\",\"contentUrl\":\"https:\/\/theplayoffs.news\/fr\/wp-content\/uploads\/2024\/06\/USATSI_23315376.jpg\",\"width\":1920,\"height\":1274,\"caption\":\"May 18, 2024; Dallas, Texas, USA; Oklahoma City Thunder guard Josh Giddey (3) warms up before game six against the Dallas Mavericks in the second round of the 2024 NBA playoffs at American Airlines Center. Mandatory Credit: Kevin Jairaj-USA TODAY Sports\"},{\"@type\":\"BreadcrumbList\",\"@id\":\"https:\/\/theplayoffs.news\/fr\/actualite-nba\/josh-giddey-ne-voulait-pas-sortir-du-banc\/#breadcrumb\",\"itemListElement\":[{\"@type\":\"ListItem\",\"position\":1,\"name\":\"Accueil\",\"item\":\"https:\/\/theplayoffs.news\/fr\/\"},{\"@type\":\"ListItem\",\"position\":2,\"name\":\"Josh Giddey ne voulait pas sortir du banc\"}]},{\"@type\":\"WebSite\",\"@id\":\"https:\/\/theplayoffs.news\/fr\/#website\",\"url\":\"https:\/\/theplayoffs.news\/fr\/\",\"name\":\"The Playoffs FR\",\"description\":\"NBA-NFL-NHL-MLB\",\"potentialAction\":[{\"@type\":\"SearchAction\",\"target\":{\"@type\":\"EntryPoint\",\"urlTemplate\":\"https:\/\/theplayoffs.news\/fr\/?s={search_term_string}\"},\"query-input\":{\"@type\":\"PropertyValueSpecification\",\"valueRequired\":true,\"valueName\":\"search_term_string\"}}],\"inLanguage\":\"fr-FR\"},{\"@type\":\"Person\",\"@id\":\"https:\/\/theplayoffs.news\/fr\/#\/schema\/person\/eee5b69ad5d3c51cabe881c839dbe133\",\"name\":\"Charles Taudin\",\"image\":{\"@type\":\"ImageObject\",\"inLanguage\":\"fr-FR\",\"@id\":\"https:\/\/theplayoffs.news\/fr\/#\/schema\/person\/image\/\",\"url\":\"https:\/\/secure.gravatar.com\/avatar\/59a1e772205ce9fd255edfcafc93013736822e20261f294c5753b20c41ede9f2?s=96&d=mm&r=g\",\"contentUrl\":\"https:\/\/secure.gravatar.com\/avatar\/59a1e772205ce9fd255edfcafc93013736822e20261f294c5753b20c41ede9f2?s=96&d=mm&r=g\",\"caption\":\"Charles Taudin\"},\"description\":\"R\u00e9dacteur en chef global de The Playoffs, j\u2019ai cr\u00e9\u00e9 The Free Agent, devenu The Playoffs FR, en 2020 durant la pand\u00e9mie. Amoureux depuis des ann\u00e9es des 4 sports majeurs am\u00e9ricains, j\u2019organise maintenant la strat\u00e9gie \u00e9ditoriale et les r\u00e9seaux sociaux de l\u2019ensemble des versions de The Playoffs. Il m\u2019arrive encore d\u2019\u00e9crire sur certains sports que j\u2019affectionne particuli\u00e8rement comme la NFL ou la MLB. Si vous devez retenir qu\u2019une chose : Eli Manning est le vrai GOAT pour avoir battu deux fois Tom Brady.\",\"sameAs\":[\"https:\/\/www.instagram.com\/ctaudin_\/\"],\"url\":\"https:\/\/theplayoffs.news\/fr\/author\/charles-taudin\/\"}]}<\/script>\n<!-- \/ Yoast SEO plugin. -->","yoast_head_json":{"title":"Josh Giddey ne voulait pas sortir du banc - The Playoffs FR","robots":{"index":"index","follow":"follow","max-snippet":"max-snippet:-1","max-image-preview":"max-image-preview:large","max-video-preview":"max-video-preview:-1"},"canonical":"https:\/\/theplayoffs.news\/fr\/actualite-nba\/josh-giddey-ne-voulait-pas-sortir-du-banc\/","og_locale":"fr_FR","og_type":"article","og_title":"Josh Giddey ne voulait pas sortir du banc - The Playoffs FR","og_url":"https:\/\/theplayoffs.news\/fr\/actualite-nba\/josh-giddey-ne-voulait-pas-sortir-du-banc\/","og_site_name":"The Playoffs FR","article_publisher":"https:\/\/www.facebook.com\/TheFreeAgentFR\/","og_image":[{"width":1920,"height":1274,"url":"https:\/\/theplayoffs.news\/fr\/wp-content\/uploads\/2024\/06\/USATSI_23315376.jpg","type":"image\/jpeg"}],"author":"Charles Taudin","twitter_card":"summary_large_image","twitter_creator":"@TheFreeAgentFR","twitter_site":"@TheFreeAgentFR","twitter_misc":{"\u00c9crit par":"Charles Taudin","Dur\u00e9e de lecture estim\u00e9e":"2 minutes"},"schema":{"@context":"https:\/\/schema.org","@graph":[{"@type":"WebPage","@id":"https:\/\/theplayoffs.news\/fr\/actualite-nba\/josh-giddey-ne-voulait-pas-sortir-du-banc\/","url":"https:\/\/theplayoffs.news\/fr\/actualite-nba\/josh-giddey-ne-voulait-pas-sortir-du-banc\/","name":"Josh Giddey ne voulait pas sortir du banc - The Playoffs FR","isPartOf":{"@id":"https:\/\/theplayoffs.news\/fr\/#website"},"primaryImageOfPage":{"@id":"https:\/\/theplayoffs.news\/fr\/actualite-nba\/josh-giddey-ne-voulait-pas-sortir-du-banc\/#primaryimage"},"image":{"@id":"https:\/\/theplayoffs.news\/fr\/actualite-nba\/josh-giddey-ne-voulait-pas-sortir-du-banc\/#primaryimage"},"thumbnailUrl":"https:\/\/theplayoffs.news\/fr\/wp-content\/uploads\/2024\/06\/USATSI_23315376.jpg","datePublished":"2024-06-22T17:25:33+00:00","dateModified":"2024-06-22T17:25:33+00:00","author":{"@id":"https:\/\/theplayoffs.news\/fr\/#\/schema\/person\/eee5b69ad5d3c51cabe881c839dbe133"},"breadcrumb":{"@id":"https:\/\/theplayoffs.news\/fr\/actualite-nba\/josh-giddey-ne-voulait-pas-sortir-du-banc\/#breadcrumb"},"inLanguage":"fr-FR","potentialAction":[{"@type":"ReadAction","target":["https:\/\/theplayoffs.news\/fr\/actualite-nba\/josh-giddey-ne-voulait-pas-sortir-du-banc\/"]}]},{"@type":"ImageObject","inLanguage":"fr-FR","@id":"https:\/\/theplayoffs.news\/fr\/actualite-nba\/josh-giddey-ne-voulait-pas-sortir-du-banc\/#primaryimage","url":"https:\/\/theplayoffs.news\/fr\/wp-content\/uploads\/2024\/06\/USATSI_23315376.jpg","contentUrl":"https:\/\/theplayoffs.news\/fr\/wp-content\/uploads\/2024\/06\/USATSI_23315376.jpg","width":1920,"height":1274,"caption":"May 18, 2024; Dallas, Texas, USA; Oklahoma City Thunder guard Josh Giddey (3) warms up before game six against the Dallas Mavericks in the second round of the 2024 NBA playoffs at American Airlines Center. Mandatory Credit: Kevin Jairaj-USA TODAY Sports"},{"@type":"BreadcrumbList","@id":"https:\/\/theplayoffs.news\/fr\/actualite-nba\/josh-giddey-ne-voulait-pas-sortir-du-banc\/#breadcrumb","itemListElement":[{"@type":"ListItem","position":1,"name":"Accueil","item":"https:\/\/theplayoffs.news\/fr\/"},{"@type":"ListItem","position":2,"name":"Josh Giddey ne voulait pas sortir du banc"}]},{"@type":"WebSite","@id":"https:\/\/theplayoffs.news\/fr\/#website","url":"https:\/\/theplayoffs.news\/fr\/","name":"The Playoffs FR","description":"NBA-NFL-NHL-MLB","potentialAction":[{"@type":"SearchAction","target":{"@type":"EntryPoint","urlTemplate":"https:\/\/theplayoffs.news\/fr\/?s={search_term_string}"},"query-input":{"@type":"PropertyValueSpecification","valueRequired":true,"valueName":"search_term_string"}}],"inLanguage":"fr-FR"},{"@type":"Person","@id":"https:\/\/theplayoffs.news\/fr\/#\/schema\/person\/eee5b69ad5d3c51cabe881c839dbe133","name":"Charles Taudin","image":{"@type":"ImageObject","inLanguage":"fr-FR","@id":"https:\/\/theplayoffs.news\/fr\/#\/schema\/person\/image\/","url":"https:\/\/secure.gravatar.com\/avatar\/59a1e772205ce9fd255edfcafc93013736822e20261f294c5753b20c41ede9f2?s=96&d=mm&r=g","contentUrl":"https:\/\/secure.gravatar.com\/avatar\/59a1e772205ce9fd255edfcafc93013736822e20261f294c5753b20c41ede9f2?s=96&d=mm&r=g","caption":"Charles Taudin"},"description":"R\u00e9dacteur en chef global de The Playoffs, j\u2019ai cr\u00e9\u00e9 The Free Agent, devenu The Playoffs FR, en 2020 durant la pand\u00e9mie. Amoureux depuis des ann\u00e9es des 4 sports majeurs am\u00e9ricains, j\u2019organise maintenant la strat\u00e9gie \u00e9ditoriale et les r\u00e9seaux sociaux de l\u2019ensemble des versions de The Playoffs. Il m\u2019arrive encore d\u2019\u00e9crire sur certains sports que j\u2019affectionne particuli\u00e8rement comme la NFL ou la MLB. Si vous devez retenir qu\u2019une chose : Eli Manning est le vrai GOAT pour avoir battu deux fois Tom Brady.","sameAs":["https:\/\/www.instagram.com\/ctaudin_\/"],"url":"https:\/\/theplayoffs.news\/fr\/author\/charles-taudin\/"}]}},"_links":{"self":[{"href":"https:\/\/theplayoffs.news\/fr\/wp-json\/wp\/v2\/posts\/1439876","targetHints":{"allow":["GET"]}}],"collection":[{"href":"https:\/\/theplayoffs.news\/fr\/wp-json\/wp\/v2\/posts"}],"about":[{"href":"https:\/\/theplayoffs.news\/fr\/wp-json\/wp\/v2\/types\/post"}],"author":[{"embeddable":true,"href":"https:\/\/theplayoffs.news\/fr\/wp-json\/wp\/v2\/users\/13"}],"replies":[{"embeddable":true,"href":"https:\/\/theplayoffs.news\/fr\/wp-json\/wp\/v2\/comments?post=1439876"}],"version-history":[{"count":3,"href":"https:\/\/theplayoffs.news\/fr\/wp-json\/wp\/v2\/posts\/1439876\/revisions"}],"predecessor-version":[{"id":1439880,"href":"https:\/\/theplayoffs.news\/fr\/wp-json\/wp\/v2\/posts\/1439876\/revisions\/1439880"}],"wp:featuredmedia":[{"embeddable":true,"href":"https:\/\/theplayoffs.news\/fr\/wp-json\/wp\/v2\/media\/1439877"}],"wp:attachment":[{"href":"https:\/\/theplayoffs.news\/fr\/wp-json\/wp\/v2\/media?parent=1439876"}],"wp:term":[{"taxonomy":"category","embeddable":true,"href":"https:\/\/theplayoffs.news\/fr\/wp-json\/wp\/v2\/categories?post=1439876"},{"taxonomy":"post_tag","embeddable":true,"href":"https:\/\/theplayoffs.news\/fr\/wp-json\/wp\/v2\/tags?post=1439876"},{"taxonomy":"sport","embeddable":true,"href":"https:\/\/theplayoffs.news\/fr\/wp-json\/wp\/v2\/sport?post=1439876"},{"taxonomy":"saison","embeddable":true,"href":"https:\/\/theplayoffs.news\/fr\/wp-json\/wp\/v2\/saison?post=1439876"}],"curies":[{"name":"wp","href":"https:\/\/api.w.org\/{rel}","templated":true}]}}