{"id":1439707,"date":"2024-06-21T15:25:15","date_gmt":"2024-06-21T13:25:15","guid":{"rendered":"https:\/\/theplayoffs.news\/fr\/?p=1439707"},"modified":"2024-06-21T15:25:15","modified_gmt":"2024-06-21T13:25:15","slug":"warriors-un-contrat-de-deux-ans-pour-klay-thompson","status":"publish","type":"post","link":"https:\/\/theplayoffs.news\/fr\/actualite-nba\/warriors-un-contrat-de-deux-ans-pour-klay-thompson\/","title":{"rendered":"Warriors : un contrat de deux ans pour Klay Thompson ?"},"content":{"rendered":"<h2 class=\"p1\">Avec la free agency imminente, les Warriors auraient propos&eacute; un contrat de deux ans &agrave; Klay Thompson.<\/h2><p class=\"p1\">Selon <a href=\"https:\/\/youtu.be\/BSlmGwZ3VyA\" class=\"trk-cta-link\" data-cta-trk='{\"ctaType\":\"Link\",\"ctaSubType\":\"main\"}'>Tim MacMahon d&rsquo;ESPN<\/a>, les Warriors ont propos&eacute; un contrat de deux ans &agrave; Thompson, une proposition qui semble d&eacute;pendre davantage de sa dur&eacute;e que de ses termes financiers.<\/p><blockquote>\n<p class=\"p1\">&ldquo;Nous avons entendu dire que c&rsquo;est une offre de deux ans,&rdquo; a r&eacute;v&eacute;l&eacute; MacMahon sur le podcast The Hoop Collective.<\/p>\n<\/blockquote><p class=\"p1\">Il a not&eacute; que pour Thompson, la dur&eacute;e du contrat pourrait &ecirc;tre aussi cruciale que la valeur mon&eacute;taire.<\/p><p class=\"p1\">Cette perspective concorde avec un rapport de <a href=\"https:\/\/www.nbcsportsbayarea.com\/nba\/golden-state-warriors\/leandro-barbosa-klay-thompson-nba-free-agency\/1745408\/\" class=\"trk-cta-link\" data-cta-trk='{\"ctaType\":\"Link\",\"ctaSubType\":\"main\"}'>Monte Poole de NBC Sports<\/a>, indiquant que Thompson cherche un contrat d&rsquo;au moins trois ans. Malgr&eacute; une nouvelle r&egrave;gle de la ligue permettant aux &eacute;quipes de n&eacute;gocier avec leurs propres agents libres avant le 30 juin, les Warriors et Thompson n&rsquo;ont pas encore combl&eacute; le foss&eacute; dans leurs discussions.<\/p><p class=\"p3\"><b>Un d&eacute;part potentiel<\/b><\/p><p class=\"p1\">La saison 2023-24 de Klay Thompson a &eacute;t&eacute; marqu&eacute;e par une baisse notable de ses performances, sa moyenne de points par match chutant &agrave; 17,9, la plus basse depuis sa deuxi&egrave;me ann&eacute;e. De plus, ses pourcentages de tirs et son impact global des deux c&ocirc;t&eacute;s du terrain ont montr&eacute; des signes de d&eacute;clin.<\/p><p class=\"p1\">Cette fluctuation de performance, combin&eacute;e &agrave; ses changements occasionnels entre le cinq de d&eacute;part et le banc, a contribu&eacute; &agrave; l&rsquo;&eacute;chec des Warriors &agrave; se qualifier pour les playoffs malgr&eacute; un bilan de saison r&eacute;guli&egrave;re de 46-36.<\/p><p class=\"p1\">L&rsquo;incertitude entourant l&rsquo;avenir de Thompson est encore compliqu&eacute;e par l&rsquo;int&eacute;r&ecirc;t d&rsquo;autres &eacute;quipes.<\/p><p class=\"p1\"><a href=\"https:\/\/www.nytimes.com\/athletic\/5569817\/2024\/06\/17\/klay-thompson-bahamas-olympics-camp\/\" class=\"trk-cta-link\" data-cta-trk='{\"ctaType\":\"Link\",\"ctaSubType\":\"main\"}'>Shams Charania de The Athleti<\/a>c ont rapport&eacute; un int&eacute;r&ecirc;t mutuel entre Thompson et le Orlando Magic. Si les Warriors et Klay Thompson ne parviennent pas &agrave; s&rsquo;entendre sur un nouveau contrat, la possibilit&eacute; qu&rsquo;il commence la saison 2024-25 avec une franchise diff&eacute;rente est bien r&eacute;elle.<\/p><p class=\"p1\">\n<\/p><p>&nbsp;<\/p><p>Credit Photo : Kirby Lee-USA TODAY Sports<\/p>\n","protected":false},"excerpt":{"rendered":"","protected":false},"author":13,"featured_media":1439708,"comment_status":"open","ping_status":"closed","sticky":false,"template":"","format":"standard","meta":{"inline_featured_image":false,"kia_subtitle":"","_mux_skip_reasons":[],"proofreadBy":0,"footnotes":""},"categories":[110,10],"tags":[1097,338],"sport":[],"saison":[],"class_list":["post-1439707","post","type-post","status-publish","format-standard","has-post-thumbnail","hentry","category-actualite-nba","category-nba","tag-golden-state-warriors","tag-klay-thompson"],"acf":[],"yoast_head":"<!-- This site is optimized with the Yoast SEO plugin v24.2 - https:\/\/yoast.com\/wordpress\/plugins\/seo\/ -->\n<title>Warriors : un contrat de deux ans pour Klay Thompson ? - The Playoffs FR<\/title>\n<meta name=\"robots\" content=\"index, follow, max-snippet:-1, max-image-preview:large, max-video-preview:-1\" \/>\n<link rel=\"canonical\" href=\"https:\/\/theplayoffs.news\/fr\/actualite-nba\/warriors-un-contrat-de-deux-ans-pour-klay-thompson\/\" \/>\n<meta property=\"og:locale\" content=\"fr_FR\" \/>\n<meta property=\"og:type\" content=\"article\" \/>\n<meta property=\"og:title\" content=\"Warriors : un contrat de deux ans pour Klay Thompson ? - The Playoffs FR\" \/>\n<meta property=\"og:url\" content=\"https:\/\/theplayoffs.news\/fr\/actualite-nba\/warriors-un-contrat-de-deux-ans-pour-klay-thompson\/\" \/>\n<meta property=\"og:site_name\" content=\"The Playoffs FR\" \/>\n<meta property=\"article:publisher\" content=\"https:\/\/www.facebook.com\/TheFreeAgentFR\/\" \/>\n<meta property=\"article:modified_time\" content=\"2024-06-21T15:25:15+02:00\" \/>\n<meta property=\"og:image\" content=\"https:\/\/theplayoffs.news\/fr\/wp-content\/uploads\/2024\/06\/USATSI_23041484.jpg\" \/>\n\t<meta property=\"og:image:width\" content=\"1920\" \/>\n\t<meta property=\"og:image:height\" content=\"1280\" \/>\n\t<meta property=\"og:image:type\" content=\"image\/jpeg\" \/>\n<meta name=\"author\" content=\"Charles Taudin\" \/>\n<meta name=\"twitter:card\" content=\"summary_large_image\" \/>\n<meta name=\"twitter:creator\" content=\"@TheFreeAgentFR\" \/>\n<meta name=\"twitter:site\" content=\"@TheFreeAgentFR\" \/>\n<meta name=\"twitter:label1\" content=\"\u00c9crit par\" \/>\n\t<meta name=\"twitter:data1\" content=\"Charles Taudin\" \/>\n\t<meta name=\"twitter:label2\" content=\"Dur\u00e9e de lecture estim\u00e9e\" \/>\n\t<meta name=\"twitter:data2\" content=\"2 minutes\" \/>\n<script type=\"application\/ld+json\" class=\"yoast-schema-graph\">{\"@context\":\"https:\/\/schema.org\",\"@graph\":[{\"@type\":\"WebPage\",\"@id\":\"https:\/\/theplayoffs.news\/fr\/actualite-nba\/warriors-un-contrat-de-deux-ans-pour-klay-thompson\/\",\"url\":\"https:\/\/theplayoffs.news\/fr\/actualite-nba\/warriors-un-contrat-de-deux-ans-pour-klay-thompson\/\",\"name\":\"Warriors : un contrat de deux ans pour Klay Thompson ? - The Playoffs FR\",\"isPartOf\":{\"@id\":\"https:\/\/theplayoffs.news\/fr\/#website\"},\"primaryImageOfPage\":{\"@id\":\"https:\/\/theplayoffs.news\/fr\/actualite-nba\/warriors-un-contrat-de-deux-ans-pour-klay-thompson\/#primaryimage\"},\"image\":{\"@id\":\"https:\/\/theplayoffs.news\/fr\/actualite-nba\/warriors-un-contrat-de-deux-ans-pour-klay-thompson\/#primaryimage\"},\"thumbnailUrl\":\"https:\/\/theplayoffs.news\/fr\/wp-content\/uploads\/2024\/06\/USATSI_23041484.jpg\",\"datePublished\":\"2024-06-21T13:25:15+00:00\",\"dateModified\":\"2024-06-21T13:25:15+00:00\",\"author\":{\"@id\":\"https:\/\/theplayoffs.news\/fr\/#\/schema\/person\/eee5b69ad5d3c51cabe881c839dbe133\"},\"breadcrumb\":{\"@id\":\"https:\/\/theplayoffs.news\/fr\/actualite-nba\/warriors-un-contrat-de-deux-ans-pour-klay-thompson\/#breadcrumb\"},\"inLanguage\":\"fr-FR\",\"potentialAction\":[{\"@type\":\"ReadAction\",\"target\":[\"https:\/\/theplayoffs.news\/fr\/actualite-nba\/warriors-un-contrat-de-deux-ans-pour-klay-thompson\/\"]}]},{\"@type\":\"ImageObject\",\"inLanguage\":\"fr-FR\",\"@id\":\"https:\/\/theplayoffs.news\/fr\/actualite-nba\/warriors-un-contrat-de-deux-ans-pour-klay-thompson\/#primaryimage\",\"url\":\"https:\/\/theplayoffs.news\/fr\/wp-content\/uploads\/2024\/06\/USATSI_23041484.jpg\",\"contentUrl\":\"https:\/\/theplayoffs.news\/fr\/wp-content\/uploads\/2024\/06\/USATSI_23041484.jpg\",\"width\":1920,\"height\":1280,\"caption\":\"Apr 9, 2024; Los Angeles, California, USA; Golden State Warriors guard Klay Thompson (11) reacts after the game against the Los Angeles Lakers at Crypto.com Arena. Mandatory Credit: Kirby Lee-USA TODAY Sports\"},{\"@type\":\"BreadcrumbList\",\"@id\":\"https:\/\/theplayoffs.news\/fr\/actualite-nba\/warriors-un-contrat-de-deux-ans-pour-klay-thompson\/#breadcrumb\",\"itemListElement\":[{\"@type\":\"ListItem\",\"position\":1,\"name\":\"Accueil\",\"item\":\"https:\/\/theplayoffs.news\/fr\/\"},{\"@type\":\"ListItem\",\"position\":2,\"name\":\"Warriors : un contrat de deux ans pour Klay Thompson ?\"}]},{\"@type\":\"WebSite\",\"@id\":\"https:\/\/theplayoffs.news\/fr\/#website\",\"url\":\"https:\/\/theplayoffs.news\/fr\/\",\"name\":\"The Playoffs FR\",\"description\":\"NBA-NFL-NHL-MLB\",\"potentialAction\":[{\"@type\":\"SearchAction\",\"target\":{\"@type\":\"EntryPoint\",\"urlTemplate\":\"https:\/\/theplayoffs.news\/fr\/?s={search_term_string}\"},\"query-input\":{\"@type\":\"PropertyValueSpecification\",\"valueRequired\":true,\"valueName\":\"search_term_string\"}}],\"inLanguage\":\"fr-FR\"},{\"@type\":\"Person\",\"@id\":\"https:\/\/theplayoffs.news\/fr\/#\/schema\/person\/eee5b69ad5d3c51cabe881c839dbe133\",\"name\":\"Charles Taudin\",\"image\":{\"@type\":\"ImageObject\",\"inLanguage\":\"fr-FR\",\"@id\":\"https:\/\/theplayoffs.news\/fr\/#\/schema\/person\/image\/\",\"url\":\"https:\/\/secure.gravatar.com\/avatar\/59a1e772205ce9fd255edfcafc93013736822e20261f294c5753b20c41ede9f2?s=96&d=mm&r=g\",\"contentUrl\":\"https:\/\/secure.gravatar.com\/avatar\/59a1e772205ce9fd255edfcafc93013736822e20261f294c5753b20c41ede9f2?s=96&d=mm&r=g\",\"caption\":\"Charles Taudin\"},\"description\":\"R\u00e9dacteur en chef global de The Playoffs, j\u2019ai cr\u00e9\u00e9 The Free Agent, devenu The Playoffs FR, en 2020 durant la pand\u00e9mie. Amoureux depuis des ann\u00e9es des 4 sports majeurs am\u00e9ricains, j\u2019organise maintenant la strat\u00e9gie \u00e9ditoriale et les r\u00e9seaux sociaux de l\u2019ensemble des versions de The Playoffs. Il m\u2019arrive encore d\u2019\u00e9crire sur certains sports que j\u2019affectionne particuli\u00e8rement comme la NFL ou la MLB. Si vous devez retenir qu\u2019une chose : Eli Manning est le vrai GOAT pour avoir battu deux fois Tom Brady.\",\"sameAs\":[\"https:\/\/www.instagram.com\/ctaudin_\/\"],\"url\":\"https:\/\/theplayoffs.news\/fr\/author\/charles-taudin\/\"}]}<\/script>\n<!-- \/ Yoast SEO plugin. -->","yoast_head_json":{"title":"Warriors : un contrat de deux ans pour Klay Thompson ? - The Playoffs FR","robots":{"index":"index","follow":"follow","max-snippet":"max-snippet:-1","max-image-preview":"max-image-preview:large","max-video-preview":"max-video-preview:-1"},"canonical":"https:\/\/theplayoffs.news\/fr\/actualite-nba\/warriors-un-contrat-de-deux-ans-pour-klay-thompson\/","og_locale":"fr_FR","og_type":"article","og_title":"Warriors : un contrat de deux ans pour Klay Thompson ? - The Playoffs FR","og_url":"https:\/\/theplayoffs.news\/fr\/actualite-nba\/warriors-un-contrat-de-deux-ans-pour-klay-thompson\/","og_site_name":"The Playoffs FR","article_publisher":"https:\/\/www.facebook.com\/TheFreeAgentFR\/","og_image":[{"width":1920,"height":1280,"url":"https:\/\/theplayoffs.news\/fr\/wp-content\/uploads\/2024\/06\/USATSI_23041484.jpg","type":"image\/jpeg"}],"author":"Charles Taudin","twitter_card":"summary_large_image","twitter_creator":"@TheFreeAgentFR","twitter_site":"@TheFreeAgentFR","twitter_misc":{"\u00c9crit par":"Charles Taudin","Dur\u00e9e de lecture estim\u00e9e":"2 minutes"},"schema":{"@context":"https:\/\/schema.org","@graph":[{"@type":"WebPage","@id":"https:\/\/theplayoffs.news\/fr\/actualite-nba\/warriors-un-contrat-de-deux-ans-pour-klay-thompson\/","url":"https:\/\/theplayoffs.news\/fr\/actualite-nba\/warriors-un-contrat-de-deux-ans-pour-klay-thompson\/","name":"Warriors : un contrat de deux ans pour Klay Thompson ? - The Playoffs FR","isPartOf":{"@id":"https:\/\/theplayoffs.news\/fr\/#website"},"primaryImageOfPage":{"@id":"https:\/\/theplayoffs.news\/fr\/actualite-nba\/warriors-un-contrat-de-deux-ans-pour-klay-thompson\/#primaryimage"},"image":{"@id":"https:\/\/theplayoffs.news\/fr\/actualite-nba\/warriors-un-contrat-de-deux-ans-pour-klay-thompson\/#primaryimage"},"thumbnailUrl":"https:\/\/theplayoffs.news\/fr\/wp-content\/uploads\/2024\/06\/USATSI_23041484.jpg","datePublished":"2024-06-21T13:25:15+00:00","dateModified":"2024-06-21T13:25:15+00:00","author":{"@id":"https:\/\/theplayoffs.news\/fr\/#\/schema\/person\/eee5b69ad5d3c51cabe881c839dbe133"},"breadcrumb":{"@id":"https:\/\/theplayoffs.news\/fr\/actualite-nba\/warriors-un-contrat-de-deux-ans-pour-klay-thompson\/#breadcrumb"},"inLanguage":"fr-FR","potentialAction":[{"@type":"ReadAction","target":["https:\/\/theplayoffs.news\/fr\/actualite-nba\/warriors-un-contrat-de-deux-ans-pour-klay-thompson\/"]}]},{"@type":"ImageObject","inLanguage":"fr-FR","@id":"https:\/\/theplayoffs.news\/fr\/actualite-nba\/warriors-un-contrat-de-deux-ans-pour-klay-thompson\/#primaryimage","url":"https:\/\/theplayoffs.news\/fr\/wp-content\/uploads\/2024\/06\/USATSI_23041484.jpg","contentUrl":"https:\/\/theplayoffs.news\/fr\/wp-content\/uploads\/2024\/06\/USATSI_23041484.jpg","width":1920,"height":1280,"caption":"Apr 9, 2024; Los Angeles, California, USA; Golden State Warriors guard Klay Thompson (11) reacts after the game against the Los Angeles Lakers at Crypto.com Arena. Mandatory Credit: Kirby Lee-USA TODAY Sports"},{"@type":"BreadcrumbList","@id":"https:\/\/theplayoffs.news\/fr\/actualite-nba\/warriors-un-contrat-de-deux-ans-pour-klay-thompson\/#breadcrumb","itemListElement":[{"@type":"ListItem","position":1,"name":"Accueil","item":"https:\/\/theplayoffs.news\/fr\/"},{"@type":"ListItem","position":2,"name":"Warriors : un contrat de deux ans pour Klay Thompson ?"}]},{"@type":"WebSite","@id":"https:\/\/theplayoffs.news\/fr\/#website","url":"https:\/\/theplayoffs.news\/fr\/","name":"The Playoffs FR","description":"NBA-NFL-NHL-MLB","potentialAction":[{"@type":"SearchAction","target":{"@type":"EntryPoint","urlTemplate":"https:\/\/theplayoffs.news\/fr\/?s={search_term_string}"},"query-input":{"@type":"PropertyValueSpecification","valueRequired":true,"valueName":"search_term_string"}}],"inLanguage":"fr-FR"},{"@type":"Person","@id":"https:\/\/theplayoffs.news\/fr\/#\/schema\/person\/eee5b69ad5d3c51cabe881c839dbe133","name":"Charles Taudin","image":{"@type":"ImageObject","inLanguage":"fr-FR","@id":"https:\/\/theplayoffs.news\/fr\/#\/schema\/person\/image\/","url":"https:\/\/secure.gravatar.com\/avatar\/59a1e772205ce9fd255edfcafc93013736822e20261f294c5753b20c41ede9f2?s=96&d=mm&r=g","contentUrl":"https:\/\/secure.gravatar.com\/avatar\/59a1e772205ce9fd255edfcafc93013736822e20261f294c5753b20c41ede9f2?s=96&d=mm&r=g","caption":"Charles Taudin"},"description":"R\u00e9dacteur en chef global de The Playoffs, j\u2019ai cr\u00e9\u00e9 The Free Agent, devenu The Playoffs FR, en 2020 durant la pand\u00e9mie. Amoureux depuis des ann\u00e9es des 4 sports majeurs am\u00e9ricains, j\u2019organise maintenant la strat\u00e9gie \u00e9ditoriale et les r\u00e9seaux sociaux de l\u2019ensemble des versions de The Playoffs. Il m\u2019arrive encore d\u2019\u00e9crire sur certains sports que j\u2019affectionne particuli\u00e8rement comme la NFL ou la MLB. Si vous devez retenir qu\u2019une chose : Eli Manning est le vrai GOAT pour avoir battu deux fois Tom Brady.","sameAs":["https:\/\/www.instagram.com\/ctaudin_\/"],"url":"https:\/\/theplayoffs.news\/fr\/author\/charles-taudin\/"}]}},"_links":{"self":[{"href":"https:\/\/theplayoffs.news\/fr\/wp-json\/wp\/v2\/posts\/1439707","targetHints":{"allow":["GET"]}}],"collection":[{"href":"https:\/\/theplayoffs.news\/fr\/wp-json\/wp\/v2\/posts"}],"about":[{"href":"https:\/\/theplayoffs.news\/fr\/wp-json\/wp\/v2\/types\/post"}],"author":[{"embeddable":true,"href":"https:\/\/theplayoffs.news\/fr\/wp-json\/wp\/v2\/users\/13"}],"replies":[{"embeddable":true,"href":"https:\/\/theplayoffs.news\/fr\/wp-json\/wp\/v2\/comments?post=1439707"}],"version-history":[{"count":3,"href":"https:\/\/theplayoffs.news\/fr\/wp-json\/wp\/v2\/posts\/1439707\/revisions"}],"predecessor-version":[{"id":1439711,"href":"https:\/\/theplayoffs.news\/fr\/wp-json\/wp\/v2\/posts\/1439707\/revisions\/1439711"}],"wp:featuredmedia":[{"embeddable":true,"href":"https:\/\/theplayoffs.news\/fr\/wp-json\/wp\/v2\/media\/1439708"}],"wp:attachment":[{"href":"https:\/\/theplayoffs.news\/fr\/wp-json\/wp\/v2\/media?parent=1439707"}],"wp:term":[{"taxonomy":"category","embeddable":true,"href":"https:\/\/theplayoffs.news\/fr\/wp-json\/wp\/v2\/categories?post=1439707"},{"taxonomy":"post_tag","embeddable":true,"href":"https:\/\/theplayoffs.news\/fr\/wp-json\/wp\/v2\/tags?post=1439707"},{"taxonomy":"sport","embeddable":true,"href":"https:\/\/theplayoffs.news\/fr\/wp-json\/wp\/v2\/sport?post=1439707"},{"taxonomy":"saison","embeddable":true,"href":"https:\/\/theplayoffs.news\/fr\/wp-json\/wp\/v2\/saison?post=1439707"}],"curies":[{"name":"wp","href":"https:\/\/api.w.org\/{rel}","templated":true}]}}