{"id":1439706,"date":"2024-06-21T15:45:21","date_gmt":"2024-06-21T13:45:21","guid":{"rendered":"https:\/\/theplayoffs.news\/fr\/?p=1439706"},"modified":"2024-06-21T15:45:21","modified_gmt":"2024-06-21T13:45:21","slug":"raiders-davante-adams-veut-se-concentrer-sur-linstant-present","status":"publish","type":"post","link":"https:\/\/theplayoffs.news\/fr\/actualite-nfl\/raiders-davante-adams-veut-se-concentrer-sur-linstant-present\/","title":{"rendered":"Raiders : Davante Adams veut se concentrer sur l\u2019instant pr\u00e9sent"},"content":{"rendered":"<h2>La p&eacute;riode d&rsquo;offseason est propice aux pr&eacute;dictions, une chose qui d&eacute;range Davante Adams.<\/h2><p>Les Raiders et <a href=\"https:\/\/theplayoffs.news\/fr\/nfl\/davante-adams-experience-service-attaque\/\" class=\"trk-cta-link\" data-cta-trk='{\"ctaType\":\"Link\",\"ctaSubType\":\"main\"}'>Davante Adams<\/a> feront-ils une bonne saison ? Pour le moment, il est impossible de le savoir. Pourtant, les pr&eacute;dictions et les analyses fusent pendant cette offseason.<\/p><h3>Adams en a marre qu&rsquo;on lui parle de potentiel<\/h3><p>Davante Adams ne veut pas mettre de pression &agrave; son &eacute;quipe, bien qu&rsquo;il soit confiant concernant la qualit&eacute; de l&rsquo;effectif des Raiders. Adams se concentre sur ce qui se passe au jour le jour.<\/p><blockquote><p>&laquo; Donc, en fin de compte, peu importe &agrave; quel point nous pouvons &ecirc;tre bons. Je ne voudrais certainement pas imposer d&rsquo;attentes &agrave; qui que ce soit, mais ce n&rsquo;est un secret pour personne que nous disposons d&rsquo;armes dangereuses dans l&rsquo;ensemble de l&rsquo;&eacute;quipe, sans parler de l&rsquo;offensive &raquo;, a confi&eacute; Adams &agrave; <a href=\"https:\/\/www.espn.com\/nfl\/story\/_\/id\/40379317\/las-vegas-raiders-davante-adams-jakobi-meyers-locked-amid-qb-battle\" class=\"trk-cta-link\" data-cta-trk='{\"ctaType\":\"Link\",\"ctaSubType\":\"main\"}'>ESPN<\/a>.<\/p><\/blockquote><p>Davante Adams sera accompagn&eacute; de Gardner Minshew, Alexander Mattison, Michael Gallup et Jakobi Meyers notamment sur le front de l&rsquo;attaque.<\/p><p>Arriveront-ils &agrave; accrocher les playoffs cette saison ? Davante Adams vous dira qu&rsquo;on verra &ccedil;a &agrave; la week 18&hellip;<\/p><p>&nbsp;<\/p><p>Cr&eacute;dit photo : Stephen R. Sylvanie-USA TODAY Sports<\/p>\n","protected":false},"excerpt":{"rendered":"","protected":false},"author":180310250,"featured_media":1439719,"comment_status":"open","ping_status":"closed","sticky":false,"template":"","format":"standard","meta":{"inline_featured_image":false,"kia_subtitle":"","_mux_skip_reasons":[],"proofreadBy":0,"footnotes":""},"categories":[118,40],"tags":[79,374],"sport":[2785],"saison":[],"class_list":["post-1439706","post","type-post","status-publish","format-standard","has-post-thumbnail","hentry","category-actualite-nfl","category-nfl","tag-nfl","tag-raiders","sport-nfl"],"acf":[],"yoast_head":"<!-- This site is optimized with the Yoast SEO plugin v24.2 - https:\/\/yoast.com\/wordpress\/plugins\/seo\/ -->\n<title>Raiders : Davante Adams veut se concentrer sur l&rsquo;instant pr&eacute;sent - The Playoffs FR<\/title>\n<meta name=\"robots\" content=\"index, follow, max-snippet:-1, max-image-preview:large, max-video-preview:-1\" \/>\n<link rel=\"canonical\" href=\"https:\/\/theplayoffs.news\/fr\/actualite-nfl\/raiders-davante-adams-veut-se-concentrer-sur-linstant-present\/\" \/>\n<meta property=\"og:locale\" content=\"fr_FR\" \/>\n<meta property=\"og:type\" content=\"article\" \/>\n<meta property=\"og:title\" content=\"Raiders : Davante Adams veut se concentrer sur l&rsquo;instant pr&eacute;sent - The Playoffs FR\" \/>\n<meta property=\"og:url\" content=\"https:\/\/theplayoffs.news\/fr\/actualite-nfl\/raiders-davante-adams-veut-se-concentrer-sur-linstant-present\/\" \/>\n<meta property=\"og:site_name\" content=\"The Playoffs FR\" \/>\n<meta property=\"article:publisher\" content=\"https:\/\/www.facebook.com\/TheFreeAgentFR\/\" \/>\n<meta property=\"article:modified_time\" content=\"2024-06-21T15:45:21+02:00\" \/>\n<meta property=\"og:image\" content=\"https:\/\/theplayoffs.news\/fr\/wp-content\/uploads\/2024\/06\/USATSI_22245080.jpg\" \/>\n\t<meta property=\"og:image:width\" content=\"1920\" \/>\n\t<meta property=\"og:image:height\" content=\"1280\" \/>\n\t<meta property=\"og:image:type\" content=\"image\/jpeg\" \/>\n<meta name=\"author\" content=\"Jean Fabre-Jevanoff\" \/>\n<meta name=\"twitter:card\" content=\"summary_large_image\" \/>\n<meta name=\"twitter:creator\" content=\"@the_jfj_42\" \/>\n<meta name=\"twitter:site\" content=\"@TheFreeAgentFR\" \/>\n<meta name=\"twitter:label1\" content=\"\u00c9crit par\" \/>\n\t<meta name=\"twitter:data1\" content=\"Jean Fabre-Jevanoff\" \/>\n\t<meta name=\"twitter:label2\" content=\"Dur\u00e9e de lecture estim\u00e9e\" \/>\n\t<meta name=\"twitter:data2\" content=\"1 minute\" \/>\n<script type=\"application\/ld+json\" class=\"yoast-schema-graph\">{\"@context\":\"https:\/\/schema.org\",\"@graph\":[{\"@type\":\"WebPage\",\"@id\":\"https:\/\/theplayoffs.news\/fr\/actualite-nfl\/raiders-davante-adams-veut-se-concentrer-sur-linstant-present\/\",\"url\":\"https:\/\/theplayoffs.news\/fr\/actualite-nfl\/raiders-davante-adams-veut-se-concentrer-sur-linstant-present\/\",\"name\":\"Raiders : Davante Adams veut se concentrer sur l\u2019instant pr\u00e9sent - The Playoffs FR\",\"isPartOf\":{\"@id\":\"https:\/\/theplayoffs.news\/fr\/#website\"},\"primaryImageOfPage\":{\"@id\":\"https:\/\/theplayoffs.news\/fr\/actualite-nfl\/raiders-davante-adams-veut-se-concentrer-sur-linstant-present\/#primaryimage\"},\"image\":{\"@id\":\"https:\/\/theplayoffs.news\/fr\/actualite-nfl\/raiders-davante-adams-veut-se-concentrer-sur-linstant-present\/#primaryimage\"},\"thumbnailUrl\":\"https:\/\/theplayoffs.news\/fr\/wp-content\/uploads\/2024\/06\/USATSI_22245080.jpg\",\"datePublished\":\"2024-06-21T13:45:21+00:00\",\"dateModified\":\"2024-06-21T13:45:21+00:00\",\"author\":{\"@id\":\"https:\/\/theplayoffs.news\/fr\/#\/schema\/person\/1ea25b88e79fe4fabd657430b0013d3d\"},\"breadcrumb\":{\"@id\":\"https:\/\/theplayoffs.news\/fr\/actualite-nfl\/raiders-davante-adams-veut-se-concentrer-sur-linstant-present\/#breadcrumb\"},\"inLanguage\":\"fr-FR\",\"potentialAction\":[{\"@type\":\"ReadAction\",\"target\":[\"https:\/\/theplayoffs.news\/fr\/actualite-nfl\/raiders-davante-adams-veut-se-concentrer-sur-linstant-present\/\"]}]},{\"@type\":\"ImageObject\",\"inLanguage\":\"fr-FR\",\"@id\":\"https:\/\/theplayoffs.news\/fr\/actualite-nfl\/raiders-davante-adams-veut-se-concentrer-sur-linstant-present\/#primaryimage\",\"url\":\"https:\/\/theplayoffs.news\/fr\/wp-content\/uploads\/2024\/06\/USATSI_22245080.jpg\",\"contentUrl\":\"https:\/\/theplayoffs.news\/fr\/wp-content\/uploads\/2024\/06\/USATSI_22245080.jpg\",\"width\":1920,\"height\":1280,\"caption\":\"Jan 7, 2024; Paradise, Nevada, USA; Las Vegas Raiders wide receiver Davante Adams (17) misses a pass in the end zone against the Denver Broncos during the fourth quarter at Allegiant Stadium. Mandatory Credit: Stephen R. Sylvanie-USA TODAY Sports\"},{\"@type\":\"BreadcrumbList\",\"@id\":\"https:\/\/theplayoffs.news\/fr\/actualite-nfl\/raiders-davante-adams-veut-se-concentrer-sur-linstant-present\/#breadcrumb\",\"itemListElement\":[{\"@type\":\"ListItem\",\"position\":1,\"name\":\"Accueil\",\"item\":\"https:\/\/theplayoffs.news\/fr\/\"},{\"@type\":\"ListItem\",\"position\":2,\"name\":\"Raiders : Davante Adams veut se concentrer sur l\u2019instant pr\u00e9sent\"}]},{\"@type\":\"WebSite\",\"@id\":\"https:\/\/theplayoffs.news\/fr\/#website\",\"url\":\"https:\/\/theplayoffs.news\/fr\/\",\"name\":\"The Playoffs FR\",\"description\":\"NBA-NFL-NHL-MLB\",\"potentialAction\":[{\"@type\":\"SearchAction\",\"target\":{\"@type\":\"EntryPoint\",\"urlTemplate\":\"https:\/\/theplayoffs.news\/fr\/?s={search_term_string}\"},\"query-input\":{\"@type\":\"PropertyValueSpecification\",\"valueRequired\":true,\"valueName\":\"search_term_string\"}}],\"inLanguage\":\"fr-FR\"},{\"@type\":\"Person\",\"@id\":\"https:\/\/theplayoffs.news\/fr\/#\/schema\/person\/1ea25b88e79fe4fabd657430b0013d3d\",\"name\":\"Jean Fabre-Jevanoff\",\"image\":{\"@type\":\"ImageObject\",\"inLanguage\":\"fr-FR\",\"@id\":\"https:\/\/theplayoffs.news\/fr\/#\/schema\/person\/image\/\",\"url\":\"https:\/\/secure.gravatar.com\/avatar\/18b28dab1159eebc6a17b9787eb8cbbe3242c3d0e8b53b89332f6dc1133aa361?s=96&d=mm&r=g\",\"contentUrl\":\"https:\/\/secure.gravatar.com\/avatar\/18b28dab1159eebc6a17b9787eb8cbbe3242c3d0e8b53b89332f6dc1133aa361?s=96&d=mm&r=g\",\"caption\":\"Jean Fabre-Jevanoff\"},\"description\":\"Journaliste polyvalent sur le football am\u00e9ricain, j\u2019\u00e9cris aussi des articles sur le basket. Commentateur sur Twitch et sur YouTube. Pass\u00e9 par Eurosport notamment. Un mix d\u2019Eminem et de OBJ, fan inconditionnel de Patrick Mahomes et Lebron James\",\"sameAs\":[\"https:\/\/www.instagram.com\/_juaniitooo_\",\"https:\/\/www.linkedin.com\/in\/jean-fabre-jevanoff-84bb9b1a9\/\",\"https:\/\/x.com\/the_jfj_42\"],\"url\":\"https:\/\/theplayoffs.news\/fr\/author\/jeanfj42gmail-com\/\"}]}<\/script>\n<!-- \/ Yoast SEO plugin. -->","yoast_head_json":{"title":"Raiders : Davante Adams veut se concentrer sur l&rsquo;instant pr&eacute;sent - The Playoffs FR","robots":{"index":"index","follow":"follow","max-snippet":"max-snippet:-1","max-image-preview":"max-image-preview:large","max-video-preview":"max-video-preview:-1"},"canonical":"https:\/\/theplayoffs.news\/fr\/actualite-nfl\/raiders-davante-adams-veut-se-concentrer-sur-linstant-present\/","og_locale":"fr_FR","og_type":"article","og_title":"Raiders : Davante Adams veut se concentrer sur l&rsquo;instant pr&eacute;sent - The Playoffs FR","og_url":"https:\/\/theplayoffs.news\/fr\/actualite-nfl\/raiders-davante-adams-veut-se-concentrer-sur-linstant-present\/","og_site_name":"The Playoffs FR","article_publisher":"https:\/\/www.facebook.com\/TheFreeAgentFR\/","og_image":[{"width":1920,"height":1280,"url":"https:\/\/theplayoffs.news\/fr\/wp-content\/uploads\/2024\/06\/USATSI_22245080.jpg","type":"image\/jpeg"}],"author":"Jean Fabre-Jevanoff","twitter_card":"summary_large_image","twitter_creator":"@the_jfj_42","twitter_site":"@TheFreeAgentFR","twitter_misc":{"\u00c9crit par":"Jean Fabre-Jevanoff","Dur\u00e9e de lecture estim\u00e9e":"1 minute"},"schema":{"@context":"https:\/\/schema.org","@graph":[{"@type":"WebPage","@id":"https:\/\/theplayoffs.news\/fr\/actualite-nfl\/raiders-davante-adams-veut-se-concentrer-sur-linstant-present\/","url":"https:\/\/theplayoffs.news\/fr\/actualite-nfl\/raiders-davante-adams-veut-se-concentrer-sur-linstant-present\/","name":"Raiders : Davante Adams veut se concentrer sur l\u2019instant pr\u00e9sent - The Playoffs FR","isPartOf":{"@id":"https:\/\/theplayoffs.news\/fr\/#website"},"primaryImageOfPage":{"@id":"https:\/\/theplayoffs.news\/fr\/actualite-nfl\/raiders-davante-adams-veut-se-concentrer-sur-linstant-present\/#primaryimage"},"image":{"@id":"https:\/\/theplayoffs.news\/fr\/actualite-nfl\/raiders-davante-adams-veut-se-concentrer-sur-linstant-present\/#primaryimage"},"thumbnailUrl":"https:\/\/theplayoffs.news\/fr\/wp-content\/uploads\/2024\/06\/USATSI_22245080.jpg","datePublished":"2024-06-21T13:45:21+00:00","dateModified":"2024-06-21T13:45:21+00:00","author":{"@id":"https:\/\/theplayoffs.news\/fr\/#\/schema\/person\/1ea25b88e79fe4fabd657430b0013d3d"},"breadcrumb":{"@id":"https:\/\/theplayoffs.news\/fr\/actualite-nfl\/raiders-davante-adams-veut-se-concentrer-sur-linstant-present\/#breadcrumb"},"inLanguage":"fr-FR","potentialAction":[{"@type":"ReadAction","target":["https:\/\/theplayoffs.news\/fr\/actualite-nfl\/raiders-davante-adams-veut-se-concentrer-sur-linstant-present\/"]}]},{"@type":"ImageObject","inLanguage":"fr-FR","@id":"https:\/\/theplayoffs.news\/fr\/actualite-nfl\/raiders-davante-adams-veut-se-concentrer-sur-linstant-present\/#primaryimage","url":"https:\/\/theplayoffs.news\/fr\/wp-content\/uploads\/2024\/06\/USATSI_22245080.jpg","contentUrl":"https:\/\/theplayoffs.news\/fr\/wp-content\/uploads\/2024\/06\/USATSI_22245080.jpg","width":1920,"height":1280,"caption":"Jan 7, 2024; Paradise, Nevada, USA; Las Vegas Raiders wide receiver Davante Adams (17) misses a pass in the end zone against the Denver Broncos during the fourth quarter at Allegiant Stadium. Mandatory Credit: Stephen R. Sylvanie-USA TODAY Sports"},{"@type":"BreadcrumbList","@id":"https:\/\/theplayoffs.news\/fr\/actualite-nfl\/raiders-davante-adams-veut-se-concentrer-sur-linstant-present\/#breadcrumb","itemListElement":[{"@type":"ListItem","position":1,"name":"Accueil","item":"https:\/\/theplayoffs.news\/fr\/"},{"@type":"ListItem","position":2,"name":"Raiders : Davante Adams veut se concentrer sur l\u2019instant pr\u00e9sent"}]},{"@type":"WebSite","@id":"https:\/\/theplayoffs.news\/fr\/#website","url":"https:\/\/theplayoffs.news\/fr\/","name":"The Playoffs FR","description":"NBA-NFL-NHL-MLB","potentialAction":[{"@type":"SearchAction","target":{"@type":"EntryPoint","urlTemplate":"https:\/\/theplayoffs.news\/fr\/?s={search_term_string}"},"query-input":{"@type":"PropertyValueSpecification","valueRequired":true,"valueName":"search_term_string"}}],"inLanguage":"fr-FR"},{"@type":"Person","@id":"https:\/\/theplayoffs.news\/fr\/#\/schema\/person\/1ea25b88e79fe4fabd657430b0013d3d","name":"Jean Fabre-Jevanoff","image":{"@type":"ImageObject","inLanguage":"fr-FR","@id":"https:\/\/theplayoffs.news\/fr\/#\/schema\/person\/image\/","url":"https:\/\/secure.gravatar.com\/avatar\/18b28dab1159eebc6a17b9787eb8cbbe3242c3d0e8b53b89332f6dc1133aa361?s=96&d=mm&r=g","contentUrl":"https:\/\/secure.gravatar.com\/avatar\/18b28dab1159eebc6a17b9787eb8cbbe3242c3d0e8b53b89332f6dc1133aa361?s=96&d=mm&r=g","caption":"Jean Fabre-Jevanoff"},"description":"Journaliste polyvalent sur le football am\u00e9ricain, j\u2019\u00e9cris aussi des articles sur le basket. Commentateur sur Twitch et sur YouTube. Pass\u00e9 par Eurosport notamment. Un mix d\u2019Eminem et de OBJ, fan inconditionnel de Patrick Mahomes et Lebron James","sameAs":["https:\/\/www.instagram.com\/_juaniitooo_","https:\/\/www.linkedin.com\/in\/jean-fabre-jevanoff-84bb9b1a9\/","https:\/\/x.com\/the_jfj_42"],"url":"https:\/\/theplayoffs.news\/fr\/author\/jeanfj42gmail-com\/"}]}},"_links":{"self":[{"href":"https:\/\/theplayoffs.news\/fr\/wp-json\/wp\/v2\/posts\/1439706","targetHints":{"allow":["GET"]}}],"collection":[{"href":"https:\/\/theplayoffs.news\/fr\/wp-json\/wp\/v2\/posts"}],"about":[{"href":"https:\/\/theplayoffs.news\/fr\/wp-json\/wp\/v2\/types\/post"}],"author":[{"embeddable":true,"href":"https:\/\/theplayoffs.news\/fr\/wp-json\/wp\/v2\/users\/180310250"}],"replies":[{"embeddable":true,"href":"https:\/\/theplayoffs.news\/fr\/wp-json\/wp\/v2\/comments?post=1439706"}],"version-history":[{"count":2,"href":"https:\/\/theplayoffs.news\/fr\/wp-json\/wp\/v2\/posts\/1439706\/revisions"}],"predecessor-version":[{"id":1439721,"href":"https:\/\/theplayoffs.news\/fr\/wp-json\/wp\/v2\/posts\/1439706\/revisions\/1439721"}],"wp:featuredmedia":[{"embeddable":true,"href":"https:\/\/theplayoffs.news\/fr\/wp-json\/wp\/v2\/media\/1439719"}],"wp:attachment":[{"href":"https:\/\/theplayoffs.news\/fr\/wp-json\/wp\/v2\/media?parent=1439706"}],"wp:term":[{"taxonomy":"category","embeddable":true,"href":"https:\/\/theplayoffs.news\/fr\/wp-json\/wp\/v2\/categories?post=1439706"},{"taxonomy":"post_tag","embeddable":true,"href":"https:\/\/theplayoffs.news\/fr\/wp-json\/wp\/v2\/tags?post=1439706"},{"taxonomy":"sport","embeddable":true,"href":"https:\/\/theplayoffs.news\/fr\/wp-json\/wp\/v2\/sport?post=1439706"},{"taxonomy":"saison","embeddable":true,"href":"https:\/\/theplayoffs.news\/fr\/wp-json\/wp\/v2\/saison?post=1439706"}],"curies":[{"name":"wp","href":"https:\/\/api.w.org\/{rel}","templated":true}]}}