{"id":1439683,"date":"2024-06-21T12:33:29","date_gmt":"2024-06-21T10:33:29","guid":{"rendered":"https:\/\/theplayoffs.news\/fr\/?p=1439683"},"modified":"2024-06-21T12:33:29","modified_gmt":"2024-06-21T10:33:29","slug":"malik-monk-prolonge-avec-les-kings","status":"publish","type":"post","link":"https:\/\/theplayoffs.news\/fr\/actualite-nba\/malik-monk-prolonge-avec-les-kings\/","title":{"rendered":"Malik Monk prolonge avec les Kings"},"content":{"rendered":"<h2>Malik Monk, reconnu comme l&rsquo;un des meilleurs sixi&egrave;mes hommes de la NBA ces deux derni&egrave;res ann&eacute;es, a renouvel&eacute; son contrat avec les Sacramento Kings.<\/h2><blockquote class=\"twitter-tweet\" data-width=\"500\" data-dnt=\"true\">\n<p lang=\"en\" dir=\"ltr\">ESPN story on guard Malik Monk returning to the Sacramento Kings on a four-year, $78 million deal  <a href=\"https:\/\/t.co\/22O5Tpdg4v\" class=\"trk-cta-link\" data-cta-trk='{\"ctaType\":\"Link\",\"ctaSubType\":\"main\"}'>https:\/\/t.co\/22O5Tpdg4v<\/a><\/p>\n<p>&mdash; Adrian Wojnarowski (@wojespn) <a href=\"https:\/\/twitter.com\/wojespn\/status\/1803997111853207557?ref_src=twsrc%5Etfw\" class=\"trk-cta-link\" data-cta-trk='{\"ctaType\":\"Link\",\"ctaSubType\":\"main\"}'>June 21, 2024<\/a><\/p><\/blockquote><p><script async src=\"https:\/\/platform.twitter.com\/widgets.js\" charset=\"utf-8\"><\/script><\/p><p>Selon des informations d&rsquo;ESPN, l&rsquo;arri&egrave;re, anciennement chez les Hornets et les Lakers, a sign&eacute; un contrat de quatre ans d&rsquo;une valeur de 78 millions de dollars. Cette extension inclut &eacute;galement une option pour devenir agent libre &agrave; la fin de la troisi&egrave;me ann&eacute;e.<\/p><p>Cette saison, Monk s&rsquo;est illustr&eacute; par des bonnes performances en sortie de banc, avec une moyenne de 15.4 points et 5.1 passes en seulement 26 minutes par match. Cependant, une blessure au genou l&rsquo;a contraint &agrave; manquer les neuf derniers matchs de la saison r&eacute;guli&egrave;re ainsi que les deux matchs des play-ins, p&eacute;riode durant laquelle les Kings ont &eacute;t&eacute; &eacute;limin&eacute;s par les Pelicans.<\/p><p>&copy; Sergio Estrada-USA TODAY Sports<\/p>\n","protected":false},"excerpt":{"rendered":"","protected":false},"author":180310234,"featured_media":1439684,"comment_status":"open","ping_status":"closed","sticky":false,"template":"","format":"standard","meta":{"inline_featured_image":false,"kia_subtitle":"","_mux_skip_reasons":[],"proofreadBy":0,"footnotes":""},"categories":[110],"tags":[1513,7433],"sport":[2783],"saison":[3453],"class_list":["post-1439683","post","type-post","status-publish","format-standard","has-post-thumbnail","hentry","category-actualite-nba","tag-kings","tag-monk","sport-nba","saison-3453"],"acf":[],"yoast_head":"<!-- This site is optimized with the Yoast SEO plugin v24.2 - https:\/\/yoast.com\/wordpress\/plugins\/seo\/ -->\n<title>Malik Monk prolonge avec les Kings - The Playoffs FR<\/title>\n<meta name=\"robots\" content=\"index, follow, max-snippet:-1, max-image-preview:large, max-video-preview:-1\" \/>\n<link rel=\"canonical\" href=\"https:\/\/theplayoffs.news\/fr\/actualite-nba\/malik-monk-prolonge-avec-les-kings\/\" \/>\n<meta property=\"og:locale\" content=\"fr_FR\" \/>\n<meta property=\"og:type\" content=\"article\" \/>\n<meta property=\"og:title\" content=\"Malik Monk prolonge avec les Kings - The Playoffs FR\" \/>\n<meta property=\"og:url\" content=\"https:\/\/theplayoffs.news\/fr\/actualite-nba\/malik-monk-prolonge-avec-les-kings\/\" \/>\n<meta property=\"og:site_name\" content=\"The Playoffs FR\" \/>\n<meta property=\"article:publisher\" content=\"https:\/\/www.facebook.com\/TheFreeAgentFR\/\" \/>\n<meta property=\"article:modified_time\" content=\"2024-06-21T12:33:29+02:00\" \/>\n<meta property=\"og:image\" content=\"https:\/\/theplayoffs.news\/fr\/wp-content\/uploads\/2024\/06\/USATSI_22875993.jpg\" \/>\n\t<meta property=\"og:image:width\" content=\"1920\" \/>\n\t<meta property=\"og:image:height\" content=\"1280\" \/>\n\t<meta property=\"og:image:type\" content=\"image\/jpeg\" \/>\n<meta name=\"author\" content=\"Alexandre Gomes\" \/>\n<meta name=\"twitter:card\" content=\"summary_large_image\" \/>\n<meta name=\"twitter:creator\" content=\"@TheFreeAgentFR\" \/>\n<meta name=\"twitter:site\" content=\"@TheFreeAgentFR\" \/>\n<meta name=\"twitter:label1\" content=\"\u00c9crit par\" \/>\n\t<meta name=\"twitter:data1\" content=\"Alexandre Gomes\" \/>\n\t<meta name=\"twitter:label2\" content=\"Dur\u00e9e de lecture estim\u00e9e\" \/>\n\t<meta name=\"twitter:data2\" content=\"1 minute\" \/>\n<script type=\"application\/ld+json\" class=\"yoast-schema-graph\">{\"@context\":\"https:\/\/schema.org\",\"@graph\":[{\"@type\":\"WebPage\",\"@id\":\"https:\/\/theplayoffs.news\/fr\/actualite-nba\/malik-monk-prolonge-avec-les-kings\/\",\"url\":\"https:\/\/theplayoffs.news\/fr\/actualite-nba\/malik-monk-prolonge-avec-les-kings\/\",\"name\":\"Malik Monk prolonge avec les Kings - The Playoffs FR\",\"isPartOf\":{\"@id\":\"https:\/\/theplayoffs.news\/fr\/#website\"},\"primaryImageOfPage\":{\"@id\":\"https:\/\/theplayoffs.news\/fr\/actualite-nba\/malik-monk-prolonge-avec-les-kings\/#primaryimage\"},\"image\":{\"@id\":\"https:\/\/theplayoffs.news\/fr\/actualite-nba\/malik-monk-prolonge-avec-les-kings\/#primaryimage\"},\"thumbnailUrl\":\"https:\/\/theplayoffs.news\/fr\/wp-content\/uploads\/2024\/06\/USATSI_22875993.jpg\",\"datePublished\":\"2024-06-21T10:33:29+00:00\",\"dateModified\":\"2024-06-21T10:33:29+00:00\",\"author\":{\"@id\":\"https:\/\/theplayoffs.news\/fr\/#\/schema\/person\/8271870c7368fee2ff5b2ba615997fff\"},\"breadcrumb\":{\"@id\":\"https:\/\/theplayoffs.news\/fr\/actualite-nba\/malik-monk-prolonge-avec-les-kings\/#breadcrumb\"},\"inLanguage\":\"fr-FR\",\"potentialAction\":[{\"@type\":\"ReadAction\",\"target\":[\"https:\/\/theplayoffs.news\/fr\/actualite-nba\/malik-monk-prolonge-avec-les-kings\/\"]}]},{\"@type\":\"ImageObject\",\"inLanguage\":\"fr-FR\",\"@id\":\"https:\/\/theplayoffs.news\/fr\/actualite-nba\/malik-monk-prolonge-avec-les-kings\/#primaryimage\",\"url\":\"https:\/\/theplayoffs.news\/fr\/wp-content\/uploads\/2024\/06\/USATSI_22875993.jpg\",\"contentUrl\":\"https:\/\/theplayoffs.news\/fr\/wp-content\/uploads\/2024\/06\/USATSI_22875993.jpg\",\"width\":1920,\"height\":1280,\"caption\":\"Mar 26, 2024; Sacramento, California, USA; Sacramento Kings guard Malik Monk (0) looks on during the fourth quarter against the Dallas Mavericks at Golden 1 Center. Mandatory Credit: Sergio Estrada-USA TODAY Sports\"},{\"@type\":\"BreadcrumbList\",\"@id\":\"https:\/\/theplayoffs.news\/fr\/actualite-nba\/malik-monk-prolonge-avec-les-kings\/#breadcrumb\",\"itemListElement\":[{\"@type\":\"ListItem\",\"position\":1,\"name\":\"Accueil\",\"item\":\"https:\/\/theplayoffs.news\/fr\/\"},{\"@type\":\"ListItem\",\"position\":2,\"name\":\"Malik Monk prolonge avec les Kings\"}]},{\"@type\":\"WebSite\",\"@id\":\"https:\/\/theplayoffs.news\/fr\/#website\",\"url\":\"https:\/\/theplayoffs.news\/fr\/\",\"name\":\"The Playoffs FR\",\"description\":\"NBA-NFL-NHL-MLB\",\"potentialAction\":[{\"@type\":\"SearchAction\",\"target\":{\"@type\":\"EntryPoint\",\"urlTemplate\":\"https:\/\/theplayoffs.news\/fr\/?s={search_term_string}\"},\"query-input\":{\"@type\":\"PropertyValueSpecification\",\"valueRequired\":true,\"valueName\":\"search_term_string\"}}],\"inLanguage\":\"fr-FR\"},{\"@type\":\"Person\",\"@id\":\"https:\/\/theplayoffs.news\/fr\/#\/schema\/person\/8271870c7368fee2ff5b2ba615997fff\",\"name\":\"Alexandre Gomes\",\"image\":{\"@type\":\"ImageObject\",\"inLanguage\":\"fr-FR\",\"@id\":\"https:\/\/theplayoffs.news\/fr\/#\/schema\/person\/image\/\",\"url\":\"https:\/\/secure.gravatar.com\/avatar\/85734dd9d8139e75eb3558e9d1f8c28873597c2d782b41c9f078bed549b247e9?s=96&d=mm&r=g\",\"contentUrl\":\"https:\/\/secure.gravatar.com\/avatar\/85734dd9d8139e75eb3558e9d1f8c28873597c2d782b41c9f078bed549b247e9?s=96&d=mm&r=g\",\"caption\":\"Alexandre Gomes\"},\"url\":\"https:\/\/theplayoffs.news\/fr\/author\/agomespro93gmail-com\/\"}]}<\/script>\n<!-- \/ Yoast SEO plugin. -->","yoast_head_json":{"title":"Malik Monk prolonge avec les Kings - The Playoffs FR","robots":{"index":"index","follow":"follow","max-snippet":"max-snippet:-1","max-image-preview":"max-image-preview:large","max-video-preview":"max-video-preview:-1"},"canonical":"https:\/\/theplayoffs.news\/fr\/actualite-nba\/malik-monk-prolonge-avec-les-kings\/","og_locale":"fr_FR","og_type":"article","og_title":"Malik Monk prolonge avec les Kings - The Playoffs FR","og_url":"https:\/\/theplayoffs.news\/fr\/actualite-nba\/malik-monk-prolonge-avec-les-kings\/","og_site_name":"The Playoffs FR","article_publisher":"https:\/\/www.facebook.com\/TheFreeAgentFR\/","og_image":[{"width":1920,"height":1280,"url":"https:\/\/theplayoffs.news\/fr\/wp-content\/uploads\/2024\/06\/USATSI_22875993.jpg","type":"image\/jpeg"}],"author":"Alexandre Gomes","twitter_card":"summary_large_image","twitter_creator":"@TheFreeAgentFR","twitter_site":"@TheFreeAgentFR","twitter_misc":{"\u00c9crit par":"Alexandre Gomes","Dur\u00e9e de lecture estim\u00e9e":"1 minute"},"schema":{"@context":"https:\/\/schema.org","@graph":[{"@type":"WebPage","@id":"https:\/\/theplayoffs.news\/fr\/actualite-nba\/malik-monk-prolonge-avec-les-kings\/","url":"https:\/\/theplayoffs.news\/fr\/actualite-nba\/malik-monk-prolonge-avec-les-kings\/","name":"Malik Monk prolonge avec les Kings - The Playoffs FR","isPartOf":{"@id":"https:\/\/theplayoffs.news\/fr\/#website"},"primaryImageOfPage":{"@id":"https:\/\/theplayoffs.news\/fr\/actualite-nba\/malik-monk-prolonge-avec-les-kings\/#primaryimage"},"image":{"@id":"https:\/\/theplayoffs.news\/fr\/actualite-nba\/malik-monk-prolonge-avec-les-kings\/#primaryimage"},"thumbnailUrl":"https:\/\/theplayoffs.news\/fr\/wp-content\/uploads\/2024\/06\/USATSI_22875993.jpg","datePublished":"2024-06-21T10:33:29+00:00","dateModified":"2024-06-21T10:33:29+00:00","author":{"@id":"https:\/\/theplayoffs.news\/fr\/#\/schema\/person\/8271870c7368fee2ff5b2ba615997fff"},"breadcrumb":{"@id":"https:\/\/theplayoffs.news\/fr\/actualite-nba\/malik-monk-prolonge-avec-les-kings\/#breadcrumb"},"inLanguage":"fr-FR","potentialAction":[{"@type":"ReadAction","target":["https:\/\/theplayoffs.news\/fr\/actualite-nba\/malik-monk-prolonge-avec-les-kings\/"]}]},{"@type":"ImageObject","inLanguage":"fr-FR","@id":"https:\/\/theplayoffs.news\/fr\/actualite-nba\/malik-monk-prolonge-avec-les-kings\/#primaryimage","url":"https:\/\/theplayoffs.news\/fr\/wp-content\/uploads\/2024\/06\/USATSI_22875993.jpg","contentUrl":"https:\/\/theplayoffs.news\/fr\/wp-content\/uploads\/2024\/06\/USATSI_22875993.jpg","width":1920,"height":1280,"caption":"Mar 26, 2024; Sacramento, California, USA; Sacramento Kings guard Malik Monk (0) looks on during the fourth quarter against the Dallas Mavericks at Golden 1 Center. Mandatory Credit: Sergio Estrada-USA TODAY Sports"},{"@type":"BreadcrumbList","@id":"https:\/\/theplayoffs.news\/fr\/actualite-nba\/malik-monk-prolonge-avec-les-kings\/#breadcrumb","itemListElement":[{"@type":"ListItem","position":1,"name":"Accueil","item":"https:\/\/theplayoffs.news\/fr\/"},{"@type":"ListItem","position":2,"name":"Malik Monk prolonge avec les Kings"}]},{"@type":"WebSite","@id":"https:\/\/theplayoffs.news\/fr\/#website","url":"https:\/\/theplayoffs.news\/fr\/","name":"The Playoffs FR","description":"NBA-NFL-NHL-MLB","potentialAction":[{"@type":"SearchAction","target":{"@type":"EntryPoint","urlTemplate":"https:\/\/theplayoffs.news\/fr\/?s={search_term_string}"},"query-input":{"@type":"PropertyValueSpecification","valueRequired":true,"valueName":"search_term_string"}}],"inLanguage":"fr-FR"},{"@type":"Person","@id":"https:\/\/theplayoffs.news\/fr\/#\/schema\/person\/8271870c7368fee2ff5b2ba615997fff","name":"Alexandre Gomes","image":{"@type":"ImageObject","inLanguage":"fr-FR","@id":"https:\/\/theplayoffs.news\/fr\/#\/schema\/person\/image\/","url":"https:\/\/secure.gravatar.com\/avatar\/85734dd9d8139e75eb3558e9d1f8c28873597c2d782b41c9f078bed549b247e9?s=96&d=mm&r=g","contentUrl":"https:\/\/secure.gravatar.com\/avatar\/85734dd9d8139e75eb3558e9d1f8c28873597c2d782b41c9f078bed549b247e9?s=96&d=mm&r=g","caption":"Alexandre Gomes"},"url":"https:\/\/theplayoffs.news\/fr\/author\/agomespro93gmail-com\/"}]}},"_links":{"self":[{"href":"https:\/\/theplayoffs.news\/fr\/wp-json\/wp\/v2\/posts\/1439683","targetHints":{"allow":["GET"]}}],"collection":[{"href":"https:\/\/theplayoffs.news\/fr\/wp-json\/wp\/v2\/posts"}],"about":[{"href":"https:\/\/theplayoffs.news\/fr\/wp-json\/wp\/v2\/types\/post"}],"author":[{"embeddable":true,"href":"https:\/\/theplayoffs.news\/fr\/wp-json\/wp\/v2\/users\/180310234"}],"replies":[{"embeddable":true,"href":"https:\/\/theplayoffs.news\/fr\/wp-json\/wp\/v2\/comments?post=1439683"}],"version-history":[{"count":3,"href":"https:\/\/theplayoffs.news\/fr\/wp-json\/wp\/v2\/posts\/1439683\/revisions"}],"predecessor-version":[{"id":1439688,"href":"https:\/\/theplayoffs.news\/fr\/wp-json\/wp\/v2\/posts\/1439683\/revisions\/1439688"}],"wp:featuredmedia":[{"embeddable":true,"href":"https:\/\/theplayoffs.news\/fr\/wp-json\/wp\/v2\/media\/1439684"}],"wp:attachment":[{"href":"https:\/\/theplayoffs.news\/fr\/wp-json\/wp\/v2\/media?parent=1439683"}],"wp:term":[{"taxonomy":"category","embeddable":true,"href":"https:\/\/theplayoffs.news\/fr\/wp-json\/wp\/v2\/categories?post=1439683"},{"taxonomy":"post_tag","embeddable":true,"href":"https:\/\/theplayoffs.news\/fr\/wp-json\/wp\/v2\/tags?post=1439683"},{"taxonomy":"sport","embeddable":true,"href":"https:\/\/theplayoffs.news\/fr\/wp-json\/wp\/v2\/sport?post=1439683"},{"taxonomy":"saison","embeddable":true,"href":"https:\/\/theplayoffs.news\/fr\/wp-json\/wp\/v2\/saison?post=1439683"}],"curies":[{"name":"wp","href":"https:\/\/api.w.org\/{rel}","templated":true}]}}