{"id":1439462,"date":"2024-06-20T15:42:48","date_gmt":"2024-06-20T13:42:48","guid":{"rendered":"https:\/\/theplayoffs.news\/fr\/?p=1439462"},"modified":"2024-06-20T15:42:48","modified_gmt":"2024-06-20T13:42:48","slug":"frank-ntilikina-de-retour-en-europe-avec-le-partizan-belgrade","status":"publish","type":"post","link":"https:\/\/theplayoffs.news\/fr\/actualite-nba\/frank-ntilikina-de-retour-en-europe-avec-le-partizan-belgrade\/","title":{"rendered":"Frank Ntilikina de retour en Europe avec le Partizan Belgrade"},"content":{"rendered":"<h2>Apr&egrave;s une p&eacute;riode de sept ans alternants entre la NBA et la G-League, Frank Ntilikina s&rsquo;appr&ecirc;te &agrave; faire son retour en Europe en s&rsquo;engageant avec le Partizan Belgrade.<\/h2><p>Les rumeurs qui circulaient depuis un an se sont concr&eacute;tis&eacute;es : l&rsquo;international fran&ccedil;ais a officialis&eacute; son arriv&eacute;e en Europe.<\/p><p>\n<div id=\"attachment_1439463\" style=\"width: 179px\" class=\"wp-caption alignnone\"><img loading=\"lazy\" decoding=\"async\" aria-describedby=\"caption-attachment-1439463\" class=\"size-medium wp-image-1439463\" src=\"https:\/\/theplayoffs.news\/fr\/wp-content\/uploads\/2024\/06\/448645284_1118984135853419_5124873650193323950_n-169x300.jpg\" alt=\"\" width=\"169\" height=\"300\" srcset=\"https:\/\/theplayoffs.news\/fr\/wp-content\/uploads\/2024\/06\/448645284_1118984135853419_5124873650193323950_n-169x300.jpg 169w, https:\/\/theplayoffs.news\/fr\/wp-content\/uploads\/2024\/06\/448645284_1118984135853419_5124873650193323950_n-579x1030.jpg 579w, https:\/\/theplayoffs.news\/fr\/wp-content\/uploads\/2024\/06\/448645284_1118984135853419_5124873650193323950_n-768x1365.jpg 768w, https:\/\/theplayoffs.news\/fr\/wp-content\/uploads\/2024\/06\/448645284_1118984135853419_5124873650193323950_n.jpg 1290w\" sizes=\"auto, (max-width: 169px) 100vw, 169px\" \/><p id=\"caption-attachment-1439463\" class=\"wp-caption-text\">Story du compte instagram de @Frank_ntilikina<\/p><\/div>\n<\/p><p>Confirm&eacute;e par une story symbolique sur son Instagram, montrant les couleurs noir et blanc embl&eacute;matiques du Partizan. La presse serbe avait d&eacute;j&agrave; anticip&eacute; ce mouvement plus t&ocirc;t dans la journ&eacute;e, le site SportKlub avait r&eacute;v&eacute;l&eacute; en premier que le 8emes choix de la draft 2017 avait sign&eacute; un contrat de deux ans avec le club.<\/p><p>Ntilikina rejoint donc un cadre comp&eacute;titif en Serbie, esp&eacute;rant surement relancer sa carri&egrave;re en NBA comme a pu le faire, Dante Exum.<\/p><p>&copy; Nell Redmond-USA TODAY Sports<\/p><p>&nbsp;<\/p>\n","protected":false},"excerpt":{"rendered":"","protected":false},"author":180310234,"featured_media":1439464,"comment_status":"open","ping_status":"closed","sticky":false,"template":"","format":"image","meta":{"inline_featured_image":false,"kia_subtitle":"","_mux_skip_reasons":[],"proofreadBy":0,"footnotes":""},"categories":[110],"tags":[],"sport":[2783],"saison":[3453],"class_list":["post-1439462","post","type-post","status-publish","format-image","has-post-thumbnail","hentry","category-actualite-nba","post_format-post-format-image","sport-nba","saison-3453"],"acf":[],"yoast_head":"<!-- This site is optimized with the Yoast SEO plugin v24.2 - https:\/\/yoast.com\/wordpress\/plugins\/seo\/ -->\n<title>Frank Ntilikina de retour en Europe avec le Partizan Belgrade - The Playoffs FR<\/title>\n<meta name=\"robots\" content=\"index, follow, max-snippet:-1, max-image-preview:large, max-video-preview:-1\" \/>\n<link rel=\"canonical\" href=\"https:\/\/theplayoffs.news\/fr\/actualite-nba\/frank-ntilikina-de-retour-en-europe-avec-le-partizan-belgrade\/\" \/>\n<meta property=\"og:locale\" content=\"fr_FR\" \/>\n<meta property=\"og:type\" content=\"article\" \/>\n<meta property=\"og:title\" content=\"Frank Ntilikina de retour en Europe avec le Partizan Belgrade - The Playoffs FR\" \/>\n<meta property=\"og:url\" content=\"https:\/\/theplayoffs.news\/fr\/actualite-nba\/frank-ntilikina-de-retour-en-europe-avec-le-partizan-belgrade\/\" \/>\n<meta property=\"og:site_name\" content=\"The Playoffs FR\" \/>\n<meta property=\"article:publisher\" content=\"https:\/\/www.facebook.com\/TheFreeAgentFR\/\" \/>\n<meta property=\"article:modified_time\" content=\"2024-06-20T15:42:48+02:00\" \/>\n<meta property=\"og:image\" content=\"https:\/\/theplayoffs.news\/fr\/wp-content\/uploads\/2024\/06\/USATSI_21658840.jpg\" \/>\n\t<meta property=\"og:image:width\" content=\"1920\" \/>\n\t<meta property=\"og:image:height\" content=\"1280\" \/>\n\t<meta property=\"og:image:type\" content=\"image\/jpeg\" \/>\n<meta name=\"author\" content=\"Alexandre Gomes\" \/>\n<meta name=\"twitter:card\" content=\"summary_large_image\" \/>\n<meta name=\"twitter:creator\" content=\"@TheFreeAgentFR\" \/>\n<meta name=\"twitter:site\" content=\"@TheFreeAgentFR\" \/>\n<meta name=\"twitter:label1\" content=\"\u00c9crit par\" \/>\n\t<meta name=\"twitter:data1\" content=\"Alexandre Gomes\" \/>\n\t<meta name=\"twitter:label2\" content=\"Dur\u00e9e de lecture estim\u00e9e\" \/>\n\t<meta name=\"twitter:data2\" content=\"1 minute\" \/>\n<script type=\"application\/ld+json\" class=\"yoast-schema-graph\">{\"@context\":\"https:\/\/schema.org\",\"@graph\":[{\"@type\":\"WebPage\",\"@id\":\"https:\/\/theplayoffs.news\/fr\/actualite-nba\/frank-ntilikina-de-retour-en-europe-avec-le-partizan-belgrade\/\",\"url\":\"https:\/\/theplayoffs.news\/fr\/actualite-nba\/frank-ntilikina-de-retour-en-europe-avec-le-partizan-belgrade\/\",\"name\":\"Frank Ntilikina de retour en Europe avec le Partizan Belgrade - The Playoffs FR\",\"isPartOf\":{\"@id\":\"https:\/\/theplayoffs.news\/fr\/#website\"},\"primaryImageOfPage\":{\"@id\":\"https:\/\/theplayoffs.news\/fr\/actualite-nba\/frank-ntilikina-de-retour-en-europe-avec-le-partizan-belgrade\/#primaryimage\"},\"image\":{\"@id\":\"https:\/\/theplayoffs.news\/fr\/actualite-nba\/frank-ntilikina-de-retour-en-europe-avec-le-partizan-belgrade\/#primaryimage\"},\"thumbnailUrl\":\"https:\/\/theplayoffs.news\/fr\/wp-content\/uploads\/2024\/06\/USATSI_21658840.jpg\",\"datePublished\":\"2024-06-20T13:42:48+00:00\",\"dateModified\":\"2024-06-20T13:42:48+00:00\",\"author\":{\"@id\":\"https:\/\/theplayoffs.news\/fr\/#\/schema\/person\/8271870c7368fee2ff5b2ba615997fff\"},\"breadcrumb\":{\"@id\":\"https:\/\/theplayoffs.news\/fr\/actualite-nba\/frank-ntilikina-de-retour-en-europe-avec-le-partizan-belgrade\/#breadcrumb\"},\"inLanguage\":\"fr-FR\",\"potentialAction\":[{\"@type\":\"ReadAction\",\"target\":[\"https:\/\/theplayoffs.news\/fr\/actualite-nba\/frank-ntilikina-de-retour-en-europe-avec-le-partizan-belgrade\/\"]}]},{\"@type\":\"ImageObject\",\"inLanguage\":\"fr-FR\",\"@id\":\"https:\/\/theplayoffs.news\/fr\/actualite-nba\/frank-ntilikina-de-retour-en-europe-avec-le-partizan-belgrade\/#primaryimage\",\"url\":\"https:\/\/theplayoffs.news\/fr\/wp-content\/uploads\/2024\/06\/USATSI_21658840.jpg\",\"contentUrl\":\"https:\/\/theplayoffs.news\/fr\/wp-content\/uploads\/2024\/06\/USATSI_21658840.jpg\",\"width\":1920,\"height\":1280,\"caption\":\"Oct 15, 2023; Charlotte, North Carolina, USA; Charlotte Hornets center Nick Richards Charlotte Hornets guard Frank Ntilikina (44) dunks against the Oklahoma City Thunder in the second half at Spectrum Center. Mandatory Credit: Nell Redmond-USA TODAY Sports\"},{\"@type\":\"BreadcrumbList\",\"@id\":\"https:\/\/theplayoffs.news\/fr\/actualite-nba\/frank-ntilikina-de-retour-en-europe-avec-le-partizan-belgrade\/#breadcrumb\",\"itemListElement\":[{\"@type\":\"ListItem\",\"position\":1,\"name\":\"Accueil\",\"item\":\"https:\/\/theplayoffs.news\/fr\/\"},{\"@type\":\"ListItem\",\"position\":2,\"name\":\"Frank Ntilikina de retour en Europe avec le Partizan Belgrade\"}]},{\"@type\":\"WebSite\",\"@id\":\"https:\/\/theplayoffs.news\/fr\/#website\",\"url\":\"https:\/\/theplayoffs.news\/fr\/\",\"name\":\"The Playoffs FR\",\"description\":\"NBA-NFL-NHL-MLB\",\"potentialAction\":[{\"@type\":\"SearchAction\",\"target\":{\"@type\":\"EntryPoint\",\"urlTemplate\":\"https:\/\/theplayoffs.news\/fr\/?s={search_term_string}\"},\"query-input\":{\"@type\":\"PropertyValueSpecification\",\"valueRequired\":true,\"valueName\":\"search_term_string\"}}],\"inLanguage\":\"fr-FR\"},{\"@type\":\"Person\",\"@id\":\"https:\/\/theplayoffs.news\/fr\/#\/schema\/person\/8271870c7368fee2ff5b2ba615997fff\",\"name\":\"Alexandre Gomes\",\"image\":{\"@type\":\"ImageObject\",\"inLanguage\":\"fr-FR\",\"@id\":\"https:\/\/theplayoffs.news\/fr\/#\/schema\/person\/image\/\",\"url\":\"https:\/\/secure.gravatar.com\/avatar\/85734dd9d8139e75eb3558e9d1f8c28873597c2d782b41c9f078bed549b247e9?s=96&d=mm&r=g\",\"contentUrl\":\"https:\/\/secure.gravatar.com\/avatar\/85734dd9d8139e75eb3558e9d1f8c28873597c2d782b41c9f078bed549b247e9?s=96&d=mm&r=g\",\"caption\":\"Alexandre Gomes\"},\"url\":\"https:\/\/theplayoffs.news\/fr\/author\/agomespro93gmail-com\/\"}]}<\/script>\n<!-- \/ Yoast SEO plugin. -->","yoast_head_json":{"title":"Frank Ntilikina de retour en Europe avec le Partizan Belgrade - The Playoffs FR","robots":{"index":"index","follow":"follow","max-snippet":"max-snippet:-1","max-image-preview":"max-image-preview:large","max-video-preview":"max-video-preview:-1"},"canonical":"https:\/\/theplayoffs.news\/fr\/actualite-nba\/frank-ntilikina-de-retour-en-europe-avec-le-partizan-belgrade\/","og_locale":"fr_FR","og_type":"article","og_title":"Frank Ntilikina de retour en Europe avec le Partizan Belgrade - The Playoffs FR","og_url":"https:\/\/theplayoffs.news\/fr\/actualite-nba\/frank-ntilikina-de-retour-en-europe-avec-le-partizan-belgrade\/","og_site_name":"The Playoffs FR","article_publisher":"https:\/\/www.facebook.com\/TheFreeAgentFR\/","og_image":[{"width":1920,"height":1280,"url":"https:\/\/theplayoffs.news\/fr\/wp-content\/uploads\/2024\/06\/USATSI_21658840.jpg","type":"image\/jpeg"}],"author":"Alexandre Gomes","twitter_card":"summary_large_image","twitter_creator":"@TheFreeAgentFR","twitter_site":"@TheFreeAgentFR","twitter_misc":{"\u00c9crit par":"Alexandre Gomes","Dur\u00e9e de lecture estim\u00e9e":"1 minute"},"schema":{"@context":"https:\/\/schema.org","@graph":[{"@type":"WebPage","@id":"https:\/\/theplayoffs.news\/fr\/actualite-nba\/frank-ntilikina-de-retour-en-europe-avec-le-partizan-belgrade\/","url":"https:\/\/theplayoffs.news\/fr\/actualite-nba\/frank-ntilikina-de-retour-en-europe-avec-le-partizan-belgrade\/","name":"Frank Ntilikina de retour en Europe avec le Partizan Belgrade - The Playoffs FR","isPartOf":{"@id":"https:\/\/theplayoffs.news\/fr\/#website"},"primaryImageOfPage":{"@id":"https:\/\/theplayoffs.news\/fr\/actualite-nba\/frank-ntilikina-de-retour-en-europe-avec-le-partizan-belgrade\/#primaryimage"},"image":{"@id":"https:\/\/theplayoffs.news\/fr\/actualite-nba\/frank-ntilikina-de-retour-en-europe-avec-le-partizan-belgrade\/#primaryimage"},"thumbnailUrl":"https:\/\/theplayoffs.news\/fr\/wp-content\/uploads\/2024\/06\/USATSI_21658840.jpg","datePublished":"2024-06-20T13:42:48+00:00","dateModified":"2024-06-20T13:42:48+00:00","author":{"@id":"https:\/\/theplayoffs.news\/fr\/#\/schema\/person\/8271870c7368fee2ff5b2ba615997fff"},"breadcrumb":{"@id":"https:\/\/theplayoffs.news\/fr\/actualite-nba\/frank-ntilikina-de-retour-en-europe-avec-le-partizan-belgrade\/#breadcrumb"},"inLanguage":"fr-FR","potentialAction":[{"@type":"ReadAction","target":["https:\/\/theplayoffs.news\/fr\/actualite-nba\/frank-ntilikina-de-retour-en-europe-avec-le-partizan-belgrade\/"]}]},{"@type":"ImageObject","inLanguage":"fr-FR","@id":"https:\/\/theplayoffs.news\/fr\/actualite-nba\/frank-ntilikina-de-retour-en-europe-avec-le-partizan-belgrade\/#primaryimage","url":"https:\/\/theplayoffs.news\/fr\/wp-content\/uploads\/2024\/06\/USATSI_21658840.jpg","contentUrl":"https:\/\/theplayoffs.news\/fr\/wp-content\/uploads\/2024\/06\/USATSI_21658840.jpg","width":1920,"height":1280,"caption":"Oct 15, 2023; Charlotte, North Carolina, USA; Charlotte Hornets center Nick Richards Charlotte Hornets guard Frank Ntilikina (44) dunks against the Oklahoma City Thunder in the second half at Spectrum Center. Mandatory Credit: Nell Redmond-USA TODAY Sports"},{"@type":"BreadcrumbList","@id":"https:\/\/theplayoffs.news\/fr\/actualite-nba\/frank-ntilikina-de-retour-en-europe-avec-le-partizan-belgrade\/#breadcrumb","itemListElement":[{"@type":"ListItem","position":1,"name":"Accueil","item":"https:\/\/theplayoffs.news\/fr\/"},{"@type":"ListItem","position":2,"name":"Frank Ntilikina de retour en Europe avec le Partizan Belgrade"}]},{"@type":"WebSite","@id":"https:\/\/theplayoffs.news\/fr\/#website","url":"https:\/\/theplayoffs.news\/fr\/","name":"The Playoffs FR","description":"NBA-NFL-NHL-MLB","potentialAction":[{"@type":"SearchAction","target":{"@type":"EntryPoint","urlTemplate":"https:\/\/theplayoffs.news\/fr\/?s={search_term_string}"},"query-input":{"@type":"PropertyValueSpecification","valueRequired":true,"valueName":"search_term_string"}}],"inLanguage":"fr-FR"},{"@type":"Person","@id":"https:\/\/theplayoffs.news\/fr\/#\/schema\/person\/8271870c7368fee2ff5b2ba615997fff","name":"Alexandre Gomes","image":{"@type":"ImageObject","inLanguage":"fr-FR","@id":"https:\/\/theplayoffs.news\/fr\/#\/schema\/person\/image\/","url":"https:\/\/secure.gravatar.com\/avatar\/85734dd9d8139e75eb3558e9d1f8c28873597c2d782b41c9f078bed549b247e9?s=96&d=mm&r=g","contentUrl":"https:\/\/secure.gravatar.com\/avatar\/85734dd9d8139e75eb3558e9d1f8c28873597c2d782b41c9f078bed549b247e9?s=96&d=mm&r=g","caption":"Alexandre Gomes"},"url":"https:\/\/theplayoffs.news\/fr\/author\/agomespro93gmail-com\/"}]}},"_links":{"self":[{"href":"https:\/\/theplayoffs.news\/fr\/wp-json\/wp\/v2\/posts\/1439462","targetHints":{"allow":["GET"]}}],"collection":[{"href":"https:\/\/theplayoffs.news\/fr\/wp-json\/wp\/v2\/posts"}],"about":[{"href":"https:\/\/theplayoffs.news\/fr\/wp-json\/wp\/v2\/types\/post"}],"author":[{"embeddable":true,"href":"https:\/\/theplayoffs.news\/fr\/wp-json\/wp\/v2\/users\/180310234"}],"replies":[{"embeddable":true,"href":"https:\/\/theplayoffs.news\/fr\/wp-json\/wp\/v2\/comments?post=1439462"}],"version-history":[{"count":2,"href":"https:\/\/theplayoffs.news\/fr\/wp-json\/wp\/v2\/posts\/1439462\/revisions"}],"predecessor-version":[{"id":1439466,"href":"https:\/\/theplayoffs.news\/fr\/wp-json\/wp\/v2\/posts\/1439462\/revisions\/1439466"}],"wp:featuredmedia":[{"embeddable":true,"href":"https:\/\/theplayoffs.news\/fr\/wp-json\/wp\/v2\/media\/1439464"}],"wp:attachment":[{"href":"https:\/\/theplayoffs.news\/fr\/wp-json\/wp\/v2\/media?parent=1439462"}],"wp:term":[{"taxonomy":"category","embeddable":true,"href":"https:\/\/theplayoffs.news\/fr\/wp-json\/wp\/v2\/categories?post=1439462"},{"taxonomy":"post_tag","embeddable":true,"href":"https:\/\/theplayoffs.news\/fr\/wp-json\/wp\/v2\/tags?post=1439462"},{"taxonomy":"sport","embeddable":true,"href":"https:\/\/theplayoffs.news\/fr\/wp-json\/wp\/v2\/sport?post=1439462"},{"taxonomy":"saison","embeddable":true,"href":"https:\/\/theplayoffs.news\/fr\/wp-json\/wp\/v2\/saison?post=1439462"}],"curies":[{"name":"wp","href":"https:\/\/api.w.org\/{rel}","templated":true}]}}