{"id":1439420,"date":"2024-06-20T13:23:43","date_gmt":"2024-06-20T11:23:43","guid":{"rendered":"https:\/\/theplayoffs.news\/fr\/?p=1439420"},"modified":"2024-06-20T13:23:43","modified_gmt":"2024-06-20T11:23:43","slug":"jaguars-travon-walker-surmotive-a-lapproche-de-la-saison","status":"publish","type":"post","link":"https:\/\/theplayoffs.news\/fr\/actualite-nfl\/jaguars-travon-walker-surmotive-a-lapproche-de-la-saison\/","title":{"rendered":"Jaguars : Travon Walker surmotiv\u00e9 \u00e0 l\u2019approche de la saison"},"content":{"rendered":"<h2>Travon Walker est chaud pour la saison &agrave; venir. Sa troisi&egrave;me saison devrait &ecirc;tre sa meilleure.<\/h2><p>Avant l&rsquo;entame de sa troisi&egrave;me saison avec les Jacksonville Jaguars, <a href=\"https:\/\/theplayoffs.news\/fr\/joueur\/travon-walker-nfl-8852698\/\" class=\"trk-cta-link\" data-cta-trk='{\"ctaType\":\"Link\",\"ctaSubType\":\"main\"}'>Travon Walker<\/a> s&rsquo;est montr&eacute; tr&egrave;s enthousiaste et serein quant &agrave; l&rsquo;ann&eacute;e &agrave; venir.<\/p><blockquote><p>&laquo;&nbsp;Il &eacute;tait juste temps pour moi d&rsquo;aller jouer librement et de ne pas trop r&eacute;fl&eacute;chir&nbsp;&raquo;, a d&eacute;clar&eacute; Walker mardi sur <a href=\"https:\/\/www.nfl.com\/news\/jaguars-lb-travon-walker-motivated-in-year-3-by-teammates-extensions-definitely-fuel-to-the-fire-for-me?campaign=Twitter_atn\" class=\"trk-cta-link\" data-cta-trk='{\"ctaType\":\"Link\",\"ctaSubType\":\"main\"}'>The Insiders de NFL Network<\/a>. &laquo;&nbsp;J&rsquo;ai donc l&rsquo;impression que cela m&rsquo;a aid&eacute; &agrave; franchir une &eacute;tape majeure dans ma deuxi&egrave;me ann&eacute;e, et maintenant c&rsquo;est plus un jeu mental pour moi que physique.&nbsp;&raquo;<\/p><\/blockquote><p>Lib&eacute;r&eacute; mentalement et focus sur le jeu, Travon Walker a &eacute;galement expliqu&eacute; sa source de motivation.<\/p><h3>Travon Walker prend exemple sur ses co&eacute;quipiers stars<\/h3><p>Entour&eacute; de deux jeunes stars, Josh Allen et Trevor Lawrence, Travon Walker s&rsquo;inspire d&rsquo;eux et esp&egrave;re marcher sur leurs traces.<\/p><blockquote><p>&laquo;&nbsp;Rien qu&rsquo;en regardant ces deux gars seuls, ils vous montrent beaucoup de choses qu&rsquo;ils font &agrave; l&rsquo;int&eacute;rieur du b&acirc;timent, sur le terrain et en dehors du terrain, du simple fait qu&rsquo;ils soient l&rsquo;une des premi&egrave;res personnes dans le b&acirc;timent &agrave; l&rsquo;une des derni&egrave;res &agrave; quitter le b&acirc;timent&nbsp;&raquo;, a d&eacute;clar&eacute; Walker &agrave; NFL Network.<\/p><\/blockquote><p>Travon Walker a &eacute;galement parl&eacute; du travail invisible qu&rsquo;ils faisaient, leur permettant d&rsquo;&ecirc;tre aussi bons dans le jeu. R&eacute;cemment prolong&eacute;, les deux stars motivent Travon Walker qui esp&egrave;re lui aussi avoir une belle prolongation &agrave; l&rsquo;issue de la saison. Travon Walker reste sur une saison avec 46 plaquages et 10 sacks.<\/p><p>Les Jags font confiance &agrave; leurs jeunes et Walker compte bien en profiter&hellip;<\/p><p>&nbsp;<\/p><p>Cr&eacute;dit photo : Jeremy Reper-USA TODAY Sports<\/p>\n","protected":false},"excerpt":{"rendered":"","protected":false},"author":180310250,"featured_media":1439421,"comment_status":"open","ping_status":"closed","sticky":false,"template":"","format":"standard","meta":{"inline_featured_image":false,"kia_subtitle":"","_mux_skip_reasons":[],"proofreadBy":0,"footnotes":""},"categories":[118,40],"tags":[180,79,4077],"sport":[2785],"saison":[],"class_list":["post-1439420","post","type-post","status-publish","format-standard","has-post-thumbnail","hentry","category-actualite-nfl","category-nfl","tag-jaguars","tag-nfl","tag-travon-walker","sport-nfl"],"acf":[],"yoast_head":"<!-- This site is optimized with the Yoast SEO plugin v24.2 - https:\/\/yoast.com\/wordpress\/plugins\/seo\/ -->\n<title>Jaguars : Travon Walker surmotiv&eacute; &agrave; l&rsquo;approche de la saison - The Playoffs FR<\/title>\n<meta name=\"robots\" content=\"index, follow, max-snippet:-1, max-image-preview:large, max-video-preview:-1\" \/>\n<link rel=\"canonical\" href=\"https:\/\/theplayoffs.news\/fr\/actualite-nfl\/jaguars-travon-walker-surmotive-a-lapproche-de-la-saison\/\" \/>\n<meta property=\"og:locale\" content=\"fr_FR\" \/>\n<meta property=\"og:type\" content=\"article\" \/>\n<meta property=\"og:title\" content=\"Jaguars : Travon Walker surmotiv&eacute; &agrave; l&rsquo;approche de la saison - The Playoffs FR\" \/>\n<meta property=\"og:url\" content=\"https:\/\/theplayoffs.news\/fr\/actualite-nfl\/jaguars-travon-walker-surmotive-a-lapproche-de-la-saison\/\" \/>\n<meta property=\"og:site_name\" content=\"The Playoffs FR\" \/>\n<meta property=\"article:publisher\" content=\"https:\/\/www.facebook.com\/TheFreeAgentFR\/\" \/>\n<meta property=\"article:modified_time\" content=\"2024-06-20T13:23:43+02:00\" \/>\n<meta property=\"og:image\" content=\"https:\/\/theplayoffs.news\/fr\/wp-content\/uploads\/2024\/06\/USATSI_22201926.jpg\" \/>\n\t<meta property=\"og:image:width\" content=\"1920\" \/>\n\t<meta property=\"og:image:height\" content=\"1280\" \/>\n\t<meta property=\"og:image:type\" content=\"image\/jpeg\" \/>\n<meta name=\"author\" content=\"Jean Fabre-Jevanoff\" \/>\n<meta name=\"twitter:card\" content=\"summary_large_image\" \/>\n<meta name=\"twitter:creator\" content=\"@the_jfj_42\" \/>\n<meta name=\"twitter:site\" content=\"@TheFreeAgentFR\" \/>\n<meta name=\"twitter:label1\" content=\"\u00c9crit par\" \/>\n\t<meta name=\"twitter:data1\" content=\"Jean Fabre-Jevanoff\" \/>\n\t<meta name=\"twitter:label2\" content=\"Dur\u00e9e de lecture estim\u00e9e\" \/>\n\t<meta name=\"twitter:data2\" content=\"1 minute\" \/>\n<script type=\"application\/ld+json\" class=\"yoast-schema-graph\">{\"@context\":\"https:\/\/schema.org\",\"@graph\":[{\"@type\":\"WebPage\",\"@id\":\"https:\/\/theplayoffs.news\/fr\/actualite-nfl\/jaguars-travon-walker-surmotive-a-lapproche-de-la-saison\/\",\"url\":\"https:\/\/theplayoffs.news\/fr\/actualite-nfl\/jaguars-travon-walker-surmotive-a-lapproche-de-la-saison\/\",\"name\":\"Jaguars : Travon Walker surmotiv\u00e9 \u00e0 l\u2019approche de la saison - The Playoffs FR\",\"isPartOf\":{\"@id\":\"https:\/\/theplayoffs.news\/fr\/#website\"},\"primaryImageOfPage\":{\"@id\":\"https:\/\/theplayoffs.news\/fr\/actualite-nfl\/jaguars-travon-walker-surmotive-a-lapproche-de-la-saison\/#primaryimage\"},\"image\":{\"@id\":\"https:\/\/theplayoffs.news\/fr\/actualite-nfl\/jaguars-travon-walker-surmotive-a-lapproche-de-la-saison\/#primaryimage\"},\"thumbnailUrl\":\"https:\/\/theplayoffs.news\/fr\/wp-content\/uploads\/2024\/06\/USATSI_22201926.jpg\",\"datePublished\":\"2024-06-20T11:23:43+00:00\",\"dateModified\":\"2024-06-20T11:23:43+00:00\",\"author\":{\"@id\":\"https:\/\/theplayoffs.news\/fr\/#\/schema\/person\/1ea25b88e79fe4fabd657430b0013d3d\"},\"breadcrumb\":{\"@id\":\"https:\/\/theplayoffs.news\/fr\/actualite-nfl\/jaguars-travon-walker-surmotive-a-lapproche-de-la-saison\/#breadcrumb\"},\"inLanguage\":\"fr-FR\",\"potentialAction\":[{\"@type\":\"ReadAction\",\"target\":[\"https:\/\/theplayoffs.news\/fr\/actualite-nfl\/jaguars-travon-walker-surmotive-a-lapproche-de-la-saison\/\"]}]},{\"@type\":\"ImageObject\",\"inLanguage\":\"fr-FR\",\"@id\":\"https:\/\/theplayoffs.news\/fr\/actualite-nfl\/jaguars-travon-walker-surmotive-a-lapproche-de-la-saison\/#primaryimage\",\"url\":\"https:\/\/theplayoffs.news\/fr\/wp-content\/uploads\/2024\/06\/USATSI_22201926.jpg\",\"contentUrl\":\"https:\/\/theplayoffs.news\/fr\/wp-content\/uploads\/2024\/06\/USATSI_22201926.jpg\",\"width\":1920,\"height\":1280,\"caption\":\"Dec 31, 2023; Jacksonville, Florida, USA; Jacksonville Jaguars linebacker Travon Walker (44) sacks Carolina Panthers quarterback Bryce Young (9) in the third quarter at EverBank Stadium. Mandatory Credit: Jeremy Reper-USA TODAY Sports\"},{\"@type\":\"BreadcrumbList\",\"@id\":\"https:\/\/theplayoffs.news\/fr\/actualite-nfl\/jaguars-travon-walker-surmotive-a-lapproche-de-la-saison\/#breadcrumb\",\"itemListElement\":[{\"@type\":\"ListItem\",\"position\":1,\"name\":\"Accueil\",\"item\":\"https:\/\/theplayoffs.news\/fr\/\"},{\"@type\":\"ListItem\",\"position\":2,\"name\":\"Jaguars : Travon Walker surmotiv\u00e9 \u00e0 l\u2019approche de la saison\"}]},{\"@type\":\"WebSite\",\"@id\":\"https:\/\/theplayoffs.news\/fr\/#website\",\"url\":\"https:\/\/theplayoffs.news\/fr\/\",\"name\":\"The Playoffs FR\",\"description\":\"NBA-NFL-NHL-MLB\",\"potentialAction\":[{\"@type\":\"SearchAction\",\"target\":{\"@type\":\"EntryPoint\",\"urlTemplate\":\"https:\/\/theplayoffs.news\/fr\/?s={search_term_string}\"},\"query-input\":{\"@type\":\"PropertyValueSpecification\",\"valueRequired\":true,\"valueName\":\"search_term_string\"}}],\"inLanguage\":\"fr-FR\"},{\"@type\":\"Person\",\"@id\":\"https:\/\/theplayoffs.news\/fr\/#\/schema\/person\/1ea25b88e79fe4fabd657430b0013d3d\",\"name\":\"Jean Fabre-Jevanoff\",\"image\":{\"@type\":\"ImageObject\",\"inLanguage\":\"fr-FR\",\"@id\":\"https:\/\/theplayoffs.news\/fr\/#\/schema\/person\/image\/\",\"url\":\"https:\/\/secure.gravatar.com\/avatar\/18b28dab1159eebc6a17b9787eb8cbbe3242c3d0e8b53b89332f6dc1133aa361?s=96&d=mm&r=g\",\"contentUrl\":\"https:\/\/secure.gravatar.com\/avatar\/18b28dab1159eebc6a17b9787eb8cbbe3242c3d0e8b53b89332f6dc1133aa361?s=96&d=mm&r=g\",\"caption\":\"Jean Fabre-Jevanoff\"},\"description\":\"Journaliste polyvalent sur le football am\u00e9ricain, j\u2019\u00e9cris aussi des articles sur le basket. Commentateur sur Twitch et sur YouTube. Pass\u00e9 par Eurosport notamment. Un mix d\u2019Eminem et de OBJ, fan inconditionnel de Patrick Mahomes et Lebron James\",\"sameAs\":[\"https:\/\/www.instagram.com\/_juaniitooo_\",\"https:\/\/www.linkedin.com\/in\/jean-fabre-jevanoff-84bb9b1a9\/\",\"https:\/\/x.com\/the_jfj_42\"],\"url\":\"https:\/\/theplayoffs.news\/fr\/author\/jeanfj42gmail-com\/\"}]}<\/script>\n<!-- \/ Yoast SEO plugin. -->","yoast_head_json":{"title":"Jaguars : Travon Walker surmotiv&eacute; &agrave; l&rsquo;approche de la saison - The Playoffs FR","robots":{"index":"index","follow":"follow","max-snippet":"max-snippet:-1","max-image-preview":"max-image-preview:large","max-video-preview":"max-video-preview:-1"},"canonical":"https:\/\/theplayoffs.news\/fr\/actualite-nfl\/jaguars-travon-walker-surmotive-a-lapproche-de-la-saison\/","og_locale":"fr_FR","og_type":"article","og_title":"Jaguars : Travon Walker surmotiv&eacute; &agrave; l&rsquo;approche de la saison - The Playoffs FR","og_url":"https:\/\/theplayoffs.news\/fr\/actualite-nfl\/jaguars-travon-walker-surmotive-a-lapproche-de-la-saison\/","og_site_name":"The Playoffs FR","article_publisher":"https:\/\/www.facebook.com\/TheFreeAgentFR\/","og_image":[{"width":1920,"height":1280,"url":"https:\/\/theplayoffs.news\/fr\/wp-content\/uploads\/2024\/06\/USATSI_22201926.jpg","type":"image\/jpeg"}],"author":"Jean Fabre-Jevanoff","twitter_card":"summary_large_image","twitter_creator":"@the_jfj_42","twitter_site":"@TheFreeAgentFR","twitter_misc":{"\u00c9crit par":"Jean Fabre-Jevanoff","Dur\u00e9e de lecture estim\u00e9e":"1 minute"},"schema":{"@context":"https:\/\/schema.org","@graph":[{"@type":"WebPage","@id":"https:\/\/theplayoffs.news\/fr\/actualite-nfl\/jaguars-travon-walker-surmotive-a-lapproche-de-la-saison\/","url":"https:\/\/theplayoffs.news\/fr\/actualite-nfl\/jaguars-travon-walker-surmotive-a-lapproche-de-la-saison\/","name":"Jaguars : Travon Walker surmotiv\u00e9 \u00e0 l\u2019approche de la saison - The Playoffs FR","isPartOf":{"@id":"https:\/\/theplayoffs.news\/fr\/#website"},"primaryImageOfPage":{"@id":"https:\/\/theplayoffs.news\/fr\/actualite-nfl\/jaguars-travon-walker-surmotive-a-lapproche-de-la-saison\/#primaryimage"},"image":{"@id":"https:\/\/theplayoffs.news\/fr\/actualite-nfl\/jaguars-travon-walker-surmotive-a-lapproche-de-la-saison\/#primaryimage"},"thumbnailUrl":"https:\/\/theplayoffs.news\/fr\/wp-content\/uploads\/2024\/06\/USATSI_22201926.jpg","datePublished":"2024-06-20T11:23:43+00:00","dateModified":"2024-06-20T11:23:43+00:00","author":{"@id":"https:\/\/theplayoffs.news\/fr\/#\/schema\/person\/1ea25b88e79fe4fabd657430b0013d3d"},"breadcrumb":{"@id":"https:\/\/theplayoffs.news\/fr\/actualite-nfl\/jaguars-travon-walker-surmotive-a-lapproche-de-la-saison\/#breadcrumb"},"inLanguage":"fr-FR","potentialAction":[{"@type":"ReadAction","target":["https:\/\/theplayoffs.news\/fr\/actualite-nfl\/jaguars-travon-walker-surmotive-a-lapproche-de-la-saison\/"]}]},{"@type":"ImageObject","inLanguage":"fr-FR","@id":"https:\/\/theplayoffs.news\/fr\/actualite-nfl\/jaguars-travon-walker-surmotive-a-lapproche-de-la-saison\/#primaryimage","url":"https:\/\/theplayoffs.news\/fr\/wp-content\/uploads\/2024\/06\/USATSI_22201926.jpg","contentUrl":"https:\/\/theplayoffs.news\/fr\/wp-content\/uploads\/2024\/06\/USATSI_22201926.jpg","width":1920,"height":1280,"caption":"Dec 31, 2023; Jacksonville, Florida, USA; Jacksonville Jaguars linebacker Travon Walker (44) sacks Carolina Panthers quarterback Bryce Young (9) in the third quarter at EverBank Stadium. Mandatory Credit: Jeremy Reper-USA TODAY Sports"},{"@type":"BreadcrumbList","@id":"https:\/\/theplayoffs.news\/fr\/actualite-nfl\/jaguars-travon-walker-surmotive-a-lapproche-de-la-saison\/#breadcrumb","itemListElement":[{"@type":"ListItem","position":1,"name":"Accueil","item":"https:\/\/theplayoffs.news\/fr\/"},{"@type":"ListItem","position":2,"name":"Jaguars : Travon Walker surmotiv\u00e9 \u00e0 l\u2019approche de la saison"}]},{"@type":"WebSite","@id":"https:\/\/theplayoffs.news\/fr\/#website","url":"https:\/\/theplayoffs.news\/fr\/","name":"The Playoffs FR","description":"NBA-NFL-NHL-MLB","potentialAction":[{"@type":"SearchAction","target":{"@type":"EntryPoint","urlTemplate":"https:\/\/theplayoffs.news\/fr\/?s={search_term_string}"},"query-input":{"@type":"PropertyValueSpecification","valueRequired":true,"valueName":"search_term_string"}}],"inLanguage":"fr-FR"},{"@type":"Person","@id":"https:\/\/theplayoffs.news\/fr\/#\/schema\/person\/1ea25b88e79fe4fabd657430b0013d3d","name":"Jean Fabre-Jevanoff","image":{"@type":"ImageObject","inLanguage":"fr-FR","@id":"https:\/\/theplayoffs.news\/fr\/#\/schema\/person\/image\/","url":"https:\/\/secure.gravatar.com\/avatar\/18b28dab1159eebc6a17b9787eb8cbbe3242c3d0e8b53b89332f6dc1133aa361?s=96&d=mm&r=g","contentUrl":"https:\/\/secure.gravatar.com\/avatar\/18b28dab1159eebc6a17b9787eb8cbbe3242c3d0e8b53b89332f6dc1133aa361?s=96&d=mm&r=g","caption":"Jean Fabre-Jevanoff"},"description":"Journaliste polyvalent sur le football am\u00e9ricain, j\u2019\u00e9cris aussi des articles sur le basket. Commentateur sur Twitch et sur YouTube. Pass\u00e9 par Eurosport notamment. Un mix d\u2019Eminem et de OBJ, fan inconditionnel de Patrick Mahomes et Lebron James","sameAs":["https:\/\/www.instagram.com\/_juaniitooo_","https:\/\/www.linkedin.com\/in\/jean-fabre-jevanoff-84bb9b1a9\/","https:\/\/x.com\/the_jfj_42"],"url":"https:\/\/theplayoffs.news\/fr\/author\/jeanfj42gmail-com\/"}]}},"_links":{"self":[{"href":"https:\/\/theplayoffs.news\/fr\/wp-json\/wp\/v2\/posts\/1439420","targetHints":{"allow":["GET"]}}],"collection":[{"href":"https:\/\/theplayoffs.news\/fr\/wp-json\/wp\/v2\/posts"}],"about":[{"href":"https:\/\/theplayoffs.news\/fr\/wp-json\/wp\/v2\/types\/post"}],"author":[{"embeddable":true,"href":"https:\/\/theplayoffs.news\/fr\/wp-json\/wp\/v2\/users\/180310250"}],"replies":[{"embeddable":true,"href":"https:\/\/theplayoffs.news\/fr\/wp-json\/wp\/v2\/comments?post=1439420"}],"version-history":[{"count":2,"href":"https:\/\/theplayoffs.news\/fr\/wp-json\/wp\/v2\/posts\/1439420\/revisions"}],"predecessor-version":[{"id":1439423,"href":"https:\/\/theplayoffs.news\/fr\/wp-json\/wp\/v2\/posts\/1439420\/revisions\/1439423"}],"wp:featuredmedia":[{"embeddable":true,"href":"https:\/\/theplayoffs.news\/fr\/wp-json\/wp\/v2\/media\/1439421"}],"wp:attachment":[{"href":"https:\/\/theplayoffs.news\/fr\/wp-json\/wp\/v2\/media?parent=1439420"}],"wp:term":[{"taxonomy":"category","embeddable":true,"href":"https:\/\/theplayoffs.news\/fr\/wp-json\/wp\/v2\/categories?post=1439420"},{"taxonomy":"post_tag","embeddable":true,"href":"https:\/\/theplayoffs.news\/fr\/wp-json\/wp\/v2\/tags?post=1439420"},{"taxonomy":"sport","embeddable":true,"href":"https:\/\/theplayoffs.news\/fr\/wp-json\/wp\/v2\/sport?post=1439420"},{"taxonomy":"saison","embeddable":true,"href":"https:\/\/theplayoffs.news\/fr\/wp-json\/wp\/v2\/saison?post=1439420"}],"curies":[{"name":"wp","href":"https:\/\/api.w.org\/{rel}","templated":true}]}}