{"id":1438979,"date":"2024-06-18T10:49:37","date_gmt":"2024-06-18T08:49:37","guid":{"rendered":"https:\/\/theplayoffs.news\/fr\/?p=1438979"},"modified":"2024-06-18T10:49:37","modified_gmt":"2024-06-18T08:49:37","slug":"brandon-aiyuk-les-49ers-ne-me-veulent-plus","status":"publish","type":"post","link":"https:\/\/theplayoffs.news\/fr\/actualite-nfl\/brandon-aiyuk-les-49ers-ne-me-veulent-plus\/","title":{"rendered":"Brandon Aiyuk : &lsquo;Les 49ers ne me veulent plus&rsquo;"},"content":{"rendered":"<h2>Plus les jours avancent et moins la probabilit&eacute; de voir Brandon Aiyuk jouer sous le maillot des 49ers est mince.<\/h2><p>Dans une <a href=\"https:\/\/www.tiktok.com\/@brandonaiyuk\/video\/7381472469024050462?_r=1&amp;_t=8nHVkcPwJzP\" class=\"trk-cta-link\" data-cta-trk='{\"ctaType\":\"Link\",\"ctaSubType\":\"main\"}'>vid&eacute;o post&eacute;e sur Tik Tok<\/a> o&ugrave; il parle avec le quarterback des Commanders, Jayden Daniels, Brandon Aiyuk semble affirmer que le divorce est consomm&eacute; entre les deux parties :<\/p><blockquote><p>&laquo;&nbsp;Ils m&rsquo;ont dit qu&rsquo;ils ne voulaient plus de moi&nbsp;&raquo;<\/p><\/blockquote><p>Les n&eacute;gociations entre les deux parties semblent au point mort depuis maintenant plusieurs semaines. Mais dans les propos de Brandon aiyuk, difficile de savoir si les 49ers ne veulent plus de lui d&egrave;s &agrave; pr&eacute;sent ou s&rsquo;ils ne veulent pas s&rsquo;aligner avec ses demandes &agrave; long terme.<\/p><p>Avec l&rsquo;inflation des contrats sur les receveurs, <a href=\"https:\/\/theplayoffs.news\/fr\/nfl\/brandon-aiyuk-des-nouvelles-concernant-sa-prolongation-de-contrat\/\" class=\"trk-cta-link\" data-cta-trk='{\"ctaType\":\"Link\",\"ctaSubType\":\"main\"}'><strong>Brandon Aiyuk<\/strong><\/a> peut pr&eacute;tendre, selon le march&eacute; actuel, &agrave; un contrat d&eacute;passant les 30 millions de dollars annuels.<\/p><p>Aiyuk entre dans la derni&egrave;re ann&eacute;e de son contrat rookie o&ugrave; il va toucher 14.124 millions de dollars et est &eacute;ligible &agrave; une prolongation sur le long terme. Pour l&rsquo;instant, Aiyuk n&rsquo;a particip&eacute; &agrave; aucune activit&eacute; d&rsquo;&eacute;quipe durant l&rsquo;inter saison et pourrait &ecirc;tre sanctionn&eacute; d&rsquo;une amende de 101 000$ poru son absence du mini camp obligatoire.<\/p><p>L&rsquo;an dernier, Aiyuk a termin&eacute; la saison avec 1 342 yards et 7 touchdowns.<\/p><p>&nbsp;<\/p><p>Credit Photo : Kyle Terada-USA TODAY Sports<\/p>\n","protected":false},"excerpt":{"rendered":"","protected":false},"author":180309964,"featured_media":1438980,"comment_status":"open","ping_status":"closed","sticky":false,"template":"","format":"standard","meta":{"inline_featured_image":false,"kia_subtitle":"","_mux_skip_reasons":[],"proofreadBy":0,"footnotes":""},"categories":[118,40],"tags":[1555,939],"sport":[],"saison":[],"class_list":["post-1438979","post","type-post","status-publish","format-standard","has-post-thumbnail","hentry","category-actualite-nfl","category-nfl","tag-brandon-aiyuk","tag-san-francisco-49ers"],"acf":[],"yoast_head":"<!-- This site is optimized with the Yoast SEO plugin v24.2 - https:\/\/yoast.com\/wordpress\/plugins\/seo\/ -->\n<title>Brandon Aiyuk : &#039;Les 49ers ne me veulent plus&#039; - The Playoffs FR<\/title>\n<meta name=\"robots\" content=\"index, follow, max-snippet:-1, max-image-preview:large, max-video-preview:-1\" \/>\n<link rel=\"canonical\" href=\"https:\/\/theplayoffs.news\/fr\/actualite-nfl\/brandon-aiyuk-les-49ers-ne-me-veulent-plus\/\" \/>\n<meta property=\"og:locale\" content=\"fr_FR\" \/>\n<meta property=\"og:type\" content=\"article\" \/>\n<meta property=\"og:title\" content=\"Brandon Aiyuk : &#039;Les 49ers ne me veulent plus&#039; - The Playoffs FR\" \/>\n<meta property=\"og:url\" content=\"https:\/\/theplayoffs.news\/fr\/actualite-nfl\/brandon-aiyuk-les-49ers-ne-me-veulent-plus\/\" \/>\n<meta property=\"og:site_name\" content=\"The Playoffs FR\" \/>\n<meta property=\"article:publisher\" content=\"https:\/\/www.facebook.com\/TheFreeAgentFR\/\" \/>\n<meta property=\"article:modified_time\" content=\"2024-06-18T10:49:37+02:00\" \/>\n<meta property=\"og:image\" content=\"https:\/\/theplayoffs.news\/fr\/wp-content\/uploads\/2024\/06\/USATSI_17252315.jpg\" \/>\n\t<meta property=\"og:image:width\" content=\"1920\" \/>\n\t<meta property=\"og:image:height\" content=\"1280\" \/>\n\t<meta property=\"og:image:type\" content=\"image\/jpeg\" \/>\n<meta name=\"author\" content=\"Flavien Jumeau\" \/>\n<meta name=\"twitter:card\" content=\"summary_large_image\" \/>\n<meta name=\"twitter:creator\" content=\"@TheFreeAgentFR\" \/>\n<meta name=\"twitter:site\" content=\"@TheFreeAgentFR\" \/>\n<meta name=\"twitter:label1\" content=\"\u00c9crit par\" \/>\n\t<meta name=\"twitter:data1\" content=\"Flavien Jumeau\" \/>\n\t<meta name=\"twitter:label2\" content=\"Dur\u00e9e de lecture estim\u00e9e\" \/>\n\t<meta name=\"twitter:data2\" content=\"1 minute\" \/>\n<script type=\"application\/ld+json\" class=\"yoast-schema-graph\">{\"@context\":\"https:\/\/schema.org\",\"@graph\":[{\"@type\":\"WebPage\",\"@id\":\"https:\/\/theplayoffs.news\/fr\/actualite-nfl\/brandon-aiyuk-les-49ers-ne-me-veulent-plus\/\",\"url\":\"https:\/\/theplayoffs.news\/fr\/actualite-nfl\/brandon-aiyuk-les-49ers-ne-me-veulent-plus\/\",\"name\":\"Brandon Aiyuk : \\\\'Les 49ers ne me veulent plus\\\\' - The Playoffs FR\",\"isPartOf\":{\"@id\":\"https:\/\/theplayoffs.news\/fr\/#website\"},\"primaryImageOfPage\":{\"@id\":\"https:\/\/theplayoffs.news\/fr\/actualite-nfl\/brandon-aiyuk-les-49ers-ne-me-veulent-plus\/#primaryimage\"},\"image\":{\"@id\":\"https:\/\/theplayoffs.news\/fr\/actualite-nfl\/brandon-aiyuk-les-49ers-ne-me-veulent-plus\/#primaryimage\"},\"thumbnailUrl\":\"https:\/\/theplayoffs.news\/fr\/wp-content\/uploads\/2024\/06\/USATSI_17252315.jpg\",\"datePublished\":\"2024-06-18T08:49:37+00:00\",\"dateModified\":\"2024-06-18T08:49:37+00:00\",\"author\":{\"@id\":\"https:\/\/theplayoffs.news\/fr\/#\/schema\/person\/def63bc6746dc5957469b75feb99e66d\"},\"breadcrumb\":{\"@id\":\"https:\/\/theplayoffs.news\/fr\/actualite-nfl\/brandon-aiyuk-les-49ers-ne-me-veulent-plus\/#breadcrumb\"},\"inLanguage\":\"fr-FR\",\"potentialAction\":[{\"@type\":\"ReadAction\",\"target\":[\"https:\/\/theplayoffs.news\/fr\/actualite-nfl\/brandon-aiyuk-les-49ers-ne-me-veulent-plus\/\"]}]},{\"@type\":\"ImageObject\",\"inLanguage\":\"fr-FR\",\"@id\":\"https:\/\/theplayoffs.news\/fr\/actualite-nfl\/brandon-aiyuk-les-49ers-ne-me-veulent-plus\/#primaryimage\",\"url\":\"https:\/\/theplayoffs.news\/fr\/wp-content\/uploads\/2024\/06\/USATSI_17252315.jpg\",\"contentUrl\":\"https:\/\/theplayoffs.news\/fr\/wp-content\/uploads\/2024\/06\/USATSI_17252315.jpg\",\"width\":1920,\"height\":1280,\"caption\":\"November 28, 2021; Santa Clara, California, USA; San Francisco 49ers wide receiver Brandon Aiyuk (11) celebrates after the game against the Minnesota Vikings at Levi\\\\'s Stadium. Mandatory Credit: Kyle Terada-USA TODAY Sports\"},{\"@type\":\"BreadcrumbList\",\"@id\":\"https:\/\/theplayoffs.news\/fr\/actualite-nfl\/brandon-aiyuk-les-49ers-ne-me-veulent-plus\/#breadcrumb\",\"itemListElement\":[{\"@type\":\"ListItem\",\"position\":1,\"name\":\"Accueil\",\"item\":\"https:\/\/theplayoffs.news\/fr\/\"},{\"@type\":\"ListItem\",\"position\":2,\"name\":\"Brandon Aiyuk : &lsquo;Les 49ers ne me veulent plus&rsquo;\"}]},{\"@type\":\"WebSite\",\"@id\":\"https:\/\/theplayoffs.news\/fr\/#website\",\"url\":\"https:\/\/theplayoffs.news\/fr\/\",\"name\":\"The Playoffs FR\",\"description\":\"NBA-NFL-NHL-MLB\",\"potentialAction\":[{\"@type\":\"SearchAction\",\"target\":{\"@type\":\"EntryPoint\",\"urlTemplate\":\"https:\/\/theplayoffs.news\/fr\/?s={search_term_string}\"},\"query-input\":{\"@type\":\"PropertyValueSpecification\",\"valueRequired\":true,\"valueName\":\"search_term_string\"}}],\"inLanguage\":\"fr-FR\"},{\"@type\":\"Person\",\"@id\":\"https:\/\/theplayoffs.news\/fr\/#\/schema\/person\/def63bc6746dc5957469b75feb99e66d\",\"name\":\"Flavien Jumeau\",\"image\":{\"@type\":\"ImageObject\",\"inLanguage\":\"fr-FR\",\"@id\":\"https:\/\/theplayoffs.news\/fr\/#\/schema\/person\/image\/\",\"url\":\"https:\/\/secure.gravatar.com\/avatar\/e7fa8ba5a4b7e4ce35fe152f083f352db28ad0acce692004ed88a7a7d78893f7?s=96&d=mm&r=g\",\"contentUrl\":\"https:\/\/secure.gravatar.com\/avatar\/e7fa8ba5a4b7e4ce35fe152f083f352db28ad0acce692004ed88a7a7d78893f7?s=96&d=mm&r=g\",\"caption\":\"Flavien Jumeau\"},\"description\":\"Amoureux du sport (et de vraiment tous les sports) depuis mon plus jeune \u00e2ge, j\u2019ai longtemps h\u00e9site entre le snooker et le curling. Finalement c\u2019est le foot US que j\u2019ai d\u00e9cid\u00e9 de choisir! Responsable foot US sur TPO et animateur du podcast Tailgate j\u2019ai pour mission de vous faire d\u00e9couvrir ce sport passionnant si ce n\u2019est pas encore fait et de vous donner les derni\u00e8res actus. Le tout dans la bonne humeur et avec toujours un jeu de mots ou deux savamment distill\u00e9s! Fan des Saints, pour moi Drew Brees est le vrai GOAT!\",\"url\":\"https:\/\/theplayoffs.news\/fr\/author\/flavien-jumeaugmail-com\/\"}]}<\/script>\n<!-- \/ Yoast SEO plugin. -->","yoast_head_json":{"title":"Brandon Aiyuk : &#039;Les 49ers ne me veulent plus&#039; - The Playoffs FR","robots":{"index":"index","follow":"follow","max-snippet":"max-snippet:-1","max-image-preview":"max-image-preview:large","max-video-preview":"max-video-preview:-1"},"canonical":"https:\/\/theplayoffs.news\/fr\/actualite-nfl\/brandon-aiyuk-les-49ers-ne-me-veulent-plus\/","og_locale":"fr_FR","og_type":"article","og_title":"Brandon Aiyuk : &#039;Les 49ers ne me veulent plus&#039; - The Playoffs FR","og_url":"https:\/\/theplayoffs.news\/fr\/actualite-nfl\/brandon-aiyuk-les-49ers-ne-me-veulent-plus\/","og_site_name":"The Playoffs FR","article_publisher":"https:\/\/www.facebook.com\/TheFreeAgentFR\/","og_image":[{"width":1920,"height":1280,"url":"https:\/\/theplayoffs.news\/fr\/wp-content\/uploads\/2024\/06\/USATSI_17252315.jpg","type":"image\/jpeg"}],"author":"Flavien Jumeau","twitter_card":"summary_large_image","twitter_creator":"@TheFreeAgentFR","twitter_site":"@TheFreeAgentFR","twitter_misc":{"\u00c9crit par":"Flavien Jumeau","Dur\u00e9e de lecture estim\u00e9e":"1 minute"},"schema":{"@context":"https:\/\/schema.org","@graph":[{"@type":"WebPage","@id":"https:\/\/theplayoffs.news\/fr\/actualite-nfl\/brandon-aiyuk-les-49ers-ne-me-veulent-plus\/","url":"https:\/\/theplayoffs.news\/fr\/actualite-nfl\/brandon-aiyuk-les-49ers-ne-me-veulent-plus\/","name":"Brandon Aiyuk : \\'Les 49ers ne me veulent plus\\' - The Playoffs FR","isPartOf":{"@id":"https:\/\/theplayoffs.news\/fr\/#website"},"primaryImageOfPage":{"@id":"https:\/\/theplayoffs.news\/fr\/actualite-nfl\/brandon-aiyuk-les-49ers-ne-me-veulent-plus\/#primaryimage"},"image":{"@id":"https:\/\/theplayoffs.news\/fr\/actualite-nfl\/brandon-aiyuk-les-49ers-ne-me-veulent-plus\/#primaryimage"},"thumbnailUrl":"https:\/\/theplayoffs.news\/fr\/wp-content\/uploads\/2024\/06\/USATSI_17252315.jpg","datePublished":"2024-06-18T08:49:37+00:00","dateModified":"2024-06-18T08:49:37+00:00","author":{"@id":"https:\/\/theplayoffs.news\/fr\/#\/schema\/person\/def63bc6746dc5957469b75feb99e66d"},"breadcrumb":{"@id":"https:\/\/theplayoffs.news\/fr\/actualite-nfl\/brandon-aiyuk-les-49ers-ne-me-veulent-plus\/#breadcrumb"},"inLanguage":"fr-FR","potentialAction":[{"@type":"ReadAction","target":["https:\/\/theplayoffs.news\/fr\/actualite-nfl\/brandon-aiyuk-les-49ers-ne-me-veulent-plus\/"]}]},{"@type":"ImageObject","inLanguage":"fr-FR","@id":"https:\/\/theplayoffs.news\/fr\/actualite-nfl\/brandon-aiyuk-les-49ers-ne-me-veulent-plus\/#primaryimage","url":"https:\/\/theplayoffs.news\/fr\/wp-content\/uploads\/2024\/06\/USATSI_17252315.jpg","contentUrl":"https:\/\/theplayoffs.news\/fr\/wp-content\/uploads\/2024\/06\/USATSI_17252315.jpg","width":1920,"height":1280,"caption":"November 28, 2021; Santa Clara, California, USA; San Francisco 49ers wide receiver Brandon Aiyuk (11) celebrates after the game against the Minnesota Vikings at Levi\\'s Stadium. Mandatory Credit: Kyle Terada-USA TODAY Sports"},{"@type":"BreadcrumbList","@id":"https:\/\/theplayoffs.news\/fr\/actualite-nfl\/brandon-aiyuk-les-49ers-ne-me-veulent-plus\/#breadcrumb","itemListElement":[{"@type":"ListItem","position":1,"name":"Accueil","item":"https:\/\/theplayoffs.news\/fr\/"},{"@type":"ListItem","position":2,"name":"Brandon Aiyuk : &lsquo;Les 49ers ne me veulent plus&rsquo;"}]},{"@type":"WebSite","@id":"https:\/\/theplayoffs.news\/fr\/#website","url":"https:\/\/theplayoffs.news\/fr\/","name":"The Playoffs FR","description":"NBA-NFL-NHL-MLB","potentialAction":[{"@type":"SearchAction","target":{"@type":"EntryPoint","urlTemplate":"https:\/\/theplayoffs.news\/fr\/?s={search_term_string}"},"query-input":{"@type":"PropertyValueSpecification","valueRequired":true,"valueName":"search_term_string"}}],"inLanguage":"fr-FR"},{"@type":"Person","@id":"https:\/\/theplayoffs.news\/fr\/#\/schema\/person\/def63bc6746dc5957469b75feb99e66d","name":"Flavien Jumeau","image":{"@type":"ImageObject","inLanguage":"fr-FR","@id":"https:\/\/theplayoffs.news\/fr\/#\/schema\/person\/image\/","url":"https:\/\/secure.gravatar.com\/avatar\/e7fa8ba5a4b7e4ce35fe152f083f352db28ad0acce692004ed88a7a7d78893f7?s=96&d=mm&r=g","contentUrl":"https:\/\/secure.gravatar.com\/avatar\/e7fa8ba5a4b7e4ce35fe152f083f352db28ad0acce692004ed88a7a7d78893f7?s=96&d=mm&r=g","caption":"Flavien Jumeau"},"description":"Amoureux du sport (et de vraiment tous les sports) depuis mon plus jeune \u00e2ge, j\u2019ai longtemps h\u00e9site entre le snooker et le curling. Finalement c\u2019est le foot US que j\u2019ai d\u00e9cid\u00e9 de choisir! Responsable foot US sur TPO et animateur du podcast Tailgate j\u2019ai pour mission de vous faire d\u00e9couvrir ce sport passionnant si ce n\u2019est pas encore fait et de vous donner les derni\u00e8res actus. Le tout dans la bonne humeur et avec toujours un jeu de mots ou deux savamment distill\u00e9s! Fan des Saints, pour moi Drew Brees est le vrai GOAT!","url":"https:\/\/theplayoffs.news\/fr\/author\/flavien-jumeaugmail-com\/"}]}},"_links":{"self":[{"href":"https:\/\/theplayoffs.news\/fr\/wp-json\/wp\/v2\/posts\/1438979","targetHints":{"allow":["GET"]}}],"collection":[{"href":"https:\/\/theplayoffs.news\/fr\/wp-json\/wp\/v2\/posts"}],"about":[{"href":"https:\/\/theplayoffs.news\/fr\/wp-json\/wp\/v2\/types\/post"}],"author":[{"embeddable":true,"href":"https:\/\/theplayoffs.news\/fr\/wp-json\/wp\/v2\/users\/180309964"}],"replies":[{"embeddable":true,"href":"https:\/\/theplayoffs.news\/fr\/wp-json\/wp\/v2\/comments?post=1438979"}],"version-history":[{"count":3,"href":"https:\/\/theplayoffs.news\/fr\/wp-json\/wp\/v2\/posts\/1438979\/revisions"}],"predecessor-version":[{"id":1438983,"href":"https:\/\/theplayoffs.news\/fr\/wp-json\/wp\/v2\/posts\/1438979\/revisions\/1438983"}],"wp:featuredmedia":[{"embeddable":true,"href":"https:\/\/theplayoffs.news\/fr\/wp-json\/wp\/v2\/media\/1438980"}],"wp:attachment":[{"href":"https:\/\/theplayoffs.news\/fr\/wp-json\/wp\/v2\/media?parent=1438979"}],"wp:term":[{"taxonomy":"category","embeddable":true,"href":"https:\/\/theplayoffs.news\/fr\/wp-json\/wp\/v2\/categories?post=1438979"},{"taxonomy":"post_tag","embeddable":true,"href":"https:\/\/theplayoffs.news\/fr\/wp-json\/wp\/v2\/tags?post=1438979"},{"taxonomy":"sport","embeddable":true,"href":"https:\/\/theplayoffs.news\/fr\/wp-json\/wp\/v2\/sport?post=1438979"},{"taxonomy":"saison","embeddable":true,"href":"https:\/\/theplayoffs.news\/fr\/wp-json\/wp\/v2\/saison?post=1438979"}],"curies":[{"name":"wp","href":"https:\/\/api.w.org\/{rel}","templated":true}]}}