{"id":1438879,"date":"2024-06-17T15:18:14","date_gmt":"2024-06-17T13:18:14","guid":{"rendered":"https:\/\/theplayoffs.news\/fr\/?p=1438879"},"modified":"2024-06-17T15:18:14","modified_gmt":"2024-06-17T13:18:14","slug":"kristaps-porzingis-incertain-pour-le-game-5-des-finales-nba-2024","status":"publish","type":"post","link":"https:\/\/theplayoffs.news\/fr\/actualite-nba\/kristaps-porzingis-incertain-pour-le-game-5-des-finales-nba-2024\/","title":{"rendered":"Kristaps Porzingis incertain pour le game 5 des finales NBA 2024"},"content":{"rendered":"<h2 style=\"text-align: justify;\"><a href=\"https:\/\/www.espn.co.uk\/nba\/story\/_\/id\/40364449\/celtics-waiting-kristaps-porzingis-status-game-5\" class=\"trk-cta-link\" data-cta-trk='{\"ctaType\":\"Link\",\"ctaSubType\":\"main\"}'>Le statut de Kristaps Porzingis pour le Match 5 reste incertain pour lundi soir.<\/a><\/h2><blockquote>\n<p style=\"text-align: justify;\">&laquo;&nbsp;Je ne lui ai pas encore parl&eacute;,&nbsp;&raquo; a d&eacute;clar&eacute; l&rsquo;entra&icirc;neur des Celtics, Joe Mazzulla, aux journalistes au TD Garden dimanche. &laquo;&nbsp;Je vais en parler avant que nous ne commencions [l&rsquo;entra&icirc;nement]&hellip; Donc, je ne suis pas s&ucirc;r de sa situation actuelle.<\/p>\n<p style=\"text-align: justify;\">&laquo;&nbsp;Mais il fait tout ce qu&rsquo;il peut pour se mettre en position d&rsquo;&ecirc;tre sur le terrain. Je sais cela pour s&ucirc;r.&nbsp;&raquo;<\/p>\n<\/blockquote><p style=\"text-align: justify;\">Les Celtics ont officiellement list&eacute; <a href=\"https:\/\/theplayoffs.news\/fr\/joueur\/kristaps-porzingis-nba-6205062\/\" class=\"trk-cta-link\" data-cta-trk='{\"ctaType\":\"Link\",\"ctaSubType\":\"main\"}'>Kristaps Porzingis<\/a> comme incertain pour le Match 5.<\/p><p style=\"text-align: justify;\">Kristaps Porzingis a manqu&eacute; les Matchs 3 et 4 &agrave; Dallas en raison d&rsquo;une d&eacute;chirure du r&eacute;tinaculum m&eacute;dial permettant une dislocation du tendon tibial post&eacute;rieur de sa jambe gauche.<\/p><p style=\"text-align: justify;\">Boston n&rsquo;a pas rendu Porzingis disponible pour les journalistes dimanche, bien que dans une tr&egrave;s br&egrave;ve conversation avec ESPN en quittant le terrain, le pivot ait d&eacute;clar&eacute; qu&rsquo;il se sentait mieux.<\/p><p style=\"text-align: justify;\">Le Letton de 2,21 m&egrave;tres, qui n&rsquo;avait pas d&eacute;pass&eacute; le premier tour des playoffs avant cette saison, a manqu&eacute; plus de cinq semaines en raison d&rsquo;une &eacute;longation du mollet droit subie lors du Match 4 de la s&eacute;rie de premier tour de Boston contre le Miami Heat.<\/p><p style=\"text-align: justify;\">Il est revenu pour les Finales NBA, avec Boston en plus-25 pendant les 44 minutes qu&rsquo;il a jou&eacute;es lors des deux premiers matchs et &agrave; &eacute;galit&eacute; sur les 52 qu&rsquo;il n&rsquo;a pas jou&eacute;es, avant de se blesser lors du Match 2.<\/p><p style=\"text-align: justify;\">Les Celtics ont d&eacute;clar&eacute; que Kristaps Porzingis &eacute;tait consid&eacute;r&eacute; au jour le jour avec ce que l&rsquo;&eacute;quipe a d&eacute;crit comme une blessure &laquo;&nbsp;rare&nbsp;&raquo;.<\/p><p style=\"text-align: justify;\">Il a &eacute;t&eacute; absent pour le Match 3, puis a &eacute;t&eacute; list&eacute; comme actif pour le Match 4, bien que Mazzulla ait d&eacute;clar&eacute; que Porzingis n&rsquo;&eacute;tait &laquo;&nbsp;pas tout &agrave; fait pr&ecirc;t&nbsp;&raquo; pour le jeu et ne serait utilis&eacute; que dans des circonstances tr&egrave;s sp&eacute;cifiques.<\/p><p style=\"text-align: justify;\">Aucune de ces circonstances ne s&rsquo;est pr&eacute;sent&eacute;e, cependant, lors d&rsquo;une nuit o&ugrave; les Celtics ont &eacute;t&eacute; compl&egrave;tement domin&eacute;s par les Mavericks de toutes les mani&egrave;res possibles, ce qui signifie que la &laquo;&nbsp;surveillance de Porzingis&nbsp;&raquo; est de retour &agrave; Boston pour le Match 5.<\/p><p style=\"text-align: justify;\">Son statut pour le match sera publi&eacute; lorsque Boston enverra son rapport de blessure obligatoire plus tard dimanche apr&egrave;s-midi.<\/p><p style=\"text-align: justify;\">Cr&eacute;dit photo : Peter Casey-USA TODAY Sports<\/p>\n","protected":false},"excerpt":{"rendered":"","protected":false},"author":180310243,"featured_media":1438880,"comment_status":"open","ping_status":"closed","sticky":false,"template":"","format":"standard","meta":{"inline_featured_image":false,"kia_subtitle":"","_mux_skip_reasons":[],"proofreadBy":0,"footnotes":""},"categories":[110,10],"tags":[603,2071],"sport":[2783],"saison":[3453],"class_list":["post-1438879","post","type-post","status-publish","format-standard","has-post-thumbnail","hentry","category-actualite-nba","category-nba","tag-boston-celtics","tag-kristaps-porzingis","sport-nba","saison-3453"],"acf":[],"yoast_head":"<!-- This site is optimized with the Yoast SEO plugin v24.2 - https:\/\/yoast.com\/wordpress\/plugins\/seo\/ -->\n<title>Kristaps Porzingis incertain pour le game 5 des finales NBA 2024 - The Playoffs FR<\/title>\n<meta name=\"robots\" content=\"index, follow, max-snippet:-1, max-image-preview:large, max-video-preview:-1\" \/>\n<link rel=\"canonical\" href=\"https:\/\/theplayoffs.news\/fr\/actualite-nba\/kristaps-porzingis-incertain-pour-le-game-5-des-finales-nba-2024\/\" \/>\n<meta property=\"og:locale\" content=\"fr_FR\" \/>\n<meta property=\"og:type\" content=\"article\" \/>\n<meta property=\"og:title\" content=\"Kristaps Porzingis incertain pour le game 5 des finales NBA 2024 - The Playoffs FR\" \/>\n<meta property=\"og:url\" content=\"https:\/\/theplayoffs.news\/fr\/actualite-nba\/kristaps-porzingis-incertain-pour-le-game-5-des-finales-nba-2024\/\" \/>\n<meta property=\"og:site_name\" content=\"The Playoffs FR\" \/>\n<meta property=\"article:publisher\" content=\"https:\/\/www.facebook.com\/TheFreeAgentFR\/\" \/>\n<meta property=\"article:modified_time\" content=\"2024-06-17T15:18:14+02:00\" \/>\n<meta property=\"og:image\" content=\"https:\/\/theplayoffs.news\/fr\/wp-content\/uploads\/2024\/06\/USATSI_23547971.jpg\" \/>\n\t<meta property=\"og:image:width\" content=\"1920\" \/>\n\t<meta property=\"og:image:height\" content=\"1280\" \/>\n\t<meta property=\"og:image:type\" content=\"image\/jpeg\" \/>\n<meta name=\"author\" content=\"Luc lemercier\" \/>\n<meta name=\"twitter:card\" content=\"summary_large_image\" \/>\n<meta name=\"twitter:creator\" content=\"@TheFreeAgentFR\" \/>\n<meta name=\"twitter:site\" content=\"@TheFreeAgentFR\" \/>\n<meta name=\"twitter:label1\" content=\"\u00c9crit par\" \/>\n\t<meta name=\"twitter:data1\" content=\"Luc lemercier\" \/>\n\t<meta name=\"twitter:label2\" content=\"Dur\u00e9e de lecture estim\u00e9e\" \/>\n\t<meta name=\"twitter:data2\" content=\"2 minutes\" \/>\n<script type=\"application\/ld+json\" class=\"yoast-schema-graph\">{\"@context\":\"https:\/\/schema.org\",\"@graph\":[{\"@type\":\"WebPage\",\"@id\":\"https:\/\/theplayoffs.news\/fr\/actualite-nba\/kristaps-porzingis-incertain-pour-le-game-5-des-finales-nba-2024\/\",\"url\":\"https:\/\/theplayoffs.news\/fr\/actualite-nba\/kristaps-porzingis-incertain-pour-le-game-5-des-finales-nba-2024\/\",\"name\":\"Kristaps Porzingis incertain pour le game 5 des finales NBA 2024 - The Playoffs FR\",\"isPartOf\":{\"@id\":\"https:\/\/theplayoffs.news\/fr\/#website\"},\"primaryImageOfPage\":{\"@id\":\"https:\/\/theplayoffs.news\/fr\/actualite-nba\/kristaps-porzingis-incertain-pour-le-game-5-des-finales-nba-2024\/#primaryimage\"},\"image\":{\"@id\":\"https:\/\/theplayoffs.news\/fr\/actualite-nba\/kristaps-porzingis-incertain-pour-le-game-5-des-finales-nba-2024\/#primaryimage\"},\"thumbnailUrl\":\"https:\/\/theplayoffs.news\/fr\/wp-content\/uploads\/2024\/06\/USATSI_23547971.jpg\",\"datePublished\":\"2024-06-17T13:18:14+00:00\",\"dateModified\":\"2024-06-17T13:18:14+00:00\",\"author\":{\"@id\":\"https:\/\/theplayoffs.news\/fr\/#\/schema\/person\/801c54a27bc55531da5bcae43d637b35\"},\"breadcrumb\":{\"@id\":\"https:\/\/theplayoffs.news\/fr\/actualite-nba\/kristaps-porzingis-incertain-pour-le-game-5-des-finales-nba-2024\/#breadcrumb\"},\"inLanguage\":\"fr-FR\",\"potentialAction\":[{\"@type\":\"ReadAction\",\"target\":[\"https:\/\/theplayoffs.news\/fr\/actualite-nba\/kristaps-porzingis-incertain-pour-le-game-5-des-finales-nba-2024\/\"]}]},{\"@type\":\"ImageObject\",\"inLanguage\":\"fr-FR\",\"@id\":\"https:\/\/theplayoffs.news\/fr\/actualite-nba\/kristaps-porzingis-incertain-pour-le-game-5-des-finales-nba-2024\/#primaryimage\",\"url\":\"https:\/\/theplayoffs.news\/fr\/wp-content\/uploads\/2024\/06\/USATSI_23547971.jpg\",\"contentUrl\":\"https:\/\/theplayoffs.news\/fr\/wp-content\/uploads\/2024\/06\/USATSI_23547971.jpg\",\"width\":1920,\"height\":1280,\"caption\":\"Jun 14, 2024; Dallas, Texas, USA; Boston Celtics center Kristaps Porzingis (8) looks on before game four of the 2024 NBA Finals against the Dallas Mavericks at American Airlines Center. Mandatory Credit: Peter Casey-USA TODAY Sports\"},{\"@type\":\"BreadcrumbList\",\"@id\":\"https:\/\/theplayoffs.news\/fr\/actualite-nba\/kristaps-porzingis-incertain-pour-le-game-5-des-finales-nba-2024\/#breadcrumb\",\"itemListElement\":[{\"@type\":\"ListItem\",\"position\":1,\"name\":\"Accueil\",\"item\":\"https:\/\/theplayoffs.news\/fr\/\"},{\"@type\":\"ListItem\",\"position\":2,\"name\":\"Kristaps Porzingis incertain pour le game 5 des finales NBA 2024\"}]},{\"@type\":\"WebSite\",\"@id\":\"https:\/\/theplayoffs.news\/fr\/#website\",\"url\":\"https:\/\/theplayoffs.news\/fr\/\",\"name\":\"The Playoffs FR\",\"description\":\"NBA-NFL-NHL-MLB\",\"potentialAction\":[{\"@type\":\"SearchAction\",\"target\":{\"@type\":\"EntryPoint\",\"urlTemplate\":\"https:\/\/theplayoffs.news\/fr\/?s={search_term_string}\"},\"query-input\":{\"@type\":\"PropertyValueSpecification\",\"valueRequired\":true,\"valueName\":\"search_term_string\"}}],\"inLanguage\":\"fr-FR\"},{\"@type\":\"Person\",\"@id\":\"https:\/\/theplayoffs.news\/fr\/#\/schema\/person\/801c54a27bc55531da5bcae43d637b35\",\"name\":\"Luc lemercier\",\"image\":{\"@type\":\"ImageObject\",\"inLanguage\":\"fr-FR\",\"@id\":\"https:\/\/theplayoffs.news\/fr\/#\/schema\/person\/image\/\",\"url\":\"https:\/\/secure.gravatar.com\/avatar\/589c260bbb94457b6669c7e720679779767022dd620aaeb224cce2bacab793e7?s=96&d=mm&r=g\",\"contentUrl\":\"https:\/\/secure.gravatar.com\/avatar\/589c260bbb94457b6669c7e720679779767022dd620aaeb224cce2bacab793e7?s=96&d=mm&r=g\",\"caption\":\"Luc lemercier\"},\"url\":\"https:\/\/theplayoffs.news\/fr\/author\/luc-lemercierhotmail-fr\/\"}]}<\/script>\n<!-- \/ Yoast SEO plugin. -->","yoast_head_json":{"title":"Kristaps Porzingis incertain pour le game 5 des finales NBA 2024 - The Playoffs FR","robots":{"index":"index","follow":"follow","max-snippet":"max-snippet:-1","max-image-preview":"max-image-preview:large","max-video-preview":"max-video-preview:-1"},"canonical":"https:\/\/theplayoffs.news\/fr\/actualite-nba\/kristaps-porzingis-incertain-pour-le-game-5-des-finales-nba-2024\/","og_locale":"fr_FR","og_type":"article","og_title":"Kristaps Porzingis incertain pour le game 5 des finales NBA 2024 - The Playoffs FR","og_url":"https:\/\/theplayoffs.news\/fr\/actualite-nba\/kristaps-porzingis-incertain-pour-le-game-5-des-finales-nba-2024\/","og_site_name":"The Playoffs FR","article_publisher":"https:\/\/www.facebook.com\/TheFreeAgentFR\/","og_image":[{"width":1920,"height":1280,"url":"https:\/\/theplayoffs.news\/fr\/wp-content\/uploads\/2024\/06\/USATSI_23547971.jpg","type":"image\/jpeg"}],"author":"Luc lemercier","twitter_card":"summary_large_image","twitter_creator":"@TheFreeAgentFR","twitter_site":"@TheFreeAgentFR","twitter_misc":{"\u00c9crit par":"Luc lemercier","Dur\u00e9e de lecture estim\u00e9e":"2 minutes"},"schema":{"@context":"https:\/\/schema.org","@graph":[{"@type":"WebPage","@id":"https:\/\/theplayoffs.news\/fr\/actualite-nba\/kristaps-porzingis-incertain-pour-le-game-5-des-finales-nba-2024\/","url":"https:\/\/theplayoffs.news\/fr\/actualite-nba\/kristaps-porzingis-incertain-pour-le-game-5-des-finales-nba-2024\/","name":"Kristaps Porzingis incertain pour le game 5 des finales NBA 2024 - The Playoffs FR","isPartOf":{"@id":"https:\/\/theplayoffs.news\/fr\/#website"},"primaryImageOfPage":{"@id":"https:\/\/theplayoffs.news\/fr\/actualite-nba\/kristaps-porzingis-incertain-pour-le-game-5-des-finales-nba-2024\/#primaryimage"},"image":{"@id":"https:\/\/theplayoffs.news\/fr\/actualite-nba\/kristaps-porzingis-incertain-pour-le-game-5-des-finales-nba-2024\/#primaryimage"},"thumbnailUrl":"https:\/\/theplayoffs.news\/fr\/wp-content\/uploads\/2024\/06\/USATSI_23547971.jpg","datePublished":"2024-06-17T13:18:14+00:00","dateModified":"2024-06-17T13:18:14+00:00","author":{"@id":"https:\/\/theplayoffs.news\/fr\/#\/schema\/person\/801c54a27bc55531da5bcae43d637b35"},"breadcrumb":{"@id":"https:\/\/theplayoffs.news\/fr\/actualite-nba\/kristaps-porzingis-incertain-pour-le-game-5-des-finales-nba-2024\/#breadcrumb"},"inLanguage":"fr-FR","potentialAction":[{"@type":"ReadAction","target":["https:\/\/theplayoffs.news\/fr\/actualite-nba\/kristaps-porzingis-incertain-pour-le-game-5-des-finales-nba-2024\/"]}]},{"@type":"ImageObject","inLanguage":"fr-FR","@id":"https:\/\/theplayoffs.news\/fr\/actualite-nba\/kristaps-porzingis-incertain-pour-le-game-5-des-finales-nba-2024\/#primaryimage","url":"https:\/\/theplayoffs.news\/fr\/wp-content\/uploads\/2024\/06\/USATSI_23547971.jpg","contentUrl":"https:\/\/theplayoffs.news\/fr\/wp-content\/uploads\/2024\/06\/USATSI_23547971.jpg","width":1920,"height":1280,"caption":"Jun 14, 2024; Dallas, Texas, USA; Boston Celtics center Kristaps Porzingis (8) looks on before game four of the 2024 NBA Finals against the Dallas Mavericks at American Airlines Center. Mandatory Credit: Peter Casey-USA TODAY Sports"},{"@type":"BreadcrumbList","@id":"https:\/\/theplayoffs.news\/fr\/actualite-nba\/kristaps-porzingis-incertain-pour-le-game-5-des-finales-nba-2024\/#breadcrumb","itemListElement":[{"@type":"ListItem","position":1,"name":"Accueil","item":"https:\/\/theplayoffs.news\/fr\/"},{"@type":"ListItem","position":2,"name":"Kristaps Porzingis incertain pour le game 5 des finales NBA 2024"}]},{"@type":"WebSite","@id":"https:\/\/theplayoffs.news\/fr\/#website","url":"https:\/\/theplayoffs.news\/fr\/","name":"The Playoffs FR","description":"NBA-NFL-NHL-MLB","potentialAction":[{"@type":"SearchAction","target":{"@type":"EntryPoint","urlTemplate":"https:\/\/theplayoffs.news\/fr\/?s={search_term_string}"},"query-input":{"@type":"PropertyValueSpecification","valueRequired":true,"valueName":"search_term_string"}}],"inLanguage":"fr-FR"},{"@type":"Person","@id":"https:\/\/theplayoffs.news\/fr\/#\/schema\/person\/801c54a27bc55531da5bcae43d637b35","name":"Luc lemercier","image":{"@type":"ImageObject","inLanguage":"fr-FR","@id":"https:\/\/theplayoffs.news\/fr\/#\/schema\/person\/image\/","url":"https:\/\/secure.gravatar.com\/avatar\/589c260bbb94457b6669c7e720679779767022dd620aaeb224cce2bacab793e7?s=96&d=mm&r=g","contentUrl":"https:\/\/secure.gravatar.com\/avatar\/589c260bbb94457b6669c7e720679779767022dd620aaeb224cce2bacab793e7?s=96&d=mm&r=g","caption":"Luc lemercier"},"url":"https:\/\/theplayoffs.news\/fr\/author\/luc-lemercierhotmail-fr\/"}]}},"_links":{"self":[{"href":"https:\/\/theplayoffs.news\/fr\/wp-json\/wp\/v2\/posts\/1438879","targetHints":{"allow":["GET"]}}],"collection":[{"href":"https:\/\/theplayoffs.news\/fr\/wp-json\/wp\/v2\/posts"}],"about":[{"href":"https:\/\/theplayoffs.news\/fr\/wp-json\/wp\/v2\/types\/post"}],"author":[{"embeddable":true,"href":"https:\/\/theplayoffs.news\/fr\/wp-json\/wp\/v2\/users\/180310243"}],"replies":[{"embeddable":true,"href":"https:\/\/theplayoffs.news\/fr\/wp-json\/wp\/v2\/comments?post=1438879"}],"version-history":[{"count":3,"href":"https:\/\/theplayoffs.news\/fr\/wp-json\/wp\/v2\/posts\/1438879\/revisions"}],"predecessor-version":[{"id":1438883,"href":"https:\/\/theplayoffs.news\/fr\/wp-json\/wp\/v2\/posts\/1438879\/revisions\/1438883"}],"wp:featuredmedia":[{"embeddable":true,"href":"https:\/\/theplayoffs.news\/fr\/wp-json\/wp\/v2\/media\/1438880"}],"wp:attachment":[{"href":"https:\/\/theplayoffs.news\/fr\/wp-json\/wp\/v2\/media?parent=1438879"}],"wp:term":[{"taxonomy":"category","embeddable":true,"href":"https:\/\/theplayoffs.news\/fr\/wp-json\/wp\/v2\/categories?post=1438879"},{"taxonomy":"post_tag","embeddable":true,"href":"https:\/\/theplayoffs.news\/fr\/wp-json\/wp\/v2\/tags?post=1438879"},{"taxonomy":"sport","embeddable":true,"href":"https:\/\/theplayoffs.news\/fr\/wp-json\/wp\/v2\/sport?post=1438879"},{"taxonomy":"saison","embeddable":true,"href":"https:\/\/theplayoffs.news\/fr\/wp-json\/wp\/v2\/saison?post=1438879"}],"curies":[{"name":"wp","href":"https:\/\/api.w.org\/{rel}","templated":true}]}}