{"id":1438312,"date":"2024-06-13T20:58:34","date_gmt":"2024-06-13T18:58:34","guid":{"rendered":"https:\/\/theplayoffs.news\/fr\/?p=1438312"},"modified":"2024-06-13T20:58:34","modified_gmt":"2024-06-13T18:58:34","slug":"alvin-kamara-quitte-le-minicamp-des-saints","status":"publish","type":"post","link":"https:\/\/theplayoffs.news\/fr\/actualite-nfl\/alvin-kamara-quitte-le-minicamp-des-saints\/","title":{"rendered":"Alvin Kamara quitte le minicamp des Saints!"},"content":{"rendered":"<h2>NFL &ndash; Le running back des Saints de la Nouvelle-Orl&eacute;ans, Alvin Kamara, ne s&rsquo;est pas pr&eacute;sent&eacute; aux derni&egrave;res s&eacute;ances d&rsquo;entra&icirc;nement ce jeudi.<\/h2><p><a href=\"https:\/\/theplayoffs.news\/fr\/joueur\/alvin-kamara-nfl-6109700\/\" class=\"trk-cta-link\" data-cta-trk='{\"ctaType\":\"Link\",\"ctaSubType\":\"main\"}'>Alvin Kamara<\/a> serait-il parti en croisade contre sa franchise des Saints de la Nouvelle-Orl&eacute;ans? Pr&eacute;sent depuis le d&eacute;but de la semaine au mini camp d&rsquo;entra&icirc;nement de la franchise de Louisiane, le running back de 28 ans ne s&rsquo;est pas pr&eacute;sent&eacute; au dernier entra&icirc;nement ce jeudi comme l&rsquo;a confirm&eacute; le journaliste <a href=\"https:\/\/twitter.com\/MikeTriplett\/status\/1801304013905805628?ref_src=twsrc%5Etfw%7Ctwcamp%5Etweetembed%7Ctwterm%5E1801305584517414987%7Ctwgr%5E04aa2a999f3d64f6566cd61074ad117b28a7926b%7Ctwcon%5Es3_&amp;ref_url=https%3A%2F%2Flarrybrownsports.com%2Ffootball%2Falvin-kamara-saints-contract-issue%2F634537\" class=\"trk-cta-link\" data-cta-trk='{\"ctaType\":\"Link\",\"ctaSubType\":\"main\"}'>Mike Triplett<\/a> qui &eacute;tait pr&eacute;sent sur place.<\/p><blockquote class=\"twitter-tweet\" data-width=\"500\" data-dnt=\"true\">\n<p lang=\"en\" dir=\"ltr\">Didn&rsquo;t see Saints RB Alvin Kamara during final minicamp practice Thursday. Also not participating: TEs Juwan Johnson, Tommy Hudson, DBs Alontae Taylor, Faion Hicks, RT Ryan Ramczyk, DEs Chase Young, Tanoh Kpassagnon, DT Jack Heflin, WR Stanley Morgan Jr., LB Nephi Sewell.<\/p>\n<p>&mdash; Mike Triplett (@MikeTriplett) <a href=\"https:\/\/twitter.com\/MikeTriplett\/status\/1801304013905805628?ref_src=twsrc%5Etfw\" class=\"trk-cta-link\" data-cta-trk='{\"ctaType\":\"Link\",\"ctaSubType\":\"main\"}'>June 13, 2024<\/a><\/p><\/blockquote><p><script async src=\"https:\/\/platform.twitter.com\/widgets.js\" charset=\"utf-8\"><\/script><\/p><p>La cause de cette absence d&rsquo;Alvin Kamara? Un d&eacute;saccord sur la restructuration du contrat du meilleur coureur actuel de la franchise selon <a href=\"https:\/\/x.com\/RapSheet\/status\/1801305584517414987\" class=\"trk-cta-link\" data-cta-trk='{\"ctaType\":\"Link\",\"ctaSubType\":\"main\"}'>Ian Rapoport<\/a> qui a contact&eacute; l&rsquo;agent du joueur. Pour cette saison, Kamara doit toucher un salaire de base sup&eacute;rieur &agrave; 10 millions de dollars mais son salaire pour la saison 2025 n&rsquo;est pas pleinement garanti. Cela signifie que les Saints pourraient se s&eacute;parer de Kamara &agrave; la fin de cette saison 2024 pour lib&eacute;rer du cap space. Le running back de son c&ocirc;t&eacute; est &agrave; la recherche d&rsquo;une plus grande s&eacute;curit&eacute; financi&egrave;re alors qu&rsquo;il atteindra les 30 ans l&rsquo;an prochain.<\/p><p>Choisir au 3e tour de la draft NFL 2017 par les Saints, Alvin Kamara est l&rsquo;un des joueurs majeurs de la franchise de Louisiane depuis 7 ans maintenant. Au total, le joueur aura amass&eacute; pas moins de 10 048 yards et 77 touchdowns depuis son arriv&eacute;e dans l&rsquo;&eacute;quipe. Reste maintenant &agrave; savoir combien de temps dureront les n&eacute;gociations pour un nouveau contrat.<\/p><p><em>Cr&eacute;dit photo: Nathan Ray Seebeck-USA TODAY Sports<\/em><\/p>\n","protected":false},"excerpt":{"rendered":"","protected":false},"author":180309964,"featured_media":1438313,"comment_status":"open","ping_status":"closed","sticky":false,"template":"","format":"standard","meta":{"inline_featured_image":false,"kia_subtitle":"","_mux_skip_reasons":[],"proofreadBy":0,"footnotes":""},"categories":[118,40],"tags":[973,994],"sport":[2785],"saison":[6111],"class_list":["post-1438312","post","type-post","status-publish","format-standard","has-post-thumbnail","hentry","category-actualite-nfl","category-nfl","tag-alvin-kamara","tag-new-orleans-saints","sport-nfl","saison-6111"],"acf":[],"yoast_head":"<!-- This site is optimized with the Yoast SEO plugin v24.2 - https:\/\/yoast.com\/wordpress\/plugins\/seo\/ -->\n<title>Alvin Kamara quitte le minicamp des Saints! - The Playoffs FR<\/title>\n<meta name=\"robots\" content=\"index, follow, max-snippet:-1, max-image-preview:large, max-video-preview:-1\" \/>\n<link rel=\"canonical\" href=\"https:\/\/theplayoffs.news\/fr\/actualite-nfl\/alvin-kamara-quitte-le-minicamp-des-saints\/\" \/>\n<meta property=\"og:locale\" content=\"fr_FR\" \/>\n<meta property=\"og:type\" content=\"article\" \/>\n<meta property=\"og:title\" content=\"Alvin Kamara quitte le minicamp des Saints! - The Playoffs FR\" \/>\n<meta property=\"og:url\" content=\"https:\/\/theplayoffs.news\/fr\/actualite-nfl\/alvin-kamara-quitte-le-minicamp-des-saints\/\" \/>\n<meta property=\"og:site_name\" content=\"The Playoffs FR\" \/>\n<meta property=\"article:publisher\" content=\"https:\/\/www.facebook.com\/TheFreeAgentFR\/\" \/>\n<meta property=\"article:modified_time\" content=\"2024-06-13T20:58:34+02:00\" \/>\n<meta property=\"og:image\" content=\"https:\/\/theplayoffs.news\/fr\/wp-content\/uploads\/2024\/06\/USATSI_22200729.jpg\" \/>\n\t<meta property=\"og:image:width\" content=\"1920\" \/>\n\t<meta property=\"og:image:height\" content=\"1280\" \/>\n\t<meta property=\"og:image:type\" content=\"image\/jpeg\" \/>\n<meta name=\"author\" content=\"Flavien Jumeau\" \/>\n<meta name=\"twitter:card\" content=\"summary_large_image\" \/>\n<meta name=\"twitter:creator\" content=\"@TheFreeAgentFR\" \/>\n<meta name=\"twitter:site\" content=\"@TheFreeAgentFR\" \/>\n<meta name=\"twitter:label1\" content=\"\u00c9crit par\" \/>\n\t<meta name=\"twitter:data1\" content=\"Flavien Jumeau\" \/>\n\t<meta name=\"twitter:label2\" content=\"Dur\u00e9e de lecture estim\u00e9e\" \/>\n\t<meta name=\"twitter:data2\" content=\"1 minute\" \/>\n<script type=\"application\/ld+json\" class=\"yoast-schema-graph\">{\"@context\":\"https:\/\/schema.org\",\"@graph\":[{\"@type\":\"WebPage\",\"@id\":\"https:\/\/theplayoffs.news\/fr\/actualite-nfl\/alvin-kamara-quitte-le-minicamp-des-saints\/\",\"url\":\"https:\/\/theplayoffs.news\/fr\/actualite-nfl\/alvin-kamara-quitte-le-minicamp-des-saints\/\",\"name\":\"Alvin Kamara quitte le minicamp des Saints! - The Playoffs FR\",\"isPartOf\":{\"@id\":\"https:\/\/theplayoffs.news\/fr\/#website\"},\"primaryImageOfPage\":{\"@id\":\"https:\/\/theplayoffs.news\/fr\/actualite-nfl\/alvin-kamara-quitte-le-minicamp-des-saints\/#primaryimage\"},\"image\":{\"@id\":\"https:\/\/theplayoffs.news\/fr\/actualite-nfl\/alvin-kamara-quitte-le-minicamp-des-saints\/#primaryimage\"},\"thumbnailUrl\":\"https:\/\/theplayoffs.news\/fr\/wp-content\/uploads\/2024\/06\/USATSI_22200729.jpg\",\"datePublished\":\"2024-06-13T18:58:34+00:00\",\"dateModified\":\"2024-06-13T18:58:34+00:00\",\"author\":{\"@id\":\"https:\/\/theplayoffs.news\/fr\/#\/schema\/person\/def63bc6746dc5957469b75feb99e66d\"},\"breadcrumb\":{\"@id\":\"https:\/\/theplayoffs.news\/fr\/actualite-nfl\/alvin-kamara-quitte-le-minicamp-des-saints\/#breadcrumb\"},\"inLanguage\":\"fr-FR\",\"potentialAction\":[{\"@type\":\"ReadAction\",\"target\":[\"https:\/\/theplayoffs.news\/fr\/actualite-nfl\/alvin-kamara-quitte-le-minicamp-des-saints\/\"]}]},{\"@type\":\"ImageObject\",\"inLanguage\":\"fr-FR\",\"@id\":\"https:\/\/theplayoffs.news\/fr\/actualite-nfl\/alvin-kamara-quitte-le-minicamp-des-saints\/#primaryimage\",\"url\":\"https:\/\/theplayoffs.news\/fr\/wp-content\/uploads\/2024\/06\/USATSI_22200729.jpg\",\"contentUrl\":\"https:\/\/theplayoffs.news\/fr\/wp-content\/uploads\/2024\/06\/USATSI_22200729.jpg\",\"width\":1920,\"height\":1280,\"caption\":\"Dec 31, 2023; Tampa, Florida, USA; New Orleans Saints running back Alvin Kamara (41) is brought down by Tampa Bay Buccaneers cornerback Zyon McCollum (27) in the second quarter at Raymond James Stadium. Mandatory Credit: Nathan Ray Seebeck-USA TODAY Sports\"},{\"@type\":\"BreadcrumbList\",\"@id\":\"https:\/\/theplayoffs.news\/fr\/actualite-nfl\/alvin-kamara-quitte-le-minicamp-des-saints\/#breadcrumb\",\"itemListElement\":[{\"@type\":\"ListItem\",\"position\":1,\"name\":\"Accueil\",\"item\":\"https:\/\/theplayoffs.news\/fr\/\"},{\"@type\":\"ListItem\",\"position\":2,\"name\":\"Alvin Kamara quitte le minicamp des Saints!\"}]},{\"@type\":\"WebSite\",\"@id\":\"https:\/\/theplayoffs.news\/fr\/#website\",\"url\":\"https:\/\/theplayoffs.news\/fr\/\",\"name\":\"The Playoffs FR\",\"description\":\"NBA-NFL-NHL-MLB\",\"potentialAction\":[{\"@type\":\"SearchAction\",\"target\":{\"@type\":\"EntryPoint\",\"urlTemplate\":\"https:\/\/theplayoffs.news\/fr\/?s={search_term_string}\"},\"query-input\":{\"@type\":\"PropertyValueSpecification\",\"valueRequired\":true,\"valueName\":\"search_term_string\"}}],\"inLanguage\":\"fr-FR\"},{\"@type\":\"Person\",\"@id\":\"https:\/\/theplayoffs.news\/fr\/#\/schema\/person\/def63bc6746dc5957469b75feb99e66d\",\"name\":\"Flavien Jumeau\",\"image\":{\"@type\":\"ImageObject\",\"inLanguage\":\"fr-FR\",\"@id\":\"https:\/\/theplayoffs.news\/fr\/#\/schema\/person\/image\/\",\"url\":\"https:\/\/secure.gravatar.com\/avatar\/e7fa8ba5a4b7e4ce35fe152f083f352db28ad0acce692004ed88a7a7d78893f7?s=96&d=mm&r=g\",\"contentUrl\":\"https:\/\/secure.gravatar.com\/avatar\/e7fa8ba5a4b7e4ce35fe152f083f352db28ad0acce692004ed88a7a7d78893f7?s=96&d=mm&r=g\",\"caption\":\"Flavien Jumeau\"},\"description\":\"Amoureux du sport (et de vraiment tous les sports) depuis mon plus jeune \u00e2ge, j\u2019ai longtemps h\u00e9site entre le snooker et le curling. Finalement c\u2019est le foot US que j\u2019ai d\u00e9cid\u00e9 de choisir! Responsable foot US sur TPO et animateur du podcast Tailgate j\u2019ai pour mission de vous faire d\u00e9couvrir ce sport passionnant si ce n\u2019est pas encore fait et de vous donner les derni\u00e8res actus. Le tout dans la bonne humeur et avec toujours un jeu de mots ou deux savamment distill\u00e9s! Fan des Saints, pour moi Drew Brees est le vrai GOAT!\",\"url\":\"https:\/\/theplayoffs.news\/fr\/author\/flavien-jumeaugmail-com\/\"}]}<\/script>\n<!-- \/ Yoast SEO plugin. -->","yoast_head_json":{"title":"Alvin Kamara quitte le minicamp des Saints! - The Playoffs FR","robots":{"index":"index","follow":"follow","max-snippet":"max-snippet:-1","max-image-preview":"max-image-preview:large","max-video-preview":"max-video-preview:-1"},"canonical":"https:\/\/theplayoffs.news\/fr\/actualite-nfl\/alvin-kamara-quitte-le-minicamp-des-saints\/","og_locale":"fr_FR","og_type":"article","og_title":"Alvin Kamara quitte le minicamp des Saints! - The Playoffs FR","og_url":"https:\/\/theplayoffs.news\/fr\/actualite-nfl\/alvin-kamara-quitte-le-minicamp-des-saints\/","og_site_name":"The Playoffs FR","article_publisher":"https:\/\/www.facebook.com\/TheFreeAgentFR\/","og_image":[{"width":1920,"height":1280,"url":"https:\/\/theplayoffs.news\/fr\/wp-content\/uploads\/2024\/06\/USATSI_22200729.jpg","type":"image\/jpeg"}],"author":"Flavien Jumeau","twitter_card":"summary_large_image","twitter_creator":"@TheFreeAgentFR","twitter_site":"@TheFreeAgentFR","twitter_misc":{"\u00c9crit par":"Flavien Jumeau","Dur\u00e9e de lecture estim\u00e9e":"1 minute"},"schema":{"@context":"https:\/\/schema.org","@graph":[{"@type":"WebPage","@id":"https:\/\/theplayoffs.news\/fr\/actualite-nfl\/alvin-kamara-quitte-le-minicamp-des-saints\/","url":"https:\/\/theplayoffs.news\/fr\/actualite-nfl\/alvin-kamara-quitte-le-minicamp-des-saints\/","name":"Alvin Kamara quitte le minicamp des Saints! - The Playoffs FR","isPartOf":{"@id":"https:\/\/theplayoffs.news\/fr\/#website"},"primaryImageOfPage":{"@id":"https:\/\/theplayoffs.news\/fr\/actualite-nfl\/alvin-kamara-quitte-le-minicamp-des-saints\/#primaryimage"},"image":{"@id":"https:\/\/theplayoffs.news\/fr\/actualite-nfl\/alvin-kamara-quitte-le-minicamp-des-saints\/#primaryimage"},"thumbnailUrl":"https:\/\/theplayoffs.news\/fr\/wp-content\/uploads\/2024\/06\/USATSI_22200729.jpg","datePublished":"2024-06-13T18:58:34+00:00","dateModified":"2024-06-13T18:58:34+00:00","author":{"@id":"https:\/\/theplayoffs.news\/fr\/#\/schema\/person\/def63bc6746dc5957469b75feb99e66d"},"breadcrumb":{"@id":"https:\/\/theplayoffs.news\/fr\/actualite-nfl\/alvin-kamara-quitte-le-minicamp-des-saints\/#breadcrumb"},"inLanguage":"fr-FR","potentialAction":[{"@type":"ReadAction","target":["https:\/\/theplayoffs.news\/fr\/actualite-nfl\/alvin-kamara-quitte-le-minicamp-des-saints\/"]}]},{"@type":"ImageObject","inLanguage":"fr-FR","@id":"https:\/\/theplayoffs.news\/fr\/actualite-nfl\/alvin-kamara-quitte-le-minicamp-des-saints\/#primaryimage","url":"https:\/\/theplayoffs.news\/fr\/wp-content\/uploads\/2024\/06\/USATSI_22200729.jpg","contentUrl":"https:\/\/theplayoffs.news\/fr\/wp-content\/uploads\/2024\/06\/USATSI_22200729.jpg","width":1920,"height":1280,"caption":"Dec 31, 2023; Tampa, Florida, USA; New Orleans Saints running back Alvin Kamara (41) is brought down by Tampa Bay Buccaneers cornerback Zyon McCollum (27) in the second quarter at Raymond James Stadium. Mandatory Credit: Nathan Ray Seebeck-USA TODAY Sports"},{"@type":"BreadcrumbList","@id":"https:\/\/theplayoffs.news\/fr\/actualite-nfl\/alvin-kamara-quitte-le-minicamp-des-saints\/#breadcrumb","itemListElement":[{"@type":"ListItem","position":1,"name":"Accueil","item":"https:\/\/theplayoffs.news\/fr\/"},{"@type":"ListItem","position":2,"name":"Alvin Kamara quitte le minicamp des Saints!"}]},{"@type":"WebSite","@id":"https:\/\/theplayoffs.news\/fr\/#website","url":"https:\/\/theplayoffs.news\/fr\/","name":"The Playoffs FR","description":"NBA-NFL-NHL-MLB","potentialAction":[{"@type":"SearchAction","target":{"@type":"EntryPoint","urlTemplate":"https:\/\/theplayoffs.news\/fr\/?s={search_term_string}"},"query-input":{"@type":"PropertyValueSpecification","valueRequired":true,"valueName":"search_term_string"}}],"inLanguage":"fr-FR"},{"@type":"Person","@id":"https:\/\/theplayoffs.news\/fr\/#\/schema\/person\/def63bc6746dc5957469b75feb99e66d","name":"Flavien Jumeau","image":{"@type":"ImageObject","inLanguage":"fr-FR","@id":"https:\/\/theplayoffs.news\/fr\/#\/schema\/person\/image\/","url":"https:\/\/secure.gravatar.com\/avatar\/e7fa8ba5a4b7e4ce35fe152f083f352db28ad0acce692004ed88a7a7d78893f7?s=96&d=mm&r=g","contentUrl":"https:\/\/secure.gravatar.com\/avatar\/e7fa8ba5a4b7e4ce35fe152f083f352db28ad0acce692004ed88a7a7d78893f7?s=96&d=mm&r=g","caption":"Flavien Jumeau"},"description":"Amoureux du sport (et de vraiment tous les sports) depuis mon plus jeune \u00e2ge, j\u2019ai longtemps h\u00e9site entre le snooker et le curling. Finalement c\u2019est le foot US que j\u2019ai d\u00e9cid\u00e9 de choisir! Responsable foot US sur TPO et animateur du podcast Tailgate j\u2019ai pour mission de vous faire d\u00e9couvrir ce sport passionnant si ce n\u2019est pas encore fait et de vous donner les derni\u00e8res actus. Le tout dans la bonne humeur et avec toujours un jeu de mots ou deux savamment distill\u00e9s! Fan des Saints, pour moi Drew Brees est le vrai GOAT!","url":"https:\/\/theplayoffs.news\/fr\/author\/flavien-jumeaugmail-com\/"}]}},"_links":{"self":[{"href":"https:\/\/theplayoffs.news\/fr\/wp-json\/wp\/v2\/posts\/1438312","targetHints":{"allow":["GET"]}}],"collection":[{"href":"https:\/\/theplayoffs.news\/fr\/wp-json\/wp\/v2\/posts"}],"about":[{"href":"https:\/\/theplayoffs.news\/fr\/wp-json\/wp\/v2\/types\/post"}],"author":[{"embeddable":true,"href":"https:\/\/theplayoffs.news\/fr\/wp-json\/wp\/v2\/users\/180309964"}],"replies":[{"embeddable":true,"href":"https:\/\/theplayoffs.news\/fr\/wp-json\/wp\/v2\/comments?post=1438312"}],"version-history":[{"count":3,"href":"https:\/\/theplayoffs.news\/fr\/wp-json\/wp\/v2\/posts\/1438312\/revisions"}],"predecessor-version":[{"id":1438317,"href":"https:\/\/theplayoffs.news\/fr\/wp-json\/wp\/v2\/posts\/1438312\/revisions\/1438317"}],"wp:featuredmedia":[{"embeddable":true,"href":"https:\/\/theplayoffs.news\/fr\/wp-json\/wp\/v2\/media\/1438313"}],"wp:attachment":[{"href":"https:\/\/theplayoffs.news\/fr\/wp-json\/wp\/v2\/media?parent=1438312"}],"wp:term":[{"taxonomy":"category","embeddable":true,"href":"https:\/\/theplayoffs.news\/fr\/wp-json\/wp\/v2\/categories?post=1438312"},{"taxonomy":"post_tag","embeddable":true,"href":"https:\/\/theplayoffs.news\/fr\/wp-json\/wp\/v2\/tags?post=1438312"},{"taxonomy":"sport","embeddable":true,"href":"https:\/\/theplayoffs.news\/fr\/wp-json\/wp\/v2\/sport?post=1438312"},{"taxonomy":"saison","embeddable":true,"href":"https:\/\/theplayoffs.news\/fr\/wp-json\/wp\/v2\/saison?post=1438312"}],"curies":[{"name":"wp","href":"https:\/\/api.w.org\/{rel}","templated":true}]}}