{"id":1438283,"date":"2024-06-13T16:30:42","date_gmt":"2024-06-13T14:30:42","guid":{"rendered":"https:\/\/theplayoffs.news\/fr\/?p=1438283"},"modified":"2024-06-13T16:20:09","modified_gmt":"2024-06-13T14:20:09","slug":"sean-payton-satisfait-rentree-jeune-groupe","status":"publish","type":"post","link":"https:\/\/theplayoffs.news\/fr\/actualite-nfl\/sean-payton-satisfait-rentree-jeune-groupe\/","title":{"rendered":"Sean Payton est plut\u00f4t satisfait de la rentr\u00e9e de son jeune groupe"},"content":{"rendered":"<h2><strong>NFL &ndash; Alors que la longue intersaison se poursuit en NFL, chaque continue de poser les bases pour la saison &agrave; venir. &Agrave; Denver, chez les Broncos, Sean Payton est satisfait de la reprise de son groupe, largement rajeuni au printemps.<\/strong><\/h2><p><strong>&nbsp;<\/strong><\/p><p>Les paisibles &eacute;t&eacute;s de pr&eacute;paration alors qu&rsquo;il &eacute;tait coach des Saints et de Drew Brees sont d&eacute;sormais lointains pour Sean Payton. D&eacute;sormais entra&icirc;neur des Broncos, il faut apprendre &agrave; construire autour d&rsquo;un groupe jeune, pas forc&eacute;ment le plus talentueux de la ligue, mais qui semble motiv&eacute; selon les <a href=\"https:\/\/www.espn.com\/nfl\/story\/_\/id\/40336953\/sean-payton-gives-broncos-early-break-where-at\" class=\"trk-cta-link\" data-cta-trk='{\"ctaType\":\"Link\",\"ctaSubType\":\"main\"}'>premi&egrave;res observations des journalistes outre-Atlantique<\/a>.<\/p><p>&nbsp;<\/p><h3><strong>Un jour de repos inattendu accord&eacute; par Payton<\/strong><\/h3><p><strong>&nbsp;<\/strong><\/p><p>En effet, &agrave; en croire la d&eacute;cision de Sean Payton lui-m&ecirc;me, son &eacute;quipe travaille bien dans ces premi&egrave;res semaines de reprise. Pour cause, hier, l&rsquo;entra&icirc;neur vainqueur du Super Bowl 2010 a accord&eacute; &agrave; ses joueurs un jour de repos suppl&eacute;mentaire totalement inattendu en &eacute;courtant d&rsquo;une journ&eacute;e le minicamp obligatoire que doit observer chaque &eacute;quipe de NFL.<\/p><p>Payton a avanc&eacute; que la bonne performance de son &eacute;quipe a rendu cette d&eacute;cision possible. &laquo;&nbsp;Globalement &ccedil;a s&rsquo;est bien pass&eacute;. &Eacute;coutez&hellip; c&rsquo;est plus un sous-produit de ce que nous avons vu, de l&agrave; o&ugrave; nous en sommes. Et j&rsquo;aime bien l&agrave; o&ugrave; sommes pour l&rsquo;instant.&nbsp;&raquo; commentait-il &agrave; propos de l&rsquo;avanc&eacute;e de l&rsquo;intersaison.<\/p><p>&nbsp;<\/p><p>\n<div id=\"attachment_1438286\" style=\"width: 740px\" class=\"wp-caption aligncenter\"><img loading=\"lazy\" decoding=\"async\" aria-describedby=\"caption-attachment-1438286\" class=\" wp-image-1438286\" src=\"https:\/\/theplayoffs.news\/fr\/wp-content\/uploads\/2024\/06\/USATSI_23360856-300x200.jpg\" alt=\"\" width=\"730\" height=\"486\" srcset=\"https:\/\/theplayoffs.news\/fr\/wp-content\/uploads\/2024\/06\/USATSI_23360856-300x200.jpg 300w, https:\/\/theplayoffs.news\/fr\/wp-content\/uploads\/2024\/06\/USATSI_23360856-1030x687.jpg 1030w, https:\/\/theplayoffs.news\/fr\/wp-content\/uploads\/2024\/06\/USATSI_23360856-768x512.jpg 768w, https:\/\/theplayoffs.news\/fr\/wp-content\/uploads\/2024\/06\/USATSI_23360856-1320x880.jpg 1320w, https:\/\/theplayoffs.news\/fr\/wp-content\/uploads\/2024\/06\/USATSI_23360856.jpg 1920w\" sizes=\"auto, (max-width: 730px) 100vw, 730px\" \/><p id=\"caption-attachment-1438286\" class=\"wp-caption-text\">Les premiers entra&icirc;nements 2024 des Broncos ont donn&eacute; satisfaction &agrave; Sean Payton. Mandatory Credit: Isaiah J. Downing-USA TODAY Sports<\/p><\/div>\n<\/p><p>&nbsp;<\/p><p>Cette d&eacute;cision reste un &eacute;l&eacute;ment &agrave; souligner de l&rsquo;&eacute;t&eacute; des Broncos puisque Payton n&rsquo;en avait pas fait de m&ecirc;me avec son groupe l&rsquo;an dernier, dont les attentes &eacute;taient bien plus hautes que celui-ci.<\/p><p>&nbsp;<\/p><h3><strong>Un groupe largement rajeuni par rapport &agrave; l&rsquo;an dernier<\/strong><\/h3><p><strong>&nbsp;<\/strong><\/p><p>Effectivement, les mauvais r&eacute;sultats de la saison pass&eacute;e (finie avec un bilan de 8 victoires et 9 d&eacute;faites sans Playoffs) ont fait leurs effets dans le Colorado, et une vague importante de joueurs exp&eacute;riment&eacute;s ont fait leurs valises (Russell Wilson vers les Steelers, Justin Simmons toujours agent libre, Josey Jewell vers les Panthers ou encore Lloyd Cushenburry III chez les Titants) pour laisser place &agrave; de biens plus jeunes joueurs.<\/p><p>Parmi tous ceux-l&agrave;, c&rsquo;est au poste le plus important de ce sport que les jeunes arriv&eacute;es ont &eacute;t&eacute; les plus nombreuses. Par ailleurs, il y a une comp&eacute;tition &agrave; trois chez les Broncos pour se disputer le poste de quarterback titulaire.<\/p><p>Une lutte &agrave; trois entre Zach Wilson (24 ans) tout juste d&eacute;busqu&eacute; aux Jets, Bo Nix (24 ans) tout juste draft&eacute; et Jarrett Stidham (27 ans) arriv&eacute; lui l&rsquo;an dernier et qui part vraisemblablement une longueur derri&egrave;re les deux autres m&ecirc;me si <a href=\"https:\/\/theplayoffs.news\/fr\/nfl\/justin-simmons-les-broncos-ne-devrait-pas-le-reprendre\/\" class=\"trk-cta-link\" data-cta-trk='{\"ctaType\":\"Link\",\"ctaSubType\":\"main\"}'>Payton garantit une &eacute;quit&eacute; totale entre les trois.<\/a><\/p><blockquote class=\"twitter-tweet\" data-width=\"500\" data-dnt=\"true\">\n<p lang=\"en\" dir=\"ltr\">Bo Nix slingin&rsquo; it on Day 2 of Broncos minicamp <a href=\"https:\/\/twitter.com\/hashtag\/BroncosCountry?src=hash&amp;ref_src=twsrc%5Etfw\" class=\"trk-cta-link\" data-cta-trk='{\"ctaType\":\"Link\",\"ctaSubType\":\"main\"}'>#BroncosCountry<\/a> <a href=\"https:\/\/t.co\/6Hjha4ikGC\" class=\"trk-cta-link\" data-cta-trk='{\"ctaType\":\"Link\",\"ctaSubType\":\"main\"}'>pic.twitter.com\/6Hjha4ikGC<\/a><\/p>\n<p>&mdash; DNVR Broncos (@DNVR_Broncos) <a href=\"https:\/\/twitter.com\/DNVR_Broncos\/status\/1800963504326742125?ref_src=twsrc%5Etfw\" class=\"trk-cta-link\" data-cta-trk='{\"ctaType\":\"Link\",\"ctaSubType\":\"main\"}'>June 12, 2024<\/a><\/p><\/blockquote><p><script async src=\"https:\/\/platform.twitter.com\/widgets.js\" charset=\"utf-8\"><\/script><\/p><p>Les postes de cornerbacks et linebackers sont eux aussi concern&eacute;s par cette rude concurrence entre jeunes joueurs, mais Sean Payton l&rsquo;affirme, &laquo;&nbsp;Nous avons de la bonne comp&eacute;tition. Toutes les donn&eacute;es que nous suivons et la pr&eacute;sence aux entra&icirc;nements&hellip; mais je dirais que la comp&eacute;tition stimule les choses.&nbsp;[&hellip;] C&rsquo;&eacute;tait diff&eacute;rent cette ann&eacute;e, d&rsquo;une bonne fa&ccedil;on&nbsp;&raquo; argumentait-il &agrave; la fin du minicamp.<\/p><p>L&rsquo;entra&icirc;neur de Denver a &eacute;galement &eacute;t&eacute; amen&eacute; &agrave; livrer son point de vue sur le fait d&rsquo;entra&icirc;ner un groupe jeune sans attentes particuli&egrave;res sans baisser la garde, &laquo;&nbsp;On parle toujours de ces choses comme &ecirc;tre pr&eacute;sent, o&ugrave; est-ce que tu en es, o&ugrave; est-ce que tu te situes&hellip; et je dirais que c&rsquo;est un peu ce qui est arriv&eacute; avec moi.&nbsp;&raquo; commentait Payton sans qu&rsquo;on arrive vraiment &agrave; comprendre o&ugrave; il voulait en venir.<\/p><p>Il a en tout cas clairement indiqu&eacute; &agrave; ses troupes de ne &laquo;&nbsp;pas perdre&nbsp;&raquo; l&rsquo;&eacute;lan enclench&eacute; depuis l&rsquo;encourageante fin de saison derni&egrave;re et le d&eacute;but des entra&icirc;nements il y a quelques mois.<\/p><p>Il a enfin aussi d&eacute;clar&eacute; qu&rsquo;il s&rsquo;attendait &agrave; ce que ses trois quarterbacks reviennent fin Juillet pour les camps d&rsquo;entra&icirc;nements avec la pleine envie de se battre pour la place de titulaire qui n&rsquo;est donc toujours pas attribu&eacute;e.<\/p><p>&nbsp;<\/p><h3><strong>L&rsquo;&eacute;pineux dossier Courtland Sutton<\/strong><\/h3><p><strong>&nbsp;<\/strong><\/p><p>Enfin le dernier bilan &agrave; tirer de la reprise des Broncos et de la fin de ces minicamps est plut&ocirc;t n&eacute;gatif cette fois et concerne la situation contractuelle de Courtland Sutton.<\/p><p>Le receveur de 29 ans s&eacute;lectionn&eacute; en 2019 au Pro Bowl et auteur de 10 touchdowns &agrave; la r&eacute;ception l&rsquo;an dernier dispose toujours de deux ann&eacute;es de contrat &agrave; environ 20 millions de dollars l&rsquo;ann&eacute;e mais est frustr&eacute; de sa situation contractuelle. Il aimerait naturellement n&eacute;gocier une prolongation ou une restructuration lui permettant de gagner plus d&rsquo;argent alors que les gros contrat sont &agrave; la mode chez les receveurs.<\/p><p>&nbsp;<\/p><p>\n<div id=\"attachment_1438285\" style=\"width: 726px\" class=\"wp-caption aligncenter\"><img loading=\"lazy\" decoding=\"async\" aria-describedby=\"caption-attachment-1438285\" class=\" wp-image-1438285\" src=\"https:\/\/theplayoffs.news\/fr\/wp-content\/uploads\/2024\/06\/USATSI_16928836-300x193.jpg\" alt=\"\" width=\"716\" height=\"461\" srcset=\"https:\/\/theplayoffs.news\/fr\/wp-content\/uploads\/2024\/06\/USATSI_16928836-300x193.jpg 300w, https:\/\/theplayoffs.news\/fr\/wp-content\/uploads\/2024\/06\/USATSI_16928836-1030x663.jpg 1030w, https:\/\/theplayoffs.news\/fr\/wp-content\/uploads\/2024\/06\/USATSI_16928836-768x494.jpg 768w, https:\/\/theplayoffs.news\/fr\/wp-content\/uploads\/2024\/06\/USATSI_16928836-1320x849.jpg 1320w, https:\/\/theplayoffs.news\/fr\/wp-content\/uploads\/2024\/06\/USATSI_16928836.jpg 1920w\" sizes=\"auto, (max-width: 716px) 100vw, 716px\" \/><p id=\"caption-attachment-1438285\" class=\"wp-caption-text\">Le receveur des Broncos, Courtland Sutton d&eacute;sireux d&rsquo;un nouveau contrat. Mandatory Credit: Charles LeClaire-USA TODAY Sports<\/p><\/div>\n<\/p><p>&nbsp;<\/p><p>Payton a lui indiqu&eacute; qu&rsquo;il s&rsquo;est entretenu en face-&agrave;-face avec son joueur hier matin.<\/p><p>Une situation qui a provoqu&eacute; le fait que Sutton ne se soit pr&eacute;sent&eacute; seulement qu&rsquo;aux deux jours obligatoires d&rsquo;entra&icirc;nements depuis plus d&rsquo;un mois. Des entra&icirc;nements qui se sont limit&eacute;s &agrave; des &eacute;tirements et un l&eacute;ger travail individuel afin d&rsquo;&eacute;viter toute blessure.<\/p><p>&laquo; J&rsquo;ai &eacute;chang&eacute; avec Courtland ce matin [hier matin] pendant un bon moment. Nous avons une bonne relation. Il est important dans ce que nous faisons [&hellip;] et je pense qu&rsquo;il le sait&nbsp;&raquo; l&acirc;chait Sean Payton devant la presse. Cette bonne relation ferait mieux d&rsquo;aboutir &agrave; une issue positive avant la fin Juillet et le d&eacute;but du camp d&rsquo;entra&icirc;nement puisque Sutton avait dit mardi qu&rsquo;il n&rsquo;avait toujours d&eacute;cid&eacute; s&rsquo;il se pr&eacute;senterait en temps et en heure au d&eacute;but de ce m&ecirc;me camp d&rsquo;entra&icirc;nement si sa situation ne s&rsquo;&eacute;tait pas clarifi&eacute;e d&rsquo;ici-l&agrave;.<\/p><p>&nbsp;<\/p><p>Le long fleuve tranquille suit donc son cours dans le Colorado&hellip;<\/p><p>&copy; Isaiah J. Downing-USA TODAY Sports<\/p><p>&nbsp;<\/p>\n","protected":false},"excerpt":{"rendered":"","protected":false},"author":180310210,"featured_media":1438284,"comment_status":"open","ping_status":"closed","sticky":false,"template":"","format":"standard","meta":{"inline_featured_image":false,"kia_subtitle":"","_mux_skip_reasons":[],"proofreadBy":0,"footnotes":""},"categories":[118,40],"tags":[3052,926,2453],"sport":[2785],"saison":[6111],"class_list":["post-1438283","post","type-post","status-publish","format-standard","has-post-thumbnail","hentry","category-actualite-nfl","category-nfl","tag-courtland-sutton","tag-denver-broncos","tag-sean-payton","sport-nfl","saison-6111"],"acf":[],"yoast_head":"<!-- This site is optimized with the Yoast SEO plugin v24.2 - https:\/\/yoast.com\/wordpress\/plugins\/seo\/ -->\n<title>Sean Payton est plut&ocirc;t satisfait de la rentr&eacute;e de son jeune groupe - The Playoffs FR<\/title>\n<meta name=\"robots\" content=\"index, follow, max-snippet:-1, max-image-preview:large, max-video-preview:-1\" \/>\n<link rel=\"canonical\" href=\"https:\/\/theplayoffs.news\/fr\/actualite-nfl\/sean-payton-satisfait-rentree-jeune-groupe\/\" \/>\n<meta property=\"og:locale\" content=\"fr_FR\" \/>\n<meta property=\"og:type\" content=\"article\" \/>\n<meta property=\"og:title\" content=\"Sean Payton est plut&ocirc;t satisfait de la rentr&eacute;e de son jeune groupe - The Playoffs FR\" \/>\n<meta property=\"og:url\" content=\"https:\/\/theplayoffs.news\/fr\/actualite-nfl\/sean-payton-satisfait-rentree-jeune-groupe\/\" \/>\n<meta property=\"og:site_name\" content=\"The Playoffs FR\" \/>\n<meta property=\"article:publisher\" content=\"https:\/\/www.facebook.com\/TheFreeAgentFR\/\" \/>\n<meta property=\"article:modified_time\" content=\"2024-06-13T16:30:42+02:00\" \/>\n<meta property=\"og:image\" content=\"https:\/\/theplayoffs.news\/fr\/wp-content\/uploads\/2024\/06\/USATSI_23360870.jpg\" \/>\n\t<meta property=\"og:image:width\" content=\"1920\" \/>\n\t<meta property=\"og:image:height\" content=\"1280\" \/>\n\t<meta property=\"og:image:type\" content=\"image\/jpeg\" \/>\n<meta name=\"author\" content=\"Romain Balle\" \/>\n<meta name=\"twitter:card\" content=\"summary_large_image\" \/>\n<meta name=\"twitter:creator\" content=\"@TheFreeAgentFR\" \/>\n<meta name=\"twitter:site\" content=\"@TheFreeAgentFR\" \/>\n<meta name=\"twitter:label1\" content=\"\u00c9crit par\" \/>\n\t<meta name=\"twitter:data1\" content=\"Romain Balle\" \/>\n\t<meta name=\"twitter:label2\" content=\"Dur\u00e9e de lecture estim\u00e9e\" \/>\n\t<meta name=\"twitter:data2\" content=\"5 minutes\" \/>\n<script type=\"application\/ld+json\" class=\"yoast-schema-graph\">{\"@context\":\"https:\/\/schema.org\",\"@graph\":[{\"@type\":\"WebPage\",\"@id\":\"https:\/\/theplayoffs.news\/fr\/actualite-nfl\/sean-payton-satisfait-rentree-jeune-groupe\/\",\"url\":\"https:\/\/theplayoffs.news\/fr\/actualite-nfl\/sean-payton-satisfait-rentree-jeune-groupe\/\",\"name\":\"Sean Payton est plut\u00f4t satisfait de la rentr\u00e9e de son jeune groupe - The Playoffs FR\",\"isPartOf\":{\"@id\":\"https:\/\/theplayoffs.news\/fr\/#website\"},\"primaryImageOfPage\":{\"@id\":\"https:\/\/theplayoffs.news\/fr\/actualite-nfl\/sean-payton-satisfait-rentree-jeune-groupe\/#primaryimage\"},\"image\":{\"@id\":\"https:\/\/theplayoffs.news\/fr\/actualite-nfl\/sean-payton-satisfait-rentree-jeune-groupe\/#primaryimage\"},\"thumbnailUrl\":\"https:\/\/theplayoffs.news\/fr\/wp-content\/uploads\/2024\/06\/USATSI_23360870.jpg\",\"datePublished\":\"2024-06-13T14:30:42+00:00\",\"dateModified\":\"2024-06-13T16:30:42+02:00\",\"author\":{\"@id\":\"https:\/\/theplayoffs.news\/fr\/#\/schema\/person\/6d5286c8c5dec1bbd3e6341f17a41111\"},\"breadcrumb\":{\"@id\":\"https:\/\/theplayoffs.news\/fr\/actualite-nfl\/sean-payton-satisfait-rentree-jeune-groupe\/#breadcrumb\"},\"inLanguage\":\"fr-FR\",\"potentialAction\":[{\"@type\":\"ReadAction\",\"target\":[\"https:\/\/theplayoffs.news\/fr\/actualite-nfl\/sean-payton-satisfait-rentree-jeune-groupe\/\"]}]},{\"@type\":\"ImageObject\",\"inLanguage\":\"fr-FR\",\"@id\":\"https:\/\/theplayoffs.news\/fr\/actualite-nfl\/sean-payton-satisfait-rentree-jeune-groupe\/#primaryimage\",\"url\":\"https:\/\/theplayoffs.news\/fr\/wp-content\/uploads\/2024\/06\/USATSI_23360870.jpg\",\"contentUrl\":\"https:\/\/theplayoffs.news\/fr\/wp-content\/uploads\/2024\/06\/USATSI_23360870.jpg\",\"width\":1920,\"height\":1280,\"caption\":\"May 23, 2024; Englewood, CO, USA; Denver Broncos head coach Sean Payton addresses the media after organized team activities at Centura Health Training Center. Mandatory Credit: Isaiah J. Downing-USA TODAY Sports\"},{\"@type\":\"BreadcrumbList\",\"@id\":\"https:\/\/theplayoffs.news\/fr\/actualite-nfl\/sean-payton-satisfait-rentree-jeune-groupe\/#breadcrumb\",\"itemListElement\":[{\"@type\":\"ListItem\",\"position\":1,\"name\":\"Accueil\",\"item\":\"https:\/\/theplayoffs.news\/fr\/\"},{\"@type\":\"ListItem\",\"position\":2,\"name\":\"Sean Payton est plut\u00f4t satisfait de la rentr\u00e9e de son jeune groupe\"}]},{\"@type\":\"WebSite\",\"@id\":\"https:\/\/theplayoffs.news\/fr\/#website\",\"url\":\"https:\/\/theplayoffs.news\/fr\/\",\"name\":\"The Playoffs FR\",\"description\":\"NBA-NFL-NHL-MLB\",\"potentialAction\":[{\"@type\":\"SearchAction\",\"target\":{\"@type\":\"EntryPoint\",\"urlTemplate\":\"https:\/\/theplayoffs.news\/fr\/?s={search_term_string}\"},\"query-input\":{\"@type\":\"PropertyValueSpecification\",\"valueRequired\":true,\"valueName\":\"search_term_string\"}}],\"inLanguage\":\"fr-FR\"},{\"@type\":\"Person\",\"@id\":\"https:\/\/theplayoffs.news\/fr\/#\/schema\/person\/6d5286c8c5dec1bbd3e6341f17a41111\",\"name\":\"Romain Balle\",\"image\":{\"@type\":\"ImageObject\",\"inLanguage\":\"fr-FR\",\"@id\":\"https:\/\/theplayoffs.news\/fr\/#\/schema\/person\/image\/\",\"url\":\"https:\/\/secure.gravatar.com\/avatar\/05ddb849264c48c5ab2084b8927e8da5ec4ccb05c2bd91acb1c3d4c2785ce057?s=96&d=mm&r=g\",\"contentUrl\":\"https:\/\/secure.gravatar.com\/avatar\/05ddb849264c48c5ab2084b8927e8da5ec4ccb05c2bd91acb1c3d4c2785ce057?s=96&d=mm&r=g\",\"caption\":\"Romain Balle\"},\"url\":\"https:\/\/theplayoffs.news\/fr\/author\/romainballe02gmail-com\/\"}]}<\/script>\n<!-- \/ Yoast SEO plugin. -->","yoast_head_json":{"title":"Sean Payton est plut&ocirc;t satisfait de la rentr&eacute;e de son jeune groupe - The Playoffs FR","robots":{"index":"index","follow":"follow","max-snippet":"max-snippet:-1","max-image-preview":"max-image-preview:large","max-video-preview":"max-video-preview:-1"},"canonical":"https:\/\/theplayoffs.news\/fr\/actualite-nfl\/sean-payton-satisfait-rentree-jeune-groupe\/","og_locale":"fr_FR","og_type":"article","og_title":"Sean Payton est plut&ocirc;t satisfait de la rentr&eacute;e de son jeune groupe - The Playoffs FR","og_url":"https:\/\/theplayoffs.news\/fr\/actualite-nfl\/sean-payton-satisfait-rentree-jeune-groupe\/","og_site_name":"The Playoffs FR","article_publisher":"https:\/\/www.facebook.com\/TheFreeAgentFR\/","article_modified_time":"2024-06-13T14:20:09+00:00","og_image":[{"width":1920,"height":1280,"url":"https:\/\/theplayoffs.news\/fr\/wp-content\/uploads\/2024\/06\/USATSI_23360870.jpg","type":"image\/jpeg"}],"author":"Romain Balle","twitter_card":"summary_large_image","twitter_creator":"@TheFreeAgentFR","twitter_site":"@TheFreeAgentFR","twitter_misc":{"\u00c9crit par":"Romain Balle","Dur\u00e9e de lecture estim\u00e9e":"5 minutes"},"schema":{"@context":"https:\/\/schema.org","@graph":[{"@type":"WebPage","@id":"https:\/\/theplayoffs.news\/fr\/actualite-nfl\/sean-payton-satisfait-rentree-jeune-groupe\/","url":"https:\/\/theplayoffs.news\/fr\/actualite-nfl\/sean-payton-satisfait-rentree-jeune-groupe\/","name":"Sean Payton est plut\u00f4t satisfait de la rentr\u00e9e de son jeune groupe - The Playoffs FR","isPartOf":{"@id":"https:\/\/theplayoffs.news\/fr\/#website"},"primaryImageOfPage":{"@id":"https:\/\/theplayoffs.news\/fr\/actualite-nfl\/sean-payton-satisfait-rentree-jeune-groupe\/#primaryimage"},"image":{"@id":"https:\/\/theplayoffs.news\/fr\/actualite-nfl\/sean-payton-satisfait-rentree-jeune-groupe\/#primaryimage"},"thumbnailUrl":"https:\/\/theplayoffs.news\/fr\/wp-content\/uploads\/2024\/06\/USATSI_23360870.jpg","datePublished":"2024-06-13T14:30:42+00:00","dateModified":"2024-06-13T16:30:42+02:00","author":{"@id":"https:\/\/theplayoffs.news\/fr\/#\/schema\/person\/6d5286c8c5dec1bbd3e6341f17a41111"},"breadcrumb":{"@id":"https:\/\/theplayoffs.news\/fr\/actualite-nfl\/sean-payton-satisfait-rentree-jeune-groupe\/#breadcrumb"},"inLanguage":"fr-FR","potentialAction":[{"@type":"ReadAction","target":["https:\/\/theplayoffs.news\/fr\/actualite-nfl\/sean-payton-satisfait-rentree-jeune-groupe\/"]}]},{"@type":"ImageObject","inLanguage":"fr-FR","@id":"https:\/\/theplayoffs.news\/fr\/actualite-nfl\/sean-payton-satisfait-rentree-jeune-groupe\/#primaryimage","url":"https:\/\/theplayoffs.news\/fr\/wp-content\/uploads\/2024\/06\/USATSI_23360870.jpg","contentUrl":"https:\/\/theplayoffs.news\/fr\/wp-content\/uploads\/2024\/06\/USATSI_23360870.jpg","width":1920,"height":1280,"caption":"May 23, 2024; Englewood, CO, USA; Denver Broncos head coach Sean Payton addresses the media after organized team activities at Centura Health Training Center. Mandatory Credit: Isaiah J. Downing-USA TODAY Sports"},{"@type":"BreadcrumbList","@id":"https:\/\/theplayoffs.news\/fr\/actualite-nfl\/sean-payton-satisfait-rentree-jeune-groupe\/#breadcrumb","itemListElement":[{"@type":"ListItem","position":1,"name":"Accueil","item":"https:\/\/theplayoffs.news\/fr\/"},{"@type":"ListItem","position":2,"name":"Sean Payton est plut\u00f4t satisfait de la rentr\u00e9e de son jeune groupe"}]},{"@type":"WebSite","@id":"https:\/\/theplayoffs.news\/fr\/#website","url":"https:\/\/theplayoffs.news\/fr\/","name":"The Playoffs FR","description":"NBA-NFL-NHL-MLB","potentialAction":[{"@type":"SearchAction","target":{"@type":"EntryPoint","urlTemplate":"https:\/\/theplayoffs.news\/fr\/?s={search_term_string}"},"query-input":{"@type":"PropertyValueSpecification","valueRequired":true,"valueName":"search_term_string"}}],"inLanguage":"fr-FR"},{"@type":"Person","@id":"https:\/\/theplayoffs.news\/fr\/#\/schema\/person\/6d5286c8c5dec1bbd3e6341f17a41111","name":"Romain Balle","image":{"@type":"ImageObject","inLanguage":"fr-FR","@id":"https:\/\/theplayoffs.news\/fr\/#\/schema\/person\/image\/","url":"https:\/\/secure.gravatar.com\/avatar\/05ddb849264c48c5ab2084b8927e8da5ec4ccb05c2bd91acb1c3d4c2785ce057?s=96&d=mm&r=g","contentUrl":"https:\/\/secure.gravatar.com\/avatar\/05ddb849264c48c5ab2084b8927e8da5ec4ccb05c2bd91acb1c3d4c2785ce057?s=96&d=mm&r=g","caption":"Romain Balle"},"url":"https:\/\/theplayoffs.news\/fr\/author\/romainballe02gmail-com\/"}]}},"_links":{"self":[{"href":"https:\/\/theplayoffs.news\/fr\/wp-json\/wp\/v2\/posts\/1438283","targetHints":{"allow":["GET"]}}],"collection":[{"href":"https:\/\/theplayoffs.news\/fr\/wp-json\/wp\/v2\/posts"}],"about":[{"href":"https:\/\/theplayoffs.news\/fr\/wp-json\/wp\/v2\/types\/post"}],"author":[{"embeddable":true,"href":"https:\/\/theplayoffs.news\/fr\/wp-json\/wp\/v2\/users\/180310210"}],"replies":[{"embeddable":true,"href":"https:\/\/theplayoffs.news\/fr\/wp-json\/wp\/v2\/comments?post=1438283"}],"version-history":[{"count":2,"href":"https:\/\/theplayoffs.news\/fr\/wp-json\/wp\/v2\/posts\/1438283\/revisions"}],"predecessor-version":[{"id":1438289,"href":"https:\/\/theplayoffs.news\/fr\/wp-json\/wp\/v2\/posts\/1438283\/revisions\/1438289"}],"wp:featuredmedia":[{"embeddable":true,"href":"https:\/\/theplayoffs.news\/fr\/wp-json\/wp\/v2\/media\/1438284"}],"wp:attachment":[{"href":"https:\/\/theplayoffs.news\/fr\/wp-json\/wp\/v2\/media?parent=1438283"}],"wp:term":[{"taxonomy":"category","embeddable":true,"href":"https:\/\/theplayoffs.news\/fr\/wp-json\/wp\/v2\/categories?post=1438283"},{"taxonomy":"post_tag","embeddable":true,"href":"https:\/\/theplayoffs.news\/fr\/wp-json\/wp\/v2\/tags?post=1438283"},{"taxonomy":"sport","embeddable":true,"href":"https:\/\/theplayoffs.news\/fr\/wp-json\/wp\/v2\/sport?post=1438283"},{"taxonomy":"saison","embeddable":true,"href":"https:\/\/theplayoffs.news\/fr\/wp-json\/wp\/v2\/saison?post=1438283"}],"curies":[{"name":"wp","href":"https:\/\/api.w.org\/{rel}","templated":true}]}}