{"id":1438257,"date":"2024-06-13T15:26:37","date_gmt":"2024-06-13T13:26:37","guid":{"rendered":"https:\/\/theplayoffs.news\/fr\/?p=1438257"},"modified":"2024-06-13T15:26:37","modified_gmt":"2024-06-13T13:26:37","slug":"jets-2024-pourrait-etre-la-saison-dallen-lazard","status":"publish","type":"post","link":"https:\/\/theplayoffs.news\/fr\/actualite-nfl\/jets-2024-pourrait-etre-la-saison-dallen-lazard\/","title":{"rendered":"Jets : 2024 pourrait \u00eatre la saison d\u2019Allen Lazard"},"content":{"rendered":"<h2>Allen Lazard et les New York Jets ont connu une premi&egrave;re ann&eacute;e d&eacute;cevante ensemble. Mais cette nouvelle saison pourrait &ecirc;tre celle du rebond.<\/h2><p>Arriv&eacute; il y a un peu plus d&rsquo;un an pour retrouver son ex-co&eacute;quipier des Packers, <a href=\"https:\/\/theplayoffs.news\/fr\/nfl\/new-york-jets-aaron-rodgers-minicamp\/\" class=\"trk-cta-link\" data-cta-trk='{\"ctaType\":\"Link\",\"ctaSubType\":\"main\"}'>Aaron Rodgers<\/a>, <a href=\"https:\/\/theplayoffs.news\/fr\/nfl\/allen-lazard-signe-4-ans-chez-les-jets\/\" class=\"trk-cta-link\" data-cta-trk='{\"ctaType\":\"Link\",\"ctaSubType\":\"main\"}'>Allen Lazard<\/a> avait d&eacute;&ccedil;u. Le receveur avait &agrave; peine inscrit un touchdown avec 23 r&eacute;ceptions et 311 yards parcourus. Cette nouvelle saison pourrait donc permettre &agrave; Allen Lazard de se rattraper.<\/p><h3>Robert Saleh croit au rebond de Lazard<\/h3><p>Malgr&eacute; sa premi&egrave;re mauvaise saison sous ses ordres, Robert Saleh croit en Allen Lazard. Le receveur a m&ecirc;me fait bonne impression &agrave; son coach derni&egrave;rement.<\/p><blockquote><p>&laquo;&nbsp;J&rsquo;ai l&rsquo;impression qu&rsquo;Allen est arriv&eacute; avec un &eacute;tat d&rsquo;esprit renouvel&eacute;&nbsp;&raquo;, a d&eacute;clar&eacute; Saleh via le <a href=\"https:\/\/www.newyorkjets.com\/news\/jets-minicamp-practice-report-garrett-wilson-allen-lazard-fireworks-06-12-2024\" class=\"trk-cta-link\" data-cta-trk='{\"ctaType\":\"Link\",\"ctaSubType\":\"main\"}'>site Web de l&rsquo;&eacute;quipe.<\/a> &laquo;&nbsp;Je pense qu&rsquo;il a attaqu&eacute; &agrave; fond pendant l&rsquo;intersaison. Il s&rsquo;est montr&eacute; en pleine forme. Il est comme un deuxi&egrave;me entra&icirc;neur sur le terrain et dans cette salle de r&eacute;ception. Il a &eacute;t&eacute; g&eacute;nial, donc je suis reconnaissant qu&rsquo;il soit l&agrave;. Je pense qu&rsquo;il va conna&icirc;tre une tr&egrave;s belle ann&eacute;e de rebond.&nbsp;&raquo;<\/p><\/blockquote><p>Sous le maillot des Green Bay Packers, Allen Lazard a cumul&eacute; 169 catches, 2 236 yards parcourus et 20 touchdowns en 5 saisons. Les Jets pourraient enfin profiter du duo Lazard-Rodgers cette saison et &ccedil;a risque de faire mal !<\/p><p>&nbsp;<\/p><p>Cr&eacute;dit photo :<\/p>\n","protected":false},"excerpt":{"rendered":"","protected":false},"author":180310250,"featured_media":1438259,"comment_status":"open","ping_status":"closed","sticky":false,"template":"","format":"standard","meta":{"inline_featured_image":false,"kia_subtitle":"","_mux_skip_reasons":[],"proofreadBy":0,"footnotes":""},"categories":[118,40],"tags":[1077,908,79,271],"sport":[2785],"saison":[],"class_list":["post-1438257","post","type-post","status-publish","format-standard","has-post-thumbnail","hentry","category-actualite-nfl","category-nfl","tag-allen-lazard","tag-green-bay-packers","tag-nfl","tag-packers","sport-nfl"],"acf":[],"yoast_head":"<!-- This site is optimized with the Yoast SEO plugin v24.2 - https:\/\/yoast.com\/wordpress\/plugins\/seo\/ -->\n<title>Jets : 2024 pourrait &ecirc;tre la saison d&rsquo;Allen Lazard - The Playoffs FR<\/title>\n<meta name=\"robots\" content=\"index, follow, max-snippet:-1, max-image-preview:large, max-video-preview:-1\" \/>\n<link rel=\"canonical\" href=\"https:\/\/theplayoffs.news\/fr\/actualite-nfl\/jets-2024-pourrait-etre-la-saison-dallen-lazard\/\" \/>\n<meta property=\"og:locale\" content=\"fr_FR\" \/>\n<meta property=\"og:type\" content=\"article\" \/>\n<meta property=\"og:title\" content=\"Jets : 2024 pourrait &ecirc;tre la saison d&rsquo;Allen Lazard - The Playoffs FR\" \/>\n<meta property=\"og:url\" content=\"https:\/\/theplayoffs.news\/fr\/actualite-nfl\/jets-2024-pourrait-etre-la-saison-dallen-lazard\/\" \/>\n<meta property=\"og:site_name\" content=\"The Playoffs FR\" \/>\n<meta property=\"article:publisher\" content=\"https:\/\/www.facebook.com\/TheFreeAgentFR\/\" \/>\n<meta property=\"article:modified_time\" content=\"2024-06-13T15:26:37+02:00\" \/>\n<meta property=\"og:image\" content=\"https:\/\/theplayoffs.news\/fr\/wp-content\/uploads\/2024\/06\/USATSI_22126524.jpg\" \/>\n\t<meta property=\"og:image:width\" content=\"1920\" \/>\n\t<meta property=\"og:image:height\" content=\"1280\" \/>\n\t<meta property=\"og:image:type\" content=\"image\/jpeg\" \/>\n<meta name=\"author\" content=\"Jean Fabre-Jevanoff\" \/>\n<meta name=\"twitter:card\" content=\"summary_large_image\" \/>\n<meta name=\"twitter:creator\" content=\"@the_jfj_42\" \/>\n<meta name=\"twitter:site\" content=\"@TheFreeAgentFR\" \/>\n<meta name=\"twitter:label1\" content=\"\u00c9crit par\" \/>\n\t<meta name=\"twitter:data1\" content=\"Jean Fabre-Jevanoff\" \/>\n\t<meta name=\"twitter:label2\" content=\"Dur\u00e9e de lecture estim\u00e9e\" \/>\n\t<meta name=\"twitter:data2\" content=\"1 minute\" \/>\n<script type=\"application\/ld+json\" class=\"yoast-schema-graph\">{\"@context\":\"https:\/\/schema.org\",\"@graph\":[{\"@type\":\"WebPage\",\"@id\":\"https:\/\/theplayoffs.news\/fr\/actualite-nfl\/jets-2024-pourrait-etre-la-saison-dallen-lazard\/\",\"url\":\"https:\/\/theplayoffs.news\/fr\/actualite-nfl\/jets-2024-pourrait-etre-la-saison-dallen-lazard\/\",\"name\":\"Jets : 2024 pourrait \u00eatre la saison d\u2019Allen Lazard - The Playoffs FR\",\"isPartOf\":{\"@id\":\"https:\/\/theplayoffs.news\/fr\/#website\"},\"primaryImageOfPage\":{\"@id\":\"https:\/\/theplayoffs.news\/fr\/actualite-nfl\/jets-2024-pourrait-etre-la-saison-dallen-lazard\/#primaryimage\"},\"image\":{\"@id\":\"https:\/\/theplayoffs.news\/fr\/actualite-nfl\/jets-2024-pourrait-etre-la-saison-dallen-lazard\/#primaryimage\"},\"thumbnailUrl\":\"https:\/\/theplayoffs.news\/fr\/wp-content\/uploads\/2024\/06\/USATSI_22126524.jpg\",\"datePublished\":\"2024-06-13T13:26:37+00:00\",\"dateModified\":\"2024-06-13T13:26:37+00:00\",\"author\":{\"@id\":\"https:\/\/theplayoffs.news\/fr\/#\/schema\/person\/1ea25b88e79fe4fabd657430b0013d3d\"},\"breadcrumb\":{\"@id\":\"https:\/\/theplayoffs.news\/fr\/actualite-nfl\/jets-2024-pourrait-etre-la-saison-dallen-lazard\/#breadcrumb\"},\"inLanguage\":\"fr-FR\",\"potentialAction\":[{\"@type\":\"ReadAction\",\"target\":[\"https:\/\/theplayoffs.news\/fr\/actualite-nfl\/jets-2024-pourrait-etre-la-saison-dallen-lazard\/\"]}]},{\"@type\":\"ImageObject\",\"inLanguage\":\"fr-FR\",\"@id\":\"https:\/\/theplayoffs.news\/fr\/actualite-nfl\/jets-2024-pourrait-etre-la-saison-dallen-lazard\/#primaryimage\",\"url\":\"https:\/\/theplayoffs.news\/fr\/wp-content\/uploads\/2024\/06\/USATSI_22126524.jpg\",\"contentUrl\":\"https:\/\/theplayoffs.news\/fr\/wp-content\/uploads\/2024\/06\/USATSI_22126524.jpg\",\"width\":1920,\"height\":1280,\"caption\":\"Dec 17, 2023; Miami Gardens, Florida, USA; New York Jets wide receiver Allen Lazard (10) makes a catch in front of Miami Dolphins cornerback Eli Apple (33) during the second half at Hard Rock Stadium. Mandatory Credit: Jasen Vinlove-USA TODAY Sports\"},{\"@type\":\"BreadcrumbList\",\"@id\":\"https:\/\/theplayoffs.news\/fr\/actualite-nfl\/jets-2024-pourrait-etre-la-saison-dallen-lazard\/#breadcrumb\",\"itemListElement\":[{\"@type\":\"ListItem\",\"position\":1,\"name\":\"Accueil\",\"item\":\"https:\/\/theplayoffs.news\/fr\/\"},{\"@type\":\"ListItem\",\"position\":2,\"name\":\"Jets : 2024 pourrait \u00eatre la saison d\u2019Allen Lazard\"}]},{\"@type\":\"WebSite\",\"@id\":\"https:\/\/theplayoffs.news\/fr\/#website\",\"url\":\"https:\/\/theplayoffs.news\/fr\/\",\"name\":\"The Playoffs FR\",\"description\":\"NBA-NFL-NHL-MLB\",\"potentialAction\":[{\"@type\":\"SearchAction\",\"target\":{\"@type\":\"EntryPoint\",\"urlTemplate\":\"https:\/\/theplayoffs.news\/fr\/?s={search_term_string}\"},\"query-input\":{\"@type\":\"PropertyValueSpecification\",\"valueRequired\":true,\"valueName\":\"search_term_string\"}}],\"inLanguage\":\"fr-FR\"},{\"@type\":\"Person\",\"@id\":\"https:\/\/theplayoffs.news\/fr\/#\/schema\/person\/1ea25b88e79fe4fabd657430b0013d3d\",\"name\":\"Jean Fabre-Jevanoff\",\"image\":{\"@type\":\"ImageObject\",\"inLanguage\":\"fr-FR\",\"@id\":\"https:\/\/theplayoffs.news\/fr\/#\/schema\/person\/image\/\",\"url\":\"https:\/\/secure.gravatar.com\/avatar\/18b28dab1159eebc6a17b9787eb8cbbe3242c3d0e8b53b89332f6dc1133aa361?s=96&d=mm&r=g\",\"contentUrl\":\"https:\/\/secure.gravatar.com\/avatar\/18b28dab1159eebc6a17b9787eb8cbbe3242c3d0e8b53b89332f6dc1133aa361?s=96&d=mm&r=g\",\"caption\":\"Jean Fabre-Jevanoff\"},\"description\":\"Journaliste polyvalent sur le football am\u00e9ricain, j\u2019\u00e9cris aussi des articles sur le basket. Commentateur sur Twitch et sur YouTube. Pass\u00e9 par Eurosport notamment. Un mix d\u2019Eminem et de OBJ, fan inconditionnel de Patrick Mahomes et Lebron James\",\"sameAs\":[\"https:\/\/www.instagram.com\/_juaniitooo_\",\"https:\/\/www.linkedin.com\/in\/jean-fabre-jevanoff-84bb9b1a9\/\",\"https:\/\/x.com\/the_jfj_42\"],\"url\":\"https:\/\/theplayoffs.news\/fr\/author\/jeanfj42gmail-com\/\"}]}<\/script>\n<!-- \/ Yoast SEO plugin. -->","yoast_head_json":{"title":"Jets : 2024 pourrait &ecirc;tre la saison d&rsquo;Allen Lazard - The Playoffs FR","robots":{"index":"index","follow":"follow","max-snippet":"max-snippet:-1","max-image-preview":"max-image-preview:large","max-video-preview":"max-video-preview:-1"},"canonical":"https:\/\/theplayoffs.news\/fr\/actualite-nfl\/jets-2024-pourrait-etre-la-saison-dallen-lazard\/","og_locale":"fr_FR","og_type":"article","og_title":"Jets : 2024 pourrait &ecirc;tre la saison d&rsquo;Allen Lazard - The Playoffs FR","og_url":"https:\/\/theplayoffs.news\/fr\/actualite-nfl\/jets-2024-pourrait-etre-la-saison-dallen-lazard\/","og_site_name":"The Playoffs FR","article_publisher":"https:\/\/www.facebook.com\/TheFreeAgentFR\/","og_image":[{"width":1920,"height":1280,"url":"https:\/\/theplayoffs.news\/fr\/wp-content\/uploads\/2024\/06\/USATSI_22126524.jpg","type":"image\/jpeg"}],"author":"Jean Fabre-Jevanoff","twitter_card":"summary_large_image","twitter_creator":"@the_jfj_42","twitter_site":"@TheFreeAgentFR","twitter_misc":{"\u00c9crit par":"Jean Fabre-Jevanoff","Dur\u00e9e de lecture estim\u00e9e":"1 minute"},"schema":{"@context":"https:\/\/schema.org","@graph":[{"@type":"WebPage","@id":"https:\/\/theplayoffs.news\/fr\/actualite-nfl\/jets-2024-pourrait-etre-la-saison-dallen-lazard\/","url":"https:\/\/theplayoffs.news\/fr\/actualite-nfl\/jets-2024-pourrait-etre-la-saison-dallen-lazard\/","name":"Jets : 2024 pourrait \u00eatre la saison d\u2019Allen Lazard - The Playoffs FR","isPartOf":{"@id":"https:\/\/theplayoffs.news\/fr\/#website"},"primaryImageOfPage":{"@id":"https:\/\/theplayoffs.news\/fr\/actualite-nfl\/jets-2024-pourrait-etre-la-saison-dallen-lazard\/#primaryimage"},"image":{"@id":"https:\/\/theplayoffs.news\/fr\/actualite-nfl\/jets-2024-pourrait-etre-la-saison-dallen-lazard\/#primaryimage"},"thumbnailUrl":"https:\/\/theplayoffs.news\/fr\/wp-content\/uploads\/2024\/06\/USATSI_22126524.jpg","datePublished":"2024-06-13T13:26:37+00:00","dateModified":"2024-06-13T13:26:37+00:00","author":{"@id":"https:\/\/theplayoffs.news\/fr\/#\/schema\/person\/1ea25b88e79fe4fabd657430b0013d3d"},"breadcrumb":{"@id":"https:\/\/theplayoffs.news\/fr\/actualite-nfl\/jets-2024-pourrait-etre-la-saison-dallen-lazard\/#breadcrumb"},"inLanguage":"fr-FR","potentialAction":[{"@type":"ReadAction","target":["https:\/\/theplayoffs.news\/fr\/actualite-nfl\/jets-2024-pourrait-etre-la-saison-dallen-lazard\/"]}]},{"@type":"ImageObject","inLanguage":"fr-FR","@id":"https:\/\/theplayoffs.news\/fr\/actualite-nfl\/jets-2024-pourrait-etre-la-saison-dallen-lazard\/#primaryimage","url":"https:\/\/theplayoffs.news\/fr\/wp-content\/uploads\/2024\/06\/USATSI_22126524.jpg","contentUrl":"https:\/\/theplayoffs.news\/fr\/wp-content\/uploads\/2024\/06\/USATSI_22126524.jpg","width":1920,"height":1280,"caption":"Dec 17, 2023; Miami Gardens, Florida, USA; New York Jets wide receiver Allen Lazard (10) makes a catch in front of Miami Dolphins cornerback Eli Apple (33) during the second half at Hard Rock Stadium. Mandatory Credit: Jasen Vinlove-USA TODAY Sports"},{"@type":"BreadcrumbList","@id":"https:\/\/theplayoffs.news\/fr\/actualite-nfl\/jets-2024-pourrait-etre-la-saison-dallen-lazard\/#breadcrumb","itemListElement":[{"@type":"ListItem","position":1,"name":"Accueil","item":"https:\/\/theplayoffs.news\/fr\/"},{"@type":"ListItem","position":2,"name":"Jets : 2024 pourrait \u00eatre la saison d\u2019Allen Lazard"}]},{"@type":"WebSite","@id":"https:\/\/theplayoffs.news\/fr\/#website","url":"https:\/\/theplayoffs.news\/fr\/","name":"The Playoffs FR","description":"NBA-NFL-NHL-MLB","potentialAction":[{"@type":"SearchAction","target":{"@type":"EntryPoint","urlTemplate":"https:\/\/theplayoffs.news\/fr\/?s={search_term_string}"},"query-input":{"@type":"PropertyValueSpecification","valueRequired":true,"valueName":"search_term_string"}}],"inLanguage":"fr-FR"},{"@type":"Person","@id":"https:\/\/theplayoffs.news\/fr\/#\/schema\/person\/1ea25b88e79fe4fabd657430b0013d3d","name":"Jean Fabre-Jevanoff","image":{"@type":"ImageObject","inLanguage":"fr-FR","@id":"https:\/\/theplayoffs.news\/fr\/#\/schema\/person\/image\/","url":"https:\/\/secure.gravatar.com\/avatar\/18b28dab1159eebc6a17b9787eb8cbbe3242c3d0e8b53b89332f6dc1133aa361?s=96&d=mm&r=g","contentUrl":"https:\/\/secure.gravatar.com\/avatar\/18b28dab1159eebc6a17b9787eb8cbbe3242c3d0e8b53b89332f6dc1133aa361?s=96&d=mm&r=g","caption":"Jean Fabre-Jevanoff"},"description":"Journaliste polyvalent sur le football am\u00e9ricain, j\u2019\u00e9cris aussi des articles sur le basket. Commentateur sur Twitch et sur YouTube. Pass\u00e9 par Eurosport notamment. Un mix d\u2019Eminem et de OBJ, fan inconditionnel de Patrick Mahomes et Lebron James","sameAs":["https:\/\/www.instagram.com\/_juaniitooo_","https:\/\/www.linkedin.com\/in\/jean-fabre-jevanoff-84bb9b1a9\/","https:\/\/x.com\/the_jfj_42"],"url":"https:\/\/theplayoffs.news\/fr\/author\/jeanfj42gmail-com\/"}]}},"_links":{"self":[{"href":"https:\/\/theplayoffs.news\/fr\/wp-json\/wp\/v2\/posts\/1438257","targetHints":{"allow":["GET"]}}],"collection":[{"href":"https:\/\/theplayoffs.news\/fr\/wp-json\/wp\/v2\/posts"}],"about":[{"href":"https:\/\/theplayoffs.news\/fr\/wp-json\/wp\/v2\/types\/post"}],"author":[{"embeddable":true,"href":"https:\/\/theplayoffs.news\/fr\/wp-json\/wp\/v2\/users\/180310250"}],"replies":[{"embeddable":true,"href":"https:\/\/theplayoffs.news\/fr\/wp-json\/wp\/v2\/comments?post=1438257"}],"version-history":[{"count":2,"href":"https:\/\/theplayoffs.news\/fr\/wp-json\/wp\/v2\/posts\/1438257\/revisions"}],"predecessor-version":[{"id":1438272,"href":"https:\/\/theplayoffs.news\/fr\/wp-json\/wp\/v2\/posts\/1438257\/revisions\/1438272"}],"wp:featuredmedia":[{"embeddable":true,"href":"https:\/\/theplayoffs.news\/fr\/wp-json\/wp\/v2\/media\/1438259"}],"wp:attachment":[{"href":"https:\/\/theplayoffs.news\/fr\/wp-json\/wp\/v2\/media?parent=1438257"}],"wp:term":[{"taxonomy":"category","embeddable":true,"href":"https:\/\/theplayoffs.news\/fr\/wp-json\/wp\/v2\/categories?post=1438257"},{"taxonomy":"post_tag","embeddable":true,"href":"https:\/\/theplayoffs.news\/fr\/wp-json\/wp\/v2\/tags?post=1438257"},{"taxonomy":"sport","embeddable":true,"href":"https:\/\/theplayoffs.news\/fr\/wp-json\/wp\/v2\/sport?post=1438257"},{"taxonomy":"saison","embeddable":true,"href":"https:\/\/theplayoffs.news\/fr\/wp-json\/wp\/v2\/saison?post=1438257"}],"curies":[{"name":"wp","href":"https:\/\/api.w.org\/{rel}","templated":true}]}}