{"id":1438229,"date":"2024-06-13T13:49:56","date_gmt":"2024-06-13T11:49:56","guid":{"rendered":"https:\/\/theplayoffs.news\/fr\/?p=1438229"},"modified":"2024-06-13T13:49:56","modified_gmt":"2024-06-13T11:49:56","slug":"nfl-tom-brady-se-prepare-pour-son-nouveau-role-de-commentateur","status":"publish","type":"post","link":"https:\/\/theplayoffs.news\/fr\/actualite-nfl\/nfl-tom-brady-se-prepare-pour-son-nouveau-role-de-commentateur\/","title":{"rendered":"NFL : Tom Brady se pr\u00e9pare pour son nouveau r\u00f4le de commentateur"},"content":{"rendered":"<h2>Retrait&eacute; depuis bient&ocirc;t deux ans, Tom Brady sera consultant pour la Fox cette saison. L&rsquo;ancien quarterback des Patriots semble s&rsquo;&ecirc;tre bien pr&eacute;par&eacute;.<\/h2><p><a href=\"https:\/\/theplayoffs.news\/fr\/nfl\/nfl-une-statue-de-tom-brady-est-en-preparation\/\" class=\"trk-cta-link\" data-cta-trk='{\"ctaType\":\"Link\",\"ctaSubType\":\"main\"}'>Tom Brady<\/a> occupera un nouveau r&ocirc;le d&rsquo;ici quelques mois, celui de commentateur pour la cha&icirc;ne am&eacute;ricaine Fox, diffuseur d&rsquo;une partie des matchs de NFL aux &Eacute;tats-Unis. Tom Brady remplace Greg Olsen et sera accompagn&eacute; du commentateur Kevin Burkhardt.<\/p><p>Son r&ocirc;le sera notamment d&rsquo;analyser les jeux, les choix, la tactique, etc. Tom Brady apportera son &oelig;il d&rsquo;expert qui lui a permis de remporter sept Super Bowls.<\/p><h3>Tom Brady s&rsquo;est pr&eacute;par&eacute; &agrave; ce nouveau r&ocirc;le<\/h3><p>Comme tout bon champion, Tom Brady s&rsquo;est pr&eacute;par&eacute; &agrave; ce travail d&rsquo;analyste TV.<\/p><blockquote><p>&laquo; J&rsquo;adore passer du temps &agrave; m&rsquo;y pr&eacute;parer et j&rsquo;essaie de trouver une bonne routine pour m&rsquo;y pr&eacute;parer &eacute;galement&nbsp;&raquo;, <a href=\"https:\/\/www.nfl.com\/news\/tom-brady-enters-broadcast-booth-with-high-expectation-how-the-game-is-supposed-to-be-played?campaign=Twitter_atn\" class=\"trk-cta-link\" data-cta-trk='{\"ctaType\":\"Link\",\"ctaSubType\":\"main\"}'>a d&eacute;clar&eacute; Brady &agrave; NFL Network<\/a> avant de poursuivre : &laquo;&nbsp;J&rsquo;ai contact&eacute; beaucoup de personnes extraordinaires qui m&rsquo;ont aid&eacute;, qui ont &eacute;cout&eacute; les questions que j&rsquo;ai pos&eacute;es et y ont r&eacute;pondu de mani&egrave;re r&eacute;fl&eacute;chie. J&rsquo;ai en quelque sorte abord&eacute; la question avec la fa&ccedil;on dont j&rsquo;aborde tout : essayer de m&rsquo;entourer des meilleurs. C&rsquo;est exactement comme &ccedil;a que je l&rsquo;ai fait dans le football et c&rsquo;est comme &ccedil;a que je le ferai &agrave; la t&eacute;l&eacute;vision. &raquo;.<\/p><\/blockquote><p>On a h&acirc;te de pouvoir &eacute;couter ses analyses qui seront, on l&rsquo;esp&egrave;re, &agrave; l&rsquo;image de sa carri&egrave;re de joueur !<\/p><p>&nbsp;<\/p><p>Cr&eacute;dit photo : Eric Canha-USA TODAY Sports<\/p>\n","protected":false},"excerpt":{"rendered":"","protected":false},"author":180310250,"featured_media":1438231,"comment_status":"open","ping_status":"closed","sticky":false,"template":"","format":"standard","meta":{"inline_featured_image":false,"kia_subtitle":"","_mux_skip_reasons":[],"proofreadBy":0,"footnotes":""},"categories":[118,40],"tags":[79,81],"sport":[2785],"saison":[],"class_list":["post-1438229","post","type-post","status-publish","format-standard","has-post-thumbnail","hentry","category-actualite-nfl","category-nfl","tag-nfl","tag-tom-brady","sport-nfl"],"acf":[],"yoast_head":"<!-- This site is optimized with the Yoast SEO plugin v24.2 - https:\/\/yoast.com\/wordpress\/plugins\/seo\/ -->\n<title>NFL : Tom Brady se pr&eacute;pare pour son nouveau r&ocirc;le de commentateur - The Playoffs FR<\/title>\n<meta name=\"robots\" content=\"index, follow, max-snippet:-1, max-image-preview:large, max-video-preview:-1\" \/>\n<link rel=\"canonical\" href=\"https:\/\/theplayoffs.news\/fr\/actualite-nfl\/nfl-tom-brady-se-prepare-pour-son-nouveau-role-de-commentateur\/\" \/>\n<meta property=\"og:locale\" content=\"fr_FR\" \/>\n<meta property=\"og:type\" content=\"article\" \/>\n<meta property=\"og:title\" content=\"NFL : Tom Brady se pr&eacute;pare pour son nouveau r&ocirc;le de commentateur - The Playoffs FR\" \/>\n<meta property=\"og:url\" content=\"https:\/\/theplayoffs.news\/fr\/actualite-nfl\/nfl-tom-brady-se-prepare-pour-son-nouveau-role-de-commentateur\/\" \/>\n<meta property=\"og:site_name\" content=\"The Playoffs FR\" \/>\n<meta property=\"article:publisher\" content=\"https:\/\/www.facebook.com\/TheFreeAgentFR\/\" \/>\n<meta property=\"article:modified_time\" content=\"2024-06-13T13:49:56+02:00\" \/>\n<meta property=\"og:image\" content=\"https:\/\/theplayoffs.news\/fr\/wp-content\/uploads\/2024\/06\/USATSI_23532277.jpg\" \/>\n\t<meta property=\"og:image:width\" content=\"1920\" \/>\n\t<meta property=\"og:image:height\" content=\"1280\" \/>\n\t<meta property=\"og:image:type\" content=\"image\/jpeg\" \/>\n<meta name=\"author\" content=\"Jean Fabre-Jevanoff\" \/>\n<meta name=\"twitter:card\" content=\"summary_large_image\" \/>\n<meta name=\"twitter:creator\" content=\"@the_jfj_42\" \/>\n<meta name=\"twitter:site\" content=\"@TheFreeAgentFR\" \/>\n<meta name=\"twitter:label1\" content=\"\u00c9crit par\" \/>\n\t<meta name=\"twitter:data1\" content=\"Jean Fabre-Jevanoff\" \/>\n\t<meta name=\"twitter:label2\" content=\"Dur\u00e9e de lecture estim\u00e9e\" \/>\n\t<meta name=\"twitter:data2\" content=\"1 minute\" \/>\n<script type=\"application\/ld+json\" class=\"yoast-schema-graph\">{\"@context\":\"https:\/\/schema.org\",\"@graph\":[{\"@type\":\"WebPage\",\"@id\":\"https:\/\/theplayoffs.news\/fr\/actualite-nfl\/nfl-tom-brady-se-prepare-pour-son-nouveau-role-de-commentateur\/\",\"url\":\"https:\/\/theplayoffs.news\/fr\/actualite-nfl\/nfl-tom-brady-se-prepare-pour-son-nouveau-role-de-commentateur\/\",\"name\":\"NFL : Tom Brady se pr\u00e9pare pour son nouveau r\u00f4le de commentateur - The Playoffs FR\",\"isPartOf\":{\"@id\":\"https:\/\/theplayoffs.news\/fr\/#website\"},\"primaryImageOfPage\":{\"@id\":\"https:\/\/theplayoffs.news\/fr\/actualite-nfl\/nfl-tom-brady-se-prepare-pour-son-nouveau-role-de-commentateur\/#primaryimage\"},\"image\":{\"@id\":\"https:\/\/theplayoffs.news\/fr\/actualite-nfl\/nfl-tom-brady-se-prepare-pour-son-nouveau-role-de-commentateur\/#primaryimage\"},\"thumbnailUrl\":\"https:\/\/theplayoffs.news\/fr\/wp-content\/uploads\/2024\/06\/USATSI_23532277.jpg\",\"datePublished\":\"2024-06-13T11:49:56+00:00\",\"dateModified\":\"2024-06-13T11:49:56+00:00\",\"author\":{\"@id\":\"https:\/\/theplayoffs.news\/fr\/#\/schema\/person\/1ea25b88e79fe4fabd657430b0013d3d\"},\"breadcrumb\":{\"@id\":\"https:\/\/theplayoffs.news\/fr\/actualite-nfl\/nfl-tom-brady-se-prepare-pour-son-nouveau-role-de-commentateur\/#breadcrumb\"},\"inLanguage\":\"fr-FR\",\"potentialAction\":[{\"@type\":\"ReadAction\",\"target\":[\"https:\/\/theplayoffs.news\/fr\/actualite-nfl\/nfl-tom-brady-se-prepare-pour-son-nouveau-role-de-commentateur\/\"]}]},{\"@type\":\"ImageObject\",\"inLanguage\":\"fr-FR\",\"@id\":\"https:\/\/theplayoffs.news\/fr\/actualite-nfl\/nfl-tom-brady-se-prepare-pour-son-nouveau-role-de-commentateur\/#primaryimage\",\"url\":\"https:\/\/theplayoffs.news\/fr\/wp-content\/uploads\/2024\/06\/USATSI_23532277.jpg\",\"contentUrl\":\"https:\/\/theplayoffs.news\/fr\/wp-content\/uploads\/2024\/06\/USATSI_23532277.jpg\",\"width\":1920,\"height\":1280,\"caption\":\"Jun 12, 2024; Foxborough, MA, USA; Tom Brady (left) poses for a photos with Patriots owner Robert Kraft and his wife Dana Kraft during the New England Patriots Hall of Fame induction Ceremony for Brady. Mandatory Credit: Eric Canha-USA TODAY Sports\"},{\"@type\":\"BreadcrumbList\",\"@id\":\"https:\/\/theplayoffs.news\/fr\/actualite-nfl\/nfl-tom-brady-se-prepare-pour-son-nouveau-role-de-commentateur\/#breadcrumb\",\"itemListElement\":[{\"@type\":\"ListItem\",\"position\":1,\"name\":\"Accueil\",\"item\":\"https:\/\/theplayoffs.news\/fr\/\"},{\"@type\":\"ListItem\",\"position\":2,\"name\":\"NFL : Tom Brady se pr\u00e9pare pour son nouveau r\u00f4le de commentateur\"}]},{\"@type\":\"WebSite\",\"@id\":\"https:\/\/theplayoffs.news\/fr\/#website\",\"url\":\"https:\/\/theplayoffs.news\/fr\/\",\"name\":\"The Playoffs FR\",\"description\":\"NBA-NFL-NHL-MLB\",\"potentialAction\":[{\"@type\":\"SearchAction\",\"target\":{\"@type\":\"EntryPoint\",\"urlTemplate\":\"https:\/\/theplayoffs.news\/fr\/?s={search_term_string}\"},\"query-input\":{\"@type\":\"PropertyValueSpecification\",\"valueRequired\":true,\"valueName\":\"search_term_string\"}}],\"inLanguage\":\"fr-FR\"},{\"@type\":\"Person\",\"@id\":\"https:\/\/theplayoffs.news\/fr\/#\/schema\/person\/1ea25b88e79fe4fabd657430b0013d3d\",\"name\":\"Jean Fabre-Jevanoff\",\"image\":{\"@type\":\"ImageObject\",\"inLanguage\":\"fr-FR\",\"@id\":\"https:\/\/theplayoffs.news\/fr\/#\/schema\/person\/image\/\",\"url\":\"https:\/\/secure.gravatar.com\/avatar\/18b28dab1159eebc6a17b9787eb8cbbe3242c3d0e8b53b89332f6dc1133aa361?s=96&d=mm&r=g\",\"contentUrl\":\"https:\/\/secure.gravatar.com\/avatar\/18b28dab1159eebc6a17b9787eb8cbbe3242c3d0e8b53b89332f6dc1133aa361?s=96&d=mm&r=g\",\"caption\":\"Jean Fabre-Jevanoff\"},\"description\":\"Journaliste polyvalent sur le football am\u00e9ricain, j\u2019\u00e9cris aussi des articles sur le basket. Commentateur sur Twitch et sur YouTube. Pass\u00e9 par Eurosport notamment. Un mix d\u2019Eminem et de OBJ, fan inconditionnel de Patrick Mahomes et Lebron James\",\"sameAs\":[\"https:\/\/www.instagram.com\/_juaniitooo_\",\"https:\/\/www.linkedin.com\/in\/jean-fabre-jevanoff-84bb9b1a9\/\",\"https:\/\/x.com\/the_jfj_42\"],\"url\":\"https:\/\/theplayoffs.news\/fr\/author\/jeanfj42gmail-com\/\"}]}<\/script>\n<!-- \/ Yoast SEO plugin. -->","yoast_head_json":{"title":"NFL : Tom Brady se pr&eacute;pare pour son nouveau r&ocirc;le de commentateur - The Playoffs FR","robots":{"index":"index","follow":"follow","max-snippet":"max-snippet:-1","max-image-preview":"max-image-preview:large","max-video-preview":"max-video-preview:-1"},"canonical":"https:\/\/theplayoffs.news\/fr\/actualite-nfl\/nfl-tom-brady-se-prepare-pour-son-nouveau-role-de-commentateur\/","og_locale":"fr_FR","og_type":"article","og_title":"NFL : Tom Brady se pr&eacute;pare pour son nouveau r&ocirc;le de commentateur - The Playoffs FR","og_url":"https:\/\/theplayoffs.news\/fr\/actualite-nfl\/nfl-tom-brady-se-prepare-pour-son-nouveau-role-de-commentateur\/","og_site_name":"The Playoffs FR","article_publisher":"https:\/\/www.facebook.com\/TheFreeAgentFR\/","og_image":[{"width":1920,"height":1280,"url":"https:\/\/theplayoffs.news\/fr\/wp-content\/uploads\/2024\/06\/USATSI_23532277.jpg","type":"image\/jpeg"}],"author":"Jean Fabre-Jevanoff","twitter_card":"summary_large_image","twitter_creator":"@the_jfj_42","twitter_site":"@TheFreeAgentFR","twitter_misc":{"\u00c9crit par":"Jean Fabre-Jevanoff","Dur\u00e9e de lecture estim\u00e9e":"1 minute"},"schema":{"@context":"https:\/\/schema.org","@graph":[{"@type":"WebPage","@id":"https:\/\/theplayoffs.news\/fr\/actualite-nfl\/nfl-tom-brady-se-prepare-pour-son-nouveau-role-de-commentateur\/","url":"https:\/\/theplayoffs.news\/fr\/actualite-nfl\/nfl-tom-brady-se-prepare-pour-son-nouveau-role-de-commentateur\/","name":"NFL : Tom Brady se pr\u00e9pare pour son nouveau r\u00f4le de commentateur - The Playoffs FR","isPartOf":{"@id":"https:\/\/theplayoffs.news\/fr\/#website"},"primaryImageOfPage":{"@id":"https:\/\/theplayoffs.news\/fr\/actualite-nfl\/nfl-tom-brady-se-prepare-pour-son-nouveau-role-de-commentateur\/#primaryimage"},"image":{"@id":"https:\/\/theplayoffs.news\/fr\/actualite-nfl\/nfl-tom-brady-se-prepare-pour-son-nouveau-role-de-commentateur\/#primaryimage"},"thumbnailUrl":"https:\/\/theplayoffs.news\/fr\/wp-content\/uploads\/2024\/06\/USATSI_23532277.jpg","datePublished":"2024-06-13T11:49:56+00:00","dateModified":"2024-06-13T11:49:56+00:00","author":{"@id":"https:\/\/theplayoffs.news\/fr\/#\/schema\/person\/1ea25b88e79fe4fabd657430b0013d3d"},"breadcrumb":{"@id":"https:\/\/theplayoffs.news\/fr\/actualite-nfl\/nfl-tom-brady-se-prepare-pour-son-nouveau-role-de-commentateur\/#breadcrumb"},"inLanguage":"fr-FR","potentialAction":[{"@type":"ReadAction","target":["https:\/\/theplayoffs.news\/fr\/actualite-nfl\/nfl-tom-brady-se-prepare-pour-son-nouveau-role-de-commentateur\/"]}]},{"@type":"ImageObject","inLanguage":"fr-FR","@id":"https:\/\/theplayoffs.news\/fr\/actualite-nfl\/nfl-tom-brady-se-prepare-pour-son-nouveau-role-de-commentateur\/#primaryimage","url":"https:\/\/theplayoffs.news\/fr\/wp-content\/uploads\/2024\/06\/USATSI_23532277.jpg","contentUrl":"https:\/\/theplayoffs.news\/fr\/wp-content\/uploads\/2024\/06\/USATSI_23532277.jpg","width":1920,"height":1280,"caption":"Jun 12, 2024; Foxborough, MA, USA; Tom Brady (left) poses for a photos with Patriots owner Robert Kraft and his wife Dana Kraft during the New England Patriots Hall of Fame induction Ceremony for Brady. Mandatory Credit: Eric Canha-USA TODAY Sports"},{"@type":"BreadcrumbList","@id":"https:\/\/theplayoffs.news\/fr\/actualite-nfl\/nfl-tom-brady-se-prepare-pour-son-nouveau-role-de-commentateur\/#breadcrumb","itemListElement":[{"@type":"ListItem","position":1,"name":"Accueil","item":"https:\/\/theplayoffs.news\/fr\/"},{"@type":"ListItem","position":2,"name":"NFL : Tom Brady se pr\u00e9pare pour son nouveau r\u00f4le de commentateur"}]},{"@type":"WebSite","@id":"https:\/\/theplayoffs.news\/fr\/#website","url":"https:\/\/theplayoffs.news\/fr\/","name":"The Playoffs FR","description":"NBA-NFL-NHL-MLB","potentialAction":[{"@type":"SearchAction","target":{"@type":"EntryPoint","urlTemplate":"https:\/\/theplayoffs.news\/fr\/?s={search_term_string}"},"query-input":{"@type":"PropertyValueSpecification","valueRequired":true,"valueName":"search_term_string"}}],"inLanguage":"fr-FR"},{"@type":"Person","@id":"https:\/\/theplayoffs.news\/fr\/#\/schema\/person\/1ea25b88e79fe4fabd657430b0013d3d","name":"Jean Fabre-Jevanoff","image":{"@type":"ImageObject","inLanguage":"fr-FR","@id":"https:\/\/theplayoffs.news\/fr\/#\/schema\/person\/image\/","url":"https:\/\/secure.gravatar.com\/avatar\/18b28dab1159eebc6a17b9787eb8cbbe3242c3d0e8b53b89332f6dc1133aa361?s=96&d=mm&r=g","contentUrl":"https:\/\/secure.gravatar.com\/avatar\/18b28dab1159eebc6a17b9787eb8cbbe3242c3d0e8b53b89332f6dc1133aa361?s=96&d=mm&r=g","caption":"Jean Fabre-Jevanoff"},"description":"Journaliste polyvalent sur le football am\u00e9ricain, j\u2019\u00e9cris aussi des articles sur le basket. Commentateur sur Twitch et sur YouTube. Pass\u00e9 par Eurosport notamment. Un mix d\u2019Eminem et de OBJ, fan inconditionnel de Patrick Mahomes et Lebron James","sameAs":["https:\/\/www.instagram.com\/_juaniitooo_","https:\/\/www.linkedin.com\/in\/jean-fabre-jevanoff-84bb9b1a9\/","https:\/\/x.com\/the_jfj_42"],"url":"https:\/\/theplayoffs.news\/fr\/author\/jeanfj42gmail-com\/"}]}},"_links":{"self":[{"href":"https:\/\/theplayoffs.news\/fr\/wp-json\/wp\/v2\/posts\/1438229","targetHints":{"allow":["GET"]}}],"collection":[{"href":"https:\/\/theplayoffs.news\/fr\/wp-json\/wp\/v2\/posts"}],"about":[{"href":"https:\/\/theplayoffs.news\/fr\/wp-json\/wp\/v2\/types\/post"}],"author":[{"embeddable":true,"href":"https:\/\/theplayoffs.news\/fr\/wp-json\/wp\/v2\/users\/180310250"}],"replies":[{"embeddable":true,"href":"https:\/\/theplayoffs.news\/fr\/wp-json\/wp\/v2\/comments?post=1438229"}],"version-history":[{"count":3,"href":"https:\/\/theplayoffs.news\/fr\/wp-json\/wp\/v2\/posts\/1438229\/revisions"}],"predecessor-version":[{"id":1438234,"href":"https:\/\/theplayoffs.news\/fr\/wp-json\/wp\/v2\/posts\/1438229\/revisions\/1438234"}],"wp:featuredmedia":[{"embeddable":true,"href":"https:\/\/theplayoffs.news\/fr\/wp-json\/wp\/v2\/media\/1438231"}],"wp:attachment":[{"href":"https:\/\/theplayoffs.news\/fr\/wp-json\/wp\/v2\/media?parent=1438229"}],"wp:term":[{"taxonomy":"category","embeddable":true,"href":"https:\/\/theplayoffs.news\/fr\/wp-json\/wp\/v2\/categories?post=1438229"},{"taxonomy":"post_tag","embeddable":true,"href":"https:\/\/theplayoffs.news\/fr\/wp-json\/wp\/v2\/tags?post=1438229"},{"taxonomy":"sport","embeddable":true,"href":"https:\/\/theplayoffs.news\/fr\/wp-json\/wp\/v2\/sport?post=1438229"},{"taxonomy":"saison","embeddable":true,"href":"https:\/\/theplayoffs.news\/fr\/wp-json\/wp\/v2\/saison?post=1438229"}],"curies":[{"name":"wp","href":"https:\/\/api.w.org\/{rel}","templated":true}]}}