{"id":1438208,"date":"2024-06-13T12:32:42","date_gmt":"2024-06-13T10:32:42","guid":{"rendered":"https:\/\/theplayoffs.news\/fr\/?p=1438208"},"modified":"2024-06-13T12:01:57","modified_gmt":"2024-06-13T10:01:57","slug":"sam-darnold-nomme-quarterback-principal-des-vikings-pour-le-prochain-camp-dentrainement","status":"publish","type":"post","link":"https:\/\/theplayoffs.news\/fr\/actualite-nfl\/sam-darnold-nomme-quarterback-principal-des-vikings-pour-le-prochain-camp-dentrainement\/","title":{"rendered":"Sam Darnold nomm\u00e9 quarterback principal des Vikings pour le prochain camp d\u2019entra\u00eenement"},"content":{"rendered":"<h2 class=\"p3\">Kevin O&rsquo;Connell, a confirm&eacute; que Sam Darnold continuera &agrave; &ecirc;tre le quarterback principal de l&rsquo;&eacute;quipe lorsque le camp d&rsquo;entra&icirc;nement commencera le mois prochain.<\/h2><p class=\"p3\">O&rsquo;Connell a soulign&eacute; que bien que <a href=\"https:\/\/theplayoffs.news\/fr\/joueur\/sam-darnold-nfl-7825094\/\" class=\"trk-cta-link\" data-cta-trk='{\"ctaType\":\"Link\",\"ctaSubType\":\"main\"}'><strong>Sam Darnold<\/strong><\/a> commence en tant que quarterback principal, le prochain camp d&rsquo;entra&icirc;nement sera marqu&eacute; par une comp&eacute;tition intense &agrave; tous les postes. Aux c&ocirc;t&eacute;s de Darnold, l&rsquo;effectif des quarterbacks des Vikings comprend le rookie J.J. McCarthy et les v&eacute;t&eacute;rans exp&eacute;riment&eacute;s Nick Mullens et Jaren Hall.<\/p><blockquote>\n<p class=\"p3\">&ldquo;Nous n&rsquo;avons pas eu &agrave; publier de tableau de profondeur ou quelque chose de ce genre&rdquo;, <a href=\"https:\/\/www.espn.com\/nfl\/story\/_\/id\/40336744\/oconnell-confirms-sam-darnold-start-vikings-training-camp\" class=\"trk-cta-link\" data-cta-trk='{\"ctaType\":\"Link\",\"ctaSubType\":\"main\"}'>a d&eacute;clar&eacute; O&rsquo;Connell.<\/a> &ldquo;Mais oui, je dirais que Sam serait le gars vers qui je me tournerais en fonction du printemps qu&rsquo;il a eu, et vraiment l&agrave; o&ugrave; il en est dans sa carri&egrave;re et son parcours de quarterback.&rdquo;<\/p>\n<\/blockquote><p class=\"p3\">Malgr&eacute; la position actuelle de Darnold, O&rsquo;Connell a rappel&eacute; &agrave; ses quarterbacks que la hi&eacute;rarchie actuelle ne dictent pas n&eacute;cessairement les r&ocirc;les futurs.<\/p><p class=\"p3\">Au cours des deux derni&egrave;res saisons, Sam Darnold n&rsquo;a commenc&eacute; que sept matchs.<\/p><p class=\"p3\">Apr&egrave;s un bref passage avec les 49ers de San Francisco et deux saisons avec les Panthers de la Caroline, Darnold a rejoint les Vikings. Son contrat d&rsquo;un an, d&rsquo;une valeur de 10 millions de dollars, a &eacute;t&eacute; sign&eacute; peu de temps apr&egrave;s que Kirk Cousins soit parti pour les Falcons d&rsquo;Atlanta.<\/p><p class=\"p3\">&Agrave; l&rsquo;approche du camp d&rsquo;entra&icirc;nement, O&rsquo;Connell a soulign&eacute; l&rsquo;importance de la comp&eacute;tition &eacute;quitable et de la mise en place d&rsquo;un cadre pour des &eacute;valuations claires. Inspir&eacute; par ses co&eacute;quipiers v&eacute;t&eacute;rans, JJ McCarthy est optimiste quant &agrave; sa progression et impatient des opportunit&eacute;s &agrave; venir.<\/p><p>&nbsp;<\/p><p>Credit Photo : Sergio Estrada-USA TODAY Sports<\/p>\n","protected":false},"excerpt":{"rendered":"","protected":false},"author":13,"featured_media":1438211,"comment_status":"open","ping_status":"closed","sticky":false,"template":"","format":"standard","meta":{"inline_featured_image":false,"kia_subtitle":"","_mux_skip_reasons":[],"proofreadBy":0,"footnotes":""},"categories":[118,40],"tags":[744,885],"sport":[],"saison":[],"class_list":["post-1438208","post","type-post","status-publish","format-standard","has-post-thumbnail","hentry","category-actualite-nfl","category-nfl","tag-minnesota-vikings","tag-sam-darnold"],"acf":[],"yoast_head":"<!-- This site is optimized with the Yoast SEO plugin v24.2 - https:\/\/yoast.com\/wordpress\/plugins\/seo\/ -->\n<title>Sam Darnold nomm&eacute; quarterback principal des Vikings pour le prochain camp d&rsquo;entra&icirc;nement - The Playoffs FR<\/title>\n<meta name=\"robots\" content=\"index, follow, max-snippet:-1, max-image-preview:large, max-video-preview:-1\" \/>\n<link rel=\"canonical\" href=\"https:\/\/theplayoffs.news\/fr\/actualite-nfl\/sam-darnold-nomme-quarterback-principal-des-vikings-pour-le-prochain-camp-dentrainement\/\" \/>\n<meta property=\"og:locale\" content=\"fr_FR\" \/>\n<meta property=\"og:type\" content=\"article\" \/>\n<meta property=\"og:title\" content=\"Sam Darnold nomm&eacute; quarterback principal des Vikings pour le prochain camp d&rsquo;entra&icirc;nement - The Playoffs FR\" \/>\n<meta property=\"og:url\" content=\"https:\/\/theplayoffs.news\/fr\/actualite-nfl\/sam-darnold-nomme-quarterback-principal-des-vikings-pour-le-prochain-camp-dentrainement\/\" \/>\n<meta property=\"og:site_name\" content=\"The Playoffs FR\" \/>\n<meta property=\"article:publisher\" content=\"https:\/\/www.facebook.com\/TheFreeAgentFR\/\" \/>\n<meta property=\"article:modified_time\" content=\"2024-06-13T12:32:42+02:00\" \/>\n<meta property=\"og:image\" content=\"https:\/\/theplayoffs.news\/fr\/wp-content\/uploads\/2024\/06\/USATSI_22242269.jpg\" \/>\n\t<meta property=\"og:image:width\" content=\"1920\" \/>\n\t<meta property=\"og:image:height\" content=\"1280\" \/>\n\t<meta property=\"og:image:type\" content=\"image\/jpeg\" \/>\n<meta name=\"author\" content=\"Charles Taudin\" \/>\n<meta name=\"twitter:card\" content=\"summary_large_image\" \/>\n<meta name=\"twitter:creator\" content=\"@TheFreeAgentFR\" \/>\n<meta name=\"twitter:site\" content=\"@TheFreeAgentFR\" \/>\n<meta name=\"twitter:label1\" content=\"\u00c9crit par\" \/>\n\t<meta name=\"twitter:data1\" content=\"Charles Taudin\" \/>\n\t<meta name=\"twitter:label2\" content=\"Dur\u00e9e de lecture estim\u00e9e\" \/>\n\t<meta name=\"twitter:data2\" content=\"2 minutes\" \/>\n<script type=\"application\/ld+json\" class=\"yoast-schema-graph\">{\"@context\":\"https:\/\/schema.org\",\"@graph\":[{\"@type\":\"WebPage\",\"@id\":\"https:\/\/theplayoffs.news\/fr\/actualite-nfl\/sam-darnold-nomme-quarterback-principal-des-vikings-pour-le-prochain-camp-dentrainement\/\",\"url\":\"https:\/\/theplayoffs.news\/fr\/actualite-nfl\/sam-darnold-nomme-quarterback-principal-des-vikings-pour-le-prochain-camp-dentrainement\/\",\"name\":\"Sam Darnold nomm\u00e9 quarterback principal des Vikings pour le prochain camp d\u2019entra\u00eenement - The Playoffs FR\",\"isPartOf\":{\"@id\":\"https:\/\/theplayoffs.news\/fr\/#website\"},\"primaryImageOfPage\":{\"@id\":\"https:\/\/theplayoffs.news\/fr\/actualite-nfl\/sam-darnold-nomme-quarterback-principal-des-vikings-pour-le-prochain-camp-dentrainement\/#primaryimage\"},\"image\":{\"@id\":\"https:\/\/theplayoffs.news\/fr\/actualite-nfl\/sam-darnold-nomme-quarterback-principal-des-vikings-pour-le-prochain-camp-dentrainement\/#primaryimage\"},\"thumbnailUrl\":\"https:\/\/theplayoffs.news\/fr\/wp-content\/uploads\/2024\/06\/USATSI_22242269.jpg\",\"datePublished\":\"2024-06-13T10:32:42+00:00\",\"dateModified\":\"2024-06-13T12:32:42+02:00\",\"author\":{\"@id\":\"https:\/\/theplayoffs.news\/fr\/#\/schema\/person\/eee5b69ad5d3c51cabe881c839dbe133\"},\"breadcrumb\":{\"@id\":\"https:\/\/theplayoffs.news\/fr\/actualite-nfl\/sam-darnold-nomme-quarterback-principal-des-vikings-pour-le-prochain-camp-dentrainement\/#breadcrumb\"},\"inLanguage\":\"fr-FR\",\"potentialAction\":[{\"@type\":\"ReadAction\",\"target\":[\"https:\/\/theplayoffs.news\/fr\/actualite-nfl\/sam-darnold-nomme-quarterback-principal-des-vikings-pour-le-prochain-camp-dentrainement\/\"]}]},{\"@type\":\"ImageObject\",\"inLanguage\":\"fr-FR\",\"@id\":\"https:\/\/theplayoffs.news\/fr\/actualite-nfl\/sam-darnold-nomme-quarterback-principal-des-vikings-pour-le-prochain-camp-dentrainement\/#primaryimage\",\"url\":\"https:\/\/theplayoffs.news\/fr\/wp-content\/uploads\/2024\/06\/USATSI_22242269.jpg\",\"contentUrl\":\"https:\/\/theplayoffs.news\/fr\/wp-content\/uploads\/2024\/06\/USATSI_22242269.jpg\",\"width\":1920,\"height\":1280,\"caption\":\"Jan 7, 2024; Santa Clara, California, USA; San Francisco 49ers quarterback Sam Darnold (14) before the game against the Los Angeles Rams at Levi\\\\'s Stadium. Mandatory Credit: Sergio Estrada-USA TODAY Sports\"},{\"@type\":\"BreadcrumbList\",\"@id\":\"https:\/\/theplayoffs.news\/fr\/actualite-nfl\/sam-darnold-nomme-quarterback-principal-des-vikings-pour-le-prochain-camp-dentrainement\/#breadcrumb\",\"itemListElement\":[{\"@type\":\"ListItem\",\"position\":1,\"name\":\"Accueil\",\"item\":\"https:\/\/theplayoffs.news\/fr\/\"},{\"@type\":\"ListItem\",\"position\":2,\"name\":\"Sam Darnold nomm\u00e9 quarterback principal des Vikings pour le prochain camp d\u2019entra\u00eenement\"}]},{\"@type\":\"WebSite\",\"@id\":\"https:\/\/theplayoffs.news\/fr\/#website\",\"url\":\"https:\/\/theplayoffs.news\/fr\/\",\"name\":\"The Playoffs FR\",\"description\":\"NBA-NFL-NHL-MLB\",\"potentialAction\":[{\"@type\":\"SearchAction\",\"target\":{\"@type\":\"EntryPoint\",\"urlTemplate\":\"https:\/\/theplayoffs.news\/fr\/?s={search_term_string}\"},\"query-input\":{\"@type\":\"PropertyValueSpecification\",\"valueRequired\":true,\"valueName\":\"search_term_string\"}}],\"inLanguage\":\"fr-FR\"},{\"@type\":\"Person\",\"@id\":\"https:\/\/theplayoffs.news\/fr\/#\/schema\/person\/eee5b69ad5d3c51cabe881c839dbe133\",\"name\":\"Charles Taudin\",\"image\":{\"@type\":\"ImageObject\",\"inLanguage\":\"fr-FR\",\"@id\":\"https:\/\/theplayoffs.news\/fr\/#\/schema\/person\/image\/\",\"url\":\"https:\/\/secure.gravatar.com\/avatar\/59a1e772205ce9fd255edfcafc93013736822e20261f294c5753b20c41ede9f2?s=96&d=mm&r=g\",\"contentUrl\":\"https:\/\/secure.gravatar.com\/avatar\/59a1e772205ce9fd255edfcafc93013736822e20261f294c5753b20c41ede9f2?s=96&d=mm&r=g\",\"caption\":\"Charles Taudin\"},\"description\":\"R\u00e9dacteur en chef global de The Playoffs, j\u2019ai cr\u00e9\u00e9 The Free Agent, devenu The Playoffs FR, en 2020 durant la pand\u00e9mie. Amoureux depuis des ann\u00e9es des 4 sports majeurs am\u00e9ricains, j\u2019organise maintenant la strat\u00e9gie \u00e9ditoriale et les r\u00e9seaux sociaux de l\u2019ensemble des versions de The Playoffs. Il m\u2019arrive encore d\u2019\u00e9crire sur certains sports que j\u2019affectionne particuli\u00e8rement comme la NFL ou la MLB. Si vous devez retenir qu\u2019une chose : Eli Manning est le vrai GOAT pour avoir battu deux fois Tom Brady.\",\"sameAs\":[\"https:\/\/www.instagram.com\/ctaudin_\/\"],\"url\":\"https:\/\/theplayoffs.news\/fr\/author\/charles-taudin\/\"}]}<\/script>\n<!-- \/ Yoast SEO plugin. -->","yoast_head_json":{"title":"Sam Darnold nomm&eacute; quarterback principal des Vikings pour le prochain camp d&rsquo;entra&icirc;nement - The Playoffs FR","robots":{"index":"index","follow":"follow","max-snippet":"max-snippet:-1","max-image-preview":"max-image-preview:large","max-video-preview":"max-video-preview:-1"},"canonical":"https:\/\/theplayoffs.news\/fr\/actualite-nfl\/sam-darnold-nomme-quarterback-principal-des-vikings-pour-le-prochain-camp-dentrainement\/","og_locale":"fr_FR","og_type":"article","og_title":"Sam Darnold nomm&eacute; quarterback principal des Vikings pour le prochain camp d&rsquo;entra&icirc;nement - The Playoffs FR","og_url":"https:\/\/theplayoffs.news\/fr\/actualite-nfl\/sam-darnold-nomme-quarterback-principal-des-vikings-pour-le-prochain-camp-dentrainement\/","og_site_name":"The Playoffs FR","article_publisher":"https:\/\/www.facebook.com\/TheFreeAgentFR\/","article_modified_time":"2024-06-13T10:01:57+00:00","og_image":[{"width":1920,"height":1280,"url":"https:\/\/theplayoffs.news\/fr\/wp-content\/uploads\/2024\/06\/USATSI_22242269.jpg","type":"image\/jpeg"}],"author":"Charles Taudin","twitter_card":"summary_large_image","twitter_creator":"@TheFreeAgentFR","twitter_site":"@TheFreeAgentFR","twitter_misc":{"\u00c9crit par":"Charles Taudin","Dur\u00e9e de lecture estim\u00e9e":"2 minutes"},"schema":{"@context":"https:\/\/schema.org","@graph":[{"@type":"WebPage","@id":"https:\/\/theplayoffs.news\/fr\/actualite-nfl\/sam-darnold-nomme-quarterback-principal-des-vikings-pour-le-prochain-camp-dentrainement\/","url":"https:\/\/theplayoffs.news\/fr\/actualite-nfl\/sam-darnold-nomme-quarterback-principal-des-vikings-pour-le-prochain-camp-dentrainement\/","name":"Sam Darnold nomm\u00e9 quarterback principal des Vikings pour le prochain camp d\u2019entra\u00eenement - The Playoffs FR","isPartOf":{"@id":"https:\/\/theplayoffs.news\/fr\/#website"},"primaryImageOfPage":{"@id":"https:\/\/theplayoffs.news\/fr\/actualite-nfl\/sam-darnold-nomme-quarterback-principal-des-vikings-pour-le-prochain-camp-dentrainement\/#primaryimage"},"image":{"@id":"https:\/\/theplayoffs.news\/fr\/actualite-nfl\/sam-darnold-nomme-quarterback-principal-des-vikings-pour-le-prochain-camp-dentrainement\/#primaryimage"},"thumbnailUrl":"https:\/\/theplayoffs.news\/fr\/wp-content\/uploads\/2024\/06\/USATSI_22242269.jpg","datePublished":"2024-06-13T10:32:42+00:00","dateModified":"2024-06-13T12:32:42+02:00","author":{"@id":"https:\/\/theplayoffs.news\/fr\/#\/schema\/person\/eee5b69ad5d3c51cabe881c839dbe133"},"breadcrumb":{"@id":"https:\/\/theplayoffs.news\/fr\/actualite-nfl\/sam-darnold-nomme-quarterback-principal-des-vikings-pour-le-prochain-camp-dentrainement\/#breadcrumb"},"inLanguage":"fr-FR","potentialAction":[{"@type":"ReadAction","target":["https:\/\/theplayoffs.news\/fr\/actualite-nfl\/sam-darnold-nomme-quarterback-principal-des-vikings-pour-le-prochain-camp-dentrainement\/"]}]},{"@type":"ImageObject","inLanguage":"fr-FR","@id":"https:\/\/theplayoffs.news\/fr\/actualite-nfl\/sam-darnold-nomme-quarterback-principal-des-vikings-pour-le-prochain-camp-dentrainement\/#primaryimage","url":"https:\/\/theplayoffs.news\/fr\/wp-content\/uploads\/2024\/06\/USATSI_22242269.jpg","contentUrl":"https:\/\/theplayoffs.news\/fr\/wp-content\/uploads\/2024\/06\/USATSI_22242269.jpg","width":1920,"height":1280,"caption":"Jan 7, 2024; Santa Clara, California, USA; San Francisco 49ers quarterback Sam Darnold (14) before the game against the Los Angeles Rams at Levi\\'s Stadium. Mandatory Credit: Sergio Estrada-USA TODAY Sports"},{"@type":"BreadcrumbList","@id":"https:\/\/theplayoffs.news\/fr\/actualite-nfl\/sam-darnold-nomme-quarterback-principal-des-vikings-pour-le-prochain-camp-dentrainement\/#breadcrumb","itemListElement":[{"@type":"ListItem","position":1,"name":"Accueil","item":"https:\/\/theplayoffs.news\/fr\/"},{"@type":"ListItem","position":2,"name":"Sam Darnold nomm\u00e9 quarterback principal des Vikings pour le prochain camp d\u2019entra\u00eenement"}]},{"@type":"WebSite","@id":"https:\/\/theplayoffs.news\/fr\/#website","url":"https:\/\/theplayoffs.news\/fr\/","name":"The Playoffs FR","description":"NBA-NFL-NHL-MLB","potentialAction":[{"@type":"SearchAction","target":{"@type":"EntryPoint","urlTemplate":"https:\/\/theplayoffs.news\/fr\/?s={search_term_string}"},"query-input":{"@type":"PropertyValueSpecification","valueRequired":true,"valueName":"search_term_string"}}],"inLanguage":"fr-FR"},{"@type":"Person","@id":"https:\/\/theplayoffs.news\/fr\/#\/schema\/person\/eee5b69ad5d3c51cabe881c839dbe133","name":"Charles Taudin","image":{"@type":"ImageObject","inLanguage":"fr-FR","@id":"https:\/\/theplayoffs.news\/fr\/#\/schema\/person\/image\/","url":"https:\/\/secure.gravatar.com\/avatar\/59a1e772205ce9fd255edfcafc93013736822e20261f294c5753b20c41ede9f2?s=96&d=mm&r=g","contentUrl":"https:\/\/secure.gravatar.com\/avatar\/59a1e772205ce9fd255edfcafc93013736822e20261f294c5753b20c41ede9f2?s=96&d=mm&r=g","caption":"Charles Taudin"},"description":"R\u00e9dacteur en chef global de The Playoffs, j\u2019ai cr\u00e9\u00e9 The Free Agent, devenu The Playoffs FR, en 2020 durant la pand\u00e9mie. Amoureux depuis des ann\u00e9es des 4 sports majeurs am\u00e9ricains, j\u2019organise maintenant la strat\u00e9gie \u00e9ditoriale et les r\u00e9seaux sociaux de l\u2019ensemble des versions de The Playoffs. Il m\u2019arrive encore d\u2019\u00e9crire sur certains sports que j\u2019affectionne particuli\u00e8rement comme la NFL ou la MLB. Si vous devez retenir qu\u2019une chose : Eli Manning est le vrai GOAT pour avoir battu deux fois Tom Brady.","sameAs":["https:\/\/www.instagram.com\/ctaudin_\/"],"url":"https:\/\/theplayoffs.news\/fr\/author\/charles-taudin\/"}]}},"_links":{"self":[{"href":"https:\/\/theplayoffs.news\/fr\/wp-json\/wp\/v2\/posts\/1438208","targetHints":{"allow":["GET"]}}],"collection":[{"href":"https:\/\/theplayoffs.news\/fr\/wp-json\/wp\/v2\/posts"}],"about":[{"href":"https:\/\/theplayoffs.news\/fr\/wp-json\/wp\/v2\/types\/post"}],"author":[{"embeddable":true,"href":"https:\/\/theplayoffs.news\/fr\/wp-json\/wp\/v2\/users\/13"}],"replies":[{"embeddable":true,"href":"https:\/\/theplayoffs.news\/fr\/wp-json\/wp\/v2\/comments?post=1438208"}],"version-history":[{"count":3,"href":"https:\/\/theplayoffs.news\/fr\/wp-json\/wp\/v2\/posts\/1438208\/revisions"}],"predecessor-version":[{"id":1438213,"href":"https:\/\/theplayoffs.news\/fr\/wp-json\/wp\/v2\/posts\/1438208\/revisions\/1438213"}],"wp:featuredmedia":[{"embeddable":true,"href":"https:\/\/theplayoffs.news\/fr\/wp-json\/wp\/v2\/media\/1438211"}],"wp:attachment":[{"href":"https:\/\/theplayoffs.news\/fr\/wp-json\/wp\/v2\/media?parent=1438208"}],"wp:term":[{"taxonomy":"category","embeddable":true,"href":"https:\/\/theplayoffs.news\/fr\/wp-json\/wp\/v2\/categories?post=1438208"},{"taxonomy":"post_tag","embeddable":true,"href":"https:\/\/theplayoffs.news\/fr\/wp-json\/wp\/v2\/tags?post=1438208"},{"taxonomy":"sport","embeddable":true,"href":"https:\/\/theplayoffs.news\/fr\/wp-json\/wp\/v2\/sport?post=1438208"},{"taxonomy":"saison","embeddable":true,"href":"https:\/\/theplayoffs.news\/fr\/wp-json\/wp\/v2\/saison?post=1438208"}],"curies":[{"name":"wp","href":"https:\/\/api.w.org\/{rel}","templated":true}]}}