{"id":1437899,"date":"2024-06-11T20:04:38","date_gmt":"2024-06-11T18:04:38","guid":{"rendered":"https:\/\/theplayoffs.news\/fr\/?p=1437899"},"modified":"2024-06-11T20:04:38","modified_gmt":"2024-06-11T18:04:38","slug":"new-york-jets-aaron-rodgers-minicamp","status":"publish","type":"post","link":"https:\/\/theplayoffs.news\/fr\/actualite-nfl\/new-york-jets-aaron-rodgers-minicamp\/","title":{"rendered":"New York Jets : Aaron Rodgers absent au minicamp obligatoire"},"content":{"rendered":"<h2>Les New York Jets font face &agrave; un <a href=\"https:\/\/www.nbcsports.com\/nfl\/profootballtalk\" class=\"trk-cta-link\" data-cta-trk='{\"ctaType\":\"Link\",\"ctaSubType\":\"main\"}'>probl&egrave;me<\/a> avant m&ecirc;me le d&eacute;but de la prochaine saison de NFL.<\/h2><p>Alors que les minicamps des diff&eacute;rentes franchises d&eacute;marrent, les<a href=\"https:\/\/theplayoffs.news\/fr\/equipe\/new-york-jets-nfl\/\" class=\"trk-cta-link\" data-cta-trk='{\"ctaType\":\"Link\",\"ctaSubType\":\"main\"}'> New York Jets<\/a> font face &agrave; un probl&egrave;me concernant leur quarterback v&eacute;t&eacute;ran, <a href=\"https:\/\/theplayoffs.news\/fr\/joueur\/aaron-rodgers-nfl-16878\/\" class=\"trk-cta-link\" data-cta-trk='{\"ctaType\":\"Link\",\"ctaSubType\":\"main\"}'>Aaron Rodgers<\/a>. Celui-ci, n&rsquo;ayant pas jou&eacute; depuis septembre dernier un match de NFL, lors du prime time de la week 1.<\/p><p>Des tensions entre les Jets et le quarterback seraient &agrave; l&rsquo;origine de cette absence notable dans ce qui est le d&eacute;but de la pr&eacute;paration pour la saison 2024. Aaron Rodgers a justifi&eacute; son absence par des &laquo;&nbsp;b&ecirc;tises qui n&rsquo;ont rien &agrave; voir avec la victoire&nbsp;&raquo;.<\/p><p>\n<div id=\"attachment_1437901\" style=\"width: 855px\" class=\"wp-caption aligncenter\"><img loading=\"lazy\" decoding=\"async\" aria-describedby=\"caption-attachment-1437901\" class=\" wp-image-1437901\" src=\"https:\/\/theplayoffs.news\/fr\/wp-content\/uploads\/2024\/06\/USATSI_22171786-300x214.jpg\" alt=\"\" width=\"845\" height=\"603\" srcset=\"https:\/\/theplayoffs.news\/fr\/wp-content\/uploads\/2024\/06\/USATSI_22171786-300x214.jpg 300w, https:\/\/theplayoffs.news\/fr\/wp-content\/uploads\/2024\/06\/USATSI_22171786-1030x736.jpg 1030w, https:\/\/theplayoffs.news\/fr\/wp-content\/uploads\/2024\/06\/USATSI_22171786-768x549.jpg 768w, https:\/\/theplayoffs.news\/fr\/wp-content\/uploads\/2024\/06\/USATSI_22171786-1320x943.jpg 1320w, https:\/\/theplayoffs.news\/fr\/wp-content\/uploads\/2024\/06\/USATSI_22171786.jpg 1920w\" sizes=\"auto, (max-width: 845px) 100vw, 845px\" \/><p id=\"caption-attachment-1437901\" class=\"wp-caption-text\">Cr&eacute;dit: Vincent Carchietta-USA TODAY Sports<\/p><\/div>\n<\/p><p>Cette absence d&rsquo;Aaron Rodgers lors de la premi&egrave;re journ&eacute;e du camp obligatoire des New York Jets peut entra&icirc;ner des cons&eacute;quences sur le long terme au niveau des relations entre le quarterback et les membres de l&rsquo;&eacute;quipe, que ce soit le staff ou encore m&ecirc;me les joueurs.<\/p><p>Les Jets ne tol&egrave;rent pas cette absence, attirant ainsi les cam&eacute;ras sur eux tel un cirque pour divertir les fans de football am&eacute;ricain durant cette longue intersaison. Quoi qu&rsquo;il en soit, la situation est vou&eacute;e &agrave; &eacute;voluer entre les deux. Du moins, c&rsquo;est ce que New York esp&egrave;re.<\/p>\n","protected":false},"excerpt":{"rendered":"","protected":false},"author":180310178,"featured_media":1437900,"comment_status":"open","ping_status":"closed","sticky":false,"template":"","format":"standard","meta":{"inline_featured_image":false,"kia_subtitle":"","_mux_skip_reasons":[],"proofreadBy":0,"footnotes":""},"categories":[118,40],"tags":[268,732,79],"sport":[2785],"saison":[6111],"class_list":["post-1437899","post","type-post","status-publish","format-standard","has-post-thumbnail","hentry","category-actualite-nfl","category-nfl","tag-aaron-rodgers","tag-new-york-jets","tag-nfl","sport-nfl","saison-6111"],"acf":[],"yoast_head":"<!-- This site is optimized with the Yoast SEO plugin v24.2 - https:\/\/yoast.com\/wordpress\/plugins\/seo\/ -->\n<title>New York Jets : Aaron Rodgers absent au minicamp obligatoire - The Playoffs FR<\/title>\n<meta name=\"robots\" content=\"index, follow, max-snippet:-1, max-image-preview:large, max-video-preview:-1\" \/>\n<link rel=\"canonical\" href=\"https:\/\/theplayoffs.news\/fr\/actualite-nfl\/new-york-jets-aaron-rodgers-minicamp\/\" \/>\n<meta property=\"og:locale\" content=\"fr_FR\" \/>\n<meta property=\"og:type\" content=\"article\" \/>\n<meta property=\"og:title\" content=\"New York Jets : Aaron Rodgers absent au minicamp obligatoire - The Playoffs FR\" \/>\n<meta property=\"og:url\" content=\"https:\/\/theplayoffs.news\/fr\/actualite-nfl\/new-york-jets-aaron-rodgers-minicamp\/\" \/>\n<meta property=\"og:site_name\" content=\"The Playoffs FR\" \/>\n<meta property=\"article:publisher\" content=\"https:\/\/www.facebook.com\/TheFreeAgentFR\/\" \/>\n<meta property=\"article:modified_time\" content=\"2024-06-11T20:04:38+02:00\" \/>\n<meta property=\"og:image\" content=\"https:\/\/theplayoffs.news\/fr\/wp-content\/uploads\/2024\/06\/USATSI_22241329.jpg\" \/>\n\t<meta property=\"og:image:width\" content=\"1920\" \/>\n\t<meta property=\"og:image:height\" content=\"1280\" \/>\n\t<meta property=\"og:image:type\" content=\"image\/jpeg\" \/>\n<meta name=\"author\" content=\"Arthur Berlemont\" \/>\n<meta name=\"twitter:card\" content=\"summary_large_image\" \/>\n<meta name=\"twitter:creator\" content=\"@TheFreeAgentFR\" \/>\n<meta name=\"twitter:site\" content=\"@TheFreeAgentFR\" \/>\n<meta name=\"twitter:label1\" content=\"\u00c9crit par\" \/>\n\t<meta name=\"twitter:data1\" content=\"Arthur Berlemont\" \/>\n\t<meta name=\"twitter:label2\" content=\"Dur\u00e9e de lecture estim\u00e9e\" \/>\n\t<meta name=\"twitter:data2\" content=\"1 minute\" \/>\n<script type=\"application\/ld+json\" class=\"yoast-schema-graph\">{\"@context\":\"https:\/\/schema.org\",\"@graph\":[{\"@type\":\"WebPage\",\"@id\":\"https:\/\/theplayoffs.news\/fr\/actualite-nfl\/new-york-jets-aaron-rodgers-minicamp\/\",\"url\":\"https:\/\/theplayoffs.news\/fr\/actualite-nfl\/new-york-jets-aaron-rodgers-minicamp\/\",\"name\":\"New York Jets : Aaron Rodgers absent au minicamp obligatoire - The Playoffs FR\",\"isPartOf\":{\"@id\":\"https:\/\/theplayoffs.news\/fr\/#website\"},\"primaryImageOfPage\":{\"@id\":\"https:\/\/theplayoffs.news\/fr\/actualite-nfl\/new-york-jets-aaron-rodgers-minicamp\/#primaryimage\"},\"image\":{\"@id\":\"https:\/\/theplayoffs.news\/fr\/actualite-nfl\/new-york-jets-aaron-rodgers-minicamp\/#primaryimage\"},\"thumbnailUrl\":\"https:\/\/theplayoffs.news\/fr\/wp-content\/uploads\/2024\/06\/USATSI_22241329.jpg\",\"datePublished\":\"2024-06-11T18:04:38+00:00\",\"dateModified\":\"2024-06-11T18:04:38+00:00\",\"author\":{\"@id\":\"https:\/\/theplayoffs.news\/fr\/#\/schema\/person\/b6b04a451dab03a5ab75cec8912e8942\"},\"breadcrumb\":{\"@id\":\"https:\/\/theplayoffs.news\/fr\/actualite-nfl\/new-york-jets-aaron-rodgers-minicamp\/#breadcrumb\"},\"inLanguage\":\"fr-FR\",\"potentialAction\":[{\"@type\":\"ReadAction\",\"target\":[\"https:\/\/theplayoffs.news\/fr\/actualite-nfl\/new-york-jets-aaron-rodgers-minicamp\/\"]}]},{\"@type\":\"ImageObject\",\"inLanguage\":\"fr-FR\",\"@id\":\"https:\/\/theplayoffs.news\/fr\/actualite-nfl\/new-york-jets-aaron-rodgers-minicamp\/#primaryimage\",\"url\":\"https:\/\/theplayoffs.news\/fr\/wp-content\/uploads\/2024\/06\/USATSI_22241329.jpg\",\"contentUrl\":\"https:\/\/theplayoffs.news\/fr\/wp-content\/uploads\/2024\/06\/USATSI_22241329.jpg\",\"width\":1920,\"height\":1280,\"caption\":\"Jan 7, 2024; Foxborough, Massachusetts, USA; New York Jets quarterback Aaron Rodgers (8) walks off of the field before a game against the New England Patriots at Gillette Stadium. Mandatory Credit: Brian Fluharty-USA TODAY Sports\"},{\"@type\":\"BreadcrumbList\",\"@id\":\"https:\/\/theplayoffs.news\/fr\/actualite-nfl\/new-york-jets-aaron-rodgers-minicamp\/#breadcrumb\",\"itemListElement\":[{\"@type\":\"ListItem\",\"position\":1,\"name\":\"Accueil\",\"item\":\"https:\/\/theplayoffs.news\/fr\/\"},{\"@type\":\"ListItem\",\"position\":2,\"name\":\"New York Jets : Aaron Rodgers absent au minicamp obligatoire\"}]},{\"@type\":\"WebSite\",\"@id\":\"https:\/\/theplayoffs.news\/fr\/#website\",\"url\":\"https:\/\/theplayoffs.news\/fr\/\",\"name\":\"The Playoffs FR\",\"description\":\"NBA-NFL-NHL-MLB\",\"potentialAction\":[{\"@type\":\"SearchAction\",\"target\":{\"@type\":\"EntryPoint\",\"urlTemplate\":\"https:\/\/theplayoffs.news\/fr\/?s={search_term_string}\"},\"query-input\":{\"@type\":\"PropertyValueSpecification\",\"valueRequired\":true,\"valueName\":\"search_term_string\"}}],\"inLanguage\":\"fr-FR\"},{\"@type\":\"Person\",\"@id\":\"https:\/\/theplayoffs.news\/fr\/#\/schema\/person\/b6b04a451dab03a5ab75cec8912e8942\",\"name\":\"Arthur Berlemont\",\"image\":{\"@type\":\"ImageObject\",\"inLanguage\":\"fr-FR\",\"@id\":\"https:\/\/theplayoffs.news\/fr\/#\/schema\/person\/image\/\",\"url\":\"https:\/\/secure.gravatar.com\/avatar\/19ddab1d62ab0a19b186b86cee130432b120dd6f085625a6a6757dd1aa90a5f3?s=96&d=mm&r=g\",\"contentUrl\":\"https:\/\/secure.gravatar.com\/avatar\/19ddab1d62ab0a19b186b86cee130432b120dd6f085625a6a6757dd1aa90a5f3?s=96&d=mm&r=g\",\"caption\":\"Arthur Berlemont\"},\"description\":\"Etudiant passionn\u00e9 de sport, avant tout m\u00e9caniques, j\\\\'ai d\u00e9couvert les sports US il y a quelques ann\u00e9es. J\\\\'ai tout de suite accroch\u00e9 pour la ville de Cincinnati et ses franchises de NFL et MLB. Aujourd\\\\'hui, je suis l\u00e0 par passion dans la r\u00e9daction d\\\\'articles sur divers sports que j\\\\'affectionne.\",\"url\":\"https:\/\/theplayoffs.news\/fr\/author\/arthur-berlemontgmail-com\/\"}]}<\/script>\n<!-- \/ Yoast SEO plugin. -->","yoast_head_json":{"title":"New York Jets : Aaron Rodgers absent au minicamp obligatoire - The Playoffs FR","robots":{"index":"index","follow":"follow","max-snippet":"max-snippet:-1","max-image-preview":"max-image-preview:large","max-video-preview":"max-video-preview:-1"},"canonical":"https:\/\/theplayoffs.news\/fr\/actualite-nfl\/new-york-jets-aaron-rodgers-minicamp\/","og_locale":"fr_FR","og_type":"article","og_title":"New York Jets : Aaron Rodgers absent au minicamp obligatoire - The Playoffs FR","og_url":"https:\/\/theplayoffs.news\/fr\/actualite-nfl\/new-york-jets-aaron-rodgers-minicamp\/","og_site_name":"The Playoffs FR","article_publisher":"https:\/\/www.facebook.com\/TheFreeAgentFR\/","og_image":[{"width":1920,"height":1280,"url":"https:\/\/theplayoffs.news\/fr\/wp-content\/uploads\/2024\/06\/USATSI_22241329.jpg","type":"image\/jpeg"}],"author":"Arthur Berlemont","twitter_card":"summary_large_image","twitter_creator":"@TheFreeAgentFR","twitter_site":"@TheFreeAgentFR","twitter_misc":{"\u00c9crit par":"Arthur Berlemont","Dur\u00e9e de lecture estim\u00e9e":"1 minute"},"schema":{"@context":"https:\/\/schema.org","@graph":[{"@type":"WebPage","@id":"https:\/\/theplayoffs.news\/fr\/actualite-nfl\/new-york-jets-aaron-rodgers-minicamp\/","url":"https:\/\/theplayoffs.news\/fr\/actualite-nfl\/new-york-jets-aaron-rodgers-minicamp\/","name":"New York Jets : Aaron Rodgers absent au minicamp obligatoire - The Playoffs FR","isPartOf":{"@id":"https:\/\/theplayoffs.news\/fr\/#website"},"primaryImageOfPage":{"@id":"https:\/\/theplayoffs.news\/fr\/actualite-nfl\/new-york-jets-aaron-rodgers-minicamp\/#primaryimage"},"image":{"@id":"https:\/\/theplayoffs.news\/fr\/actualite-nfl\/new-york-jets-aaron-rodgers-minicamp\/#primaryimage"},"thumbnailUrl":"https:\/\/theplayoffs.news\/fr\/wp-content\/uploads\/2024\/06\/USATSI_22241329.jpg","datePublished":"2024-06-11T18:04:38+00:00","dateModified":"2024-06-11T18:04:38+00:00","author":{"@id":"https:\/\/theplayoffs.news\/fr\/#\/schema\/person\/b6b04a451dab03a5ab75cec8912e8942"},"breadcrumb":{"@id":"https:\/\/theplayoffs.news\/fr\/actualite-nfl\/new-york-jets-aaron-rodgers-minicamp\/#breadcrumb"},"inLanguage":"fr-FR","potentialAction":[{"@type":"ReadAction","target":["https:\/\/theplayoffs.news\/fr\/actualite-nfl\/new-york-jets-aaron-rodgers-minicamp\/"]}]},{"@type":"ImageObject","inLanguage":"fr-FR","@id":"https:\/\/theplayoffs.news\/fr\/actualite-nfl\/new-york-jets-aaron-rodgers-minicamp\/#primaryimage","url":"https:\/\/theplayoffs.news\/fr\/wp-content\/uploads\/2024\/06\/USATSI_22241329.jpg","contentUrl":"https:\/\/theplayoffs.news\/fr\/wp-content\/uploads\/2024\/06\/USATSI_22241329.jpg","width":1920,"height":1280,"caption":"Jan 7, 2024; Foxborough, Massachusetts, USA; New York Jets quarterback Aaron Rodgers (8) walks off of the field before a game against the New England Patriots at Gillette Stadium. Mandatory Credit: Brian Fluharty-USA TODAY Sports"},{"@type":"BreadcrumbList","@id":"https:\/\/theplayoffs.news\/fr\/actualite-nfl\/new-york-jets-aaron-rodgers-minicamp\/#breadcrumb","itemListElement":[{"@type":"ListItem","position":1,"name":"Accueil","item":"https:\/\/theplayoffs.news\/fr\/"},{"@type":"ListItem","position":2,"name":"New York Jets : Aaron Rodgers absent au minicamp obligatoire"}]},{"@type":"WebSite","@id":"https:\/\/theplayoffs.news\/fr\/#website","url":"https:\/\/theplayoffs.news\/fr\/","name":"The Playoffs FR","description":"NBA-NFL-NHL-MLB","potentialAction":[{"@type":"SearchAction","target":{"@type":"EntryPoint","urlTemplate":"https:\/\/theplayoffs.news\/fr\/?s={search_term_string}"},"query-input":{"@type":"PropertyValueSpecification","valueRequired":true,"valueName":"search_term_string"}}],"inLanguage":"fr-FR"},{"@type":"Person","@id":"https:\/\/theplayoffs.news\/fr\/#\/schema\/person\/b6b04a451dab03a5ab75cec8912e8942","name":"Arthur Berlemont","image":{"@type":"ImageObject","inLanguage":"fr-FR","@id":"https:\/\/theplayoffs.news\/fr\/#\/schema\/person\/image\/","url":"https:\/\/secure.gravatar.com\/avatar\/19ddab1d62ab0a19b186b86cee130432b120dd6f085625a6a6757dd1aa90a5f3?s=96&d=mm&r=g","contentUrl":"https:\/\/secure.gravatar.com\/avatar\/19ddab1d62ab0a19b186b86cee130432b120dd6f085625a6a6757dd1aa90a5f3?s=96&d=mm&r=g","caption":"Arthur Berlemont"},"description":"Etudiant passionn\u00e9 de sport, avant tout m\u00e9caniques, j\\'ai d\u00e9couvert les sports US il y a quelques ann\u00e9es. J\\'ai tout de suite accroch\u00e9 pour la ville de Cincinnati et ses franchises de NFL et MLB. Aujourd\\'hui, je suis l\u00e0 par passion dans la r\u00e9daction d\\'articles sur divers sports que j\\'affectionne.","url":"https:\/\/theplayoffs.news\/fr\/author\/arthur-berlemontgmail-com\/"}]}},"_links":{"self":[{"href":"https:\/\/theplayoffs.news\/fr\/wp-json\/wp\/v2\/posts\/1437899","targetHints":{"allow":["GET"]}}],"collection":[{"href":"https:\/\/theplayoffs.news\/fr\/wp-json\/wp\/v2\/posts"}],"about":[{"href":"https:\/\/theplayoffs.news\/fr\/wp-json\/wp\/v2\/types\/post"}],"author":[{"embeddable":true,"href":"https:\/\/theplayoffs.news\/fr\/wp-json\/wp\/v2\/users\/180310178"}],"replies":[{"embeddable":true,"href":"https:\/\/theplayoffs.news\/fr\/wp-json\/wp\/v2\/comments?post=1437899"}],"version-history":[{"count":3,"href":"https:\/\/theplayoffs.news\/fr\/wp-json\/wp\/v2\/posts\/1437899\/revisions"}],"predecessor-version":[{"id":1437904,"href":"https:\/\/theplayoffs.news\/fr\/wp-json\/wp\/v2\/posts\/1437899\/revisions\/1437904"}],"wp:featuredmedia":[{"embeddable":true,"href":"https:\/\/theplayoffs.news\/fr\/wp-json\/wp\/v2\/media\/1437900"}],"wp:attachment":[{"href":"https:\/\/theplayoffs.news\/fr\/wp-json\/wp\/v2\/media?parent=1437899"}],"wp:term":[{"taxonomy":"category","embeddable":true,"href":"https:\/\/theplayoffs.news\/fr\/wp-json\/wp\/v2\/categories?post=1437899"},{"taxonomy":"post_tag","embeddable":true,"href":"https:\/\/theplayoffs.news\/fr\/wp-json\/wp\/v2\/tags?post=1437899"},{"taxonomy":"sport","embeddable":true,"href":"https:\/\/theplayoffs.news\/fr\/wp-json\/wp\/v2\/sport?post=1437899"},{"taxonomy":"saison","embeddable":true,"href":"https:\/\/theplayoffs.news\/fr\/wp-json\/wp\/v2\/saison?post=1437899"}],"curies":[{"name":"wp","href":"https:\/\/api.w.org\/{rel}","templated":true}]}}