{"id":1437747,"date":"2024-06-11T11:07:39","date_gmt":"2024-06-11T09:07:39","guid":{"rendered":"https:\/\/theplayoffs.news\/fr\/?p=1437747"},"modified":"2024-06-11T11:07:39","modified_gmt":"2024-06-11T09:07:39","slug":"darvin-ham-rejoint-les-milwaukee-bucks-en-tant-quassistant-principal","status":"publish","type":"post","link":"https:\/\/theplayoffs.news\/fr\/actualite-nba\/darvin-ham-rejoint-les-milwaukee-bucks-en-tant-quassistant-principal\/","title":{"rendered":"Darvin Ham Rejoint les Milwaukee Bucks en Tant qu&rsquo;Assistant Principal"},"content":{"rendered":"<h2 style=\"text-align: justify;\"><a href=\"https:\/\/www.espn.co.uk\/nba\/story\/_\/id\/40320691\/sources-ex-lakers-coach-darvin-ham-bucks-top-assistant\" class=\"trk-cta-link\" data-cta-trk='{\"ctaType\":\"Link\",\"ctaSubType\":\"main\"}'>L&rsquo;ancien entra&icirc;neur des Los Angeles Lakers, Darvin Ham, a accept&eacute; de rejoindre l&rsquo;&eacute;quipe de l&rsquo;entra&icirc;neur des Milwaukee Bucks, Doc Rivers, en tant qu&rsquo;assistant principal.<\/a><\/h2><p style=\"text-align: justify;\">Darvin Ham, licenci&eacute; par les Lakers apr&egrave;s avoir affich&eacute; un bilan de 94 victoires et 70 d&eacute;faites et une participation aux finales de la Conf&eacute;rence Ouest en deux saisons, revient dans une franchise des Bucks o&ugrave; il avait pass&eacute; quatre saisons et contribu&eacute; &agrave; la saison de championnat NBA en 2021.<\/p><p style=\"text-align: justify;\">Ham, 50 ans, &eacute;tait tr&egrave;s recherch&eacute; cette intersaison en tant qu&rsquo;entra&icirc;neur adjoint de premier plan et rejoint maintenant une franchise des Bucks qui a &eacute;t&eacute; affaiblie par les blessures lors d&rsquo;une d&eacute;faite au premier tour contre l&rsquo;Indiana cette saison.<\/p><p style=\"text-align: justify;\">Il entretient des relations solides avec des joueurs cl&eacute;s des Bucks, notamment le double MVP <a href=\"https:\/\/theplayoffs.news\/fr\/joueur\/giannis-antetokounmpo-nba-6065954\/\" class=\"trk-cta-link\" data-cta-trk='{\"ctaType\":\"Link\",\"ctaSubType\":\"main\"}'>Giannis Antetokounmpo<\/a>.<\/p><p style=\"text-align: justify;\">Doc Rivers, qui a &eacute;t&eacute; embauch&eacute; 42 matchs apr&egrave;s le d&eacute;but de la saison r&eacute;guli&egrave;re suite au d&eacute;part de l&rsquo;entra&icirc;neur de premi&egrave;re ann&eacute;e Adrian Griffin, a remani&eacute; le personnel d&rsquo;entra&icirc;neurs de l&rsquo;&eacute;quipe.<\/p><p style=\"text-align: justify;\">\n<\/p><p style=\"text-align: justify;\">Cr&eacute;dit photo : Jason Parkhurst-USA TODAY Sports<\/p>\n","protected":false},"excerpt":{"rendered":"","protected":false},"author":180310243,"featured_media":1437748,"comment_status":"open","ping_status":"closed","sticky":false,"template":"","format":"standard","meta":{"inline_featured_image":false,"kia_subtitle":"","_mux_skip_reasons":[],"proofreadBy":0,"footnotes":""},"categories":[110,10],"tags":[4316,609,489],"sport":[2783],"saison":[6111],"class_list":["post-1437747","post","type-post","status-publish","format-standard","has-post-thumbnail","hentry","category-actualite-nba","category-nba","tag-darvin-ham","tag-doc-rivers","tag-milwaukee-bucks","sport-nba","saison-6111"],"acf":[],"yoast_head":"<!-- This site is optimized with the Yoast SEO plugin v24.2 - https:\/\/yoast.com\/wordpress\/plugins\/seo\/ -->\n<title>Darvin Ham Rejoint les Milwaukee Bucks en Tant qu&#039;Assistant Principal - The Playoffs FR<\/title>\n<meta name=\"robots\" content=\"index, follow, max-snippet:-1, max-image-preview:large, max-video-preview:-1\" \/>\n<link rel=\"canonical\" href=\"https:\/\/theplayoffs.news\/fr\/actualite-nba\/darvin-ham-rejoint-les-milwaukee-bucks-en-tant-quassistant-principal\/\" \/>\n<meta property=\"og:locale\" content=\"fr_FR\" \/>\n<meta property=\"og:type\" content=\"article\" \/>\n<meta property=\"og:title\" content=\"Darvin Ham Rejoint les Milwaukee Bucks en Tant qu&#039;Assistant Principal - The Playoffs FR\" \/>\n<meta property=\"og:url\" content=\"https:\/\/theplayoffs.news\/fr\/actualite-nba\/darvin-ham-rejoint-les-milwaukee-bucks-en-tant-quassistant-principal\/\" \/>\n<meta property=\"og:site_name\" content=\"The Playoffs FR\" \/>\n<meta property=\"article:publisher\" content=\"https:\/\/www.facebook.com\/TheFreeAgentFR\/\" \/>\n<meta property=\"article:modified_time\" content=\"2024-06-11T11:07:39+02:00\" \/>\n<meta property=\"og:image\" content=\"https:\/\/theplayoffs.news\/fr\/wp-content\/uploads\/2024\/06\/USATSI_23130767.jpg\" \/>\n\t<meta property=\"og:image:width\" content=\"1920\" \/>\n\t<meta property=\"og:image:height\" content=\"1278\" \/>\n\t<meta property=\"og:image:type\" content=\"image\/jpeg\" \/>\n<meta name=\"author\" content=\"Luc lemercier\" \/>\n<meta name=\"twitter:card\" content=\"summary_large_image\" \/>\n<meta name=\"twitter:creator\" content=\"@TheFreeAgentFR\" \/>\n<meta name=\"twitter:site\" content=\"@TheFreeAgentFR\" \/>\n<meta name=\"twitter:label1\" content=\"\u00c9crit par\" \/>\n\t<meta name=\"twitter:data1\" content=\"Luc lemercier\" \/>\n\t<meta name=\"twitter:label2\" content=\"Dur\u00e9e de lecture estim\u00e9e\" \/>\n\t<meta name=\"twitter:data2\" content=\"1 minute\" \/>\n<script type=\"application\/ld+json\" class=\"yoast-schema-graph\">{\"@context\":\"https:\/\/schema.org\",\"@graph\":[{\"@type\":\"WebPage\",\"@id\":\"https:\/\/theplayoffs.news\/fr\/actualite-nba\/darvin-ham-rejoint-les-milwaukee-bucks-en-tant-quassistant-principal\/\",\"url\":\"https:\/\/theplayoffs.news\/fr\/actualite-nba\/darvin-ham-rejoint-les-milwaukee-bucks-en-tant-quassistant-principal\/\",\"name\":\"Darvin Ham Rejoint les Milwaukee Bucks en Tant qu\\\\'Assistant Principal - The Playoffs FR\",\"isPartOf\":{\"@id\":\"https:\/\/theplayoffs.news\/fr\/#website\"},\"primaryImageOfPage\":{\"@id\":\"https:\/\/theplayoffs.news\/fr\/actualite-nba\/darvin-ham-rejoint-les-milwaukee-bucks-en-tant-quassistant-principal\/#primaryimage\"},\"image\":{\"@id\":\"https:\/\/theplayoffs.news\/fr\/actualite-nba\/darvin-ham-rejoint-les-milwaukee-bucks-en-tant-quassistant-principal\/#primaryimage\"},\"thumbnailUrl\":\"https:\/\/theplayoffs.news\/fr\/wp-content\/uploads\/2024\/06\/USATSI_23130767.jpg\",\"datePublished\":\"2024-06-11T09:07:39+00:00\",\"dateModified\":\"2024-06-11T09:07:39+00:00\",\"author\":{\"@id\":\"https:\/\/theplayoffs.news\/fr\/#\/schema\/person\/801c54a27bc55531da5bcae43d637b35\"},\"breadcrumb\":{\"@id\":\"https:\/\/theplayoffs.news\/fr\/actualite-nba\/darvin-ham-rejoint-les-milwaukee-bucks-en-tant-quassistant-principal\/#breadcrumb\"},\"inLanguage\":\"fr-FR\",\"potentialAction\":[{\"@type\":\"ReadAction\",\"target\":[\"https:\/\/theplayoffs.news\/fr\/actualite-nba\/darvin-ham-rejoint-les-milwaukee-bucks-en-tant-quassistant-principal\/\"]}]},{\"@type\":\"ImageObject\",\"inLanguage\":\"fr-FR\",\"@id\":\"https:\/\/theplayoffs.news\/fr\/actualite-nba\/darvin-ham-rejoint-les-milwaukee-bucks-en-tant-quassistant-principal\/#primaryimage\",\"url\":\"https:\/\/theplayoffs.news\/fr\/wp-content\/uploads\/2024\/06\/USATSI_23130767.jpg\",\"contentUrl\":\"https:\/\/theplayoffs.news\/fr\/wp-content\/uploads\/2024\/06\/USATSI_23130767.jpg\",\"width\":1920,\"height\":1278,\"caption\":\"Apr 27, 2024; Los Angeles, California, USA; Los Angeles Lakers head coach Darvin Ham during warms up before game four of the first round for the 2024 NBA playoffs against the Denver Nuggets at Crypto.com Arena. Mandatory Credit: Jason Parkhurst-USA TODAY Sports\"},{\"@type\":\"BreadcrumbList\",\"@id\":\"https:\/\/theplayoffs.news\/fr\/actualite-nba\/darvin-ham-rejoint-les-milwaukee-bucks-en-tant-quassistant-principal\/#breadcrumb\",\"itemListElement\":[{\"@type\":\"ListItem\",\"position\":1,\"name\":\"Accueil\",\"item\":\"https:\/\/theplayoffs.news\/fr\/\"},{\"@type\":\"ListItem\",\"position\":2,\"name\":\"Darvin Ham Rejoint les Milwaukee Bucks en Tant qu&rsquo;Assistant Principal\"}]},{\"@type\":\"WebSite\",\"@id\":\"https:\/\/theplayoffs.news\/fr\/#website\",\"url\":\"https:\/\/theplayoffs.news\/fr\/\",\"name\":\"The Playoffs FR\",\"description\":\"NBA-NFL-NHL-MLB\",\"potentialAction\":[{\"@type\":\"SearchAction\",\"target\":{\"@type\":\"EntryPoint\",\"urlTemplate\":\"https:\/\/theplayoffs.news\/fr\/?s={search_term_string}\"},\"query-input\":{\"@type\":\"PropertyValueSpecification\",\"valueRequired\":true,\"valueName\":\"search_term_string\"}}],\"inLanguage\":\"fr-FR\"},{\"@type\":\"Person\",\"@id\":\"https:\/\/theplayoffs.news\/fr\/#\/schema\/person\/801c54a27bc55531da5bcae43d637b35\",\"name\":\"Luc lemercier\",\"image\":{\"@type\":\"ImageObject\",\"inLanguage\":\"fr-FR\",\"@id\":\"https:\/\/theplayoffs.news\/fr\/#\/schema\/person\/image\/\",\"url\":\"https:\/\/secure.gravatar.com\/avatar\/589c260bbb94457b6669c7e720679779767022dd620aaeb224cce2bacab793e7?s=96&d=mm&r=g\",\"contentUrl\":\"https:\/\/secure.gravatar.com\/avatar\/589c260bbb94457b6669c7e720679779767022dd620aaeb224cce2bacab793e7?s=96&d=mm&r=g\",\"caption\":\"Luc lemercier\"},\"url\":\"https:\/\/theplayoffs.news\/fr\/author\/luc-lemercierhotmail-fr\/\"}]}<\/script>\n<!-- \/ Yoast SEO plugin. -->","yoast_head_json":{"title":"Darvin Ham Rejoint les Milwaukee Bucks en Tant qu&#039;Assistant Principal - The Playoffs FR","robots":{"index":"index","follow":"follow","max-snippet":"max-snippet:-1","max-image-preview":"max-image-preview:large","max-video-preview":"max-video-preview:-1"},"canonical":"https:\/\/theplayoffs.news\/fr\/actualite-nba\/darvin-ham-rejoint-les-milwaukee-bucks-en-tant-quassistant-principal\/","og_locale":"fr_FR","og_type":"article","og_title":"Darvin Ham Rejoint les Milwaukee Bucks en Tant qu&#039;Assistant Principal - The Playoffs FR","og_url":"https:\/\/theplayoffs.news\/fr\/actualite-nba\/darvin-ham-rejoint-les-milwaukee-bucks-en-tant-quassistant-principal\/","og_site_name":"The Playoffs FR","article_publisher":"https:\/\/www.facebook.com\/TheFreeAgentFR\/","og_image":[{"width":1920,"height":1278,"url":"https:\/\/theplayoffs.news\/fr\/wp-content\/uploads\/2024\/06\/USATSI_23130767.jpg","type":"image\/jpeg"}],"author":"Luc lemercier","twitter_card":"summary_large_image","twitter_creator":"@TheFreeAgentFR","twitter_site":"@TheFreeAgentFR","twitter_misc":{"\u00c9crit par":"Luc lemercier","Dur\u00e9e de lecture estim\u00e9e":"1 minute"},"schema":{"@context":"https:\/\/schema.org","@graph":[{"@type":"WebPage","@id":"https:\/\/theplayoffs.news\/fr\/actualite-nba\/darvin-ham-rejoint-les-milwaukee-bucks-en-tant-quassistant-principal\/","url":"https:\/\/theplayoffs.news\/fr\/actualite-nba\/darvin-ham-rejoint-les-milwaukee-bucks-en-tant-quassistant-principal\/","name":"Darvin Ham Rejoint les Milwaukee Bucks en Tant qu\\'Assistant Principal - The Playoffs FR","isPartOf":{"@id":"https:\/\/theplayoffs.news\/fr\/#website"},"primaryImageOfPage":{"@id":"https:\/\/theplayoffs.news\/fr\/actualite-nba\/darvin-ham-rejoint-les-milwaukee-bucks-en-tant-quassistant-principal\/#primaryimage"},"image":{"@id":"https:\/\/theplayoffs.news\/fr\/actualite-nba\/darvin-ham-rejoint-les-milwaukee-bucks-en-tant-quassistant-principal\/#primaryimage"},"thumbnailUrl":"https:\/\/theplayoffs.news\/fr\/wp-content\/uploads\/2024\/06\/USATSI_23130767.jpg","datePublished":"2024-06-11T09:07:39+00:00","dateModified":"2024-06-11T09:07:39+00:00","author":{"@id":"https:\/\/theplayoffs.news\/fr\/#\/schema\/person\/801c54a27bc55531da5bcae43d637b35"},"breadcrumb":{"@id":"https:\/\/theplayoffs.news\/fr\/actualite-nba\/darvin-ham-rejoint-les-milwaukee-bucks-en-tant-quassistant-principal\/#breadcrumb"},"inLanguage":"fr-FR","potentialAction":[{"@type":"ReadAction","target":["https:\/\/theplayoffs.news\/fr\/actualite-nba\/darvin-ham-rejoint-les-milwaukee-bucks-en-tant-quassistant-principal\/"]}]},{"@type":"ImageObject","inLanguage":"fr-FR","@id":"https:\/\/theplayoffs.news\/fr\/actualite-nba\/darvin-ham-rejoint-les-milwaukee-bucks-en-tant-quassistant-principal\/#primaryimage","url":"https:\/\/theplayoffs.news\/fr\/wp-content\/uploads\/2024\/06\/USATSI_23130767.jpg","contentUrl":"https:\/\/theplayoffs.news\/fr\/wp-content\/uploads\/2024\/06\/USATSI_23130767.jpg","width":1920,"height":1278,"caption":"Apr 27, 2024; Los Angeles, California, USA; Los Angeles Lakers head coach Darvin Ham during warms up before game four of the first round for the 2024 NBA playoffs against the Denver Nuggets at Crypto.com Arena. Mandatory Credit: Jason Parkhurst-USA TODAY Sports"},{"@type":"BreadcrumbList","@id":"https:\/\/theplayoffs.news\/fr\/actualite-nba\/darvin-ham-rejoint-les-milwaukee-bucks-en-tant-quassistant-principal\/#breadcrumb","itemListElement":[{"@type":"ListItem","position":1,"name":"Accueil","item":"https:\/\/theplayoffs.news\/fr\/"},{"@type":"ListItem","position":2,"name":"Darvin Ham Rejoint les Milwaukee Bucks en Tant qu&rsquo;Assistant Principal"}]},{"@type":"WebSite","@id":"https:\/\/theplayoffs.news\/fr\/#website","url":"https:\/\/theplayoffs.news\/fr\/","name":"The Playoffs FR","description":"NBA-NFL-NHL-MLB","potentialAction":[{"@type":"SearchAction","target":{"@type":"EntryPoint","urlTemplate":"https:\/\/theplayoffs.news\/fr\/?s={search_term_string}"},"query-input":{"@type":"PropertyValueSpecification","valueRequired":true,"valueName":"search_term_string"}}],"inLanguage":"fr-FR"},{"@type":"Person","@id":"https:\/\/theplayoffs.news\/fr\/#\/schema\/person\/801c54a27bc55531da5bcae43d637b35","name":"Luc lemercier","image":{"@type":"ImageObject","inLanguage":"fr-FR","@id":"https:\/\/theplayoffs.news\/fr\/#\/schema\/person\/image\/","url":"https:\/\/secure.gravatar.com\/avatar\/589c260bbb94457b6669c7e720679779767022dd620aaeb224cce2bacab793e7?s=96&d=mm&r=g","contentUrl":"https:\/\/secure.gravatar.com\/avatar\/589c260bbb94457b6669c7e720679779767022dd620aaeb224cce2bacab793e7?s=96&d=mm&r=g","caption":"Luc lemercier"},"url":"https:\/\/theplayoffs.news\/fr\/author\/luc-lemercierhotmail-fr\/"}]}},"_links":{"self":[{"href":"https:\/\/theplayoffs.news\/fr\/wp-json\/wp\/v2\/posts\/1437747","targetHints":{"allow":["GET"]}}],"collection":[{"href":"https:\/\/theplayoffs.news\/fr\/wp-json\/wp\/v2\/posts"}],"about":[{"href":"https:\/\/theplayoffs.news\/fr\/wp-json\/wp\/v2\/types\/post"}],"author":[{"embeddable":true,"href":"https:\/\/theplayoffs.news\/fr\/wp-json\/wp\/v2\/users\/180310243"}],"replies":[{"embeddable":true,"href":"https:\/\/theplayoffs.news\/fr\/wp-json\/wp\/v2\/comments?post=1437747"}],"version-history":[{"count":3,"href":"https:\/\/theplayoffs.news\/fr\/wp-json\/wp\/v2\/posts\/1437747\/revisions"}],"predecessor-version":[{"id":1437751,"href":"https:\/\/theplayoffs.news\/fr\/wp-json\/wp\/v2\/posts\/1437747\/revisions\/1437751"}],"wp:featuredmedia":[{"embeddable":true,"href":"https:\/\/theplayoffs.news\/fr\/wp-json\/wp\/v2\/media\/1437748"}],"wp:attachment":[{"href":"https:\/\/theplayoffs.news\/fr\/wp-json\/wp\/v2\/media?parent=1437747"}],"wp:term":[{"taxonomy":"category","embeddable":true,"href":"https:\/\/theplayoffs.news\/fr\/wp-json\/wp\/v2\/categories?post=1437747"},{"taxonomy":"post_tag","embeddable":true,"href":"https:\/\/theplayoffs.news\/fr\/wp-json\/wp\/v2\/tags?post=1437747"},{"taxonomy":"sport","embeddable":true,"href":"https:\/\/theplayoffs.news\/fr\/wp-json\/wp\/v2\/sport?post=1437747"},{"taxonomy":"saison","embeddable":true,"href":"https:\/\/theplayoffs.news\/fr\/wp-json\/wp\/v2\/saison?post=1437747"}],"curies":[{"name":"wp","href":"https:\/\/api.w.org\/{rel}","templated":true}]}}